{"id":67469,"date":"2013-03-21T11:42:48","date_gmt":"2013-03-21T16:42:48","guid":{"rendered":"http:\/\/www.bibula.com\/?p=67469"},"modified":"2020-09-19T18:04:17","modified_gmt":"2020-09-19T22:04:17","slug":"papiez-franciszek-dokad-zmierza-kosciol-stanislaw-krajski","status":"publish","type":"post","link":"https:\/\/www.bibula.com\/?p=67469","title":{"rendered":"Papie\u017c Franciszek \u2013 dok\u0105d zmierza Ko\u015bci\u00f3\u0142? &#8211; <em>Stanis\u0142aw Krajski<\/em>"},"content":{"rendered":"<p><strong>Mamy nowego papie\u017ca. Rozpoczyna si\u0119 nowy rozdzia\u0142 w historii Ko\u015bcio\u0142a. Jaki b\u0119dzie? Dok\u0105d zmierza Ko\u015bci\u00f3\u0142? Co mamy robi\u0107, by przyczyni\u0107 si\u0119 do jego odnowy, rozkwitu, do poszerzania Kr\u00f3lestwa Chrystusowego na \u015bwiecie i w naszej Ojczy\u017anie?<\/strong><\/p>\r\n<p>(Prezentujemy fragment najnowszej ksi\u0105\u017cki dr. Stanis\u0142awa Krajskiego, kt\u00f3ra w najbli\u017cszym czase uka\u017ce si\u0119 nak\u0142adem Wydawnictwa im. \u015bw. Tomasza z Akwinu)<\/p>\r\n<ol>\r\n\t<li><strong>\u201eNie l\u0119kajcie si\u0119\u201d &#8211; nasze obowi\u0105zki<\/strong><\/li>\r\n<\/ol>\r\n<p>Ju\u017c Papie\u017c Pawe\u0142 VI powiedzia\u0142, \u017ce dymy szata\u0144skie przenikn\u0119\u0142y do Ko\u015bcio\u0142a. Duch \u015awi\u0119ty jest jednak stale w Ko\u015bciele i czuwa nad nim. Bramy piekielne nie przemog\u0105 go. To Ko\u015bci\u00f3\u0142 Chrystusowy, a nie Ko\u015bci\u00f3\u0142 ludzi, organizm nadprzyrodzony &#8211; Mistyczne Cia\u0142o Chrystusa, a nie jedna z wielu ludzkich organizacji.<\/p>\r\n<p>Pan B\u00f3g prowadzi Ko\u015bci\u00f3\u0142 sobie tylko znanymi drogami. My musimy umie\u0107 na bie\u017c\u0105co odczytywa\u0107 wol\u0119 Bo\u017c\u0105. Wiemy czego generalnie Chrystus chce od Ko\u015bcio\u0142a i od nas. Wiemy, \u017ce ostatecznie b\u0119dzie tak jak chce tego Pan B\u00f3g.<\/p>\r\n<p>Je\u015bli jacy\u015b ludzie, r\u00f3wnie\u017c w Ko\u015bciele, staj\u0105 przeciwko Panu Bogu, je\u015bli pr\u00f3buj\u0105 co\u015b zrobi\u0107 niezgodnie z Jego wol\u0105, je\u015bli jacy\u015b ludzie co\u015b wa\u017cnego, r\u00f3wnie\u017c w Ko\u015bciele, zaniedbuj\u0105, je\u015bli s\u0105 bierni wtedy, gdy powinni by\u0107 aktywni, na pozosta\u0142ych spada zwi\u0119kszony ci\u0119\u017car odpowiedzialno\u015bci.<\/p>\r\n<p>Dzi\u015b, w tych trudnych, r\u00f3wnie\u017c dla Ko\u015bcio\u0142a (a mo\u017ce szczeg\u00f3lnie dla Ko\u015bcio\u0142a), czasach, my wszyscy ortodoksyjni katolicy, staraj\u0105cy si\u0119 ze wszystkich sil zachowa\u0107 wierno\u015b\u0107 Bogu, jeste\u015bmy powo\u0142ani do usilnej pracy, do szczeg\u00f3lnej aktywno\u015bci, do specjalnej s\u0142u\u017cby Bogu i Ko\u015bcio\u0142owi i to a\u017c do m\u0119cze\u0144stwa.<\/p>\r\n<p>Musimy wesprze\u0107 papie\u017ca Franciszka w jego s\u0142u\u017cbie jako Zast\u0119pcy Chrystusa na Ziemi.<\/p>\r\n<ol start=\"2\">\r\n\t<li><strong>Obowi\u0105zki nowego papie\u017ca wed\u0142ug \u015bw. Bernarda z Clairvaux<\/strong><\/li>\r\n<\/ol>\r\n<p>Kim jest papie\u017c? Jakie posiada kompetencje? Jakie posiada obowi\u0105zki? Jakie dzia\u0142ania powinien podejmowa\u0107?<\/p>\r\n<p>Na te pytania odpowiadano wielokrotnie w historii Ko\u015bcio\u0142a. Odpowiedzi na nie s\u0105 uniwersalne, nie ulegaj\u0105 dezaktualizacji. Na te pytania odpowiada\u0142, mi\u0119dzy innymi, \u015bw. Bernard z Clairvaux. Odwo\u0142uj\u0119 si\u0119 do niego z dw\u00f3ch powod\u00f3w.<\/p>\r\n<p>Po pierwsze, by\u0142 wielkim Doktorem Ko\u015bcio\u0142a.<\/p>\r\n<p>Po drugie, dokonany przez niego opis sytuacji, w kt\u00f3rej znalaz\u0142 si\u0119 Ko\u015bci\u00f3\u0142 w okresie jego \u017cycia, wydaje mi si\u0119 pasowa\u0107 do naszych czas\u00f3w.<\/p>\r\n<p>\u015aw. Bernard z Clairvaux w swoim dziele \u201eO rozwa\u017caniu\u201d zwraca si\u0119 do papie\u017ca Eugeniusza III, kt\u00f3ry w\u0142a\u015bnie (w 1145 r.) zasiad\u0142 na Stolicy Piotrowej i poprosi\u0142 go o sformu\u0142owanie na pi\u015bmie wskaz\u00f3wek, kt\u00f3re mia\u0142yby mu pom\u00f3c by\u0107 dobrym papie\u017cem.<\/p>\r\n<p>Pierwszym krokiem, kt\u00f3ry papie\u017c musi, wed\u0142ug \u015bw. Bernarda z Clairvaux, dokona\u0107 jest ocena kondycji Ko\u015bcio\u0142a.<\/p>\r\n<p>\u015aw. Bernard z Clairvaux proponuje nowo obranemu papie\u017cowi, by odpowiedzia\u0142 sobie szczeg\u00f3\u0142owo na nast\u0119puj\u0105ce pytania:<\/p>\r\n<p>&#8211; \u201eczy wierni z nale\u017cyt\u0105 pokor\u0105 s\u0105 ulegli kap\u0142anom, a kap\u0142ani Bogu?\u201d;<\/p>\r\n<p>&#8211; \u201eczy w klasztorach i domach zakonnych zachowuje si\u0119 regu\u0142\u0119 i strze\u017ce karno\u015bci?\u201d;<\/p>\r\n<p>&#8211; \u201eczy cenzura ko\u015bcielna odpowiednio reaguje na dzia\u0142alno\u015b\u0107 i nauk\u0119 heretyk\u00f3w?\u201d;<\/p>\r\n<p>&#8211; \u201eczy dzi\u0119ki wzorowemu post\u0119powaniu i \u015bwi\u0119to\u015bci duchownych kwitnie winnica Pa\u0144ska?\u201d;<\/p>\r\n<p>&#8211; \u201eczy kwiaty w niej przynosz\u0105 owoce pos\u0142usze\u0144stwa i wierno\u015bci narod\u00f3w?\u201d;<\/p>\r\n<p>&#8211; \u201eczy rozporz\u0105dzenia i dekrety apostolskie s\u0105 spe\u0142niane z uleg\u0142o\u015bci\u0105, na jak\u0105 zas\u0142uguj\u0105?\u201d;<\/p>\r\n<p>&#8211; \u201eczy nie ma przejaw\u00f3w lenistwa w uprawianiu winnicy Pa\u0144skiej lub czy kto\u015b podst\u0119pnie nie wyrz\u0105dza szkody?\u201d.<\/p>\r\n<p>W jaki spos\u00f3b odpowie na te pytanie papie\u017c Franciszek?<\/p>\r\n<p>W jaki spos\u00f3b my by\u015bmy na nie odpowiedzieli, my, kt\u00f3rzy kochamy Ko\u015bci\u00f3\u0142, ale nie do ko\u0144ca wiemy, co si\u0119 w nim dzieje, cho\u0107 wiele fakt\u00f3w, trend\u00f3w i postaw znamy?<\/p>\r\n<p>\u015aw. Bernard z Clairvaux zwraca si\u0119 do (ka\u017cdego) nowo obranego papie\u017ca i m\u00f3wi: \u201ePowiniene\u015b uczyni\u0107 wszystko, co mo\u017cliwe, aby niewierz\u0105cy si\u0119 nawr\u00f3ci\u0142, aby nawr\u00f3ceni si\u0119 nie odwr\u00f3cili, aby odwr\u00f3ceni powr\u00f3cili do wiary, aby przewrotni sk\u0142onili si\u0119 ku prawo\u015bci, b\u0142\u0105dz\u0105cy wr\u00f3cili na drog\u0119 prawdy, uwodz\u0105cy innych sami zostali pokonani niezbitymi argumentami i si\u0119 nawr\u00f3cili &#8211; je\u015bli to by\u0107 mo\u017ce &#8211; lub przynajmniej pozbawieni zostali mo\u017cliwo\u015bci buntowania innych\u201d.<\/p>\r\n<p>\u015aw. Bernard z Clairvaux m\u00f3wi te\u017c do (ka\u017cdego) nowo obranego papie\u017ca: \u201eAbsolutnie nie mo\u017ce uj\u015b\u0107 Twojej uwadze najgorszy \u00f3w rodzaj niem\u0105drych. Mam na my\u015bli heretyk\u00f3w i schizmatyk\u00f3w; oni to, zbuntowawszy si\u0119, buntuj\u0105 innych; to psy rozrywaj\u0105ce i lisy oszukuj\u0105ce. Tym to &#8211; powtarzam &#8211; powiniene\u015b po\u015bwi\u0119ci\u0107 najwi\u0119cej troski i napomina\u0107 ich lub poskramia\u0107, by nie szkodzili innym. Gdy chodzi o nawr\u00f3cenie \u017byd\u00f3w, masz niejakie usprawiedliwienie ze wzgl\u0119du na czas, kt\u00f3rego nie nale\u017cy wyprzedza\u0107 (por. Rz 11, 25; przypomnijmy: <em>Nie chc\u0119 jednak, bracia, pozostawia\u0107 was w nie\u015bwiadomo\u015bci co do tej tajemnicy &#8211; by\u015bcie o sobie nie mieli zbyt wysokiego mniemania &#8211; \u017ce zatwardzia\u0142o\u015b\u0107 dotkn\u0119\u0142a tylko cz\u0119\u015b\u0107 Izraela a\u017c do czasu, gdy wejdzie [do Ko\u015bcio\u0142a] pe\u0142nia pogan. <\/em>&#8211; dop. S.K.). Najpierw winni nawr\u00f3ci\u0107 si\u0119 poganie (czy za pogan nie nale\u017cy dzi\u015b uzna\u0107 znaczn\u0105 cz\u0119\u015b\u0107 mieszka\u0144c\u00f3w Europy, USA, Kanady, Australii itp.? &#8211; dop. S. K.). (\u2026) A jaka jest przyczyna naszej bezczynno\u015bci? Czego si\u0119 spodziewamy i czym si\u0119 kierujemy, kiedy nawet nie pr\u00f3bujemy g\u0142osi\u0107 Chrystusa tym, kt\u00f3rzy Go nie znaj\u0105? Czy\u017c nie jest nieprawo\u015bci\u0105 nak\u0142ada\u0107 prawdzie p\u0119ta? A przecie\u017c trzeba, by w swoim czasie pozna\u0142y j\u0105 wszystkie narody. B\u0119dziemy\u017c czeka\u0107, a\u017c wiara spadnie im z nieba? Nie zdarzy\u0142o si\u0119, by wiara by\u0142a owocem przypadku. Jak mog\u0105 uwierzy\u0107 narody, je\u015bli nikt nie b\u0119dzie im g\u0142osi\u0142 Ewangelii? (\u2026) Musz\u0119 jeszcze wspomnie\u0107 o herezji, kt\u00f3ra prawie wsz\u0119dzie zakrada si\u0119 w skryto\u015bci, a w pewnych stronach jawnie si\u0119 sro\u017cy, po\u017ceraj\u0105c na oczach wszystkich s\u0142abe dzieci Ko\u015bcio\u0142a\u201d.<\/p>\r\n<p>\u015aw. Bernard z Clairvaux, zwracaj\u0105c si\u0119 do (ka\u017cdego) nowo wybranego papie\u017ca, zauwa\u017ca te\u017c: \u201eNiestety, ilu\u017c to w samym Ko\u015bciele szuka tylko w\u0142asnych korzy\u015bci; jedni drugim zazdroszcz\u0105c i wzajemnie si\u0119 irytuj\u0105c, zaprawiamy si\u0119 do nienawi\u015bci, pobudzamy do krzywd, zbroimy do spor\u00f3w, wysilamy umys\u0142 do podst\u0119p\u00f3w, znies\u0142awiamy, doznajemy ucisku od silniejszych, a sami uciskamy s\u0142abszych. Jak\u017ce bardzo by\u0142by\u015b godny pochwa\u0142y, kieruj\u0105c rozwa\u017cania i my\u015bli serca przeciwko tym zgubnym szale\u0144stwom, kt\u00f3re trapi\u0105 samo Cia\u0142o Chrystusowe\u201d.<\/p>\r\n<p>\u015aw. Bernard z Clairvaux stwierdza te\u017c: \u201eMusimy to dostrzec: przyj\u0119\u0142y si\u0119 nowe obyczaje, zmieni\u0142y si\u0119 czasy i zachowania ludzi. Niebezpiecze\u0144stwa nam w tej chwili nie gro\u017c\u0105 &#8211; ju\u017c je prze\u017cywamy. Oszustwo, intryga i przemoc kr\u00f3luj\u0105 obecnie na ca\u0142ym \u015bwiecie. Wielu mamy oszczerc\u00f3w, ma\u0142o obro\u0144c\u00f3w. Wsz\u0119dzie mo\u017cni uciskaj\u0105 s\u0142abych. (\u2026) W Ko\u015bciele obecnie pe\u0142no pysza\u0142k\u00f3w &#8211; dlatego te\u017c nie przera\u017caj\u0105 nikogo intrygi i machinacje pychy\u201d.<\/p>\r\n<p>I zwraca si\u0119 znowu do (ka\u017cdego) papie\u017ca, kt\u00f3ry rozpoczyna sw\u00f3j pontyfikat: \u201eJe\u015bli jeste\u015b uczniem Chrystusa, niech\u017ce zap\u0142onie Twoja gorliwo\u015b\u0107, niech powstanie Twoja w\u0142adza przeciw takiemu bezwstydowi, przeciw tej powszechnej zarazie. Patrz na Chrystusa, kt\u00f3ry tak w\u0142a\u015bnie czyni i m\u00f3wi: <em>A kto by chcia\u0142 mnie s\u0142u\u017cy\u0107, niech idzie za mn\u0105<\/em> (J 12, 26). On to nie nadstawia uszu do s\u0142uchania, ale bierze bicz do smagania. Nie rzuca s\u0142\u00f3w i nie dyskutuje, nie zasiada do s\u0105dzenia, lecz karze. I nie ukrywa przyczyny karania, gdy dom modlitwy zmieniono na targowisko\u201d.<\/p>\r\n<p>Na koniec, wreszcie, \u015bw. Bernard z Clairvaux prosi papie\u017ca, by u\u015bwiadomi\u0142 sobie w pe\u0142ni, kim ma by\u0107 jako papie\u017c:<\/p>\r\n<p style=\"padding-left: 30px;\">\u201eRozwa\u017caj te\u017c, \u017ce masz by\u0107:<br \/>\r\nZwierciad\u0142em sprawiedliwo\u015bci,<br \/>\r\nWzorem \u015bwi\u0119to\u015bci,<br \/>\r\nPrzyk\u0142adem pobo\u017cno\u015bci,<br \/>\r\nRzecznikiem prawdy,<br \/>\r\nObro\u0144c\u0105 wiary,<br \/>\r\nNauczycielem narod\u00f3w,<br \/>\r\nWodzem chrze\u015bcijan,<br \/>\r\nPrzyjacielem Oblubie\u0144ca,<br \/>\r\nStr\u00f3\u017cem Oblubienicy,<br \/>\r\nRegu\u0142\u0105 dla duchowie\u0144stwa,<br \/>\r\nPasterzem lud\u00f3w,<br \/>\r\nMistrzem prostaczk\u00f3w,<br \/>\r\nUcieczk\u0105 prze\u015bladowanych,<br \/>\r\nObro\u0144c\u0105 ubogich,<br \/>\r\nNadziej\u0105 nieszcz\u0119\u015bliwych,<br \/>\r\nOpiekunem sierot,<br \/>\r\nRzecznikiem wd\u00f3w,<br \/>\r\nOkiem dla ociemnia\u0142ych,<br \/>\r\nJ\u0119zykiem dla niemych,<br \/>\r\nPodpor\u0105 starc\u00f3w,<br \/>\r\nM\u015bcicielem zbrodni,<br \/>\r\nPostrachem dla wyst\u0119pnych,<br \/>\r\nChwa\u0142\u0105 dla dobrych,<br \/>\r\nR\u00f3zg\u0105 dla mocarzy,<br \/>\r\nM\u0142otem dla tyran\u00f3w,<br \/>\r\nOjcem dla kr\u00f3l\u00f3w,<br \/>\r\nWyroczni\u0105 praw,<br \/>\r\nSzafarzem ustaw,<br \/>\r\nSol\u0105 ziemi,<br \/>\r\n\u015awiat\u0142o\u015bci\u0105 \u015bwiata,<br \/>\r\nKap\u0142anem Najwy\u017cszego,<br \/>\r\nZast\u0119pc\u0105 Chrystusa,<br \/>\r\nPomaza\u0144cem Pana\u201d.<\/p>\r\n<ol start=\"3\">\r\n\t<li><strong>Kontynuacja dzie\u0142a Benedykta XVI<\/strong><\/li>\r\n<\/ol>\r\n<p>Nowy papie\u017c pragn\u0105cy kontynuowa\u0107 dzie\u0142o Benedykta XVI rozpocz\u0105\u0142by proces wielkiej dysputy wok\u00f3\u0142 tre\u015bci i wskaza\u0144 dokument\u00f3w Soboru Watyka\u0144skiego II, kt\u00f3ra mia\u0142aby, jak chcia\u0142 tego Benedykt XVI, doprowadzi\u0107 do zdystansowania si\u0119 Ko\u015bcio\u0142a wobec wypaczonej wizji soboru, czyli \u201esoboru medi\u00f3w\u201d i takiej interpretacji nauk soborowych, kt\u00f3ra pozwoli\u0142aby wreszcie odkry\u0107 \u201esob\u00f3r ojc\u00f3w\u201d.<\/p>\r\n<p>\u201eSob\u00f3r ojc\u00f3w\u201d, jak wynika to z wielu wypowiedzi Benedykta XVI, by\u0142by to sob\u00f3r odczytywany w kontek\u015bcie ca\u0142ej nauki Ko\u015bcio\u0142a i jego tradycji. Reinterpretacji nale\u017ca\u0142oby podda\u0107 ca\u0142o\u015b\u0107 soborowych dokument\u00f3w ze szczeg\u00f3lnym uwzgl\u0119dnieniem, jak wynika\u0142oby to z wielu wypowiedzi Benedykta XVI, kwestii liturgii, ekumenizmu i dialogu mi\u0119dzyreligijnego (por. rozdzia\u0142 II, zapis z dnia 16 lutego 2013 r.).<\/p>\r\n<p>Chodzi\u0142oby mi\u0119dzy innymi, o przywr\u00f3cenie w\u0142a\u015bciwego kultu Naj\u015bwi\u0119tszego Sakramentu i szacunku dla niego (w tym kwestia przyjmowania Komunii \u015awi\u0119tej na kolanach), przywr\u00f3cenie (w ograniczonym wymiarze w ka\u017cdej parafii) Mszy \u015awi\u0119tej Trydenckiej (jak r\u00f3wnie\u017c doprowadzenie do \u201epozytywnego zako\u0144czenia rozm\u00f3w z Bractwem \u015bw. Piusa X\u201d), zmiany pewnych element\u00f3w Mszy \u015awi\u0119tej w nowym rycie poprzez zast\u0105pienie celebracji versus populum (twarz\u0105 do wiernych) celebracj\u0105 versus Deum (twarz\u0105 do Boga; twarz\u0105 do o\u0142tarza, na kt\u00f3rym znajduje si\u0119 tabernakulum, gdzie znajduje si\u0119 Chrystus lub, tak jak robi\u0142 to sam Benedykt XVI, twarz\u0105 do Chrystusa na krzy\u017cu ustawionym na stole), ograniczenie dialogu mi\u0119dzyreligijnego do wsp\u00f3\u0142pracy w praktycznych kwestiach moralnych, sprowadzenie ekumenizmu do wsp\u00f3\u0142pracy w tych p\u0142aszczyznach, w kt\u00f3rych nie narusza si\u0119 nast\u0119puj\u0105cego, mi\u0119dzy innymi, twierdzenia Soboru: \u201ePe\u0142ni\u0119 bowiem zbawczych \u015brodk\u00f3w osi\u0105gn\u0105\u0107 mo\u017cna jedynie w katolickim Ko\u015bciele Chrystusowym, kt\u00f3ry stanowi powszechn\u0105 pomoc do zbawienia\u201d (Dekret o ekumenizmie, punkt 3). Dzia\u0142ania ekumeniczne nale\u017cy w znacznej mierze sprowadzi\u0107 do powrotu na \u0142ono Ko\u015bcio\u0142a chrze\u015bcijan, kt\u00f3rzy znale\u017ali si\u0119, z takich czy innych przyczyn poza nim (i tak np. Benedykt XVI utworzy\u0142 specjalny ordynariat, dzi\u0119ki kt\u00f3remu wielu anglikan\u00f3w mog\u0142o powr\u00f3ci\u0107 na \u0142ono Ko\u015bcio\u0142a katolickiego).<\/p>\r\n<p>Warto podkre\u015bli\u0107, \u017ce jedn\u0105 z najwa\u017cniejszych, jak wszystko na to wskazuje, perspektyw dla papie\u017ca Benedykta XVI by\u0142a perspektywa liturgiczna, w tym, mi\u0119dzy innymi, kwestia zast\u0105pienie celebracji versus populum celebracj\u0105 versus Deum. Je\u015bli papie\u017c Franciszek mia\u0142by kontynuowa\u0107 dzie\u0142o Benedykta XVI, to musia\u0142by postawi\u0107 mocne akcenty w tej w\u0142a\u015bnie perspektywie.<\/p>\r\n<ol start=\"4\">\r\n\t<li><strong>Czego oczekuj\u0105 katolicy z ca\u0142ego \u015bwiata od nowego papie\u017ca?<\/strong><\/li>\r\n<\/ol>\r\n<p>Na pocz\u0105tku marca 2013 r., przed konklawe, pojawi\u0142 si\u0119 w \u015bwiatowym Internecie list do nowego papie\u017ca napisany w 7 j\u0119zykach, kt\u00f3remu towarzyszy\u0142a pro\u015bba o podpisywanie go i wysy\u0142anie do Watykanu. List ten mo\u017cna znale\u017a\u0107 na portalu \u201ePolonia Christiana\u201d.<\/p>\r\n<p>W pierwszej cz\u0119\u015bci listu scharakteryzowana jest kondycja Ko\u015bcio\u0142a i dokonana ocena \u015bwiata, kt\u00f3ry go otacza:<\/p>\r\n<p>\u201eOjcze \u015awi\u0119ty, cho\u0107 pami\u0119tamy obietnic\u0119 samego Pana Jezusa Chrystusa, \u017ce \u015awi\u0119tego Ko\u015bcio\u0142a Katolickiegobramy piekielne nie przemog\u0105 (Mt 16,18), musimy z b\u00f3lem serca przyzna\u0107, \u017ce w ci\u0105gu dziej\u00f3w \u0141\u00f3d\u017a Piotrowa nigdy nie do\u015bwiadcza\u0142a tak dramatycznych i powszechnych burz, jak w naszych dniach.Istotnie, jak zauwa\u017cy\u0142 niedawno Synod Biskup\u00f3w &#8211; wewn\u0105trz Ko\u015bcio\u0142a \u015awi\u0119tego trwa cicha apostazja milion\u00f3w wiernych. Fundamentalne prawdy wiary, jak zmartwychwstanie Jezusa Chrystusa, dziewictwo Maryi, realna obecno\u015b\u0107 Pana Jezusa w Eucharystii, istnienie piek\u0142a etc. s\u0105 lekkomy\u015blnie poddawane w w\u0105tpliwo\u015b\u0107 nawet przez najwy\u017cszych hierarch\u00f3w Ko\u015bcio\u0142a. Tak\u017ce podstawowe zasady moralne, takie jak nierozerwalno\u015b\u0107 ma\u0142\u017ce\u0144stwa (i w konsekwencji nielegalno\u015b\u0107 <em>kolejnego zwi\u0105zku<\/em>), uznanie stosunk\u00f3w homoseksualnych za wypaczenie moralne, aborcj\u0119 za potworn\u0105 zbrodni\u0119, eutanazj\u0119 za straszliwe okrucie\u0144stwo, za\u015b u\u017cywanie prezerwatyw za niedopuszczaln\u0105 praktyk\u0119, etc. dzi\u015b okre\u015blane s\u0105 jako prze\u017cytek, kt\u00f3ry wymaga poddania rewizji i zaadaptowania do nowych zwyczaj\u00f3w spo\u0142ecznych.Ten tragiczny obraz pot\u0119guje jeszcze kryzys kleru oraz zgromadze\u0144 zakonnych m\u0119skich i \u017ce\u0144skich &#8211; przejawiaj\u0105cy si\u0119 w gwa\u0142townym spadku powo\u0142a\u0144 &#8211; kt\u00f3ry jeszcze si\u0119 nasili\u0142 wraz z buntownicz\u0105 inicjatyw\u0105 austriackich proboszcz\u00f3w, maj\u0105c\u0105 swoje reperkusje mi\u0119dzy ksi\u0119\u017cmi w ca\u0142ym \u015bwiecie a tak\u017ce skandaliczn\u0105 rebeli\u0105 g\u0142\u00f3wnego zrzeszenia zakonnic Stan\u00f3w Zjednoczonych przeciwko sprawiedliwej i niezb\u0119dnej interwencji w\u0142adz ko\u015bcielnych.Do tego dramatycznego kryzysu wewn\u0119trznego dochodzi jeszcze agresja ze strony wrog\u00f3w zewn\u0119trznych. Przede wszystkim nale\u017cy wspomnie\u0107 o prawdziwym tsunami laicyzacji, kt\u00f3re poch\u0142ania kraje zachodnie. Pod pretekstem, \u017ce pa\u0144stwo nie uznaje \u017cadnego prawa ponad prawo stanowione przez lud i dla ludu, laicyzm prowadzi niekt\u00f3re rz\u0105dy do przymuszania Ko\u015bcio\u0142a i instytucji katolickich, by sta\u0142y si\u0119 wsp\u00f3\u0142winne licznym pogwa\u0142ceniom prawa Bo\u017cego. Wspomnie\u0107 tak\u017ce trzeba okrutne prze\u015bladowanie chrze\u015bcijan w licznych krajach islamskich a tak\u017ce w tych, kt\u00f3re wci\u0105\u017c cierpi\u0105 pod jarzmem komunizmu, jak: Chiny, Wietnam, Korea P\u00f3\u0142nocna czy Kuba\u201d.<\/p>\r\n<p>Druga cz\u0119\u015b\u0107 listu to apel skierowany do nowego papie\u017ca: \u201eOjcze \u015awi\u0119ty, mo\u017cesz z pomoc\u0105 charyzmy w\u0142a\u015bciwej Wikariuszowi Chrystusowemu oraz dzi\u0119ki wsparciu Niebios, zwyci\u0119sko stawi\u0107 czo\u0142a dramatycznemu kryzysowi religijnemu, moralnemu i spo\u0142ecznemu wsp\u00f3\u0142czesno\u015bci. (\u2026) B\u0142agamy Ci\u0119, padaj\u0105c przed Tob\u0105 na kolana: nie pozw\u00f3l usidli\u0107 si\u0119 zasadzkom ateistycznego i gnostyckiego laicyzmu, zwalcz go z ufno\u015bci\u0105 w pomoc Bo\u017c\u0105 a losy milion\u00f3w dusz zostan\u0105 znowu skierowane na w\u0142a\u015bciw\u0105 drog\u0119! Wypowiedz tylko jedno s\u0142owo u\u017cywaj\u0105c Twego autorytetu, jako Nast\u0119pcy \u015awi\u0119tego Piotra, a dym szata\u0144ski zostanie wyp\u0119dzony zar\u00f3wno z wn\u0119trza Ko\u015bcio\u0142a \u015awi\u0119tego, jak i ze \u015bwiata, zgodnie z obietnic\u0105 Matki Bo\u017cej!\u201d.<\/p>\r\n<p>Wydaje si\u0119 oczywiste, \u017ce ka\u017cdy katolik, ka\u017cdy, kto kocha Chrystusa i Ko\u015bci\u00f3\u0142 powinien si\u0119 pod tym apelem nie tylko podpisa\u0107, ale r\u00f3wnie\u017c zrobi\u0107 wszystko, by aktywnie przyczyni\u0107 si\u0119 do usuni\u0119cia ca\u0142ego tego \u201ebrudu\u201d z Ko\u015bcio\u0142a.<\/p>\r\n<ol start=\"5\">\r\n\t<li><strong>Droga \u015bw. Franciszka z Asy\u017cu<\/strong><\/li>\r\n<\/ol>\r\n<p>Kard. Bergoglio przybra\u0142, po wyborze go na papie\u017ca, imi\u0119 Franciszka. Od pocz\u0105tku przypuszczano, \u017ce jest to odwo\u0142anie si\u0119 do \u015bw. Franciszka z Asy\u017cu, ale pewno\u015bci nie by\u0142o. Mog\u0142o przecie\u017c chodzi\u0107 o \u015bw. Franciszka Ksawerego, r\u00f3wnie\u017c jezuity lub o \u015bw. Franciszka Salezego. Ju\u017c jednak nast\u0119pnego dnia po zako\u0144czeniu konklawe dowiedzieli\u015bmy si\u0119, \u017ce na pewno chodzi o Biedaczyn\u0119 z Asy\u017cu.<\/p>\r\n<p>W mediach (i nie tylko) zacz\u0119to powtarza\u0107, \u017ce chodzi o pokor\u0119, ub\u00f3stwo i skupienie uwagi na biednych.<\/p>\r\n<p>W takich duchu uj\u0119\u0142a to np. w \u201eRzeczpospolitej\u201d z dnia 15 marca 2013 r. Ewa Czaczkowska: Znaki, jakie od \u015brody wysy\u0142a w \u015bwiat nowy papie\u017c, musz\u0105 robi\u0107 wra\u017cenie na ka\u017cdym: pochylenie g\u0142owy \u201d\u00a8w oczekiwaniu na b\u0142ogos\u0142awie\u0144stwo wiernych, wczorajszy wyjazd do rzymskiej bazyliki Matki Bo\u017cej Wi\u0119kszej nie papiesk\u0105 limuzyn\u0105, ale watyka\u0144skim samochodem. Do tego informacje o tym, \u017ce jako kardyna\u0142 nie mieszka\u0142 w pa\u0142acu, \u017ce sam sobie gotowa\u0142 i je\u017adzi\u0142 autobusem. Tak, kard. Jorge Bergoglio na\u015bladowa\u0142 i chce jako papie\u017c na\u015bladowa\u0107 \u015bw. Franciszka w spos\u00f3b odpowiedni do czas\u00f3w, w jakich \u017cyjemy, i urz\u0119du, jaki sprawuje. To jest znak, \u017ce b\u0119dzie chcia\u0142 uwra\u017cliwi\u0107 ca\u0142y Ko\u015bci\u00f3\u0142, jego struktury, \u015bwieckich i duchownych &#8211; na biednych, ubogich, zmarginalizowanych\u201d.<\/p>\r\n<p>W tym samy numerze \u201eRzeczpospolitej\u201d znajdujemy materia\u0142 autorstwa ks. Grzegorza \u015aniadocha b\u0119d\u0105cego kap\u0142anem Instytutu Dobrego Pasterza. W pierwszym rz\u0119dzie rozprawia si\u0119 z wsp\u00f3\u0142czesnym, lansowanym przez media, fa\u0142szywym obrazem Wielkiego \u015awi\u0119tego: \u201eLaicki \u015bwiat b\u0119dzie oczekiwa\u0142, aby nowy papie\u017c poszed\u0142 za b\u0142\u0119dnym obrazem \u015bw. Franciszka z Asy\u017cu i najlepiej sprzeda\u0142 pa\u0142ac watyka\u0144ski, a pieni\u0105dze rozda\u0142 biednym. <em>Dzisiejszy<\/em> \u015bwi\u0119ty Franciszek to bowiem patron ekolog\u00f3w, animals\u00f3w, pacyfist\u00f3w, ekumenist\u00f3w (tych w duchu Asy\u017cu)\u201d.<\/p>\r\n<p>Jaki jest zatem prawdziwy obraz \u015bw. Franciszka z Asy\u017cu? Jaki jest jego program, kt\u00f3ry mo\u017cna by dzisiaj podj\u0105\u0107, kt\u00f3ry m\u00f3g\u0142by podj\u0105\u0107 nowy papie\u017c?<\/p>\r\n<p>Ks. Grzegorz \u015aniadoch o tym pisze: \u201eTymczasem \u015bwi\u0119ty Franciszek jest najbardziej reprezentatywnym i ortodoksyjnym wytworem Ko\u015bcio\u0142a czasu wypraw krzy\u017cowych. Nie by\u0142 prekursorem teologii wyzwolenia ani nie by\u0142 heroldem chrze\u015bcija\u0144stwa przes\u0142odzonego, uproszczonego, ekologiczno-pacyfistycznego, ani kim\u015b ci\u0105gle u\u015bmiechni\u0119tym, wiejskim prostaczkiem rozmawiaj\u0105cym z ptakami i zawieraj\u0105cym przyja\u017a\u0144 z wilkami. W rzeczywisto\u015bci on poszed\u0142 z V wypraw\u0105 krzy\u017cow\u0105 nawraca\u0107 muzu\u0142man\u00f3w swoim przyk\u0142adem, s\u0142owem i bezkompromisowym oddaniem Chrystusowi. Takiej postawy oczekuj\u0105 prawowierni katolicy. (\u2026) Do \u015bw. Franciszka Pan powiedzia\u0142: <em>Franciszku, odbuduj m\u00f3j Ko\u015bci\u00f3\u0142<\/em>. <em>Odbudowa\u0107<\/em> to znaczy przywr\u00f3ci\u0107 mu dawny kszta\u0142t. Nie chodzi wi\u0119c o <em>wybudowanie<\/em> nowego liberalnego i kompromisowego chrze\u015bcija\u0144stwa, ale <em>odbudowanie<\/em> dawnego bezkompromisowego, ofiarnego i wiernego Ewangelii Ko\u015bcio\u0142a. Takie zadanie b\u0119dzie sta\u0142o przed nowym papie\u017cem\u201d.<\/p>\r\n<p>Mateusz Matyszkowicz charakteryzuj\u0105c \u015bw. Franciszka z Asy\u017cu w tygodniku \u201eDo Rzeczy\u201d (nr 8, 18-24 marca 2013) stwierdza: \u201eTeologia Franciszka pozostaje w \u015bcis\u0142ej \u0142\u0105czno\u015bci nie tylko z doktryn\u0105 Ko\u015bcio\u0142a, ale i z jego istot\u0105, kt\u00f3r\u0105 jest Chrystus obecny w sakramencie eucharystycznym. (\u2026) Czy popularna wizja \u015bw. Franciszka nie ma k\u0142opotu ze zdaniami z jego listu do duchowie\u0144stwa? <em>Wszyscy szafarze \u015bwi\u0119tych tajemnic\u2026 powinni rozmy\u015bla\u0107 nad smutnym stanem wielu kielich\u00f3w, korpora\u0142\u00f3w i obrus\u00f3w, kt\u00f3re s\u0142u\u017c\u0105 do Ofiary cia\u0142a i krwi naszego Pana Jezusa Chrystusa. Wielu pozastawia Eucharysti\u0119 w opuszczeniu, w brudnych miejscach, nosi J\u0105 bez czci po ulicach, przyjmuje J\u0105 niegodnie i udziela ja innym bez rozeznania.<\/em> (\u2026) Gdy do\u0142\u0105czy\u0142 do krucjaty, szed\u0142 po to by nawraca\u0107 muzu\u0142man\u00f3w. Nie mieczem wprawdzie, ale bez ukrywania r\u00f3\u017cnic. Nie po to, \u017ceby pomonologowa\u0107 sobie z su\u0142tanem i nacieszy\u0107 si\u0119 r\u00f3\u017cnorodno\u015bci\u0105\u201d.<\/p>\r\n<p>&nbsp;<\/p>\r\n<h4><strong>Rozdzia\u0142 VI<\/strong><\/h4>\r\n<p><strong>Co wiemy o kard. Bergoglio?<\/strong><\/p>\r\n<p>W dniu 13 marca 2013 r. kard. Jorge Mario Bergoglio zosta\u0142 papie\u017cem i przybra\u0142 imi\u0119 Franciszek (a nie Franciszek I). W zwi\u0105zku z tym, \u017ce w wielu mediach nazywano go Franciszkiem I, wypowiedzia\u0142 si\u0119 rzecznik Watykanu: \u201ePapie\u017c nazywa si\u0119 Franciszek, a nie Franciszek I. Franciszek i basta\u201d.<\/p>\r\n<p>Na jego temat jest wyj\u0105tkowo ma\u0142o danych. Niekt\u00f3re informacje s\u0105 sprzeczne, nieprecyzyjne, wyra\u017anie zmy\u015blone. Jest prawie ca\u0142kowity brak dost\u0119pu do jego wypowiedzi i tekst\u00f3w.<\/p>\r\n<p>Jednak i tak wiele mo\u017cna si\u0119 o nim dowiedzie\u0107.<\/p>\r\n<ol>\r\n\t<li><strong>Podstawowe dane biograficzne<\/strong><\/li>\r\n<\/ol>\r\n<p>Kard. Jorge Mario Bergoglio mia\u0142 w dniu wyboru na papie\u017ca 76 lat (urodzi\u0142 si\u0119 17 grudnia 1936 r.). Jest z Argentyny.Pochodzi z rodziny w\u0142oskich emigrant\u00f3w z Turynu (do Argentyny przyjechali jego dziadkowie). Jego ojciec by\u0142 kolejarzem.<\/p>\r\n<p>W m\u0142odo\u015bci ci\u0119\u017cko chorowa\u0142. Wyci\u0119to mu wtedy znaczn\u0105 cz\u0119\u015b\u0107 jednego p\u0142uca. Pracowa\u0142 fizycznie. Mia\u0142 te\u017c podobno narzeczon\u0105. Po uko\u0144czeniu studi\u00f3w z zakresu chemii (niekt\u00f3re media twierdz\u0105, \u017ce to by\u0142o technikum chemiczne) w <a href=\"http:\/\/pl.wikipedia.org\/wiki\/1958\"><span style=\"color: #00000a;\">1958<\/span><\/a> r. wst\u0105pi\u0142 do zakonu <a href=\"http:\/\/pl.wikipedia.org\/wiki\/Jezuici\"><span style=\"color: #00000a;\">jezuit\u00f3w<\/span><\/a> i kontynuowa\u0142 nauk\u0119 w zakonnych domach w <a href=\"http:\/\/pl.wikipedia.org\/wiki\/Chile\"><span style=\"color: #00000a;\">Chile<\/span><\/a> i Argentynie. Studiowa\u0142 filozofi\u0119, teologi\u0119, literatur\u0119, psychologi\u0119 &#8211; w nowicjacie w Chile zg\u0142\u0119bia\u0142 nauki humanistyczne, w Colegio Maximo San Jos\u00c3\u00a9 w San Miguel ko\u0142o Buenos Aires obroni\u0142 licencjat z filozofii, w Colegio de la Immaculada w Santa Fe studiowa\u0142 literatur\u0119 i psychologi\u0119, a w Colegio del Salvador w Buenos Aires &#8211; teologi\u0119. 13 grudnia 1969 przyj\u0105\u0142 \u015bwi\u0119cenia kap\u0142a\u0144skie, po czym kontynuowa\u0142 studia w Hiszpanii i tam 22 kwietnia 1973 z\u0142o\u017cy\u0142 \u015bluby wieczyste w swym zakonie.<\/p>\r\n<p>By\u0142 mistrzem nowicjatu w Villa Barilari, profesorem Wydzia\u0142u Teologii i rektorem <em>Colegio Maximo San Jose<\/em> w San Miguel, cz\u0142onkiem konsulty prowincji zakonnej San Miguel, prowincja\u0142em Argentyny (1973-1979).<\/p>\r\n<p>W <a href=\"http:\/\/pl.wikipedia.org\/wiki\/1992\"><span style=\"color: #00000a;\">1992<\/span><\/a> r. zosta\u0142, po uko\u0144czeniu studi\u00f3w w Niemczech, mianowany <a href=\"http:\/\/pl.wikipedia.org\/wiki\/Biskup\"><span style=\"color: #00000a;\">biskupem<\/span><\/a> pomocniczym Buenos Aires, a w <a href=\"http:\/\/pl.wikipedia.org\/wiki\/1997\"><span style=\"color: #00000a;\">1997<\/span><\/a> r. promowany na arcybiskupa-koadiutora tej archidiecezji. W 1998 r. zosta\u0142 ordynariuszem dla wiernych ryt\u00f3w orientalnych, mieszkaj\u0105cych w Argentynie (bez w\u0142asnego ordynariusza). Pe\u0142ni\u0142 funkcje Wielkiego Kanclerza Katolickiego Uniwersytetu Argentyny oraz wiceprzewodnicz\u0105cego Konferencji Episkopatu Argentyny. W <a href=\"http:\/\/pl.wikipedia.org\/wiki\/2001\"><span style=\"color: #00000a;\">2001<\/span><\/a> r. zosta\u0142 kardyna\u0142em. W latach 2005-2011 by\u0142 przewodnicz\u0105cym Konferencji Episkopatu Argentyny. W latach 1998-2013 by\u0142 <a href=\"http:\/\/pl.wikipedia.org\/wiki\/Archidiecezja_Buenos_Aires\"><span style=\"color: #00000a;\">arcybiskupem Buenos Aires<\/span><\/a> i tym samym prymasem Argentyny.<\/p>\r\n<p>By\u0142 cz\u0142onkiem Kongregacji ds. Duchowie\u0144stwa, <a href=\"http:\/\/translate.googleusercontent.com\/translate_c?depth=1&amp;ei=Ox8yUYfZGOKo4gTewIHQDw&amp;hl=pl&amp;prev=\/search%3Fq%3DJorge%2BMario%2BBergoglio%26start%3D30%26hl%3Dpl%26lr%3Dlang_pl%26sa%3DN%26biw%3D800%26bih%3D386%26tbs%3Dlr:lang_1pl&amp;rurl=translate.google.com&amp;sl=no&amp;u=http:\/\/no.wikipedia.org\/wiki\/Kongregasjonen_for_gudstjenesten_og_sakramentsordningen&amp;usg=ALkJrhiGxjIrPdC7AUDubC8hhm7crbGJYQ\"><span style=\"color: #00000a;\">Kongregacji ds. Kultu Bo\u017cego i Dyscypliny Sakrament\u00f3w<\/span><\/a>, <a href=\"http:\/\/translate.googleusercontent.com\/translate_c?depth=1&amp;ei=Ox8yUYfZGOKo4gTewIHQDw&amp;hl=pl&amp;prev=\/search%3Fq%3DJorge%2BMario%2BBergoglio%26start%3D30%26hl%3Dpl%26lr%3Dlang_pl%26sa%3DN%26biw%3D800%26bih%3D386%26tbs%3Dlr:lang_1pl&amp;rurl=translate.google.com&amp;sl=no&amp;u=http:\/\/no.wikipedia.org\/wiki\/Kongregasjonen_for_konsekrert_liv_og_selskaper_for_apostolisk_liv&amp;usg=ALkJrhgM-DnSWZsNTN0_ZKHEKIlSo5mq_A\"><span style=\"color: #00000a;\">Kongregacji ds. \u0179ycia Konsekrowanego i Stowarzysze\u0144 \u0179ycia Apostolskiego<\/span><\/a> oraz <a href=\"http:\/\/translate.googleusercontent.com\/translate_c?depth=1&amp;ei=Ox8yUYfZGOKo4gTewIHQDw&amp;hl=pl&amp;prev=\/search%3Fq%3DJorge%2BMario%2BBergoglio%26start%3D30%26hl%3Dpl%26lr%3Dlang_pl%26sa%3DN%26biw%3D800%26bih%3D386%26tbs%3Dlr:lang_1pl&amp;rurl=translate.google.com&amp;sl=no&amp;u=http:\/\/no.wikipedia.org\/wiki\/Det_pavelige_r%25C3%25A5d_for_familien&amp;usg=ALkJrhhtyJDHzBLXOksXOFysnoPNA1zdFA\"><span style=\"color: #00000a;\">Papieskiej Rady ds. Rodziny<\/span><\/a>.<\/p>\r\n<p>M\u00f3wi biegle po hiszpa\u0144sku, w\u0142osku oraz niemiecku.<\/p>\r\n<p>By\u0142 <a href=\"http:\/\/pl.wikipedia.org\/wiki\/Papabile\"><span style=\"color: #00000a;\">papabile<\/span><\/a> w <a href=\"http:\/\/pl.wikipedia.org\/wiki\/2005\"><span style=\"color: #00000a;\">2005<\/span><\/a> r. Dzi\u015b m\u00f3wi si\u0119, \u017ce zebra\u0142 wtedy na konklawe najwi\u0119cej g\u0142os\u00f3w po kard. Ratzingerze.<\/p>\r\n<p>W 2005 r., gdy pytano go, przed konklawe, co s\u0105dzi o tym, \u017ce m\u00f3wi si\u0119 o nim jako o papabile powiedzia\u0142: \u201eProsz\u0119, chcia\u0142bym umrze\u0107 w kurii\u201d.<\/p>\r\n<ol start=\"2\">\r\n\t<li><strong>Co m\u00f3wiono o kard. Bergoglio przed konklawe?<\/strong><\/li>\r\n<\/ol>\r\n<p>Ma\u0142o kto m\u00f3wi\u0142 o tym kardynale i tym papabile. Z regu\u0142y jego charakterystyk\u0119 sprowadzono do dw\u00f3ch okre\u015ble\u0144: \u201ebardzo konserwatywny\u201d, \u201elubiany w kr\u0119gach Bractwa \u015bw. Piusa X\u201d.<\/p>\r\n<p>Na portalu ko\u015bci\u00f3\u0142.pl napisano w 2005 r., \u017ce w sta\u0142ym kontakcie z nim jest prze\u0142o\u017cony Bractwa \u015bw. Piusa X bp Fellay.<\/p>\r\n<p>Na tym samym portalu, r\u00f3wnie\u017c w 2005 r.zamieszczono tekst, w kt\u00f3rym czytamy: \u201eJe\u015bli na konklawe Papie\u017cem zostanie wybrany Jorge Mario Bergoglio, to b\u0119dzie on pierwszym w historii Jezuit\u0105 uznanym za g\u0142ow\u0119 rzymskiego Ko\u015bcio\u0142a katolickiego. Pow\u015bci\u0105gliwy i skromny, m\u00f3g\u0142by prezentowa\u0107 zupe\u0142nie inny obraz Papie\u017ca, ni\u017c ten, do kt\u00f3rego przywykli\u015bmy w osobie Jana Paw\u0142a II, wyra\u017caj\u0105cy si\u0119 w pielgrzymkach i spotkaniach zar\u00f3wno ze \u015bwiatowymi liderami jak i zwyk\u0142ymi lud\u017ami\u201d.<\/p>\r\n<p>Na portalu \u201eGazety Wyborczej\u201d mo\u017cna by\u0142o przeczyta\u0107, zaraz po wyborze papie\u017ca: \u201eBergoglio reprezentuje bardziej konserwatywn\u0105 frakcj\u0119 w Watykanie. Dystansowa\u0142 si\u0119 od popularnej w Brazylii <em>teologii wyzwolenia<\/em>\u201d.<\/p>\r\n<ol start=\"3\">\r\n\t<li><strong>Liturgia<\/strong><\/li>\r\n<\/ol>\r\n<p>Informacje na temat dobrych relacji kard. Bergoglio z Bractwem \u015bw. Piusa X, informacje typu, \u017ce w sta\u0142ym kontakcie z nim jest prze\u0142o\u017cony Bractwa \u015bw. Piusa X bp Fellay, \u017ce Begoglio jest \u201elubiany w kr\u0119gach Bractwa \u015bw. Piusa X\u201d, s\u0105, m\u00f3wi\u0105c bardzo delikatnie, mocno przesadzone.<\/p>\r\n<p>To prawda, \u017ce zaraz po ukazaniu si\u0119 w dniu 7 lipca 2007 r. motu proprio \u201eSummorum Pontificum\u201d kard. Bergoglio pozwoli\u0142 na odprawianie Mszy \u015awi\u0119tej Trydenckiej w swojej diecezji (ale tylko w jednym ko\u015bciele i tylko raz w miesi\u0105cu).<\/p>\r\n<p>By\u0107 mo\u017ce w pewnym momencie, gdy kard. Bergoglio, wypowiada\u0142 si\u0119 ostro przeciwko aborcji, eutanazji, in vitro czy kap\u0142a\u0144stwu kobiet pojawia\u0142y si\u0119 publicznie s\u0142owa poparcia dla niego ze strony bp Fellay`a czy kap\u0142an\u00f3w nale\u017c\u0105cych do Bractwa \u015bw. Piusa X.<\/p>\r\n<p>Kard. Bergoglio szybko jednak, jak twierdz\u0105 dobrze poinformowani, zmieni\u0142 sw\u00f3j stosunek do Mszy \u015awi\u0119tej Trydenckiej i doprowadzi\u0142 do tego, ze przestano j\u0105 odprawia\u0107 w jego diecezji.<\/p>\r\n<p>W angloj\u0119zycznym Internecie na stronach katolickich powtarza si\u0119 nast\u0119puj\u0105c\u0105 wypowied\u017a argenty\u0144skiego dziennikarza Marcelo Gonz\u00e1lez, pono\u0107 znawcy ko\u015bcio\u0142a w Argentynie: \u201eA sworn enemy of the Traditional Mass, he has only allowed imitations of it in the hands of declared enemies of the ancient liturgy. He has persecuted every single priest who made an effort to wear a cassock, preach with firmness, or that was simply interested in Summorum Pontificum\u201d (\u201eZaprzysi\u0119\u017cony wr\u00f3g Tradycyjnej Mszy, pozwala tylko na imitacj\u0119 tej mszy. Jest zdeklarowanym wrogom dawnej liturgii. Prze\u015bladowa\u0142 ka\u017cdego kap\u0142ana, kt\u00f3ry stara\u0142 si\u0119 nosi\u0107 sutann\u0119, g\u0142osi\u0107 z moc\u0105, lub po prostu by\u0142 zainteresowany Summorum Pontificum\u201d.)<\/p>\r\n<p>W Internecie uda\u0142o mi si\u0119 odnale\u017a\u0107 jeden film ukazuj\u0105cy Msz\u0119 \u015awi\u0119t\u0105 odprawian\u0105 przez kard. Bergoglio na wielkim stadionie dla m\u0142odzie\u017cy. Z filmu tego wynika, \u017ce argenty\u0144ski kardyna\u0142 dosy\u0107 swobodnie traktuj\u0119 liturgi\u0119 i udziela Komunii \u015awi\u0119tej na stoj\u0105co, najcz\u0119\u015bciej na r\u0119k\u0119. Msza \u015awi\u0119ta jest przeplatana, zapewne na spos\u00f3b po\u0142udniowoameryka\u0144ski, licznymi ta\u0144cami, okrzykami, \u015bpiewem i gr\u0105 na gitarze (film jest pod adresem: http:\/\/www.youtube.com\/watch?v=3RJK0yULkCY)<\/p>\r\n<p>Na portalu fronda.pl znajdujemy nast\u0119puj\u0105c\u0105 informacj\u0119: \u201eTradycjonali\u015bci nie chc\u0105 jednak przedwcze\u015bnie zabiera\u0107 g\u0142osu. Zdaniem przedstawicieli zgromadze\u0144 takich jak Bractwo \u015bw. Piotra, jeszcze nie czas na oceny.- Jeszcze nie wiemy, co ten wyb\u00f3r oznacza dla spraw liturgii. Za wcze\u015bnie na dywagacje, po prostu musimy czeka\u0107. Jest to sprawa na tyle \u015bwie\u017ca, \u017ce jaka\u015b optyka pojawi si\u0119 dopiero z czasem &#8211; m\u00f3wi ks. Wojciech Grygiel FSSP. P\u00f3ki co, s\u0142yszymy r\u00f3\u017cne komentarze. Ludzie reaguj\u0105c spontanicznie, a czasami wr\u0119cz neurotycznie &#8211; w jedn\u0105 lub drug\u0105 stron\u0119 &#8211; i dlatego radzi\u0142bym, aby poczeka\u0107 i zobaczy\u0107, jak potoczy si\u0119 sprawa. Papie\u017c dopiero zosta\u0142 wybrany. S\u0105dz\u0119, \u017ce to kwestia miesi\u0119cy albo roku, kiedy w ko\u0144cu przekonamy si\u0119, jaki kurs przyjmie ten pontyfikat &#8211; t\u0142umaczy kap\u0142an z Bractwa \u015bw. Piotra\u201d.<\/p>\r\n<ol start=\"4\">\r\n\t<li><strong>Zwolennik kolegialnej w\u0142adzy w Ko\u015bciele<\/strong><\/li>\r\n<\/ol>\r\n<p>W wielu mediach pojawiaj\u0105 si\u0119 wypowiedzi, w \u015bwietle kt\u00f3rych kard. Bergoglio (i papie\u017c Franciszek) jest zdecydowanym zwolennikiem kolegialno\u015bci w Ko\u015bciele.<\/p>\r\n<p>I tak np. czytamy w \u201eGazecie Wyborczej\u201d z dnia 14 marca 2013 r. (nr 62) w materiale autorstwa Jaros\u0142awa Miko\u0142ajewskiego: \u201eJego pogl\u0105dy mo\u017cna by\u0142o pozna\u0107 z wywiadu, jakiego udzieli\u0142 telewizji RAI, powt\u00f3rzonego przez <em>Porta a porta<\/em>. Pojawi\u0142 si\u0119 w nim jako przeciwnik fundamentalizmu (\u2026) Jako zwolennik kolegialnej w\u0142adzy w Ko\u015bciele, maj\u0105cej sw\u00f3j wyraz w synodzie dzia\u0142aj\u0105cym u boku papie\u017ca\u201d.<\/p>\r\n<p>Na \u0142amach \u201eGazety Wyborczej\u201d pisa\u0142 o tym r\u00f3wnie\u017c w dniu 15 marca 2013 r., w swojej korespondencji z Rzymu, Tomasz Bielecki, stwierdzaj\u0105c, \u017ce kard. Bergoglio zawsze \u201euchodzi\u0142 za zwolennika wi\u0119kszej kolegialno\u015bci w Ko\u015bciele, czyli pewnej decentralizacji na rzecz lokalnych biskup\u00f3w oraz uwa\u017cniejszego wys\u0142uchiwania ich przez Watykan\u201d.<\/p>\r\n<p>Jak czytamy w \u201eRzeczpospolitej\u201d (nr 63), w\u0142oski watykanista Marco Politi \u201eoczekuje, \u017ce Franciszek na zupe\u0142nie nowych, bardziej partnerskich zasadach zbuduje stosunki mi\u0119dzy Stolic\u0105 Apostolsk\u0105 a episkopatami, a tak\u017ce b\u0119dzie realizowa\u0142 soborowy postulat kolegialno\u015bci przy podejmowaniu wa\u017cnych decyzji\u201d.<\/p>\r\n<ol start=\"5\">\r\n\t<li><strong>\u201eKo\u015bci\u00f3\u0142 jest pe\u0142ni\u0105 uczestnictwa w \u017cyciu Chrystusa, w Jego m\u0119ce, \u015bmierci i zmartwychwstaniu\u201d<\/strong><\/li>\r\n<\/ol>\r\n<p>Na 49. Mi\u0119dzynarodowym Kongresie Eucharystycznym w Kanadzie, kt\u00f3ry odby\u0142 si\u0119 w dniach 15-22 czerwca 2008 r. w Quebecu, kard. Jos\u00c3\u00a9 Mario Bergoglio, kt\u00f3ry by\u0142 tam przedstawicielem Ameryki Po\u0142udniowej, powiedzia\u0142: \u201eWierzy\u0107 w Chrystusa, kt\u00f3ry przyszed\u0142 w ciele, znaczy wierzy\u0107, \u017ce ca\u0142a rzeczywisto\u015b\u0107 ludzka zosta\u0142a zbawiona i u\u015bwi\u0119cona w Chrystusie. Ko\u015bci\u00f3\u0142 jako rzeczywisto\u015b\u0107 ca\u0142kowicie <em>u\u015bwi\u0119cona<\/em> oraz zdolna przyj\u0105\u0107 i przekazywa\u0107 dalej pe\u0142ni\u0119 \u015bwi\u0119to\u015bci Boga, nie jest jakim\u015b <em>uzupe\u0142nieniem<\/em> czy <em>instytucjonalnym dodatkiem<\/em> do Jezusa Chrystusa, lecz jest pe\u0142ni\u0105 uczestnictwa w Jego \u017cyciu, w Jego m\u0119ce, \u015bmierci i zmartwychwstaniu\u201d.<\/p>\r\n<ol start=\"6\">\r\n\t<li><strong>Ekumenizm: kard. Bergoglio przyjmuje b\u0142ogos\u0142awie\u0144stwo od protestant\u00f3w<\/strong><\/li>\r\n<\/ol>\r\n<p>\u201eO ekumenizmie nast\u0119pcy Piotra &#8211; czytamy na portalu wiara.pl &#8211; mo\u017ce \u015bwiadczy\u0107 jego gest, dokonany podczas jednego ze spotka\u0144 katolickich i niekatolickich ruch\u00f3w charyzmatycznych. Prymas Argentyny nie waha\u0142 si\u0119 ukl\u0119kn\u0105\u0107 i pozwoli\u0107, by r\u0119ce na\u0142o\u017cyli na niego tak\u017ce liderzy wsp\u00f3lnot niekatolickich oraz papieski kaznodzieja o. Raniero Cantalamessa\u201d.<\/p>\r\n<p>W Buenos Aires odby\u0142 si\u0119 w dniach 2-4 lipca 2008 r. Kongres Charyzmatycznych Ruch\u00f3w Odnowy, tak katolickich, jak i protestanckich. Do uczestnik\u00f3w kongresu kard. Bergoglio wystosowa\u0142 list, w kt\u00f3rym napisa\u0142 mi\u0119dzy innymi: \u201eZach\u0119cam was, aby\u015bcie na drodze uwielbienia, pojednania i duchowej ekumenii kroczyli naprz\u00f3d\u201d.<\/p>\r\n<ol start=\"7\">\r\n\t<li><strong>Kard. Bergoglio bierze udzia\u0142 w \u017cydowskim \u015bwi\u0119cie Hanuki<\/strong><\/li>\r\n<\/ol>\r\n<p>Je\u015bli zajrzymy na youtube pod adres: <a href=\"http:\/\/www.youtube.com\/watch?feature=player_embedded&amp;v=BkeaWNH2kCE\"><span style=\"color: #00000a;\">http:\/\/www.youtube.com\/watch?feature=player_embedded&amp;v=BkeaWNH2kCE<\/span><\/a><\/p>\r\n<p>Znajdziemy tam urywek wiadomo\u015bci telewizji JN1 zatytu\u0142owany \u201eHanukkah 2012: Argentine Catholics and Jews celebrate Hanukkah and Christmas together\u201d.<\/p>\r\n<p>Na filmie tym wida\u0107, jak kard. Bergoglio bierze udzia\u0142 w \u015bwi\u0119cie Hanuki z typowo \u017cydowskim, czarnym nakryciem na g\u0142owie, modli si\u0119 wraz z \u017bydami, przemawia i zapala \u015bwiece na wieloramiennym \u015bwieczniku.<\/p>\r\n<p>Z portalu gloriatv dowiadujemy si\u0119 ponadto: \u201eZ wdzi\u0119cznymi s\u0142owami ze strony syn\u00f3w Izraela zetkn\u0105\u0142 si\u0119 po tym, jak w 1994 r. wyrazi\u0142 sw\u0105 solidarno\u015b\u0107 z nimi po zamachu bombowym na budynek nale\u017c\u0105cy do diaspory \u017cydowskiej w Buenos Aires\u201d.<\/p>\r\n<ol start=\"8\">\r\n\t<li><strong>Kard. Bergoglio i B\u2019nai B\u2019rith<\/strong><\/li>\r\n<\/ol>\r\n<p>Ju\u017c 13 marca, a wi\u0119c w dniu, gdy us\u0142yszeli\u015bmy s\u0142owa habemus papam, mo\u017cna by\u0142o przeczyta\u0107 na oficjalnej stronie internetowej B\u2019nai B\u2019rith International o\u015bwiadczenie w j\u0119zyku angielskim tej organizacji pt. \u201e<a href=\"http:\/\/www.bnaibrith.org\/5\/post\/2013\/03\/bnai-brith-international-welcomes-new-pope-francis-i.html\"><span style=\"color: #00000a;\">B\u2019nai B\u2019rith International Welcomes New Pope Francis I<\/span><\/a>\u201d. Znale\u017a\u0107 je mo\u017cna pod nast\u0119puj\u0105cym adresem:<br \/>\r\nhttp:\/\/www.bnaibrith.org\/5\/post\/2013\/03\/bnai-brith-international-welcomes-new-pope-francis-i.html<\/p>\r\n<p>W o\u015bwiadczeniu tym napisano: \u201eJorge Mario Bergoglio jest katolikiem sprzyjaj\u0105cym dialogowi mi\u0119dzyreligijnemu i scementowa\u0142 mocne braterskie relacje ze wsp\u00f3lnot\u0105 Argenty\u0144skich \u017byd\u00f3w, w szczeg\u00f3lno\u015bci z B\u2019nai B\u2019rith, kt\u00f3ra zosta\u0142a nagrodzona jego serdecznym i szczerym traktowaniem\u201d.<\/p>\r\n<p>Organizacja ta w ostatnich latach przedstawia si\u0119 w swoich oficjalnych dokumentach i mediach jako, tak czytamy w \u201eWikipedii\u201d, \u201enajstarsza nieprzerwanie dzia\u0142aj\u0105ca \u017cydowska organizacja na \u015bwiecie\u201d, kt\u00f3ra \u201ejest zaanga\u017cowana w szeroko pojmowan\u0105 dzia\u0142alno\u015b\u0107 na rzecz wspierania spo\u0142eczno\u015bci \u017cydowskich na \u015bwiecie i w Izraelu\u201d.<\/p>\r\n<p>Z tego samego \u017ar\u00f3d\u0142a dowiadujemy si\u0119, \u017ce: \u201eOrganizacja jest zorganizowana na wz\u00f3r ruchu wolnomularskiego, gdy\u017c sk\u0142ada si\u0119 z l\u00f3\u017c, chocia\u017c nie uwa\u017ca si\u0119 za organizacj\u0119 maso\u0144sk\u0105\u201d.<\/p>\r\n<p>Nie jest to, delikatnie rzecz ujmuj\u0105c, informacja precyzyjna.<\/p>\r\n<p>Tak\u0105 sam\u0105 informacj\u0119 podaje na Portalu Spo\u0142eczno\u015bci \u017bydowskiej Witold Zyss, Przedstawiciel B\u2019nai B\u2019rith przy UNESCO. Pisze on jednak r\u00f3wnie\u017c: \u201eDzia\u0142alno\u015b\u0107 B\u2019nai B\u2019rith w Polsce przerwa\u0142 dekret Prezydenta Rzeczypospolitej z 22 listopada 1938 r. rozwi\u0105zuj\u0105cy organizacje maso\u0144skie w Polsce\u201d. \u015acis\u0142ym zwi\u0105zkom B\u2019nai B\u2019rith z masoneri\u0105 po\u015bwieci\u0142em oddzielny rozdzia\u0142 w swojej ksi\u0105\u017cce pt. \u201eMasoneria polska 1999\u201d. W ksi\u0105\u017cce tej powo\u0142ywa\u0142em si\u0119 na prac\u0119 Leona Chajna o masonerii okresu mi\u0119dzywojennego, w kt\u00f3rej, pisz\u0105c o powstaniu B`nai B`rith, stwierdza, \u017ce by\u0142a to pierwotnie organizacja, kt\u00f3rej celem by\u0142o zjednoczenie sk\u0142\u00f3conych \u017byd\u00f3w ameryka\u0144skich wok\u00f3\u0142 cel\u00f3w wyznaczanych przez masoneri\u0119.<\/p>\r\n<p>Jeden z przyw\u00f3dc\u00f3w polskiego dystryktu B\u2019nai B\u2019rith w Polsce w okresie mi\u0119dzywojennym pisa\u0142: \u201eZwi\u0105zek B`nai B`rith jako organizacj\u0119 \u015bwiatow\u0105, kt\u00f3rej my jeste\u015bmy sami jednostk\u0105 (\u2026) znamionuj\u0105 dwie cechy zasadnicze. Idea solidarno\u015bci wszystkich \u017byd\u00f3w na ca\u0142ym \u015bwiecie i wszelkie praktyczne konsekwencje z tej idei p\u0142yn\u0105ce, idea uniwersalizmu ludzko\u015bci, braterstwa wszystkich ludzi i narod\u00f3w w my\u015bl naszej idei maso\u0144skiej\u201d.<\/p>\r\n<p>Nahum Soko\u0142ow napisa\u0142 za\u015b w swojej s\u0142ynnej pracy \u201eGdzie s\u0105 masoni?\u201d: \u201eBlad\u0142 majestat XIX wieku. Proces zacz\u0105\u0142 si\u0119 jeszcze w pierwszej po\u0142owie ubieg\u0142ego stulecia, w Ameryce. Ju\u017c wtedy \u017bydzi zacz\u0119li czu\u0107 si\u0119 nieswojo w lo\u017cach maso\u0144skich [zacz\u0119\u0142y tam dominowa\u0107 nacjonalistyczne si\u0142y anglosaskie]. Z tej w\u0142a\u015bnie przyczyny dosz\u0142o do za\u0142o\u017cenia lo\u017cy B`nai B`rith, kt\u00f3ra jest \u017cydowskim zakonem wolnomularskim\u201d.<\/p>\r\n<p>Najwy\u017csza w\u0142adza masonerii rytu szkockiego podpisa\u0142a w swoim czasie porozumienie z B`nai B`rith. Ze strony maso\u0144skiej podpisa\u0142 je znany satanista Albert Pike. Ze strony B`nai B`rith Armand Levy. Oto tre\u015b\u0107 tego dokumentu: \u201eMy, Wielki Mistrz, Kustosz Saint Palladium, Najwy\u017cszy patriarcha wolnomularstwa ca\u0142ego \u015bwiata przy aprobacie wielkiego i ja\u015bnie O\u015bwieconego Kolegium Do\u015bwiadczonych Wolnomularzy, w wykonaniu aktu Porozumienia zawartego mi\u0119dzy Nami a trzema najwy\u017cszymi Konsystorzami federalnymi B`nai B`rith z Ameryki, Anglii i Niemiec, podpisanego przez Nas dzisiaj, przyj\u0119li\u015bmy t\u0119 rezolucj\u0119, z jednym zastrze\u017ceniem: <em>Konfederacja Generalna Izraelickich Tajnych L\u00f3\u017c opiera si\u0119 od dzisiaj na tych podstawach, kt\u00f3re wy\u0142o\u017cone s\u0105 w Akcie Porozumienia<\/em>\u201d.<\/p>\r\n<ol start=\"9\">\r\n\t<li><strong>Wsp\u00f3\u0142praca kard. Bergoglio z rabinem Abrahamem Skorka<\/strong><\/li>\r\n<\/ol>\r\n<p>Jak czytamy na portalu Konferencji Episkopatu Polski: \u201eObecny Papie\u017c jest dobrze znany wyznawcom judaizmu w swej ojczy\u017anie. Tamtejsz\u0105 trzystutysi\u0119czna wsp\u00f3lnot\u0119 \u017cydowsk\u0105 uwa\u017ca si\u0119 za najwa\u017cniejsz\u0105 w Ameryce \u0141aci\u0144skiej. Argenty\u0144scy katolicy od dawna prowadz\u0105 z ni\u0105 dialog. Warto przypomnie\u0107, \u017ce Argenty\u0144czykiem jest 90-letni kard. Jorge Mar\u00c3\u00ada Mej\u00c3\u00ada, kt\u00f3rego Ojciec \u015awi\u0119ty odwiedzi\u0142 wczoraj w szpitalu (chodzi o 15 marca 2013 r. &#8211; dop. S. K.). W latach 70. i 80. by\u0142 on w Watykanie sekretarzem Komisji ds. Kontakt\u00f3w Religijnych z Judaizmem, wnosz\u0105c wk\u0142ad w jej dokument o \u017bydach w katolickiej katechezie i w przygotowanie wizyty Jana Paw\u0142a II w synagodze. Wielkie zaanga\u017cowanie religijno-spo\u0142eczne kard. Bergoglio przypomnia\u0142 po jego wyborze rabin Abraham Skorka z Buenos Aires, rektor tamtejszego seminarium rabinicznego. Od dawna zaprzyja\u017aniony z arcybiskupem tego miasta, przed trzema laty wyda\u0142 z nim razem ksi\u0105\u017ck\u0119 <em>Jorge Bergoglio, Abraham Skorka o niebie i ziemi<\/em>, b\u0119d\u0105c\u0105 owocem serii ich rozm\u00f3w prowadzonych w telewizji. To w niej kardyna\u0142 napisa\u0142, \u017ce bez Jezusa i Jego krzy\u017ca Ko\u015bci\u00f3\u0142 staje si\u0119 <em>tylko organizacj\u0105 pozarz\u0105dow\u0105,<\/em> co powt\u00f3rzy\u0142 w swej pierwszej homilii jako Papie\u017c\u201d. Tekst powy\u017cszy znajduje si\u0119 pod adresem: http:\/\/episkopat.pl\/radio_watykanskie\/46831.1,Pozytywne_reakcje_zydowskie_na_wybor_Papieza.html<\/p>\r\n<ol start=\"10\">\r\n\t<li><strong>Wobec islamu<\/strong><\/li>\r\n<\/ol>\r\n<p>W 2006 r. ukaza\u0142a si\u0119 na portalu ekumenizm.pl nast\u0119puj\u0105ca informacja: \u201eArgenty\u0144ski dziennik <em>Clar\u00c3\u00adn<\/em>donosi, \u017ce Watykan jest oburzony s\u0142owami ks. Guillermo Marc\u00f3, rzecznika prasowego arcybiskupa Buenos Aires kardyna\u0142a Jorge Bergoglio. W komentarzu dla hiszpa\u0144skiego wydania Newsweeka ks. Marc\u00f3 mia\u0142 skrytykowa\u0107 Benedykta XVI. W czasie, kiedy Watykan przyst\u0105pi\u0142 do dyplomatycznej ofensywy, aby z\u0142agodzi\u0107 ataki \u015bwiata islamskiego na papie\u017ca po jego wyk\u0142adzie w Ratyzbonie, argenty\u0144ski ksi\u0105dz uprawia w\u0142asn\u0105 polityk\u0119 &#8211; informuje <em>Clarin<\/em>. <em>Kiedy kto\u015b nalega na podkre\u015blanie r\u00f3\u017cnic mi\u0119dzy doktrynami religijnymi, to idzie na konfrontacj\u0119. Dlatego, je\u015bli papie\u017c dyskutuje na temat prawdy i o tym, co ni\u0105 jest, a co nie, to jest to nieszcz\u0119\u015bliwe. Wypowied\u017a ta zbyt uog\u00f3lnia m\u00f3wi\u0105c, \u017ce islam nie posiada nic dobrego. Islam wni\u00f3s\u0142 i wci\u0105\u017c wnosi wiele dobrego do historii ludzko\u015bci<\/em> &#8211; stwierdzi\u0142 argenty\u0144ski rzecznik\u201d.<\/p>\r\n<p>W Materiale tym czytamy tak\u017ce: \u201eKsi\u0105dz Marc\u00f3 por\u00f3wna\u0142 r\u00f3wnie\u017c Benedykta z Janem Paw\u0142em II, m\u00f3wi\u0105c, \u017ce poprzednik obecnego papie\u017ca lepiej rozumia\u0142 islam. <em>Je\u015bli papie\u017c nie uznaje warto\u015bci, jakie posiada islam, a nic nie wskazuje na to, aby mog\u0142oby by\u0107 inaczej, to wydaje mi si\u0119, \u017ce w dwadzie\u015bcia sekund zosta\u0142o zniszczone to, co zbudowano w dwadzie\u015bcia lat<\/em> &#8211; doda\u0142 Marc\u00f3. Jeden z rzymskich kurialist\u00f3w powiedzia\u0142 dziennikarzowi <em>Clar\u00c3\u00adn<\/em>, \u017ce milczenie arcybiskupa Buenos Aires ws. rzecznika znacznie os\u0142abi\u0142o jego pozycj\u0119 w Watykanie\u201d.<\/p>\r\n<ol start=\"11\">\r\n\t<li><strong>Aborcja<\/strong><\/li>\r\n<\/ol>\r\n<p>\u201eRzeczpospolita\u201d z 14 marca 2014 r. przytacza nast\u0119puj\u0105c\u0105 wypowied\u017a kard. Bergoglio na ten temat: \u201eAborcja jest zawsze z\u0142em. Kiedy m\u00f3wimy o matce w ci\u0105\u017cy, m\u00f3wimy o dw\u00f3ch \u017cyciach, z kt\u00f3rych ka\u017cde musi by\u0107 chronione, bo \u017cycie ma warto\u015b\u0107 absolutn\u0105. Kiedy raz wst\u0119puje si\u0119 na drog\u0119 ograniczenia warto\u015bci najwy\u017cszej, jak\u0105 jest \u017cycie oraz prawa dzieci do pocz\u0119cia, nie ma z niej odwrotu\u201d.<\/p>\r\n<p>W gazecie \u201eFakt\u201d (nr 62) cytuje si\u0119 inn\u0105, ale bardzo podobn\u0105 jego wypowied\u017a na ten temat: \u201eAborcja nigdy nie jest rozwi\u0105zaniem. M\u00f3wi\u0105c o ci\u0105\u017cy, trzeba bra\u0107 pod uwag\u0119 oba \u017cycia. I o oba dba\u0107. Szacunek dla \u017cycia jest warto\u015bci\u0105 bezwzgl\u0119dn\u0105\u201d.<\/p>\r\n<ol start=\"12\">\r\n\t<li><strong>Nie wolno skazywa\u0107 dzieci pocz\u0119tych w wyniku gwa\u0142tu na \u015bmier\u0107<\/strong><\/li>\r\n<\/ol>\r\n<p>Jak czytamy na portalu fronda.pl: \u201eJako metropolita znany by\u0142 z mocnego zaanga\u017cowania pro life, wspierania organizacji umacniaj\u0105cych rodzin\u0119 i rozwoju sieci parafialnej. W swoich ksi\u0105\u017ckach kardyna\u0142 Jorge Mario Bergoglio ostro krytykowa\u0142 aborcj\u0119. Gdy w 2006 r. w\u0142adze Argentyny pr\u00f3bowa\u0142y zalegalizowa\u0107 aborcj\u0119 on mocno si\u0119 temu sprzeciwia\u0142 i tak\u017ce u\u017cywa\u0142 niezwykle mocnych s\u0142\u00f3w. Aborcj\u0119 okre\u015bla\u0142 <em>wyrokiem \u015bmierci na nienarodzone dzieci<\/em>. I podkre\u015bla\u0142, \u017ce nie wolno skazywa\u0107 dzieci pocz\u0119tych w wyniku gwa\u0142tu czy upo\u015bledzonych na tak\u0105 kar\u0119. W dokumencie po\u015bwi\u0119cony Eucharystii nowy papie\u017c przypomnia\u0142, \u017ce do komunii \u015bwi\u0119tej nie mog\u0105 przyst\u0119powa\u0107 osoby, kt\u00f3re opowiadaj\u0105 si\u0119 przeciwko \u017cyciu, s\u0105 za aborcj\u0105, eutanazj\u0105 czy pope\u0142niaj\u0105 powa\u017cne przest\u0119pstwa przeciw rodzinie\u201d.<\/p>\r\n<ol start=\"13\">\r\n\t<li><strong>Wobec tych, kt\u00f3rzy opowiadaj\u0105 si\u0119 za aborcj\u0105<\/strong><\/li>\r\n<\/ol>\r\n<p>Tak o tym pisze \u201eFakt\u201d z dnia 14 marca 2013 r: \u201eWed\u0142ug niego Komunii \u015awi\u0119tej nie powinni przyjmowa\u0107 ludzie, kt\u00f3rzy swoim dzia\u0142aniem lub nawet w opiniach wyst\u0119puj\u0105 przeciwko ochronie \u017cycia. I mia\u0142 tu na my\u015bli zar\u00f3wno lekarzy jak i polityk\u00f3w\u201d.<\/p>\r\n<ol start=\"14\">\r\n\t<li><strong>Prawo zezwalaj\u0105ce na ma\u0142\u017ce\u0144stwa homoseksualne to \u201emachinacja ojca k\u0142amstwa\u201d<\/strong><\/li>\r\n<\/ol>\r\n<p>\u201eGdy w 2010 r. w Jego ojczy\u017anie Argentynie stan\u0119\u0142a kwestia tzw. \u201ema\u0142\u017ce\u0144stw homoseksualnych\u201d &#8211; czytamy na portalu gosc.pl &#8211; metropolita Buenos Aires pisa\u0142: <em>Nie b\u0105d\u017amy naiwni: nie rozmawiamy o zwyk\u0142e politycznej bitwie; to destrukcyjne roszczenie skierowane przeciw planowi Boga. Nie m\u00f3wimy o zwyk\u0142ym projekcie prawa, a raczej o machinacji ojca k\u0142amstwa, kt\u00f3ry pr\u00f3buje uwik\u0142a\u0107 i oszuka\u0107 dzieci Boga<\/em>\u201d.<\/p>\r\n<p>Gdy pojawi\u0142 si\u0119 rz\u0105dowy projekt ustawy w tej kwestii, kard. Bergoglio \u201eotwarcie sprzeciwia\u0142 si\u0119 projektowi ustawy i wszelkimi sposobami pr\u00f3bowa\u0142 powstrzyma\u0107 jej przyj\u0119cie\u201d, mobilizuj\u0105c, mi\u0119dzy innymi kap\u0142an\u00f3w \u201ew obronie jedno\u015bci rodziny\u201d i organizuj\u0105c czuwania pod parlamentem.<\/p>\r\n<p>Na portalu \u201eGazety Wyborczej\u201d mo\u017cna przeczyta\u0107: \u201eW 2010 r. zdecydowanie sprzeciwi\u0142 si\u0119 te\u017c propozycji zalegalizowania ma\u0142\u017ce\u0144stw jednop\u0142ciowych. Argenty\u0144skich duchownych wielokrotnie wzywa\u0142 do pot\u0119piania praktyk eutanazji i aborcji. Mimo \u017ce Bergolgio &#8211; zgodnie z nauk\u0105 Ko\u015bcio\u0142a &#8211; pot\u0119pia homoseksualizm, to naucza, \u017ce samym homoseksualistom nale\u017cy si\u0119 szacunek bez wzgl\u0119du na ich orientacje seksualn\u0105\u201d.<\/p>\r\n<ol start=\"15\">\r\n\t<li><strong>\u201eAdopcja dzieci przez homoseksualist\u00f3w to forma dyskryminacji dzieci\u201d<\/strong><\/li>\r\n<\/ol>\r\n<p>Jak czytamy na portalu gosc.pl w tym samym tekscie: \u201eDoda\u0142, \u017ce adopcja dzieci przez homoseksualist\u00f3w to forma dyskryminacji dzieci. (Ciekawe, co teraz powie prezydent Argentyny Cristina Fernandez de Kirchner, kt\u00f3ra stwierdzi\u0142a w\u00f3wczas, \u017ce ton Ko\u015bcio\u0142a przypomina jej \u201eczasy \u015bredniowieczne i Inkwizycj\u0119\u201d). Kard. Bergoglio wypowiada\u0142 si\u0119 te\u017c przeciw aborcji i antykoncepcji\u201d.<\/p>\r\n<ol start=\"16\">\r\n\t<li><strong>Eutanazja<\/strong><\/li>\r\n<\/ol>\r\n<p>Kard. Bergoglio wypowiada\u0142 si\u0119 na ten temat wielokrotnie. Zawsze, w ka\u017cdej chyba wypowiedzi na ten temat wraca\u0142 do swojego ulubionego sformu\u0142owania: \u201eTo jest jak kara \u015bmierci\u201d.<\/p>\r\n<ol start=\"17\">\r\n\t<li><strong>\u015arodki antykoncepcyjne<\/strong><\/li>\r\n<\/ol>\r\n<p>Wed\u0142ug \u201eFaktu\u201d z 14 marca 2013 r. pozwoli \u201etylko\u201d w ma\u0142\u017ce\u0144stwie, \u201ew kt\u00f3rym jeden z ma\u0142\u017conk\u00f3w jest nosicielem HIV, tak by unikn\u0105\u0107 zara\u017cenia wsp\u00f3\u0142ma\u0142\u017conka\u201d.<\/p>\r\n<ol start=\"18\">\r\n\t<li><strong>Wobec AIDS<\/strong><\/li>\r\n<\/ol>\r\n<p>Jak czytamy na portalu \u201eGazety Wyborczej\u201d: \u201eKardyna\u0142 Bergoglio ws\u0142awi\u0142 si\u0119 swoj\u0105 wizyt\u0105 w hospicjum w 2001 r., podczas kt\u00f3rej umy\u0142 i uca\u0142owa\u0142 stopy 12 pacjent\u00f3w z AIDS\u201d.<\/p>\r\n<ol start=\"19\">\r\n\t<li><strong>O ub\u00f3stwie i warto\u015bciach materialnych<\/strong><\/li>\r\n<\/ol>\r\n<p>\u201e\u0179yjemy w czasach skandalicznej biedy, braku pracy &#8211; stwierdzi\u0142 kard. Bergoglio &#8211; Ka\u017cdego dnia ludzie \u015bpi\u0105 na ulicy w sercu miasta. To skandal, z kt\u00f3rym nigdy nie mo\u017cna si\u0119 pogodzi\u0107\u201d.<\/p>\r\n<p>Kiedy indziej powiedzia\u0142: \u201eW \u017cyciu jest wielu takich, kt\u00f3rzy ci\u0105gn\u0105 tylko we w\u0142asn\u0105 stron\u0119, tak jakby mogli uzyska\u0107 b\u0142ogos\u0142awie\u0144stwo tylko dla siebie lub dla swojej grupy. Jak\u017ce to smutne, kiedy kto\u015b m\u00f3g\u0142by osi\u0105gn\u0105\u0107 co\u015b dla wszystkich, a tego nie chce\u201d.<\/p>\r\n<p>Wreszcie stwierdzi\u0142: \u201eDyktatura pieni\u0105dza niesie z sob\u0105 ca\u0142\u0105 mas\u0119 demonicznych skutk\u00f3w, jak narkotyki, korupcja, handel lud\u017ami, w tym dzie\u0107mi, a tak\u017ce mizeri\u0119 moraln\u0105. To jest chleb powszedni naszych czas\u00f3w\u201d.<\/p>\r\n<ol start=\"20\">\r\n\t<li><strong>Zawsze dzia\u0142a\u0142 na rzecz biednych<\/strong><\/li>\r\n<\/ol>\r\n<p>Na portalu kosciol.pl w materiale z 2005 r. czytamy: \u201eKiedy mianowano go kardyna\u0142em w 2001 r. Bergoglio przekona\u0142 setki Argenty\u0144czyk\u00f3w, by nie przylatywali do Rzymu na ceremoni\u0119, tylko pieni\u0105dze przeznaczone na bilety ofiarowali biednym\u201d.<\/p>\r\n<p>Powiedzia\u0142 wtedy: \u201e\u0179yjemy w najbardziej nier\u00f3wnej cz\u0119\u015bci \u015bwiata, kt\u00f3ra rozwin\u0119\u0142a si\u0119 najwi\u0119cej, a najmniej zredukowa\u0142a ub\u00f3stwo. Nier\u00f3wny podzia\u0142 d\u00f3br utrzymuje si\u0119, tworz\u0105c sytuacj\u0119 spo\u0142ecznego grzechu, wo\u0142aj\u0105cego o pomst\u0119 do nieba i ogranicza mo\u017cliwo\u015bci pe\u0142niejszego \u017cycia dla tak wielu naszych braci\u201d.<\/p>\r\n<p>Kard. Bergglio Zrezygnowa\u0142 te\u017c mo\u017cliwo\u015bci przeprowadzenia si\u0119 do biskupiej rezydencji. Jego g\u0142\u00f3wnym \u015brodkiem lokomocji jest miejski autobus.<\/p>\r\n<p>\u201eW przeciwie\u0144stwie do wielu duchownych z Ameryki \u0141aci\u0144skiej &#8211; jak czytamy na portalu kosciol.pl &#8211; stawia on jednak g\u0142\u00f3wny nacisk na duchow\u0105 stron\u0119 powo\u0142ania i ch\u0119\u0107 pod\u0105\u017cania za przyk\u0142adem Chrystusa zamiast g\u0142oszenia kaza\u0144 na temat spo\u0142ecznej sprawiedliwo\u015bci\u201d.<\/p>\r\n<ol start=\"21\">\r\n\t<li><strong>Kard. Bergoglio i cud eucharystyczny<\/strong><\/li>\r\n<\/ol>\r\n<p>Na pocz\u0105tku XXI w. w jednym z parafialnych ko\u015bcio\u0142\u00f3w w Buenos Aires po Mszy \u015bwi\u0119tej powiedziano kap\u0142anowi, kt\u00f3ry j\u0105 odprawia\u0142, \u017ce na pod\u0142odze tego ko\u015bcio\u0142a le\u017cy hostia. Ksi\u0105dz odni\u00f3s\u0142 j\u0105 z zamiarem spo\u017cycia, jednak widz\u0105c jej stan, umie\u015bci\u0142 j\u0105 w naczyniu z wod\u0105 i w\u0142o\u017cy\u0142 do Tabernakulum. Po kilku dniach zauwa\u017cy\u0142, \u017ce hostia zmieni\u0142a si\u0119 w jak\u0105\u015b krwist\u0105 substancj\u0119, kt\u00f3ra w ci\u0105gu nast\u0119pnych kilku dni jeszcze si\u0119 powi\u0119kszy\u0142a. Na to wydarzenie zareagowa\u0142 natychmiast kard. Bergoglio, kt\u00f3ry zleci\u0142 jego badanie.<\/p>\r\n<p>Ameryka\u0144ski patolog, specjalista r\u00f3wnie\u017c w dziedzinie kardiologii, o\u015bwiadczy\u0142 poprze prowadzeniu bada\u0144: \u201eMog\u0119 dok\u0142adnie powiedzie\u0107, co to jest. Materia\u0142 ma pochodzenie ludzkie, jest to cia\u0142o, a konkretnie cz\u0119\u015b\u0107 mi\u0119\u015bnia sercowego odpowiedzialnego za skurcze serca. I jest to cia\u0142o \u017cywe. Mog\u0119 co\u015b jeszcze doda\u0107: wok\u00f3\u0142 tkanki jest bardzo wiele bia\u0142ych cia\u0142ek. Mo\u017cna to wyt\u0142umaczy\u0107 dwoma racjami. Pierwsza: to serce \u017cy\u0142o w chwili pobierania wycinka. M\u00f3wi\u0119, \u017ce serce \u017cy\u0142o, gdy\u017c normalnie bia\u0142e cia\u0142ka obumieraj\u0105 poza \u017cywym organizmem, potrzebuj\u0105 organizmu, aby je o\u017cywia\u0142. I ich obecno\u015b\u0107 wskazuje, \u017ce substancja \u017cy\u0142a w chwili pobierania pr\u00f3bki\u201d.<\/p>\r\n<p>Ten cud eucharystyczny nag\u0142o\u015bni\u0142 potem Ron Tesoriero, australijski prawnik, w swojej ksi\u0105\u017cce pt. \u201eReason to believe\u201d.<\/p>\r\n<ol start=\"22\">\r\n\t<li><strong>Oskar\u017cenia przeciwko kard. Bergoglio<\/strong><\/li>\r\n<\/ol>\r\n<p>Oskar\u017cano go, jak czytamy w Wikipedii, o to, \u017ce w czasie rz\u0105d\u00f3w w Argentynie junty wojskowej genera\u0142a Videli Redondo i podczas tzw. brudnej wojnyw latach 1976-1983 donosi\u0142 wojskowym na lewicuj\u0105cych ksi\u0119\u017cy i zakonnik\u00f3w. Kard. Bergoglio odrzuci\u0142 te zarzuty, stwierdzi\u0142 te\u017c, \u017ce Ko\u015bci\u00f3\u0142 jako instytucja nie mo\u017ce ponosi\u0107 odpowiedzialno\u015bci za zbrodnie wtedy pope\u0142nione.<\/p>\r\n<p>Jak czytamy na portalu kosciol.pl w tek\u015bcie napisanym w 2005 r.:<span style=\"color: #00000a;\"> \u201eJorge Mario <\/span>Bergoglio, arcybiskup Buenos Aires dal zielone \u015bwiat\u0142o, aby otworzy\u0107 proces beatyfikacyjny trzech ksi\u0119\u017cy i dw\u00f3ch kleryk\u00f3w zamordowanych w 1976 r. podczas dyktatury argenty\u0144skiej\u201d.<\/p>\r\n<p>W tym samy tek\u015bcie znajdujemy bli\u017csze dane na temat beatyfikowanych: \u201eKsi\u0119\u017ca Alfredo Leaden SAC, Alfredo Kelly SAC Pedro Duffau SAC oraz klerycy Salvador Barbeito SAC i Emilio Barletti SAC zostali znalezienie martwi w sali przy ko\u015bciele San Patricio, w ich cia\u0142ach by\u0142y widoczne liczne \u015blady kul. Sprawiedliwo\u015b\u0107 nigdy nie znalaz\u0142a winnych, jednak wiele wskazuje na to ze tajna policja dyktatury stoi za tym zab\u00f3jstwem. Zab\u00f3jstwo to jest najbardziej krwawym wydarzeniem w historii Ko\u015bcio\u0142a Argenty\u0144skiego podczas dyktatury. Szacuje si\u0119, \u017ce \u0142\u0105cznie oko\u0142o 100 ksi\u0119\u017cy, os\u00f3b zakonnych zosta\u0142o zamordowanych w tym okresie\u201d.<\/p>\r\n<p>Jak dowiadujemy si\u0119 z portalu kurier lubelski.pl: \u201eW kwietniu 2005 roku adwokat wyst\u0119puj\u0105cy w imieniu ofiar argenty\u0144skiej junty wojskowej oskar\u017cy\u0142 kardyna\u0142a o udzia\u0142 w porwaniu przez wojskowych dw\u00f3ch jezuit\u00f3w. Rzecznik duchownego kategorycznie zaprzecza\u0142. Do tej pory nie zdo\u0142ano znale\u017a\u0107 na to twardych dowod\u00f3w. Duchownemu ta sprawa nie zaszkodzi\u0142a w karierze w hierarchii ko\u015bcielnej\u201d.<\/p>\r\n<p>A oto co czytamy na ten temat na portalu wyborcza.pl: \u201eLata 1976-83, gdy krajem rz\u0105dzi\u0142a wojskowa dyktatura, by\u0142 bez w\u0105tpienia najczarniejszym okresem tak\u017ce w historii argenty\u0144skiego Ko\u015bcio\u0142a. Jorge Mario Bergoglio by\u0142 w\u00f3wczas jezuickim prowincja\u0142em i co najmniej dw\u00f3ch zakonnik\u00f3w stwierdzi\u0142o, \u017ce zostali przez niego wydani w\u0142adzom za zbytni\u0105 lewicowo\u015b\u0107. Byli torturowani. Dzisiejszy papie\u017c zaprzecza i m\u00f3wi, \u017ce robi\u0142, co by\u0142o w jego mocy, wstawiaj\u0105c si\u0119 za zatrzymanymi. I rzeczywi\u015bcie &#8211; podkre\u015blaj\u0105 obro\u0144cy hierarchy &#8211; zakonnicy zostali po kilku miesi\u0105cach wypuszczeni, a nie &#8211; jak wiele innych ofiar re\u017cimu &#8211; zabici, np. przez zrzucenie ze \u015bmig\u0142owca do oceanu. Nikt wprawdzie nie zarzuca Bergogliowi, \u017ce ma krew na r\u0119kach, ale wielu oskar\u017ca go o <em>milcz\u0105c\u0105 wsp\u00f3\u0142prac\u0119<\/em> z re\u017cimem. Wypomina mu si\u0119 te\u017c, \u017ce jezuicki uniwersytet, w kt\u00f3rego w\u0142adzach Bergoglio w\u00f3wczas zasiada\u0142, przyzna\u0142 doktorat honoris causa admira\u0142owi Emilio Masserze. Ten wojskowy by\u0142 odpowiedzialny m.in. za stworzenie centrum tortur i egzekucji w nale\u017c\u0105cej do marynarki wojennej szkole ESMA. &#8211; Nie jestem dumna z takiego papie\u017ca, przedstawiciela instytucji, kt\u00f3ra wsp\u00f3\u0142pracowa\u0142a z dyktatur\u0105. Nie przebaczamy i nie zapomnimy! &#8211; stwierdzi\u0142a w kilka godzin po og\u0142oszeniu werdyktu konklawe narzeczona argenty\u0144skiego wiceprezydenta. Jej wypowiedzi traktowane s\u0105 w kraju jako to, co rz\u0105d chcia\u0142by powiedzie\u0107, a z r\u00f3\u017cnych wzgl\u0119d\u00f3w nie mo\u017ce. W obron\u0119 wzi\u0105\u0142 Franciszka Adolfo Perez Esquivel, argenty\u0144ski laureat Pokojowej Nagrody Nobla w 1980 r. i za\u0142o\u017cyciel organizacji, kt\u00f3ra dokumentowa\u0142a zbrodnie wojskowych dyktatur w Ameryce Po\u0142udniowej. &#8211; By\u0142o wielu hierarch\u00f3w, kt\u00f3rzy stali si\u0119 wsp\u00f3lnikami dyktatury. Bergoglio do nich nie nale\u017ca\u0142. M\u00f3wi si\u0119, \u017ce m\u00f3g\u0142 zrobi\u0107 wi\u0119cej, \u017ce nie pom\u00f3g\u0142 dw\u00f3jce zakonnik\u00f3w. Znam jednak wiele przypadk\u00f3w, \u017ce nawet wstawiennictwo biskup\u00f3w okazywa\u0142o si\u0119 nieskuteczne. Nie ma podstaw, aby wi\u0105za\u0107 Bergoglia z junt\u0105 &#8211; zapewni\u0142 Esquivel\u201d.<\/p>\r\n<p>Podobny, do tego, jaki nakre\u015bli\u0142 Adolfo Perez Esquivel, obraz roli przysz\u0142ego papie\u017ca w okresie dyktatury wy\u0142ania si\u0119 z pracy o kard. Bergoglio, kt\u00f3r\u0105 w 2010 r. napisa\u0142 ameryka\u0144ski dziennikarz Sergio Rubin. \u201eW czasach, gdy hierarchia ko\u015bcielna wsp\u00f3\u0142pracowa\u0142a z re\u017cimem &#8211; czytamy w artykule zamieszczonym w \u201eRzeczpospolitej\u201d w dniu 15 marca 2013 r., kt\u00f3ry powo\u0142uje si\u0119 na t\u0119 prac\u0119 &#8211; i wzywa\u0142a Argenty\u0144czyk\u00f3w do <em>patriotycznego<\/em> wspierania genera\u0142\u00f3w, Bergoglio stara\u0142 si\u0119 jak najmniej rzuca\u0107 w oczy, aby tym skuteczniej wspiera\u0107 politycznych oponent\u00f3w. Nie tylko ukrywa\u0142 ich na terenie budynk\u00f3w zakonu, ale zdarza\u0142o si\u0119 nawet, \u017ce u\u017cycza\u0142 w\u0142asnych dokument\u00f3w to\u017csamo\u015bci, aby mogli uciec za granic\u0119. P\u00f3\u017aniej, ju\u017c po ustanowieniu demokracji, z wielk\u0105 determinacj\u0105 wyst\u0119powa\u0142 o rehabilitacj\u0119 zamordowanych ksi\u0119\u017cy i uznanie ich m\u0119cze\u0144stwa\u201d.<\/p>\r\n<ol start=\"23\">\r\n\t<li><strong>Stosunki z w\u0142adz\u0105 pa\u0144stwow\u0105<\/strong><\/li>\r\n<\/ol>\r\n<p><span style=\"font-size: medium;\">Jak czytamy w \u201eRzeczpospolitej\u201d z dnia 14 marca 2013 r.: \u201eDziennik <\/span><em>La Nacion<\/em>, powo\u0142uj\u0105c si\u0119 na oficjalne \u017ar\u00f3d\u0142a, pisze, \u017ce lewicowa prezydent Cristina Fernandez de Kirchner, kt\u00f3ra wiadomo\u015b\u0107 z Watykanu us\u0142ysza\u0142a w swojej siedzibie Casa Rosada, by\u0142a <em>oszo\u0142omiona<\/em>. <em>(\u2026) Nie mo\u017ce by\u0107!,<\/em><em>Nie mogli\u015bmy mie\u0107 wi\u0119kszego pecha!<\/em> &#8211; mieli wykrzykiwa\u0107 urz\u0119dnicy w Casa Rosada\u201d.<\/p>\r\n<p>Dlaczego w\u0142adze Argentyny by\u0142y tak niezadowolone z faktu, \u017ce kard. Bergoglio zosta\u0142 papie\u017cem?<\/p>\r\n<p>\u201eOstatni raz Kirchner spotka\u0142a si\u0119 z Bergogliem &#8211; czytamy w tym samym materiale &#8211; 17 marca 2010 r. w swojej siedzibie, gdy przyjmowa\u0142a cz\u0142onk\u00f3w episkopatu Argentyny, na czele kt\u00f3rej jezuita sta\u0142 od 2001 do 2011 r. Jednak przed i po tym spotkaniu stosunki mi\u0119dzy pani\u0105 prezydent a Bergogliem by\u0142y napi\u0119te &#8211; wyja\u015bnia dziennik. Jako zwierzchnik argenty\u0144skiego Ko\u015bcio\u0142a Bergoglio walczy\u0142 z rz\u0105dami ma\u0142\u017ce\u0144stwa Kirchner\u00f3w (\u2026) Gorsze stosunki ni\u017c z Cristin\u0105 nowy biskup Rzymu mia\u0142 z jej zmar\u0142ym w 2010 r. m\u0119\u017cem, prezydentem Nestorem Carlosem Kirchnerem, kt\u00f3rego spos\u00f3b rz\u0105dzenia kwestionowa\u0142 &#8211; ocenia dziennik <em>Clarin<\/em>. <em>Casa Rosada cz\u0119sto skar\u017cy\u0142a si\u0119, \u017ce Ko\u015bci\u00f3\u0142 nigdy nie uzna\u0142 tego wszystkiego, co szef pa\u0144stwa zrobi\u0142, by wyci\u0105gn\u0105\u0107 kraj z najgorszego kryzysu w historii<\/em> &#8211; przypomina gazeta. Zmar\u0142y prezydent nazwa\u0142 Bergoglia <em>prawdziwym przedstawicielem opozycji<\/em>. (\u2026) Kulminacj\u0105 sporu z Cristin\u0105 by\u0142a dyskusja na temat legalizacji ma\u0142\u017ce\u0144stw homoseksualnych\u201d.<\/p>\r\n<ol start=\"24\">\r\n\t<li><strong>Kard. Bergoglio i\u2026 pi\u0142ka no\u017cna &#8211; czy mo\u017cna wierzy\u0107 mediom?<\/strong><\/li>\r\n<\/ol>\r\n<p>Media poda\u0142y, \u017ce papie\u017c jest \u201ezagorza\u0142ym\u201d kibicem dru\u017cyny pi\u0142karskiej Buenos Aires &#8211; San Lorenzo. Poda\u0142y, \u017ce odprawia dla niej Msze \u015awi\u0119te, ma kart\u0119 kibica i chodzi na mecze, \u017ce zak\u0142ada wtedy koszulk\u0119 kibica tej dru\u017cyny. Jeden z pi\u0142karzy argenty\u0144skich wypowiedzia\u0142 si\u0119 w telewizji stwierdzaj\u0105c, \u017ce kard. Bergoglio by\u0142 \u201efanatykiem pi\u0142ki no\u017cnej\u201d.<\/p>\r\n<p>Prawda jest jednak taka, \u017ce ostatni\u0105 Msz\u0119 \u015awi\u0119t\u0105 odprawi\u0142 dla pi\u0142karzy pi\u0119\u0107 lat przed wyborem go na papie\u017ca, \u017ce ostatni raz na meczu by\u0142 w 2011r.<\/p>\r\n<p>Prawda jest taka, \u017ce na wszystkich meczach \u201eswojej\u201d dru\u017cyny w danym sezonie by\u0142 w\u2026 1946 r. Chodzi\u0142 na nie z ojcem, gdy mia\u0142 10 lat.<\/p>\r\n<p>Warto doda\u0107, \u017ce Klub San Lorenzo zosta\u0142 za\u0142o\u017cony 100 lat temu przez ks. Lorenzo Massa, kt\u00f3ry chcia\u0142 poprzez sport, tak jak w Polsce ks. Miros\u0142aw Mikulski, wychowa\u0107 m\u0142odych ludzi z biednych dzielnic.<\/p>\r\n<ol start=\"25\">\r\n\t<li><strong>Wielki romans m\u0142odego Bergoglio &#8211; czy mo\u017cna wierzy\u0107 mediom?<\/strong><\/li>\r\n<\/ol>\r\n<p>Ka\u017cd\u0105 wiadomo\u015b\u0107, kt\u00f3r\u0105 podaj\u0105 media o \u017cyciu, dzia\u0142aniach i wypowiedziach Jorge Bergoglio, trzeba kilkakrotnie weryfikowa\u0107. Wiele jest niedopowiedze\u0144, przek\u0142ama\u0144, p\u00f3\u0142prawd, a zapewne tez i wiadomo\u015bci ca\u0142kowicie wyssanych z palca.<\/p>\r\n<p>Oto jeden przyk\u0142ad. Wiele gazet, szczeg\u00f3lnie tych, kt\u00f3re okresla si\u0119 cz\u0119sto mianem brukowc\u00f3w skupia swoj\u0105 uwag\u0119 na \u201ewielkim romansie m\u0142odego Bergoglio\u201d. Jego ukochana, jak czytamy w jednym z czasopism, \u017cyje i nazywa si\u0119 Amalia Damonte. Zaraz po zako\u0144czeniu konklawe zacz\u0119li j\u0105 oblega\u0107 dziennikarze. Ch\u0119tnie udziela wywiad\u00f3w. Twierdzi, \u017ce Bergoglio wyzna\u0142 jej mi\u0142o\u015b\u0107 i w li\u015bcie proponowa\u0142 jej ma\u0142\u017ce\u0144stwo, gro\u017c\u0105c, \u017ce w razie odmowy wst\u0105pi do seminarium duchownego. Jej ojciec znalaz\u0142 ten list, uderzy\u0142 Amalie w twarz i stwierdzi\u0142, \u017ce nie pozwoli na ten zwi\u0105zek, poniewa\u017c Bergoglio pochodzi z biednej rodziny i \u201enie b\u0119dzie z niego nic dobrego\u201d.<\/p>\r\n<p>Wszystko to by\u0107 mo\u017ce prawda. By\u0107 mo\u017ce, ze zgadzaj\u0105 si\u0119 tylko niekt\u00f3re fakty. Jest tu tylko jedno \u201eale\u201d. Media z niech\u0119ci\u0105 przyznaj\u0105, \u017ce sytuacja ta mia\u0142a miejsce przed dwunastymi urodzinami Bergoglio.<\/p>\r\n<ol start=\"26\">\r\n\t<li><strong>Czy kard. Bergoglio mia\u0142 pentagram w herbie?<\/strong><\/li>\r\n<\/ol>\r\n<p>W herbie kard. Bergoglio znajduje si\u0119 s\u0142o\u0144ce, a na jego tle krzy\u017c z literami IHS, a poni\u017cej trzy gwo\u017adzie. W dolnym prawym rogu herbu znajduje si\u0119 ki\u015b\u0107 winogron, a w lewem rogu gwiazda pi\u0119cioramienna jednym rogiem zwr\u00f3cona do g\u00f3ry, dok\u0142adnie zatem taka sama jak pentagram.<\/p>\r\n<p>Obecno\u015b\u0107 tej gwiazdy w herbie kard. Bergoglio zaniepokoi\u0142o wielu katolik\u00f3w.<\/p>\r\n<p>W Internecie w komentarzach do wielu stron pojawi\u0142y si\u0119 liczne rozwa\u017cania internat\u00f3w na ten temat. Oto niekt\u00f3re g\u0142osy: \u201eCzy kto\u015b m\u00f3g\u0142by wyja\u015bni\u0107 co robi w herbie kard. Bergoglio pi\u0119cioramienna gwiazda? Satanizm, bolszewizm czy <em>tylko<\/em> teologia wyzwolenia.?\u201d; \u201eTe\u017c si\u0119 zastanawia\u0142em nad t\u0105 gwiazd\u0105\u2026dziwne co najmniej &#8211; dziwaczny herb..aha i co mnie uderzy\u0142o jeszcze &#8211; powtarzane z jego ust wielokrotnie has\u0142o <em>braterstwo<\/em> (Fraternite &#8211; kojarzy mi si\u0119 to z masoneri\u0105 i Rewolucj\u0105)\u201d; \u201eA mo\u017ce to Gwiazda Betlejemska?\u201d.<\/p>\r\n<p>Na portalu tvn24.pl znajdujemy materia\u0142 referuj\u0105cy watyka\u0144sk\u0105 konferencj\u0119 prasow\u0105 dotycz\u0105ca herbu wybranego przez papie\u017ca Franciszka. Jego zasadnicze elementy s\u0105 dok\u0142adnie takie same jak w jego herbie biskupim.<\/p>\r\n<p>Oto co napisano w tym materiale: \u201eNa tarczy herbowej w centrum i jako najwi\u0119kszy element znalaz\u0142 si\u0119 symbol zakonu jezuit\u00f3w, z kt\u00f3rego wywodzi si\u0119 nowy papie\u017c. Poni\u017cej znajduje si\u0119 pi\u0119cioramienna gwiazda, kt\u00f3ra w heraldyce symbolizuje Matk\u0119 Bosk\u0105, <em>Matk\u0119 Jezusa i ca\u0142ego Ko\u015bcio\u0142a<\/em>. Obok znajduje si\u0119 ga\u0142\u0105zka Nardostachys jatamanasi, niepozornej ro\u015bliny nazywanej popularnie szpikanardem. Wybrano j\u0105, poniewa\u017c jest uznawana za symbol \u015bw. J\u00f3zefa z Nazaretu. Jak powiedzia\u0142 rzecznik prasowy Watykanu, Federico Lombardi, papie\u017c chcia\u0142 w ten spos\u00f3b podkre\u015bli\u0107 swoje przywi\u0105zanie do rodzic\u00f3w Jezusa. Podano r\u00f3wnie\u017c, \u017ce jako papie\u017c Franciszek zachowa swoje wcze\u015bniejsze zawo\u0142anie biskupie <em>Miserando Atque Eligendo<\/em>, pochodz\u0105ce z homilii \u015bw. Bedy Czcigodnego, opartej o Ewangeli\u0119 \u015bw. Mateusza. Mo\u017cna je przet\u0142umaczy\u0107 jako <em>wybra\u0142 go, poniewa\u017c spojrza\u0142 na niego oczami mi\u0142osierdzia<\/em>\u201d.<\/p>\r\n<p>Z portali internetowych po\u015bwi\u0119conych heraldyce i symbolice chrz\u0119scija\u0144skiej dowiedzia\u0142em si\u0119 niewiele. Dotar\u0142em bowiem tylko do stwierdze\u0144, \u017ce gwiazda zwi\u0105zana z Matk\u0105 Bo\u017c\u0105 jest sze\u015bcioramienna.<\/p>\r\n<ol start=\"27\">\r\n\t<li><strong>Czy kard. Bergoglio by\u0142 honorowym cz\u0142onkiem Rotary Club?<\/strong><\/li>\r\n<\/ol>\r\n<p>Na stronie jednego z dystrykt\u00f3w Klubu Rotaria\u0144skiego znajdujemy du\u017ce zdj\u0119cie papie\u017ca Franciszka. W prawym g\u00f3rnym rogu tego zdj\u0119cia umieszczono logo Klub\u00f3w Rotaria\u0144skich. W prawym dolnym rogu tego zdj\u0119cia jest napis: \u201eUn Papa Argentino e Rotariano. O Papa Francisco \u00c3\u00a9 s\u00f3cio honor\u00e1rio de Rotary Club de Buenos Aires, Argentina desde 1999\u201d (Papie\u017c z Argentyny jest rotarianinem. Papie\u017c Franciszek jest honorowym cz\u0142onkiem Klubu Rotaria\u0144skiego w Buenos Aires w Argentynie od 1999 r.\u201d).<\/p>\r\n<p>A oto adres, pod kt\u00f3rym znajdujemy to zdj\u0119cie: <a href=\"http:\/\/www.rotaryfirst100.org\/history\/headings\/leaders\/vatican.htm#Francis\"><span style=\"color: #00000a;\">http:\/\/www.rotaryfirst100.org\/history\/headings\/leaders\/vatican.htm#Francis<\/span><\/a><\/p>\r\n<p>Informacje taka mo\u017cemy znale\u017a\u0107 na wielu stronach rotaria\u0144skich.<\/p>\r\n<p>Na portalu Klubu Rotaria\u0144skiego w Buenos Aires znajdujemy fotokopi\u0119 pisma podpisanego przez kard. Bergoglio (z jego piecz\u0105tk\u0105), w kt\u00f3rym czytamy: &#8222;Me es particarmente grato dirigirme al Sr. Presidente con el fin de avisar recibo de la atenta nota, que conjuntamente con el. Sr. Secretario Honorario, me enviaron, , con fecha 23 del corriente por la que se sirven confirmarme corno Socio Honorario de esa prestigiosa Institucion\u201d.<\/p>\r\n<p>W li\u015bcie tym kard. Bergoglio potwierdza zatem swoje honorowe cz\u0142onkostwo w tej \u201epresti\u017cowej instytucji\u201d.<\/p>\r\n<p>Fotokopi\u0119 listu mo\u017cna znale\u017a\u0107 pod nast\u0119puj\u0105cym adresem: http:\/\/rotaryba.com.ar\/wp-content\/uploads\/2013\/03\/Francisco1.jpg<\/p>\r\n<p>Na portalu \u201eStrona Informacyjna Rotary w Polsce\u201d nie ma \u017cadnej informacji na tej temat. Dlaczego si\u0119 tym nie chwal\u0105?<\/p>\r\n<p>W\u015br\u00f3d znanych polskich osobisto\u015bci honorowym cz\u0142onkiem Rotary Club by\u0142 tylko prezydent Aleksander Kwa\u015bniewski.<\/p>\r\n<p>Przypomnijmy, ze Rotary Klub to organizacja za\u0142o\u017cona przez mason\u00f3w, okre\u015blana jako \u201eprzedszkole masonerii\u201d lub \u201eorganizacja maso\u0144ska w szerokim tego s\u0142owa znaczeniu\u201d. Pisa\u0142em o niej wiele w swoich ksi\u0105\u017ckach o masonerii, np. w pracy pt. \u201eMasoneria polska 2012\u201d. Opisa\u0142em t\u0119 organizacj\u0119 szczeg\u00f3\u0142owo w swojej pracy \u201eSzkice o masonerii i poga\u0144stwie\u201d. Mo\u017cna tam, mi\u0119dzy innymi przeczyta\u0107: Cz\u0142onkowie masonerii okresu mi\u0119dzywojennego jak stwierdza Chajn w swojej ksi\u0105\u017cce pt. \u201eWolnomularstwo w II Rzeczypospolitej\u201d (Warszawa 1975) nazywali Klub Rotaria\u0144ski \u201elo\u017c\u0105 przemys\u0142owc\u00f3w i kapitalist\u00f3w\u201d. ( s.201).<\/p>\r\n<p>Cytuj\u0119 tam r\u00f3wnie\u017c jednego ze wsp\u00f3\u0142czesnych polskich mason\u00f3w, kt\u00f3ry stwierdzi\u0142: \u201eW odr\u00f3\u017cnieniu od wszystkich innych organizacji, do masonerii si\u0119 nie wst\u0119puje tylko jest si\u0119 do niej przyjmowanym. W odniesieniu do Lw\u00f3w i Rotarian uwa\u017cam, \u017ce musi istnie\u0107 jaka\u015b forma dzia\u0142alno\u015bci spo\u0142ecznej, \u017ceby kandydat na masona m\u00f3g\u0142 si\u0119 sprawdzi\u0107, pokaza\u0107, co potrafi\u201d.<\/p>\r\n<p>&nbsp;<\/p>\r\n<h4><strong>Rozdzia\u0142 VII<\/strong><\/h4>\r\n<p><strong>Pierwsze oceny i komentarze<\/strong><\/p>\r\n<p>Wszystkie oczywi\u015bcie media zareagowa\u0142y na wyb\u00f3r nowego papie\u017ca zamieszczaj\u0105c materia\u0142y, w kt\u00f3rych pr\u00f3bowano odpowiedzie\u0107 na pytania dotycz\u0105ce osobowo\u015bci i pogl\u0105d\u00f3w kard. Bergoglio oraz snuj\u0105c rozwa\u017cania dotycz\u0105ce tego jaki b\u0119dzie jego pontyfikat. W prasie i na portalach internetowych zamieszczano wypowiedzi r\u00f3\u017cnych kompetentnych os\u00f3b: biskup\u00f3w, kap\u0142an\u00f3w, znawc\u00f3w tematu, publicyst\u00f3w. Przedstawiamy poni\u017cej wybrane, najbardziej charakterystyczne opinie.<\/p>\r\n<ol>\r\n\t<li>\r\n<p><strong>\u201eNasz Dziennik\u201d: przeciw sekularyzmowi i narzucaniu liberalnych projekt\u00f3w<\/strong><\/p>\r\n<\/li>\r\n<\/ol>\r\n<p>W dniu 14 marca w \u201eNaszym Dzienniku\u201d znalaz\u0142a si\u0119 nast\u0119puj\u0105ca charakterystyka kard. Bergoglio: \u201eSkromny, pokorny i bezpo\u015bredni, a jednocze\u015bnie \u017cywio\u0142owo okazuj\u0105cy sw\u0105 wiar\u0119. W targanej ostrym kryzysem gospodarczym Argentynie reprezentowa\u0142 opcj\u0119 na rzecz ubogich, ale nigdy nie uleg\u0142 nurtowi tzw. teologii wyzwolenia, marksistowskiej wersji Ewangelii, kt\u00f3ra infekowa\u0142a umys\u0142y niekt\u00f3rych duchownych w Ameryce \u0141aci\u0144skiej. By\u0142 krytyczny wobec polityki rz\u0105dz\u0105cej Argentyn\u0105 prezydent Cristiny Fernandez de Kirchner, kt\u00f3ra anga\u017cuje si\u0119 w nachaln\u0105 promocj\u0119 aborcji, antykoncepcji, zwi\u0105zk\u00f3w homoseksualnych oraz in vitro. Nie milcza\u0142 w obliczu agresywnych oznak sekularyzmu i narzucania liberty\u0144skich projekt\u00f3w &#8211; tak by\u0142o np. w 2010 r., gdy w\u0142adze forsowa\u0142y legalizacj\u0119 uk\u0142ad\u00f3w jednop\u0142ciowych i adopcj\u0119 przez nie dzieci\u201d.<\/p>\r\n<p>Czytamy tam r\u00f3wnie\u017c: \u201eUnika\u0142 wszelkiej pompy i splendor\u00f3w, nie mieszka\u0142 w pa\u0142acu biskupim, ale w skromnym mieszkaniu w centrum Buenos Aires; sam prowadzi\u0142 swoje gospodarstwo. Otwarty na \u015bwiat i ludzi, ale np. nie udziela\u0142 prawie nigdy wywiad\u00f3w mediom. Potrafi\u0142 rozmawia\u0107 z prostym cz\u0142owiekiem i stan\u0105\u0107 wobec milionowej rzeszy m\u0142odych ludzi przyby\u0142ych na pielgrzymk\u0119 do narodowego sanktuarium maryjnego w Luj\u00e1n w Argentynie. W 2012 r. wezwa\u0142 m\u0142odzie\u017c do przestrzegania zasad sprawiedliwo\u015bci i troski o tych, kt\u00f3rzy cierpi\u0105. \u201e<em>Nauczmy si\u0119 wszyscy pracowa\u0107 dla sprawiedliwo\u015bci. Dla tego celu miejmy zawsze otwarte serce, serce wielkie, by odpowiedzie\u0107 na potrzeby drugiego. Oby nikomu nie zabrak\u0142o tej postawy serca do bycia ka\u017cdego dnia bardziej sprawiedliwym w naszym \u017cyciu<\/em>. By\u0142 blisko ka\u017cdego cz\u0142owieka, zw\u0142aszcza biednego &#8211; nie stwarza\u0142 \u017cadnego dystansu w kontaktach\u201d.<\/p>\r\n<ol start=\"2\">\r\n\t<li>\r\n<p><strong>\u201eRzeczpospolita\u201d &#8211; Agata Ka\u017amierska: \u201eteologicznie nie odbiega od Benedykta XVI\u201d<\/strong><\/p>\r\n<\/li>\r\n<\/ol>\r\n<p>W nr 62 tego dziennika, z dnia 14 marca 2013 r., czytamy: \u201eJest konserwatyst\u0105 w sprawach moralno\u015bci, a jednocze\u015bnie przekonuje do wielkich reform spo\u0142ecznych, kt\u00f3re pomog\u0105 biednym. Jest cz\u0142onkiem jednego z najstarszych zakon\u00f3w, ale i dzia\u0142aczem nowoczesnego ruchu Comunione e Liberazione (Komunia i Wyzwolenie) zrzeszaj\u0105cego dziesi\u0105tki tysi\u0119cy ludzi z ca\u0142ego \u015bwiata. Odmawia prawa do adopcji parom homoseksualnym, ale ostro pot\u0119pia ksi\u0119\u017cy, kt\u00f3rzy o\u015bmieliliby si\u0119 odm\u00f3wi\u0107 chrztu jakiemukolwiek dziecku. Jest wybitnym teologiem, kt\u00f3ry zamiast kardynalskiej rezydencji wybra\u0142 skromne mieszkanie. Je\u017adzi\u0142 do pracy autobusem, a student\u00f3w i wiernych uczy\u0142, \u017ce przede wszystkim maj\u0105 pomaga\u0107 s\u0142abym i biednym. Zdaniem watykanist\u00f3w teologicznie nie odbiega od Benedykta XVI, a charyzm\u0105 mo\u017ce dor\u00f3wna\u0107 Janowi Paw\u0142owi II. Tylko z pozoru papie\u017c Franciszek jest pe\u0142en sprzeczno\u015bci. (\u2026) Czy Franciszek zdo\u0142a zreformowa\u0107 Ko\u015bci\u00f3\u0142? Wczoraj wyj\u0105tkowo cz\u0119sto powtarzano jego s\u0142owa z 2012 r., gdy oskar\u017cy\u0142 hierarch\u00f3w ko\u015bcielnych o hipokryzj\u0119, bo zapominaj\u0105, \u017ce Jezus spotyka\u0142 si\u0119 z tr\u0119dowatymi i z ladacznicami\u201d.<\/p>\r\n<ol start=\"3\">\r\n\t<li>\r\n<p><strong>\u201eRzeczpospolita\u201d &#8211; Bogus\u0142aw Chrabota: \u201eskala tego, z czym musi si\u0119 zmierzy\u0107 jest olbrzymia\u201d<\/strong><\/p>\r\n<\/li>\r\n<\/ol>\r\n<p>\u201eJaki b\u0119dzie nowy papie\u017c &#8211; Franciszek? &#8211; czytamy w materiale Chroboty w nr 62 \u201eRzeczpospolitej\u201d &#8211; Czy przeniesie do stolicy Ko\u015bcio\u0142a swoj\u0105 legend\u0119 u<em>bogiego jezuity<\/em>? Czy przypomni o ub\u00f3stwie i pokorze hierarchom z ca\u0142ego \u015bwiata? Czy pouczy, \u017ce skromno\u015b\u0107 jest honorem bogatych, a misj\u0105 Ko\u015bcio\u0142a pomoc ubogim? B\u0119dziemy mu kibicowa\u0107, bo skala tego, z czym musi si\u0119 zmierzy\u0107 jest olbrzymia. To wyja\u0142owienie jednych i ortodoksja drugich. To ochrona tradycyjnych warto\u015bci i umiej\u0119tno\u015b\u0107 ws\u0142uchania si\u0119 w echa nowoczesno\u015bci. To umiej\u0119tno\u015b\u0107 m\u00f3wienia g\u0142osem obrony wiary, ale i pojednania z reszt\u0105 \u015bwiata. Na placu \u015bw. Piotra \u0142atwo by\u0142o dostrzec na jego twarzy spok\u00f3j i pokor\u0119. To dobre znaki dla tego pontyfikatu. Oby si\u0119 nam uda\u0142\u201d.<\/p>\r\n<ol start=\"4\">\r\n\t<li>\r\n<p><strong>\u201eFakt\u201d: papie\u017c globalny<\/strong><\/p>\r\n<\/li>\r\n<\/ol>\r\n<p>W dzienniku tym czytamy: \u201eKim jest nowy papie\u017c nale\u017c\u0105cy do zakonu jezuit\u00f3w? Jak b\u0119dzie chcia\u0142 prowadzi\u0107 Ko\u015bci\u00f3\u0142 w czasach kryzysu? Czy zreformuje Kuri\u0119 Rzymsk\u0105? (\u2026) Jego imi\u0119 wskazuje na odwo\u0142anie do Ko\u015bcio\u0142a, o jakim marzy\u0142 Franciszek z Asy\u017cu, mnich podkre\u015blaj\u0105cy znaczenie ub\u00f3stwa. Nie bez powodu Bergoglio nazywany by\u0142 <em>kardyna\u0142em ubogich<\/em>. To b\u0119dzie papie\u017c globalny, kt\u00f3ry po\u015bwi\u0119ci wi\u0119cej uwagi Ko\u015bcio\u0142owi poza Europ\u0105\u201d.<\/p>\r\n<ol start=\"5\">\r\n\t<li>\r\n<p><strong>\u201eDziennik Gazeta Prawna\u201d: mediator pomi\u0119dzy ko\u015bcielnymi konserwatystami i libera\u0142ami<\/strong><\/p>\r\n<\/li>\r\n<\/ol>\r\n<p>W gazecie tej (nr 52) czytamy: \u201eJe\u015bli mo\u017cna w tej chwili wyci\u0105gn\u0105\u0107 jakie\u015b wnioski na temat kszta\u0142tu tego pontyfikatu, to ta jedna rzecz narzuca si\u0119 jako oczywista. To b\u0119dzie papie\u017c, kt\u00f3ry kwestie biedy i zr\u00f3wnowa\u017conego rozwoju uczyni swoim absolutnym priorytetem. Kiedy Argentyn\u0105 targn\u0105\u0142 kryzys finansowy, swoimi wyst\u0105pieniami zapracowa\u0142 na wizerunek obro\u0144cy biednych. Argenty\u0144skie do\u015bwiadczenia mo\u017ce chcie\u0107 wykorzysta\u0107 w przysz\u0142ej pracy duszpasterskiej i uczyni\u0107 jedn\u0105 ze sztandarowych spraw pontyfikatu. (\u2026) Chocia\u017c niekt\u00f3rzy widz\u0105 go jako mediatora pomi\u0119dzy ko\u015bcielnymi konserwatystami i libera\u0142ami, to jednak nie ma najmniejszych w\u0105tpliwo\u015bci, \u017ce to nie jest papie\u017c, na kt\u00f3rego czekali zwolennicy polu\u017anienia norm obyczajowych. (\u2026) Konserwatyzm nie oznacza te\u017c, \u017ce jest \u015blepy na problemy. 76-letni Ojciec \u015awi\u0119ty ponad doktryn\u0119 b\u0119dzie wi\u0119c ceni\u0142 przede wszystkim zdrowy rozs\u0105dek\u201d.<\/p>\r\n<ol start=\"6\">\r\n\t<li><strong>\u201eSuper Ekspress\u201d: ostro\u017cny reformator<\/strong><\/li>\r\n<\/ol>\r\n<p>W dzienniku tym (nr 62) mo\u017cna przeczyta\u0107: \u201eCzy b\u0119dzie reformatorem? Na pewno nie radykalnym. Ostro sprzeciwia\u0142 si\u0119 legalizacji ma\u0142\u017ce\u0144stw homoseksualnych w Argentynie, za co prezydent kraju nazwa\u0142a go g\u0142osicielem \u015bredniowiecznych pogl\u0105d\u00f3w. Z drugiej strony otwarcie krytykowa\u0142 ksi\u0119\u017cy, kt\u00f3rzy odmawiali chrztu dzieciom urodzonym poza ma\u0142\u017ce\u0144stwami i nazwa\u0142 ich hipokrytami. <em>Jezus uczy\u0142 nas, by wychodzi\u0107 do ludzi i dawa\u0107 \u015bwiadectwo <\/em>&#8211; m\u00f3wi\u0142 do argenty\u0144skich ksi\u0119\u017cy. Kt\u00f3ra strona osobowo\u015bci nowego papie\u017ca przewa\u017cy podczas tego pontyfikatu?\u201d.<\/p>\r\n<ol start=\"7\">\r\n\t<li><strong>\u201eGazeta Wyborcza\u201d: to b\u0119dzie Ko\u015bci\u00f3\u0142 braterstwa<\/strong><\/li>\r\n<\/ol>\r\n<p>W sobotnio-niedzielnym wydaniu tego dziennika (16-17 marca 2013) znajdujemy materia\u0142 autorstwa Jaros\u0142awa Miko\u0142ajewskiego. Czytamy w nim: \u201eJe\u015bli dobrze wybierze sekretarza stanu i od razu &#8211; a zapowiada\u0142 taka potrzeb\u0119 &#8211; dopu\u015bci biskup\u00f3w i narodowe konferencje episkopat\u00f3w do kolegialno\u015bci, ma ogromna szans\u0119 na detoksykacj\u0119 kurii i usprawnienie jej pracy. Ko\u015bci\u00f3\u0142 papie\u017ca z Argentyny ma wi\u0119c wielka mo\u017cliwo\u015b\u0107, by zn\u00f3w sta\u0107 si\u0119 ewangeliczny. Osobista odwaga tego cz\u0142owieka pozwala my\u015ble\u0107, \u017ce jako papie\u017c pozb\u0119dzie si\u0119 zb\u0119dnych struktur. Niewykluczone, ze wr\u0119cz zarz\u0105dzi likwidacj\u0119 banku IOR (watyka\u0144ski bank &#8211; Instytut Dzie\u0142 Religijnych &#8211; dop. S. K.). (\u2026) Ko\u015bci\u00f3\u0142 papie\u017ca Franciszka ma szans\u0119 sta\u0107 si\u0119 zn\u00f3w Chrystusowy. (\u2026) Powszechny Ko\u015bci\u00f3\u0142 rzymski b\u0119dzie bowiem Ko\u015bcio\u0142em rado\u015bci i blisko\u015bci, braterstwa w nierzadkim cierpieniu i niecz\u0119stych momentach szcz\u0119\u015bcia\u201d.<\/p>\r\n<ol start=\"8\">\r\n\t<li><strong>Fronda.pl: \u201eszewska pasja post\u0119powych \u015brodowisk\u201d<\/strong><\/li>\r\n<\/ol>\r\n<p>W dniu 14 marca 2013 r. pojawi\u0142 si\u0119 na tym portalu nast\u0119puj\u0105cy tekst: \u201eDzisiejsze media prze\u015bcigaj\u0105 si\u0119 w analizie pogl\u0105d\u00f3w nowego papie\u017ca Franciszka. I powoli wida\u0107, \u017ce wyb\u00f3r tego akurat kardyna\u0142a na Papie\u017ca doprowadza post\u0119powe \u015brodowiska do szewskiej pasji. Czemu? Papie\u017c Franciszek to konserwatysta, zajad\u0142y przeciwnik wszelkiej ideologii lewicowej, genderowej, homoseksualnej. Dlatego media z nurtu liberalnego zaczynaj\u0105 ubolewa\u0107, \u017ce Ko\u015bci\u00f3\u0142 znowu <em>wybra\u0142 starca i zaprzepa\u015bci\u0142 szans\u0119 na reform\u0119.<\/em> (\u2026) Wida\u0107 wi\u0119c, \u017ce nie jest to papie\u017c salonu post\u0119powego i \u015bwiatowego.<\/p>\r\n<ol start=\"9\">\r\n\t<li><strong>Bp Edward Frankowski: \u201eb\u0119dzie to wspania\u0142y pontyfikat\u201d<\/strong><\/li>\r\n<\/ol>\r\n<p>Ta wypowied\u017a ks. bp. Edwarda Frankowskiego zosta\u0142a opublikowana w \u201eNaszym Dzienniku\u201d z dnia 14 marca 2013 r.: \u201eMy\u015bl\u0119, \u017ce Duch \u015awi\u0119ty da\u0142 nam na te trudne czasy najlepszego Papie\u017ca. Pami\u0119tajmy, \u017ce zosta\u0142 wybrany w Roku Wiary, wi\u0119c na pewno bardzo b\u0119dzie si\u0119 stara\u0142 o to, aby w dobie agresywnego sekularyzmu wiara katolicka zachowana by\u0142a w ca\u0142ej swojej pe\u0142ni. Mamy bardzo wnikliwe diagnozy obecnego \u015bwiata i sytuacji w Ko\u015bciele dokonane za Ojca \u015awi\u0119tego Benedykta XVI. Poprzedni Papie\u017ce ogromnie wiele zrobili dla ewangelizacji \u015bwiata. Ufam, \u017ce nasz nowy Papie\u017c jak \u015bw. Franciszek ca\u0142ym sercem oraz ze wszystkich si\u0142 swoich i mo\u017cliwo\u015bci b\u0119dzie s\u0142u\u017cy\u0142 Ko\u015bcio\u0142owi. \u0179ywi\u0119 g\u0142\u0119bok\u0105 nadziej\u0119, \u017ce b\u0119dzie to wspania\u0142y pontyfikat. Teraz wszystko zale\u017cy ju\u017c od wiernych, od nas, \u017ceby\u015bmy nie zostawili Papie\u017ca samego, tylko modlili si\u0119 za niego, pomagali mu i wsp\u00f3\u0142pracowali z nim dla dobra Ko\u015bcio\u0142a\u201d.<\/p>\r\n<ol start=\"10\">\r\n\t<li><strong>Ks. bp Adam Ba\u0142abuch: \u201ecz\u0142owiek \u017cywej i g\u0142\u0119bokiej wiary\u201d<\/strong><\/li>\r\n<\/ol>\r\n<p>w \u201eNaszym Dzienniku\u201d z dnia 14 marca 2013 r. znajdujemy r\u00f3wnie\u017c opini\u0119 Ksi\u0119dza Biskupa na temat papie\u017ca Franciszka: \u201eOjca \u015awi\u0119tego Franciszka z wdzi\u0119czno\u015bci\u0105 przyjmuj\u0119 jako tego, kt\u00f3rego wybra\u0142 Pan Jezus &#8211; tak jak kiedy\u015b wybra\u0142 Piotra, aby Jemu powierzy\u0107 klucze kr\u00f3lestwa Bo\u017cego. Papie\u017c Franciszek jest dany nam jako opoka, na kt\u00f3rej Chrystus b\u0119dzie budowa\u0142 Ko\u015bci\u00f3\u0142 naszych czas\u00f3w. Odnajduj\u0119 w nowo wybranym Ojcu \u015awi\u0119tym cz\u0142owieka \u017cywej i g\u0142\u0119bokiej wiary, cz\u0142owieka modlitwy &#8211; co jest przecie\u017c fundamentalne dla ca\u0142ego Ko\u015bcio\u0142a\u201d.<\/p>\r\n<ol start=\"11\">\r\n\t<li><strong>Kiko Arg\u00fcello: \u201ePrzy wielu okazjach przewodniczy\u0142 celebracjom wsp\u00f3lnot neokatehumenalnych\u201d<\/strong><\/li>\r\n<\/ol>\r\n<p>Na portalu katolickiego tygodnika \u201eGo\u015b\u0107 Niedzielny\u201d znajdujemy<br \/>\r\nwywiad z za\u0142o\u017cycielem neokaterchumentu, Kiko Arg\u00fcello, kt\u00f3ry m\u00f3wi w nim o papie\u017cu Franciszku: \u201eUb\u00f3stwo i przepowiadanie Ewangelii &#8211; te dwa elementy charakteryzuj\u0105 jego pos\u0142ug\u0119. Jest to co\u015b wr\u0119cz \u017cyciowego dla Ko\u015bcio\u0142a: ubodzy i kerygmat. Franciszek do cz\u0142owiek bardzo prosty, nad wyraz inteligentny, o nieprzeci\u0119tnym kr\u0119gos\u0142upie duchowym &#8211; podkre\u015bla Kiko Arg\u00fcello. &#8211; Pami\u0119tam, \u017ce gdy g\u0142osili\u015bmy Ewangeli\u0119 na ulicach Buenos Aires dotarli\u015bmy pod katedr\u0119 i tam na placu prowadzili\u015bmy sw\u0105 misj\u0119. Kiedy si\u0119 z nami p\u00f3\u017aniej spotka\u0142 powiedzia\u0142: <em>Do mnie jednak nie zaszli\u015bcie, by podzieli\u0107 si\u0119 Ewangeli\u0105. Ja tak\u017ce potrzebuj\u0119 Dobrej Nowiny<\/em>\u201d.<\/p>\r\n<p>Na portalu wsp\u00f3lnoty neokachumenalnej z Torunia &#8211; neotorun.wordpress.com &#8211; znajdujemy zdj\u0119cie kard. Bergoglio w szatach liturgicznych, a pod zdj\u0119ciem podpis: \u201e<a href=\"http:\/\/neotorun.wordpress.com\/2013\/03\/16\/kard-bergoglio-podczas-celebracji-we-wspolnocie-neokatechumenalnej\/\"><span style=\"color: #00000a;\">Kard. Bergoglio podczas celebracji we wsp\u00f3lnocie Neokatechumenalnej<\/span><\/a>\u201d.<\/p>\r\n<p>Na tym samym portalu znajdujemy tekst z dnia 14 marca 2013 r. podpisany przez inicjator\u00f3w neokatechumenatu: \u201eInicjatorzy i odpowiedzialni Drogi Neokatehumenalnej, Kiko Arg\u00fcello, Carmen Hern\u00e1ndez i ksi\u0105dz Mario Pezzi, chcieliby wyrazi\u0107 swoj\u0105 rado\u015b\u0107 z wyboru kardyna\u0142a Jorge Mario Bergoglio jako nowego papie\u017ca Ko\u015bcio\u0142a, Jego \u015awi\u0105tobliwo\u015bci Franciszka\u2026 (\u2026) Jeste\u015bmy przekonani, \u017ce jest on papie\u017cem zes\u0142anym przez Opatrzno\u015b\u0107 na dzisiejsze czasy i \u017ce b\u0119dzie niestrudzenie ni\u00f3s\u0142 s\u0142owa Dobrej Nowiny na ca\u0142y \u015bwiat. By\u0142 on zawsze bardzo bliski Drodze a nam, inicjatorom, okazywa\u0142 zawsze swoj\u0105 mi\u0142o\u015b\u0107 i wsparcie. Przy wielu okazjach przewodniczy\u0142 celebracjom wsp\u00f3lnot neokatehumenalnych w Buenos Aires, jak np. podczas Eucharystii w 2008r. z okazji 40 rocznicy powstania Drogi. Papie\u017c Franciszek b\u0119dzie niestrudzonym g\u0142osicielem Ewangelii. Bez w\u0105tpienia jest wielk\u0105 nadziej\u0105 dla Ko\u015bcio\u0142a i wszyscy z Drogi Neokatechumenalnej modlimy si\u0119 za niego i za jego pontyfikat\u201d.<\/p>\r\n<ol start=\"12\">\r\n\t<li><strong>Leonardo Boff: \u201ePapie\u017c Franciszek zaskoczy wielu\u201d<\/strong><\/li>\r\n<\/ol>\r\n<p>Leonardo Boff, tzw. by\u0142y ksi\u0105dz, jeden z najbardziej znanych w \u015bwiecie tw\u00f3rc\u00f3w teologii wyzwolenia (w 1985 r. zosta\u0142 skazany na kar\u0119 \u201e<a href=\"http:\/\/pl.wikipedia.org\/w\/index.php?title=Obsequious_silence&amp;action=edit&amp;redlink=1\"><span style=\"color: #00000a;\">obsequious silence<\/span><\/a>\u201d, co wi\u0105za\u0142o si\u0119 z odsuni\u0119ciem od wszelkiej dzia\u0142alno\u015bci wydawniczej, oraz zakaz pos\u0142ugi kap\u0142a\u0144skiej), uwa\u017ca, \u017ce papie\u017c Franciszek \u201ezaskoczy wielu, dokonuj\u0105c radykalnych zmian w Ko\u015bciele\u201d.<\/p>\r\n<p>Jak czytamy na portalu tvn24.pl: \u201eW wywiadzie dla niemieckiego tygodnika <em>Der Spiegel<\/em> (\u2026) Boff wyra\u017ca rado\u015b\u0107 z powodu wyboru na papie\u017ca cz\u0142owieka, kt\u00f3ry pozostaje wierny przekonaniu, \u017ce \u201eKo\u015bci\u00f3\u0142 powinien sta\u0107 po stronie ubogich\u201d. Jego zdaniem papie\u017c Franciszek b\u0119dzie musia\u0142 zerwa\u0107 z pewnymi tradycjami i <em>odsun\u0105\u0107 kuri\u0119 watyka\u0144sk\u0105, aby otworzy\u0107 drog\u0119 Ko\u015bcio\u0142owi powszechnemu<\/em>. Imi\u0119 Franciszek, jakie przybra\u0142, ma charakter programowy: Franciszek z Asy\u017cu to uosobienie Ko\u015bcio\u0142a ubogich i uciskanych, odpowiedzialno\u015bci za \u015brodowisko cz\u0142owieka oraz odrzucenia luksusu i ostentacji przez duchowie\u0144stwo &#8211; powiedzia\u0142 <em>Spieglowi <\/em>Leonardo Boff\u201d.<\/p>\r\n<ol start=\"13\">\r\n\t<li><strong>Ks. Moszoro-Dabrowski: \u201emisyjne o\u017cywienie Ko\u015bcio\u0142a\u201d<\/strong><\/li>\r\n<\/ol>\r\n<p>Ks. Stefan Moszoro-D\u0105browski, kap\u0142an stowarzyszenia Opus Dei wypowiedzia\u0142 si\u0119 na temat papie\u017ca Franciszka w \u201eRzeczpospolitej\u201d z dnia 14 marca 2013 r.: \u201eJako biskup stawia\u0142 bardzo mocno na duszpasterstwo z poszanowaniem sakrament\u00f3w i podkre\u015bla\u0142 zawsze wag\u0119 rodziny. Jak skutecznym jest duszpasterzem, wskazuje to, \u017ce w ostatnich latach w Buenos Aires wiele dzieci przyst\u0105pi\u0142o do chrztu. Tamtejszy Ko\u015bci\u00f3\u0142 prze\u017cywa obecnie renesans. (\u2026) Nie bez znaczenia jest te\u017c, \u017ce papie\u017c Franciszek to zakonnik &#8211; jezuita. Jako kap\u0142an z Opus Dei chcia\u0142bym podkre\u015bli\u0107 swoj\u0105 szczeg\u00f3ln\u0105 rado\u015b\u0107 z tego powodu, bo czasami m\u00f3wi si\u0119 o nieporozumieniach mi\u0119dzy naszym stowarzyszeniem a jezuitami. Wyb\u00f3r jezuity b\u0119dzie oznacza\u0142 misyjne o\u017cywienie Ko\u015bcio\u0142a. Skoro kardyna\u0142owie uznali, \u017ce to najlepszy kandydat na papie\u017ca, to oznacza i\u017c &#8211; wbrew temu, co m\u00f3wili niekt\u00f3rzy &#8211; wyzwaniem Ko\u015bcio\u0142a nie jest dzi\u015b reforma Kurii Rzymskiej, ale potrzeba wyj\u015bcia do wiernych, ewangelizacji i powa\u017cnego duszpasterstwa. Przed Ojcem \u015awi\u0119tym stoi zadanie dotarcia z ewangeli\u0105 do wszystkich ludzi\u201d.<\/p>\r\n<ol start=\"14\">\r\n\t<li><strong>Ks. Aleksander Posacki: \u201ebardziej duszpasterz ni\u017c teolog\u201d<\/strong><\/li>\r\n<\/ol>\r\n<p>W tym samym numerze \u201eRzeczpospolitej\u201d swoj\u0105 opinie o papie\u017cu Franciszku przedstawi\u0142 jezuita, ks. Aleksander Posacki: \u201eJe\u017celi chodzi o kwestie wiary, to papie\u017c Franciszek jest cz\u0142owiekiem ortodoksji, wierno\u015bci doktrynie, i &#8211; jak wiemy &#8211; w spos\u00f3b praktyczny potrafi\u0105cy j\u0105 doskonale przekszta\u0142ci\u0107 w \u015bwiadectwo ewangeliczne. Poprzez to, \u017ce \u017cy\u0142 bardzo ubogo, dawa\u0142 \u015bwiadectwo wszystkim tym, kt\u00f3rym teologia wyzwolenia mog\u0142a wydawa\u0107 si\u0119 atrakcyjn\u0105 propozycj\u0105. My\u015bl\u0119, \u017ce w\u0142a\u015bnie tak\u0105 si\u0142\u0105 charakteru Ojciec \u015awi\u0119ty musia\u0142 zaimponowa\u0107 kardyna\u0142om. Papie\u017c Franciszek jest tak\u017ce cz\u0142owiekiem modlitwy, czego da\u0142 wyraz wczoraj tu\u017c po wyborze. Pokaza\u0142o to od razu pasterski rys nadchodz\u0105cego pontyfikatu. Na pewno nowy Ojciec \u015awi\u0119ty jest bardziej duszpasterzem ni\u017c teologiem, chocia\u017c oczywi\u015bcie odebra\u0142 wszechstronne wykszta\u0142cenie i doskonale rozumie zar\u00f3wno tajniki teologii, jak i z\u0142o\u017cono\u015b\u0107 problem\u00f3w wsp\u00f3\u0142czesnego \u015bwiata. Podczas jego pontyfikatu spodziewam si\u0119 odnowy Ko\u015bcio\u0142a poprzez praktyczn\u0105 wiar\u0119, poprzez \u015bwiadectwo, kt\u00f3re nowy papie\u017c potrafi dawa\u0107 nawet w trudnych warunkach. (\u2026) Odnowa Ko\u015bcio\u0142a niew\u0105tpliwie powinna i\u015b\u0107 w stron\u0119 nawracania do \u017cycia zgodnego z ewangeli\u0105. A je\u015bli tak jest, to wyb\u00f3r Franciszka b\u0119dzie pewnie bardzo dobr\u0105 decyzj\u0105, bo Ojciec \u015awi\u0119ty nie raz ju\u017c udowadnia\u0142 konsekwencj\u0119 swojego dzia\u0142ania i umiej\u0119tno\u015bci odnalezienia si\u0119 w bardzo trudnych warunkach, a swoim ca\u0142ym \u017cyciem pokazywa\u0142 olbrzymie poszanowanie dla ewangelii\u201d.<\/p>\r\n<ol start=\"15\">\r\n\t<li><strong>Domik Zdort: \u201enie chc\u0119 by papie\u017c by\u0142 powszechnie akceptowany\u201d.<\/strong><\/li>\r\n<\/ol>\r\n<p>Publicysta ten wypowiedzia\u0142 si\u0119 w \u201eRzeczpospolitej\u201d z dnia 15 marca 2013 r. Napisa\u0142: \u201eCh\u0119tnie uwierz\u0119 w autentycznie dobre serce i skromno\u015b\u0107 Ojca \u015awi\u0119tego Franciszka. Ale &#8211; i to pewnie zbulwersuje niekt\u00f3rych &#8211; bardzo bym nie chcia\u0142, aby ten m\u00f3j papie\u017c by\u0142 za autorytet uznawany przez wszystkich, aby wsz\u0119dzie by\u0142 kochany i akceptowany. Nie chcia\u0142bym tego, bo powszechna mi\u0142o\u015b\u0107 zazwyczaj bardzo wiele kosztuje: trzeba si\u0119 za ni\u0105 wyp\u0142aci\u0107 ukrywaniem wyrazistych pogl\u0105d\u00f3w, przemilczaniem dra\u017cliwych kwestii, chowaniem prawdziwego przes\u0142ania za zas\u0142on\u0105 niewiele znacz\u0105cych mi\u0142ych dla ludzi obietnic i deklaracji. Ponosz\u0105c taki koszt Ojciec \u015awi\u0119ty by\u0142by pewnie w stanie powalczy\u0107 w rankingach popularno\u015bci z zespo\u0142em Coldplay, pojawia\u0107 si\u0119 w mediach cz\u0119\u015bciej ni\u017c David Beckham, a na listach autorytet\u00f3w by\u0142by umieszczany wy\u017cej ni\u017c Jurek Owsiak, Tomasz Lis i Agnieszka Holland. Ale czy na tym polega pos\u0142annictwo papie\u017ca? W naszych czasach w tej konkurencji dot\u0105d jedynym w miar\u0119 skutecznym okaza\u0142 si\u0119 Jan Pawe\u0142 II i trudno sobie wyobrazi\u0107, co musia\u0142by wyczynia\u0107 Franciszek, aby powt\u00f3rzy\u0107 jego osi\u0105gni\u0119cia. Tylko po co mia\u0142by to robi\u0107? Nast\u0119pca \u015bw. Piotra i namiestnik Jezusa Chrystusa na ziemi to naprawd\u0119 nie jest ta sama liga, co kilku celebryt\u00f3w, spoconych w pogoni za popularno\u015bci\u0105\u201d.<\/p>\r\n<p>&nbsp;<\/p>\r\n<h4><strong>Rozdzia\u0142 VIII<\/strong><\/h4>\r\n<p><strong>Pierwsze wskazania papie\u017ca Franciszka<\/strong><\/p>\r\n<p>Nowy papie\u017c pierwsze, mo\u017ce niejednoznaczne, ale jednak wiele m\u00f3wi\u0105ce sygna\u0142y-wskaz\u00f3wki wys\u0142a\u0142 do nas, gdy pierwszy raz pokaza\u0142 si\u0119 \u015bwiatu.<\/p>\r\n<ol>\r\n\t<li><strong>Pierwsze s\u0142owa papie\u017ca Franciszka: \u201eJestem biskupem Rzymu\u201d<\/strong><\/li>\r\n<\/ol>\r\n<p>By\u0142 to, najpierw, spos\u00f3b ubrania (nie za\u0142o\u017cy\u0142 insygni\u00f3w w\u0142adzy papieskiej, w tym nie zawiesi\u0142 na piersi krzy\u017ca papieskiego &#8211; mia\u0142 krzy\u017c biskupi).<\/p>\r\n<p>By\u0142o to \u015bwieckie pozdrowienie &#8211; \u201eDobry wiecz\u00f3r\u201d zamiast pozdrowienia chrze\u015bcija\u0144skiego i \u015bwiecki spos\u00f3b po\u017cegnania.<\/p>\r\n<p>By\u0142o to pomi\u0119cie w pierwszym przem\u00f3wieniu s\u0142owa \u201epapie\u017c\u201d. O sobie i Benedykcie XVI m\u00f3wi\u0142 \u201ebiskup Rzymu\u201d.<\/p>\r\n<p>Czy chodzi\u0142o tu o to, \u017ce by\u0142 zawsze zwolennikiem kolegialno\u015bci w Ko\u015bciele i to, \u017ce nie b\u0119dzie tak bardzo pobo\u017cny, bli\u017cszy \u015bwieckim?<\/p>\r\n<ol start=\"2\">\r\n\t<li><strong>Papie\u017c Franciszek zaprosi\u0142 rabina Rzymu<\/strong><\/li>\r\n<\/ol>\r\n<p>Jak czytamy na portalu polskieradio.pl: \u201eDzie\u0144 po swym wyborze papie\u017c Franciszek zapewni\u0142 rzymsk\u0105 wsp\u00f3lnot\u0119 \u017cydowsk\u0105 o swej gotowo\u015bci dokonania post\u0119pu we wzajemnych relacjach. Zaprosi\u0142 g\u0142\u00f3wnego rabina Wiecznego Miasta na msz\u0119 inauguruj\u0105c\u0105 jego pontyfikat 19 marca\u201d.<\/p>\r\n<p>Jak czytamy na portalu rmf24.pl: \u201eW li\u015bcie do rabina Rzymu Riccardo Di Segniego nowy papie\u017c napisa\u0142: <em>Mam g\u0142\u0119bok\u0105 nadziej\u0119, \u017ce b\u0119d\u0119 m\u00f3g\u0142 przyczyni\u0107 si\u0119 do post\u0119pu w relacjach mi\u0119dzy \u017bydami a katolikami, jaki zanotowano pocz\u0105wszy od Soboru Watyka\u0144skiego II, w duchu odnowionej wsp\u00f3\u0142pracy i na s\u0142u\u017cbie \u015bwiata, w kt\u00f3rym b\u0119dzie wi\u0119cej zgody z wol\u0105 Stw\u00f3rcy<\/em>\u201d.<\/p>\r\n<p>Te wiadomo\u015bci i cytat z listu podaje wiele medi\u00f3w, w tym \u201eRzeczpospolita\u201d. Znajdujemy j\u0105 te\u017c na portalu Episkopatu Polski.<\/p>\r\n<ol start=\"3\">\r\n\t<li><strong>Reakcje \u015brodowisk \u017cydowskich na wyb\u00f3r kard. Bergoglio na Stolic\u0119 Piotrow\u0105<\/strong><\/li>\r\n<\/ol>\r\n<p>Jak dowiadujemy si\u0119 z portalu Episkopatu Polski reakcje \u015brodowisk \u017cydowskich by\u0142y bardzo pozytywne. \u201eArcybiskup Buenos Aires &#8211; jak czytamy na tym portalu &#8211; znany by\u0142 w nich od dawna jako czynny uczestnik dialogu mi\u0119dzyreligijnego, szczeg\u00f3lnie z wyznawcami judaizmu. (\u2026)Odpowiadaj\u0105c na przes\u0142anie Papie\u017ca Franciszka, Riccardo Di Segni (rabin Rzymu &#8211; dop. S. K.) \u017cyczy\u0142 mu, by z moc\u0105 i m\u0105dro\u015bci\u0105 pe\u0142ni\u0142 to niezwyk\u0142e zadanie, jakie zosta\u0142o mu powierzone. Ten wyb\u00f3r <em>daje nam nadziej\u0119, \u017ce b\u0119dzie si\u0119 kontynuowa\u0107 drog\u0119 przyja\u017ani, szacunku i wsp\u00f3\u0142pracy<\/em> &#8211; pisze g\u0142\u00f3wny rabin Rzymu. (\u2026) Podobne \u017cyczenia do nowego Papie\u017ca skierowali inni w\u0142oscy rabini. <em>Trudne i dr\u0119cz\u0105ce problemy naszych czas\u00f3w wymagaj\u0105 przewodnik\u00f3w o silnej i pewnej wierze, o\u017cywionych g\u0142\u0119boko ludzkimi uczuciami<\/em> &#8211; pisze prof. Giuseppe Laras, stoj\u0105cy na czele trybuna\u0142u rabinicznego w Mediolanie. Wyra\u017ca nadziej\u0119, \u017ce Franciszek b\u0119dzie kontynuowa\u0142 owocny dialog \u015bladem swych poprzednik\u00f3w. W\u0142oska Rada Zgromadzenia Rabin\u00f3w zapewnia Ojca \u015awi\u0119tego o swym pragnieniu wsp\u00f3\u0142pracy w dalszym umacnianiu dialogu prowadzonego we wzajemnym poszanowaniu to\u017csamo\u015bci i godno\u015bci obu stron. (\u2026) Decyzj\u0119 Kolegium Kardynalskiego o wybraniu kard. Bergoglio bardzo pochlebnie ocenia przewodnicz\u0105cy \u015awiatowego Kongresu \u017bydowskiego\u201d.<\/p>\r\n<ol start=\"4\">\r\n\t<li><strong>Pierwsza homilia papie\u017ca Franciszka: \u201eKiedy nie wyznajemy Jezusa Chrystusa, to wyznajmy doczesno\u015b\u0107 diab\u0142a\u201d<\/strong><\/li>\r\n<\/ol>\r\n<p>W homilii wyg\u0142oszonej na pierwszej swojej papieskiej Mszy \u015awi\u0119tej dla kardyna\u0142\u00f3w bior\u0105cych udzia\u0142 w konklawe i pracownik\u00f3w Watykanu, kt\u00f3ra mia\u0142a miejsce w Kaplicy Syksty\u0144skiej w dniu 14 marca 2013 r., m\u00f3wi\u0142 o ruchu i pod\u0105\u017caniu, kt\u00f3re s\u0105 konieczne dla ka\u017cdego, r\u00f3wnie\u017c chrze\u015bcija\u0144skiego \u017cycia, o budowaniu Ko\u015bcio\u0142a z \u017cywych kamieni, na kamieniu w\u0119gielnym, kt\u00f3rym jest sam Chrystus i o wyznawaniu.<\/p>\r\n<p>Powiedzia\u0142: \u201e\u2026je\u015bli nie wyznajemy Jezusa Chrystusa, to dzieje si\u0119 \u017ale. Staniemy si\u0119 pozarz\u0105dow\u0105 organizacj\u0105 pomocow\u0105, ale nie Ko\u015bcio\u0142em, Oblubienic\u0105 Pana. Gdy nie idziemy, stajemy w miejscu. Co si\u0119 dzieje, kiedy nie budujemy na ska\u0142ach? Ma miejsce to, co przydarza si\u0119 dzieciom na pla\u017cy, kiedy buduj\u0105 zamki z piasku, wszystko opada, pozbawione jest sp\u00f3jno\u015bci. Kiedy nie wyznaje si\u0119 Jezusa Chrystusa, przypominaj\u0105 mi si\u0119 s\u0142owa L\u00c3\u00a9ona Bloy: \u201eKto nie modli si\u0119 do Boga, modli si\u0119 do diab\u0142a\u201d. Kiedy nie wyznajemy Jezusa Chrystusa, to wyznajmy doczesno\u015b\u0107 diab\u0142a, doczesno\u015b\u0107 szatana\u201d.<\/p>\r\n<p>Nast\u0119pnie m\u00f3wi\u0142 o Krzy\u017cu w naszym, katolik\u00f3w, \u017cyciu. Stwierdzi\u0142: \u201eTen sam Piotr, kt\u00f3ry wyzna\u0142 Jezusa Chrystusa, m\u00f3wi do Niego: Ty jeste\u015b Mesjasz, Syn Boga \u017cywego. P\u00f3jd\u0119 za Tob\u0105, ale nie m\u00f3wmy o krzy\u017cu. To nie wchodzi w rachub\u0119. P\u00f3jd\u0119 za Tob\u0105 inn\u0105 drog\u0105, bez krzy\u017ca. Kiedy idziemy bez krzy\u017ca, gdy budujemy bez krzy\u017ca i kiedy wyznajemy Chrystusa bez krzy\u017ca, nie jeste\u015bmy uczniami Pana: jeste\u015bmy lud\u017ami doczesnymi, jeste\u015bmy biskupami, kap\u0142anami, kardyna\u0142ami, papie\u017cami, ale nie uczniami Pana. Chcia\u0142bym, aby wszyscy po tych dniach \u0142aski, mieli odwag\u0119, w\u0142a\u015bnie odwag\u0119 by kroczy\u0107 w obecno\u015bci Bo\u017cej, z krzy\u017cem Pana; by budowa\u0107 Ko\u015bci\u00f3\u0142 na Krwi Pana, kt\u00f3r\u0105 przela\u0142 On na krzy\u017cu, i wyznawali jedyn\u0105 chwa\u0142\u0119: Chrystusa Ukrzy\u017cowanego. W ten spos\u00f3b Ko\u015bci\u00f3\u0142 b\u0119dzie szed\u0142 naprz\u00f3d\u201d.<\/p>\r\n<p>Wyra\u017anie postawi\u0142 tu dwa akcenty na wiar\u0119 w Chrystusa (je\u015bli nie jest ona \u017cywa i autentyczna wpadamy w szpony szatana) i na to, \u017ce Krzy\u017c jest integralnym, istotnym elementem tej wiary.<\/p>\r\n<ol start=\"5\">\r\n\t<li><strong>Przem\u00f3wienie papie\u017ca Franciszka do kardyna\u0142\u00f3w: \u201eChrystus jest jedynym Zbawicielem ca\u0142ego cz\u0142owieka i wszystkich ludzi\u201d<\/strong><\/li>\r\n<\/ol>\r\n<p>W drugiej swojej homilii wyg\u0142oszonej do wszystkich kardyna\u0142\u00f3w, z kt\u00f3rymi spotka\u0142 si\u0119 15 marca 2013 r., powiedzia\u0142: \u201eTo jest dobre, gdy\u017c jeste\u015bmy bra\u0107mi. Kto\u015b mi powiedzia\u0142: Kardyna\u0142owie to ksi\u0119\u017ca Ojca \u015awi\u0119tego. Ale my jeste\u015bmy wsp\u00f3lnot\u0105 i nasza przyja\u017a\u0144, blisko\u015b\u0107, dobrze si\u0119 nam wszystkim przys\u0142u\u017cy. To za\u015b poznanie i wzajemna otwarto\u015b\u0107 u\u0142atwia\u0142y nam bycie uleg\u0142ymi na dzia\u0142anie Ducha \u015awi\u0119tego. On, Pocieszyciel, jest g\u0142\u00f3wnym autorem ka\u017cdej inicjatywy i przejawu wiary. To jest ciekawe i daje mi du\u017co do my\u015blenia. Pocieszyciel jest sprawc\u0105 wszystkich r\u00f3\u017cnic w Ko\u015bciele, i jako taki wydaje si\u0119 aposto\u0142em wie\u017cy Babel. Ale z drugiej strony, jest jednocze\u015bnie tym, kt\u00f3ry jest sprawc\u0105 zjednoczenia tych wszystkich r\u00f3\u017cnorodno\u015bci &#8211; nie w jednakowo\u015bci, ale w harmonii. Przypominam sobie pewnego Ojca Ko\u015bcio\u0142a, kt\u00f3ry tak definiowa\u0142 Ducha \u015awi\u0119tego: &#8222;Ipse harmonia est\u201d. Ten to Pocieszyciel, kt\u00f3ry daje ka\u017cdemu z nas r\u00f3\u017cne charyzmaty, jednoczy nas w tej wsp\u00f3lnocie Ko\u015bcio\u0142a, kt\u00f3ra uwielbia Ojca, Syna i Ducha \u015awi\u0119tego\u201d.<\/p>\r\n<p>Wyra\u017anie postawi\u0142 tu akcenty: na kolegialno\u015b\u0107 Ko\u015bcio\u0142a i r\u00f3\u017cnorodno\u015b\u0107 w Ko\u015bciele.<\/p>\r\n<p>Nast\u0119pnie stwierdzi\u0142: \u201eChrystus prowadzi Ko\u015bci\u00f3\u0142 przez swojego Ducha. Duch \u015awi\u0119ty jest dusz\u0105 Ko\u015bcio\u0142a poprzez sw\u0105 o\u017cywiaj\u0105c\u0105 i jednocz\u0105c\u0105 si\u0142\u0119: czyni z wielu jedno cia\u0142o, mistyczne Cia\u0142o Chrystusa. Nie ulegajmy nigdy pesymizmowi i rozgoryczeniu, jakie diabe\u0142 podsuwa nam ka\u017cdego dnia, nie popadajmy w pesymizm i zniech\u0119cenie. Mamy mocn\u0105 pewno\u015b\u0107, \u017ce Duch \u015awi\u0119ty swym pot\u0119\u017cnym tchnieniem daje Ko\u015bcio\u0142owi odwag\u0119, by wytrwa\u0107, a tak\u017ce poszukiwa\u0107 nowych metod ewangelizacji, aby nie\u015b\u0107 Ewangeli\u0119 a\u017c na kra\u0144ce ziemi (por. Dz 1,8). Prawda chrze\u015bcija\u0144ska jest poci\u0105gaj\u0105ca i przekonuj\u0105ca, poniewa\u017c odpowiada na g\u0142\u0119bok\u0105 potrzeb\u0119 ludzkiego \u017cycia, g\u0142osz\u0105c w spos\u00f3b przekonuj\u0105cy, \u017ce Chrystus jest jedynym Zbawicielem ca\u0142ego cz\u0142owieka i wszystkich ludzi. To przepowiadanie pozostaje dzisiaj nadal aktualne, tak jak by\u0142o w pocz\u0105tkach chrze\u015bcija\u0144stwa, kiedy dokonywa\u0142o si\u0119 pierwsze wielkie misyjne g\u0142oszenie Ewangelii\u201d.<\/p>\r\n<p>Akcenty pad\u0142y tu na to, \u017ce Ko\u015bcio\u0142a nic nie zniszczy, bo jest mistycznym Cia\u0142em Chrystusa i czuwa nad nim Duch \u015awi\u0119ty, \u017ce zbawienie jest tylko przez Chrystusa, \u017ce ten Ko\u015bci\u00f3\u0142 jest wci\u0105\u017c ten sam i zawsze tak samo prowadzi cz\u0142owieka do Chrystusa.<\/p>\r\n<p>Powiedzia\u0142 r\u00f3wnie\u017c: \u201eBy\u0107 mo\u017ce po\u0142owa z nas jest lud\u017ami w podesz\u0142ym wieku. Staro\u015b\u0107 &#8211; lubi\u0119 tak to okre\u015bla\u0107 &#8211; jest siedzib\u0105 m\u0105dro\u015bci \u017cycia. Starcy posiadaj\u0105 m\u0105dro\u015b\u0107 zdobyt\u0105 w ci\u0105gu ca\u0142ego \u017cycia, jak starzec Symeon czy prorokini Anna w \u015awi\u0105tyni Jerozolimskiej, i to w\u0142a\u015bnie ta m\u0105dro\u015b\u0107 pozwoli\u0142a im rozpozna\u0107 Jezusa. Dawajmy t\u0119 m\u0105dro\u015b\u0107 ludziom m\u0142odym, jak dobre wino, kt\u00f3re z biegiem lat staje si\u0119 lepsze! Dawajmy m\u0142odym m\u0105dro\u015b\u0107 \u017cycia!\u201d.<\/p>\r\n<p>To bardzo wa\u017cne s\u0142owa, szczeg\u00f3lnie dla \u015bwiata, kt\u00f3ry zapomnia\u0142 o m\u0105dro\u015bci, odrzuca staro\u015b\u0107 (sk\u0142aniaj\u0105c starych, by zachowywali si\u0119 jak ludzie m\u0142odzi) i wzgardzi\u0142 starymi lud\u017ami uznaj\u0105c ich tylko za niepotrzebny baga\u017c.<\/p>\r\n<p>To masoneria, jak pisa\u0142em o tym w ksi\u0105\u017cce \u201eMasoneria i kryzys\u201d neguje warto\u015b\u0107 staro\u015bci i stara si\u0119, by ludzko\u015b\u0107 traktowa\u0142a j\u0105 ze wstydem i ucieka\u0142a od niej. Jest to walka masonerii z m\u0105dro\u015bci\u0105.<\/p>\r\n<p>Na zako\u0144czenie powiedzia\u0142: \u201ePot\u0119\u017cnemu wstawiennictwu Maryi, naszej Matki, Matki Ko\u015bcio\u0142a, powierzam moj\u0105 pos\u0142ug\u0119 i wasz\u0105 pos\u0142ug\u0119. Niech pod Jej matczynym spojrzeniem ka\u017cdy z nas pod\u0105\u017ca rado\u015bnie, b\u0119d\u0105c pos\u0142usznym g\u0142osowi Jej Boskiego Syna, umacniaj\u0105c jedno\u015b\u0107, trwaj\u0105c zgodnie na modlitwie i daj\u0105c \u015bwiadectwo autentycznej wiary w nieustann\u0105 obecno\u015b\u0107 Pana\u201d.<\/p>\r\n<p>I tu postawi\u0142 bardzo wa\u017cny akcent: wszystko powinno by\u0107 z Maryja i przez Maryj\u0119, kt\u00f3ra jest nasz\u0105 Matka i Matka Ko\u015bcio\u0142a.<\/p>\r\n<ol start=\"6\">\r\n\t<li><strong>Spotkanie papie\u017ca Franciszka z mediami: Franciszek &#8211; \u201ecz\u0142owiek ub\u00f3stwa, pokoju, kt\u00f3ry kocha i strze\u017ce stworzenie\u201d<\/strong><\/li>\r\n<\/ol>\r\n<p>Podczas spotkania z przedstawicielami medi\u00f3w w dniu 16 marca 2013 roku powt\u00f3rzy\u0142 w zasadzie podstawowe tezy swoich poprzednich wyst\u0105pie\u0144. Gdy ju\u017c przeczyta\u0142 tekst swojego oficjalnego wyst\u0105pienia doda\u0142 jeszcze par\u0119 s\u0142\u00f3w od siebie przedstawiaj\u0105c wyznaczniki swojego pontyfikatu.<\/p>\r\n<p>Tak to zreferowano w \u201eRzeczpospolitej\u201d: \u201eKiedy liczba g\u0142os\u00f3w dochodzi\u0142a do dw\u00f3ch trzecich i zacz\u0119\u0142o si\u0119 robi\u0107 <em>niebezpiecznie<\/em>, kardyna\u0142 Hummes obj\u0105\u0142 mnie, uca\u0142owa\u0142 i powiedzia\u0142: <em>Nie zapomnij o ubogich. <\/em>I wtedy natychmiast pomy\u015bla\u0142em o Franciszku z Asy\u017cu &#8211; opowiada\u0142 papie\u017c. Gdy trwa\u0142o liczenie g\u0142os\u00f3w, \u201e<em>my\u015bla\u0142em o Franciszku z Asy\u017cu &#8211; cz\u0142owieku pokoju <\/em>&#8211; doda\u0142. Podkre\u015bli\u0142, \u017ce wybieraj\u0105c imi\u0119 Franciszka my\u015bla\u0142 r\u00f3wnie\u017c o \u015bw. Franciszku z Asy\u017cu jako o obro\u0144cy Stworzenia, i powiedzia\u0142, \u017ce dzi\u015b <em>cz\u0142owiek nie ma najlepszych relacji z natur\u0105<\/em>. (\u2026) W przem\u00f3wieniu papie\u017c doda\u0142, \u017ce wie, i\u017c w\u015br\u00f3d obecnych s\u0105 r\u00f3wnie\u017c ci, kt\u00f3rzy nie nale\u017c\u0105 do Ko\u015bcio\u0142a katolickiego, i niewierz\u0105cy. &#8211; Ka\u017cdego z was b\u0142ogos\u0142awi\u0119 prosto z serca, w ciszy szanuj\u0105c sumienie ka\u017cdego, ale wiedz\u0105c, \u017ce ka\u017cdy z was jest dzieckiem Boga\u201d.<\/p>\r\n<p>Na stronie Rada Maryja w nieco inny spos\u00f3b referuje si\u0119 te s\u0142owa papie\u017ca Franciszka, kt\u00f3re pad\u0142y bezpo\u015brednio po zdaniu\u201eNie zapomnij o ubogich\u201d wypowiedzianym przez kard. Hummesa:<em> \u201e<\/em><em>W odniesieniu do ubogich od razu pomy\u015bla\u0142em o \u015bw. Franciszku. Nast\u0119pnie pomy\u015bla\u0142em o wojnach, podczas gdy w tym samym czasie g\u0142osowanie dalej si\u0119 rozwija\u0142o pomy\u015bla\u0142em Franciszek to cz\u0142owiek pokoju i w ten spos\u00f3b zrodzi\u0142a si\u0119 idea o tym imieniu. Franciszek z Asy\u017cu cz\u0142owiek ub\u00f3stwa, pokoju, kt\u00f3ry kocha i strze\u017ce stworzenie. Wiemy, \u017ce relacja cz\u0142owieka z przyrod\u0105 nie jest najlepsza<\/em> -zaznaczy\u0142 Ojciec \u015bw.\u201d.<\/p>\r\n<p>Mamy tu zatem trzy akcenty odnosz\u0105ce si\u0119 do programu papie\u017ca: ubodzy, pok\u00f3j na \u015bwiecie, dbanie o przyrod\u0119.<\/p>\r\n<ol start=\"7\">\r\n\t<li><strong>B\u0142ogos\u0142awie\u0144stwo dokonane przez Papie\u017ca bez znaku Krzy\u017ca<\/strong><\/li>\r\n<\/ol>\r\n<p>Na portalu Konferencji Episkopatu Polski znajdujemy tekst do tycz\u0105cy spotkania papie\u017ca Franciszka z dziennikarzami. W tek\u015bcie tym czytamy: \u201eOjciec \u015awi\u0119ty zaskoczy\u0142 te\u017c sposobem udzielenia b\u0142ogos\u0142awie\u0144stwa, w kt\u00f3rym zabrak\u0142o znaku krzy\u017ca\u201d.<\/p>\r\n<p>Na koniec spotkania Papie\u017c powiedzia\u0142: \u201eWielu z was nie nale\u017cy do Ko\u015bcio\u0142a katolickiego, inni s\u0105 niewierz\u0105cy. Z serca udzielam tego b\u0142ogos\u0142awie\u0144stwa ka\u017cdemu z osobna, szanuj\u0105c sumienie ka\u017cdego z was, jednak wiedz\u0105c, \u017ce ka\u017cdy z was jest dzieckiem Bo\u017cym\u201d.<\/p>\r\n<p>Nast\u0119pnie od\u0142o\u017cy\u0142 mikrofon. Zrobi\u0142 kilka kork\u00f3w w kierunku dziennikarzy i wykona\u0142 prawa r\u0119k\u0105 szereg trudnych do zidentyfikowania znak\u00f3w. Nie by\u0142o w\u015br\u00f3d nich znaku Krzy\u017ca.<\/p>\r\n<p>Na portalu Konferencji Episkopatu Polski mo\u017cna obejrze\u0107 film, na kt\u00f3rym to wyra\u017anie wida\u0107.<\/p>\r\n<p>Powy\u017csze informacje i film znajdujemy pod adresem: <a href=\"http:\/\/episkopat.pl\/radio_watykanskie\/46841.1,Papieskie_spotkanie_z_dziennikarzami_historia_imienia_Franciszek.html\"><span style=\"color: #00000a;\">http:\/\/episkopat.pl\/radio_watykanskie\/46841.1,Papieskie_spotkanie_z_dziennikarzami_historia_imienia_Franciszek.html<\/span><\/a><\/p>\r\n<ol start=\"8\">\r\n\t<li><strong>Druga homilia papie\u017ca Franciszka: \u201enajsilniejszym or\u0119dziem Pana jest mi\u0142osierdzie\u201d<\/strong><\/li>\r\n<\/ol>\r\n<p>Papie\u017c Franciszek przewodniczy\u0142 rano, w niedziel\u0119 17 marca Mszy \u015awi\u0119tej w watyka\u0144skim ko\u015bciele \u015bw. Anny.<\/p>\r\n<p>M\u00f3wi\u0142 o ludzie, kt\u00f3ry przyprowadzi\u0142 do Chrystusa jawnogrzesznic\u0119, by Chrystus j\u0105 pot\u0119pi\u0142.<\/p>\r\n<p>Ojciec \u015awi\u0119ty stwierdzi\u0142:<strong> \u201e<\/strong>Tak\u017ce i my jeste\u015bmy tym ludem, kt\u00f3ry z jednej strony pragnie s\u0142ucha\u0107 Jezusa, a z drugiej niekiedy ma ochot\u0119 pobi\u0107 innych, pot\u0119pi\u0107, nieprawda\u017c? Tymczasem or\u0119dzie Jezusa to mi\u0142osierdzie. Dla mnie &#8211; m\u00f3wi\u0119 to z pokor\u0105 &#8211; najsilniejszym or\u0119dziem Pana jest mi\u0142osierdzie. On sam powiedzia\u0142: Nie przyszed\u0142em dla sprawiedliwych, sprawiedliwi usprawiedliwi\u0105 si\u0119 sami. Jezus przyszed\u0142 do grzesznik\u00f3w\u201d.<\/p>\r\n<p>Po Mszy \u015awi\u0119tej papie\u017c pierwszy wyszed\u0142 z Ko\u015bcio\u0142a i rozmawia\u0142 z wychodz\u0105cymi z niego wiernymi przez 17 minut. Potem wyszed\u0142 na najbli\u017csz\u0105 ulic\u0119, gdzie za barierkami stali ludzi i rozmawia\u0142 z nimi podaj\u0105c r\u0119k\u0119 rozm\u00f3wcom.<\/p>\r\n<ol start=\"9\">\r\n\t<li><strong>Anio\u0142 Pa\u0144ski z papie\u017cem: \u201epolecam wam ksi\u0105\u017ck\u0119 o mi\u0142osierdziu Bo\u017cym kard. Kaspera\u201d<\/strong><\/li>\r\n<\/ol>\r\n<p>W niedziel\u0119 w po\u0142udnie Ojciec \u015awi\u0119ty odprawi\u0142 Anio\u0142 Pa\u0144ski i powt\u00f3rzy podstawowe tezy poprzedniej homilii.<\/p>\r\n<p>\u201ePapie\u017c jak czytamy na portalu Radia Maryja &#8211; zach\u0119ca\u0142 do refleksji nad Ewangeli\u0105. Przypomnia\u0142, jak Jezus ocali\u0142 kobiet\u0119 z r\u0105k faryzeuszy i wypowiedzia\u0142 znamienne s\u0142owa: Id\u017a i nie grzesz wi\u0119cej. Papie\u017c doda\u0142, \u017ce te s\u0142owa ka\u017cdy z nas powinien przyj\u0105\u0107 za swoje\u201d.<\/p>\r\n<p>Powo\u0142ywa\u0142 si\u0119 te\u017c na ksi\u0105\u017ck\u0119 kard. Waltera Kaspera o mi\u0142osierdziu gor\u0105co polecaj\u0105c j\u0105 wiernym.<\/p>\r\n<ol start=\"10\">\r\n\t<li><strong>Kard. Walter Kasper: \u201enale\u017cy wy\u015bwieca\u0107 kobiety\u201d<\/strong><\/li>\r\n<\/ol>\r\n<p>Kard. Kasper, wcze\u015bniej bp Kasper g\u0142osi\u0142, za pontyfikatu Jana Paw\u0142a II, tak\u0105 nauk\u0119 o mi\u0142osierdziu Bo\u017cym i usprawiedliwieniu, kt\u00f3ra mia\u0142a zbli\u017cy\u0107 katolik\u00f3w i luteran. Jego teksty uznawane by\u0142y za modernistyczne i niezgodne z prawdami wiary. M\u00f3wi\u0142 si\u0119 o pot\u0119pieniu niekt\u00f3rych jego tez. Sprawa jednak przycich\u0142a, a bp. Kasper zosta\u0142 niespodziewanie kardyna\u0142em. Biskupem zosta\u0142 w 1989 r., a kardyna\u0142em w 2001 r. By\u0142 wsp\u00f3\u0142przewodnicz\u0105cym Katolicko-Lutera\u0144skiej Komisji Promowania Jedno\u015bci Chrze\u015bcijan, a potem prezydentem Papieskiej Rady ds. Popierania Jedno\u015bci Chrze\u015bcijan.<\/p>\r\n<p>Na temat aktywno\u015bci kard. Kaspera w latach osiemdziesi\u0105tych tak pisze \u201eGazeta Wyborcza\u201d: \u201eSensacj\u0105 by\u0142 list duszpasterski biskup\u00f3w z roku 1993 podpisany m.in. przez biskupa Fryburga Oskara Saiera, biskupa Moguncji Karla Lehmanna i kardyna\u0142a Waltera Kaspera, \u00f3wczesnego biskupa Rottenburga-Stuttgartu, w kt\u00f3rym postulowali, aby osoby, kt\u00f3re powt\u00f3rnie zawar\u0142y zwi\u0105zek ma\u0142\u017ce\u0144ski, po dog\u0142\u0119bnym rachunku sumienia same mog\u0142y zadecydowa\u0107, czy chc\u0105 zn\u00f3w przyst\u0119powa\u0107 do komunii\u201d.<\/p>\r\n<p>Kongregacja Doktryny Wiary, na czele kt\u00f3rej sta\u0142 kard. Ratzingera zareagowa\u0142a na to: \u201eW 1994 r. Kongregacja Nauki Wiary opublikowa\u0142a <em>List do biskup\u00f3w Ko\u015bcio\u0142a katolickiego na temat przyjmowania Komunii \u015bw. przez wiernych rozwiedzionych \u017cyj\u0105cych w nowych zwi\u0105zkach<\/em>. Dokument przypomnia\u0142 tradycyjne nauczanie, powo\u0142uj\u0105c si\u0119 na adhortacj\u0119 Jana Paw\u0142a II <em>Familiaris consortio<\/em>. Czytamy w nim, \u017ce <em>Ko\u015bci\u00f3\u0142 wierny s\u0142owu Jezusa Chrystusa, stwierdza, \u017ce nie mo\u017ce uzna\u0107 wa\u017cno\u015bci nowego zwi\u0105zku, je\u015bli poprzednie ma\u0142\u017ce\u0144stwo by\u0142o wa\u017cne. Je\u015bli rozwiedzeni zawarli zwi\u0105zek cywilny, znajduj\u0105 si\u0119 w sytuacji, kt\u00f3ra obiektywnie jest niezgodna z prawem Bo\u017cym i dlatego nie mog\u0105 oni przyst\u0119powa\u0107 do Komunii \u015bw., dop\u00f3ki trwa ta sytuacja<\/em>\u201d.<\/p>\r\n<p>Jak czytamy w katolickim tygodniku \u201eIdziemy\u201d z lutego 2013 r.: \u201eW referacie wyg\u0142oszonym na forum wiosennego zebrania episkopatu Niemiec w Trewirze (odby\u0142o si\u0119 ono 18 lutego 2013 r. &#8211; dop. S. K.) emerytowany przewodnicz\u0105cy Papieskiej Rady ds. Popierania Jedno\u015bci Chrze\u015bcijan postawi\u0142 pytanie, czy <em>w obliczu nowych wyzwa\u0144 <\/em>Ko\u015bci\u00f3\u0142 katolicki nie m\u00f3g\u0142by przewidzie\u0107 sakramentalnego urz\u0119du dla kobiet, kt\u00f3ry <em>mia\u0142by sw\u00f3j w\u0142asny profil<\/em>. Poruszony przez niemieckiego purpurata temat spotka\u0142 si\u0119 z szerokim zainteresowaniem. Jednocze\u015bnie kard. Kasper zach\u0119ci\u0142, aby w tym celu nawi\u0105za\u0107 do tradycji urz\u0119du diakonis, jaki istnia\u0142 ju\u017c w rodz\u0105cym si\u0119 Ko\u015bciele i jest do dzi\u015b kontynuowany w niekt\u00f3rych Ko\u015bcio\u0142ach prawos\u0142awnych tradycji wschodniej. (\u2026) Kobiety powinny by\u0107 dopuszczone do najwy\u017cszych gremi\u00f3w decyduj\u0105cych w Ko\u015bciele &#8211; uwa\u017ca pochodz\u0105cy z Niemiec kardyna\u0142. Zaproponowa\u0142, aby id\u0105c za przyk\u0142adem aposto\u0142\u00f3w <em>w ramach maj\u0105cej nast\u0105pi\u0107 odnowy struktur synodalnych kobiety mog\u0142yby uczestniczy\u0107 w okre\u015blonym stopniu w synodach, w radach duszpasterskich oraz w komisjach<\/em>. (\u2026) R\u00f3wnie\u017c w Watykanie kobiety powinny otrzyma\u0107 wi\u0119ksze kompetencje &#8211; uwa\u017ca kard. Kasper, kt\u00f3ry w latach 199-2010 kierowa\u0142 Papiesk\u0105 Rad\u0105 ds. Popierania Jedno\u015bci Chrze\u015bcijan. Jego zdaniem <em>Kurii Rzymskiej wysz\u0142oby tylko na dobre, gdyby kobiety mog\u0142y wnie\u015b\u0107 sw\u00f3j charyzmat i fachowe kompetencje<\/em>, a ponadto, na p\u0142aszczy\u017anie lokalnej, regionalnej, krajowej i mi\u0119dzynarodowej, mog\u0142yby by\u0107 <em>przedstawicielkami Ko\u015bcio\u0142a w sferze publicznej: np. w dziedzinie kultury, o\u015bwiaty, wychowania, czy medi\u00f3w<\/em>\u201d.<\/p>\r\n<p>A oto opinia kard. Kaspera na temat papie\u017ca Franciszka, z kt\u00f3r\u0105 zapoznajemy si\u0119 z tekstu zamieszczonego na portalu Konferencji Episkopatu Polski: \u201ePapie\u017c Franciszek my\u015bli o Ko\u015bciele pokornym, czyli tak\u017ce szanuj\u0105cym przekonania innych. Wed\u0142ug kard. Kaspera wida\u0107 to by\u0142o w czasie milcz\u0105cego b\u0142ogos\u0142awie\u0144stwa udzielonego dziennikarzom. <em>Oznacza to, \u017ce nie chce on nikogo do niczego zmusza\u0107. Nie jest to jednak rezygnacja z misji. Przeciwnie, jest to prowadzona w dialogu dzia\u0142alno\u015b\u0107 misyjna<\/em> &#8211; podkre\u015bla by\u0142y przewodnicz\u0105cy Papieskiej Rady ds. Popierania Jedno\u015bci Chrze\u015bcijan przypominaj\u0105c, \u017ce dialog jest w\u0142a\u015bnie jednym z warunk\u00f3w misji\u201d.<\/p>\r\n<ol start=\"11\">\r\n\t<li><strong>To nie by\u0142a intronizacja<\/strong><\/li>\r\n<\/ol>\r\n<p><span style=\"font-size: medium;\">Jak czytamy na portalu ekai.pl w dniu 18 marca 2013 r.: \u201e<\/span><em>Rozpocz\u0119cie pos\u0142ugi Piotrowej przez biskupa Rzymu<\/em> &#8211; tak\u0105 nazw\u0119 nosi wtorkowa uroczysto\u015b\u0107 na placu \u015bw. Piotra, podczas kt\u00f3rej papie\u017c Franciszek otrzyma paliusz i pier\u015bcie\u0144 Rybaka &#8211; znaki swej pos\u0142ugi. -Nie jest to intronizacja &#8211; o\u015bwiadczy\u0142 ks. Federico Lombardi, dyrektor Biura Prasowego Stolicy Apostolskiej, kt\u00f3ry poinformowa\u0142 dziennikarzy o planowanym przebiegu uroczysto\u015bci\u201d.<\/p>\r\n<ol start=\"12\">\r\n\t<li><strong>Komunia \u015awi\u0119ta by\u0142a przyjmowana na kolanach<\/strong><\/li>\r\n<\/ol>\r\n<p>Przed papie\u017cem Franciszkiem, tak jak przed papie\u017c Benedyktem XVI, sta\u0142, podczas odprawiania Mszy \u015awi\u0119tej w dniu\u201erozpocz\u0119cie pos\u0142ugi Piotrowej przez biskupa Rzymu\u201d sta\u0142 Krzy\u017c. Papie\u017c odprawia\u0142 zatem Msz\u0119 \u015awi\u0119ta twarz\u0105 do Boga (versus Deum).<\/p>\r\n<p>Papie\u017c udzieli\u0142 Komunii \u015awi\u0119tej tylko kilku osobom w bia\u0142ych szatach. Przed nim nie by\u0142o kl\u0119cznika, ale wszystkie te osoby przyj\u0119\u0142y Komuni\u0119 \u015awi\u0119t\u0105 w postawie kl\u0119cz\u0105cej. Nast\u0119pnie Papie\u017c usiad\u0142. Przed nim postawiono dwa kl\u0119czniki. Stan\u0119li przed nimi dwaj kap\u0142ani, kt\u00f3rzy udzielali Komunii \u015awi\u0119tej. Ustawi\u0142a si\u0119 kolejka. Wszyscy w niej przyst\u0119powali do Komunii \u015awi\u0119tej w pozycji kl\u0119cz\u0105cej, kl\u0119kaj\u0105c na tych kl\u0119cznikach.<\/p>\r\n<p>Po placu rozeszli si\u0119 kap\u0142ani, kt\u00f3rzy udzielali Komunii \u015awi\u0119tej wiernym przez barierki. Tu ju\u017c ludzie przyjmowali ja w r\u00f3\u017cny spos\u00f3b, r\u00f3wnie\u017c na r\u0119k\u0119 i na stoj\u0105co.<\/p>\r\n<ol start=\"13\">\r\n\t<li><strong>\u201eStrzec ka\u017cdego stworzenia\u201d<\/strong><\/li>\r\n<\/ol>\r\n<p>W trakcie tego \u201eRozpocz\u0119cie pos\u0142ugi Piotrowej przez biskupa Rzymu\u201d, w ramach homilii wyg\u0142oszonej podczas Mszy \u015awi\u0119tej Papie\u017c zarysowa\u0142, jak si\u0119 tego spodziewano, podstawy swojego papieskiego programu.<\/p>\r\n<p>Na pocz\u0105tku swojego wyst\u0105pienia powiedzia\u0142, \u017ce to \u201ezbieg okoliczno\u015bci\u201d, \u017ce jego \u201epos\u0142uga Piotrowa\u201d rozpocz\u0119\u0142a si\u0119 w dzie\u0144 \u015bw. J\u00f3zefa.<\/p>\r\n<p>Nast\u0119pnie pozdrawia\u0142 kardyna\u0142\u00f3w, biskup\u00f3w, polityk\u00f3w oraz ko\u015bcio\u0142y i wsp\u00f3lnoty chrze\u015bcija\u0144skie. Pozdrowienia zako\u0144czy\u0142 s\u0142owami: \u201eDzi\u0119kuj\u0119 spo\u0142eczno\u015bci \u017cydowskiej i innym spo\u0142eczno\u015bciom religijnym\u201d.<\/p>\r\n<p>Pierwsz\u0105 cz\u0119\u015b\u0107 swojej homilii Papie\u017c po\u015bwi\u0119ci\u0142 \u015bw. J\u00f3zefowi, okre\u015blaj\u0105c go jako opiekuna Maryi, Chrystusa i Ko\u015bcio\u0142a. Scharakteryzowa\u0142 typ tej opieki stwierdzaj\u0105c, \u017ce by\u0142a ona dokonywana: \u201ez dystansem\u201d, \u201ez pokor\u0105\u201d, \u201ew milczeniu\u201d, \u201ez ca\u0142kowit\u0105 wierno\u015bci\u0105\u201d i z \u201etrosk\u0105\u201d, pozwalaj\u0105c\u0105 na to, by \u201eprowadzi\u0107 si\u0119 Jego wol\u0105\u201d.<\/p>\r\n<p>Taka opieka nie dotyczy tylko, jak stwierdzi\u0142 Ojciec \u015awi\u0119ty, Chrystusa, ale ma \u201ewymiar ludzki\u201d, \u201edotyczy wszystkich\u201d. Chodzi tu r\u00f3wnie\u017c o opiek\u0119 \u201enad pi\u0119knem stworzenia\u201d. To wi\u0119c \u201eszacunek dla ka\u017cdego stworzenia, ludzi, dzieci, kobiet i starc\u00f3w\u201d. To r\u00f3wnie\u017c \u201etroska jeden o drugiego w rodzinie\u201d. Kilkakrotnie powt\u00f3rzy\u0142, \u017ce \u201enale\u017cy si\u0119 troszczy\u0107 o stworzenie i braci\u201d.<\/p>\r\n<p>W drugiej cz\u0119\u015bci homilii wezwa\u0142 wszystkich, by \u201eopiekowali si\u0119\u201d stworzeniem, lud\u017ami, \u201e\u015brodowiskiem naturalnym\u201d. Trzeba tutaj \u201edobroci\u201d, \u201e\u0142agodno\u015bci\u201d, \u201eotwarto\u015bci na bli\u017aniego\u201d.<\/p>\r\n<p>Papie\u017c m\u00f3wi\u0142 te\u017c o obowi\u0105zkach i w\u0142adzy Piotrowej. Zapyta\u0142: \u201eO jak\u0105 w\u0142adz\u0119 Piotrow\u0105 chodzi?\u201d i stwierdzi\u0142: \u201ePa\u015b baranki moje\u201d. To jest s\u0142u\u017cba, kt\u00f3ra jest na\u015bladowaniem \u015bw. J\u00f3zefa &#8211; przyj\u0105\u0107 z mi\u0142o\u015bci\u0105 ca\u0142\u0105 ludzko\u015b\u0107, zw\u0142aszcza biednych. Tego samego dnia Papie\u017c na specjalnym spotkaniu przyj\u0105\u0142 delegacje Ko\u015bcio\u0142\u00f3w i wsp\u00f3lnot chrze\u015bcija\u0144skich oraz innych religii. Przyby\u0142o na nie szesnastu przedstawicieli judaizmu (z Rzymu, Izraela, \u015awiatowego Kongresu \u017byd\u00f3w i Ligi przeciw Znies\u0142awieniu) oraz wielu reprezentant\u00f3w muzu\u0142man\u00f3w, buddyst\u00f3w, sikh\u00f3w i d\u017cinist\u00f3w.<\/p>\r\n<p>&nbsp;<\/p>\r\n<h4><strong>Rozdzia\u0142 IX<\/strong><\/h4>\r\n<p><strong>Dok\u0105d b\u0119dzie zmierza\u0142 Ko\u015bci\u00f3\u0142 pod przewodnictwem papie\u017ca Franciszka?<\/strong><\/p>\r\n<p>Tego nikt nie wie i nikt chyba tego nie b\u0119dzie m\u00f3g\u0142 powiedzie\u0107 w najbli\u017cszym czasie (a by\u0107 mo\u017ce do ko\u0144ca pontyfikatu papie\u017ca z Ameryki Po\u0142udniowej).<\/p>\r\n<p>Papie\u017c Franciszek wydaje si\u0119 by\u0107 nieprzewidywalny i wszystko w trakcie jego pontyfikatu mo\u017ce si\u0119 zdarzy\u0107. W ka\u017cdym momencie mo\u017cliwy jest gwa\u0142towny zwrot Ko\u015bcio\u0142a, a przynajmniej zwrot w my\u015bleniu, priorytetach i kierunkach aktywno\u015bci samego papie\u017ca.<\/p>\r\n<p>Nale\u017cy oczywi\u015bcie bra\u0107 pod uwag\u0119 dzia\u0142anie Ducha \u015awi\u0119tego, kt\u00f3re mo\u017ce wszystko zmieni\u0107, ale logika ludzka wskazuje tu jednoznacznie na pewne kierunki i tendencje.<\/p>\r\n<p>Wydaje si\u0119, \u017ce papie\u017c Franciszek nie b\u0119dzie realizowa\u0142 wi\u0119kszo\u015bci zalece\u0144 \u015bw. Bernarda z Clairvoux i nie b\u0119dzie konsekwentnie kontynuowa\u0142 dzie\u0142a Benedykta XVI. Mo\u017cna zgodzi\u0107 si\u0119 tu (wyj\u0105tkowo) ze Stanis\u0142awem Obirkiem, kt\u00f3ry na \u0142amach \u201eRzeczpospolitej\u201d w dniu 15 marca 2013 r. stwierdzi\u0142, \u017ce pontyfikat papie\u017ca Franciszka b\u0119dzie najprawdopodobniej pontyfikatem \u201eodci\u0119cia si\u0119 od bezpo\u015brednich poprzednik\u00f3w i zaproponowaniem nowego programu\u201d.<\/p>\r\n<p>Ten nowy program nie b\u0119dzie realizacj\u0105 programu \u015bw. Franciszka z Asy\u017cu rozumianego, zgodnie z jego duchem, jako<em> \u201eodbudowanie<\/em> dawnego bezkompromisowego, ofiarnego i wiernego Ewangelii Ko\u015bcio\u0142a\u201d, dzia\u0142anie skupione na obronie doktryny i osi\u0105gni\u0119ciu cel\u00f3w wypraw krzy\u017cowych.<\/p>\r\n<p>Przypomnijmy w tym momencie koncepcj\u0119 Enrico Maria Radaellego, w\u0142oskiego filozofa i teologa, nazywanego uczeniem Romano <em>Amerio,<\/em> kt\u00f3ry sugeruje, \u017ce s\u0105 dzi\u015b w Ko\u015bciele obecne dwa ko\u015bcio\u0142y &#8211; \u201e<em>ko\u015bci\u00f3\u0142<\/em> dogmatu\u201d i \u201e<em>ko\u015bci\u00f3\u0142<\/em> duszpasterstwa\u201d.<\/p>\r\n<p>Przypomnijmy, \u017ce ten pierwszy strze\u017ce, w uj\u0119ciu Radaellego, prawd wiary i je g\u0142osi, sk\u0142aniaj\u0105c wiernych do bezwzgl\u0119dnej wierno\u015bci Chrystusowi we wszystkich porz\u0105dkach, nie toleruje \u017cadnych ust\u0119pstw, nie bierze pod uwag\u0119 tego, \u017ce takie post\u0119powanie mo\u017ce spowodowa\u0107, \u017ce wielu opu\u015bci Ko\u015bci\u00f3\u0142, uznaj\u0105c jego nauk\u0119 za \u201enie\u017cyciow\u0105\u201d i \u201enie do przyj\u0119cia\u201d &#8211; \u201eprzestarza\u0142\u0105\u201d.<\/p>\r\n<p>Przypomnijmy, \u017ce ten drugi uznaje za najwa\u017cniejsze skuteczne duszpasterstwo &#8211; doprowadzenie do tego, by wierni nie opuszczali Ko\u015bcio\u0142a, by by\u0142o ich jak najwi\u0119cej, by \u201eten \u015bwiat\u201d, kt\u00f3remu wierni przecie\u017c te\u017c podlegaj\u0105 i jako\u015b do niego nale\u017c\u0105, by\u0142 nastawiony do Ko\u015bcio\u0142a jak najbardziej pozytywnie.<\/p>\r\n<p>Przypomnijmy jeszcze, \u017ce \u201e<em>ko\u015bci\u00f3\u0142<\/em> duszpasterski\u201d, jak twierdzi Radaelli, idzie na liczne ust\u0119pstwa wobec tego \u015bwiata, akcentuje przede wszystkim to, co spotyka si\u0119 z akceptacj\u0105 \u015bwieckich, stara si\u0119 by\u0107 \u201enowoczesny\u201d.<\/p>\r\n<p>Ujmuj\u0105c w takiej perspektywie problem, trzeba by powiedzie\u0107, \u017ce papie\u017c Franciszek jawi si\u0119 jako kto\u015b, kto funkcjonuje w spos\u00f3b do\u015b\u0107 specyficzny i zaskakuj\u0105cy na obrze\u017cach \u201e<em>Ko\u015bci\u00f3\u0142a<\/em> duszpasterskiego\u201d.<\/p>\r\n<p>Wydaje si\u0119, \u017ce Bergoglio zawsze (jako kap\u0142an, biskup, kardyna\u0142) mia\u0142 dusz\u0119 i mentalno\u015b\u0107 nie tyle ewangelizatora, co misjonarza, kt\u00f3ry idzie do pogan o prymitywnej kulturze (np. dzikich w d\u017cungli), by g\u0142osi\u0107 im Ewangeli\u0119, nawr\u00f3ci\u0107 ich i przekaza\u0107 im podstawow\u0105 formacj\u0119 chrze\u015bcija\u0144sk\u0105.<\/p>\r\n<p>Misjonarz taki m\u00f3wi tylko o tym, jak Chrystus kocha cz\u0142owieka oraz opiekuje si\u0119 nim i nie pr\u00f3buje zbyt radykalnie wkracza\u0107 w \u017cycie pogan, by ich nie zniech\u0119ci\u0107.<\/p>\r\n<p>Misjonarz taki wszystko podporz\u0105dkowuje swojej misjonarskiej skuteczno\u015bci i dostosowuje do mentalno\u015bci tych, kt\u00f3rych nawraca, staraj\u0105c si\u0119, by to, co g\u0142osi i czyni by\u0142o dla nich jak najbardziej poci\u0105gaj\u0105ce.<\/p>\r\n<p>W zwi\u0105zku z tym traktuje liturgi\u0119 dosy\u0107 swobodnie, wprowadzaj\u0105c do niej liczne zewn\u0119trzne (atrakcyjne) elementy, jest otwarty na wszelkie religie, kulty i wyznania, kt\u00f3re napotyka (nikogo nie obra\u017ca, wszystkich i wszystko szanuje), co powoduje (bo musi powodowa\u0107), \u017ce nie prezentuje doktryny w jej podstawowym dogmatycznym wymiarze i jako\u015b od niej abstrahuje.<\/p>\r\n<p>Misjonarz taki zdaje sobie jednak spraw\u0119 z tego, \u017ce nie wystarczy otworzy\u0107 pogan na Chrystusa, ale trzeba ich te\u017c sk\u0142oni\u0107 do \u017cycia po chrze\u015bcija\u0144sku i to w spos\u00f3b konsekwentny. Akcentuje wi\u0119c mocno podstawowe chrze\u015bcija\u0144skie rozstrzygni\u0119cia w porz\u0105dku moralnym, a zatem ostro staje w obronie tradycyjnej rodziny, \u017cycia nienarodzonych i jednoznacznie wypowiada si\u0119 na temat homoseksualizmu, in vitro i eutanazji.<\/p>\r\n<p>Misjonarz taki wreszcie przyjmuje opcj\u0119 ubogich i g\u0142osi takie koncepcje, kt\u00f3re poci\u0105gaj\u0105 za sob\u0105 ich obron\u0119 i opiek\u0119 nad nimi, poniewa\u017c ci, kt\u00f3rych chce nawr\u00f3ci\u0107 s\u0105, z regu\u0142y, ubodzy.<\/p>\r\n<p>Na spotkaniu papie\u017ca Franciszka z mediami, kt\u00f3re odby\u0142o si\u0119 rano w dniu 16 marca 2013 r., zaprezentowa\u0142 on w kilku punktach sw\u00f3j program, odwo\u0142uj\u0105c si\u0119 do \u015bw. Franciszka z Asy\u017cu. Program ten mo\u017cna odda\u0107 za pomoc\u0105 trzech hase\u0142: biedni, pok\u00f3j na \u015bwiecie, ekologia (papie\u017c wspomnia\u0142 o franciszka\u0144skim podej\u015bciu do Bo\u017cych stworze\u0144). Niejako przy okazji zasygnalizowa\u0142, \u017ce nie zamierza dokonywa\u0107 w Ko\u015bciele \u017cadnej reformy (stwierdzaj\u0105c, \u017ce imi\u0119 Hadrian by mu nie pasowa\u0142o; wszystko wskazuje na to, \u017ce chodzi\u0142o mu o Hadriana VI, kt\u00f3ry zamierza\u0142 zreformowa\u0107 Ko\u015bci\u00f3\u0142 w duchu Ewangelii).<\/p>\r\n<p>W tym programie najwa\u017cniejszym punktem sta\u0142o si\u0119, si\u0142\u0105 rzeczy, odniesienie do biednych, kt\u00f3rym trzeba pom\u00f3c, tak duchowo (doprowadzi\u0107 ich do Chrystusa), jak i materialnie.<\/p>\r\n<p>Wydaje si\u0119, \u017ce w tym kontek\u015bcie nale\u017cy przyzna\u0107 racj\u0119 watykanistom, kt\u00f3rzy starali si\u0119 wyja\u015bni\u0107, jak to si\u0119 sta\u0142o, \u017ce to w\u0142a\u015bnie kard. Bergoglio zosta\u0142 papie\u017cem.<\/p>\r\n<p>Twierdz\u0105 oni (a przynajmniej wielu z nich), \u017ce w pierwszym dniu konklawe by\u0142o dw\u00f3ch powa\u017cnych kandydat\u00f3w: kard. Scola i kard. Scherer. Pierwszy by\u0142 kandydatem Benedykta XVI i \u201eratzingerowc\u00f3w\u201d oraz Kurii Rzymskiej (nie zamierza\u0142 w spos\u00f3b zdecydowany dokonywa\u0107 w niej istotnych zmian). Drugi by\u0142 kandydatem tych, kt\u00f3rzy chcieli g\u0142\u0119bokich zmian w samym Watykanie.<\/p>\r\n<p>W drugim dniu konklawe kardyna\u0142owie, zdaniem watykanist\u00f3w, doszli do wniosku, \u017ce pomi\u0119dzy zwolennikami kard. Scoli i kard. Scherera panuje tak trwa\u0142a r\u00f3wnowaga, \u017ce obaj nie maj\u0105 szansy. Zacz\u0119to zatem szuka\u0107 kardyna\u0142a, na kt\u00f3rego zgodzi\u0142yby si\u0119 obie strony. Wybrano kard. Bergoglio z kilku powod\u00f3w. Mia\u0142 du\u017c\u0105 szans\u0119, bo i spore poparcie (jak wskazywa\u0142o poprzednie konklawe w 2005 r.). Dla \u201eraztzingerowc\u00f3w\u201d by\u0142 do przyj\u0119cia ze wzgl\u0119du na jego konserwatyzm w perspektywie moralnej. Dla zwolennik\u00f3w g\u0142\u0119bokich reform Kurii Rzymskiej by\u0142 do przyj\u0119cia, bo by\u0142 zwolennikiem takich reform. Dla kardyna\u0142\u00f3w Kurii Rzymskiej i kardyna\u0142\u00f3w zwi\u0105zanych z nimi by\u0142 do przyj\u0119cia, poniewa\u017c zak\u0142adali, \u017ce Kurii Rzymskiej nie zreformuje, bo si\u0119 na tym nie zna, bo co innego go interesuje.<\/p>\r\n<p>Obie strony zak\u0142ada\u0142y, jak si\u0119 wydaje, \u017ce Duch \u015awi\u0119ty i Kuria Rzymska nie dopuszcz\u0105 do tego, by jako papie\u017c przekroczy\u0142 pewne granice, tak w perspektywie liturgii, jak i w perspektywie ekumenizmu i dialogu mi\u0119dzyreligijnego oraz, oczywi\u015bcie, w perspektywie d\u0105\u017cenia doprowadzenia Ko\u015bcio\u0142a do ub\u00f3stwa.<\/p>\r\n<p>Najbardziej prawdopodobny scenariusz dotycz\u0105cy najbli\u017cszych lat Ko\u015bcio\u0142a wydaje si\u0119 by\u0107 taki, \u017ce nic w tym Ko\u015bciele si\u0119 nie zmieni i \u017cadne podstawowe i istotne (w tym r\u00f3wnie\u017c organizacyjne) problemy nie zostan\u0105 rozstrzygni\u0119te, a akcent zostanie po\u0142o\u017cony na skuteczne duszpasterstwo (i misje), ze szczeg\u00f3lnym uwzgl\u0119dnieniem ubogich i to chyba g\u0142\u00f3wnie z innych ni\u017c Europa kontynent\u00f3w.<\/p>\r\n<p>Wydaje si\u0119, \u017ce papie\u017c Franciszek b\u0119dzie si\u0119 zachowywa\u0142 tak, jak papie\u017c Jan Pawe\u0142 II, ale b\u0119dzie jeszcze bardziej bezpo\u015bredni i niekonwencjonalny. Jeszcze bardziej b\u0119dzie zbli\u017ca\u0142 si\u0119, i to osobi\u015bcie, do ludzi, przede wszystkim ubogich i wchodzi\u0142 w wiele pozytywnych relacji z \u201etym \u015bwiatem\u201d oraz innymi wyznaniami i religiami.<\/p>\r\n<p>Wydaje si\u0119, \u017ce kardyna\u0142owie zak\u0142adali, \u017ce b\u0119dzie to kr\u00f3tki i \u201eprzej\u015bciowy\u201d pontyfikat bez wielkich zmian i wstrz\u0105s\u00f3w. Trudno wskazywa\u0107 na powody przyj\u0119cia takiego przekonania, bo przecie\u017c papie\u017c Franciszek mo\u017ce \u017cy\u0107 jeszcze d\u0142ugo, a i nie wida\u0107 jakich\u015b stuprocentowych gwarancji, \u017ce b\u0119dzie realizowa\u0142 taki w\u0142a\u015bnie scenariusz.<\/p>\r\n<p>Jakie inne scenariusze mog\u0105 by\u0107 realizowane? Zale\u017cy to od tego, co si\u0119 stanie w czterech porz\u0105dkach.<\/p>\r\n<p>Po pierwsze, zale\u017cy to od tego, jak rozwinie si\u0119 kwestia oceny udzia\u0142u kard. Bergoglio w wydarzeniach maj\u0105cych miejsce w czasie rz\u0105d\u00f3w w Argentynie junty wojskowej. Antykatolickie o\u015brodki zrobi\u0105 wszystko, jak si\u0119 wydaje, by udowodni\u0107, \u017ce Bergoglio, jako prowincja\u0142 jezuit\u00f3w ponosi wsp\u00f3\u0142odpowiedzialno\u015b\u0107 za \u0142amanie przez ni\u0105 prawa i pope\u0142nione przez ni\u0105 zbrodnie, \u017ce by\u0142 jej zwolennikiem, \u017ce by\u0142 uwik\u0142any w podejmowane przez ni\u0105 dzia\u0142ania.<\/p>\r\n<p>Mog\u0105 pojawi\u0107 si\u0119 w zwi\u0105zku z tym jakie\u015b nieznane dot\u0105d dokumenty lub \u201edokumenty\u201d (fa\u0142szywki).<\/p>\r\n<p>Mog\u0105 te\u017c pojawi\u0107 si\u0119 \u015bwiadkowie lub \u201e\u015bwiadkowie\u201d (ustawieni odpowiednio krzywoprzysi\u0119zcy).<\/p>\r\n<p>Wszystko to mo\u017ce si\u0119 sko\u0144czy\u0107 wielkim skandalem, kt\u00f3ry w taki czy inny spos\u00f3b, w takiej czy innej mierze, b\u0119dzie rzutowa\u0142 na ca\u0142y Ko\u015bci\u00f3\u0142.<\/p>\r\n<p>Po drugie, w Ko\u015bciele mo\u017ce pojawi\u0107 si\u0119 ostry ferment zwi\u0105zany z jednoznacznymi i bardzo mocnymi wypowiedziami i dzia\u0142aniami papie\u017ca Franciszka w perspektywie moralnej. Ojciec \u015awi\u0119ty mo\u017ce przecie\u017c zaktywizowa\u0107 si\u0119, i to w radykalny spos\u00f3b, w tej perspektywie.<\/p>\r\n<p>Mo\u017ce zacz\u0105\u0107 stawia\u0107 na ostrzu no\u017ca kwestie aborcji, zwi\u0105zk\u00f3w homoseksualnych, antykoncepcji, in vitro, eutanazji. To mo\u017ce, z kolei, zaktywizowa\u0107 modernist\u00f3w, wywo\u0142a\u0107 takie ich oburzenie, kt\u00f3re zaowocuje jawn\u0105 schizm\u0105 &#8211; oderwaniem si\u0119 od Rzymu np. ko\u015bcio\u0142\u00f3w we Francji czy w Niemczech.<\/p>\r\n<p>A mo\u017ce dobrze by by\u0142o, gdyby tak si\u0119 sta\u0142o?<\/p>\r\n<p>Wydaje si\u0119 jednak, \u017ce tak si\u0119 nie stanie, \u017ce Papie\u017c nie b\u0119dzie stawia\u0142 mocnych akcent\u00f3w w tej perspektywie. Pierwsze dni pontyfikatu ujawni\u0142y, \u017ce Ojcu \u015awi\u0119temu bardzo zale\u017cy na dobrych relacjach ze \u015bwiatem, dla kt\u00f3rego te kwestie s\u0105 podstawowe.<\/p>\r\n<p>Po trzecie, w Ko\u015bciele mo\u017ce pojawi\u0107 si\u0119 ostry ferment zwi\u0105zany z bardziej liberalnymi wypowiedziami i dzia\u0142aniami papie\u017ca Franciszka w perspektywie liturgii, ekumenizmu i dialogu mi\u0119dzyreligijnego. Sta\u0142oby si\u0119 tak, gdyby zacz\u0105\u0142 by\u0107 w tej perspektywie szczeg\u00f3lnie aktywny i to na spos\u00f3b, kt\u00f3ry by\u0142 w\u0142a\u015bciwy dla niego jako dla kardyna\u0142a. Wielu wiernych mo\u017ce wtedy szuka\u0107 ucieczki w Bractwie \u015bw. Piusa X, ale mog\u0142oby to si\u0119 sko\u0144czy\u0107 r\u00f3wnie\u017c schizm\u0105.<\/p>\r\n<p>Mo\u017ce by\u0107 r\u00f3wnie\u017c i tak, \u017ce wszystkie wspomniane wy\u017cej zjawiska wyst\u0105pi\u0105 naraz, \u017ce \u015bwiat b\u0119dzie oskar\u017ca\u0142 Ojca \u015awi\u0119tego o najwi\u0119ksze zbrodnie, a Ko\u015bcio\u0142em b\u0119dzie wstrz\u0105sa\u0107 schizma, i modernistyczna, i konserwatywna.<\/p>\r\n<p>Po czwarte, mog\u0105 zosta\u0107 zrealizowane r\u00f3\u017cne bardziej czarne scenariusze, o kt\u00f3rych nawet boj\u0119 si\u0119 pisa\u0107.<\/p>\r\n<p>Warto jeszcze zwr\u00f3ci\u0107 uwag\u0119 na inne problemy, kt\u00f3re mog\u0105 si\u0119 zrodzi\u0107 w zwi\u0105zku z zachowaniem papie\u017ca Franciszka.<\/p>\r\n<p>Warto tu przytoczy\u0107 nast\u0119puj\u0105ce celne uwagi Bart\u0142omieja Gajosa na portalu konserwatyzm.pl: \u015awi\u0119ty Jozafat Kuncewicz, arcybiskup po\u0142ocki, zamordowany przez schizmatyk\u00f3w w 1623 roku, oddawa\u0142 si\u0119 ascezie rezygnuj\u0105c z wielu dogodno\u015bci w\u0142a\u015bciwych \u017cyciu metropolity. Robi\u0142 to jednak w ukryciu, nie obnosz\u0105c si\u0119 z tym. Nosz\u0105c w\u0142osiennic\u0119, nie \u015bci\u0105ga\u0142 bogato zdobionych szat biskupich. Nie mieszka\u0142 w drewnianej chacie, ale w pa\u0142acu arcybiskupim. Godzi\u0142 osobiste ub\u00f3stwo z dostoje\u0144stwem sprawowanego urz\u0119du. Podobnie \u015bwi\u0119ty Pius X, kt\u00f3ry wywodzi\u0142 si\u0119 z ludu, z rodziny, kt\u00f3rej ub\u00f3stwo by\u0142o o wiele wi\u0119ksze ni\u017c ub\u00f3stwo dzisiejszych biedak\u00f3w. Gdy dost\u0119powa\u0142 kolejnych godno\u015bci ko\u015bcielnych nigdy nie zapomina\u0142 o biednych ofiaruj\u0105c im swoje dochody, zapo\u017cyczaj\u0105c si\u0119 na ich edukacj\u0119 czy buduj\u0105c dla nich szko\u0142y i internaty. Nigdy jednak nie rozci\u0105ga\u0142 ub\u00f3stwa na powag\u0119 urz\u0119du biskupa, patriarchy czy wreszcie papie\u017ca. Nie rezygnowa\u0142 z barokowych szat liturgicznych, z rozbudowanego ceremonia\u0142u papieskiego i z honor\u00f3w temu w\u0142a\u015bciwych, a jednak osobi\u015bcie pozosta\u0142 biedny rozdaj\u0105c wszystko tym, spo\u015br\u00f3d kt\u00f3rych si\u0119 wywodzi\u0142. Biedak \u015bw. Pius i rzymski arystokrata Pius XII pos\u0142ugiwali si\u0119 tym samym ceremonia\u0142em i odbierali te same honory, chocia\u017c wywodzili si\u0119 z zupe\u0142nie innych warstw spo\u0142ecznych. Obaj rozumieli, \u017ce hierarchia i \u0142ad, w kt\u00f3rych ka\u017cdy zajmuje stosowne miejsce s\u0105 wa\u017cniejsze ni\u017c poprawa z\u0142ej sytuacji materialnej\u201d.<\/p>\r\n<p>Warto te\u017c przytoczy\u0107 nast\u0119puj\u0105c\u0105 jego wypowied\u017a: \u201eW jakiej sytuacji znajd\u0105 si\u0119 lokalne episkopaty, kler i organizacje katolickie, kiedy liberalne media wypowiedz\u0105 im wojn\u0119 za to, \u017ce nie realizuj\u0105 programu ubogiego Ko\u015bcio\u0142a papie\u017ca Franciszka? Mam na my\u015bli zw\u0142aszcza te kraje, gdzie Ko\u015bci\u00f3\u0142 katolicki ma pewne przywileje i nadal mocn\u0105 pozycj\u0119, czyli tak\u017ce nasz kraj. Nie trudno sobie wyobrazi\u0107 jak wielk\u0105 b\u0119dzie to po\u017cywk\u0105 dla prymitywnych antykleryka\u0142\u00f3w, dla kt\u00f3rych bogactwo Ko\u015bcio\u0142a jest Jego najwi\u0119kszym grzechem. Strach pomy\u015ble\u0107 jakie b\u0119d\u0105 rezultaty takiej antykatolickiej nagonki, z kt\u00f3r\u0105 trzeba si\u0119 niestety liczy\u0107\u201d.<\/p>\r\n<p>No w\u0142a\u015bnie czy jutro lewicowe media i dzia\u0142acze ruchu Palikota nie b\u0119d\u0105 namawia\u0107 wiernych, by \u201ena\u015bladuj\u0105c Franciszka\u201d ogo\u0142ocili \u201eze sreber\u201d Jasna G\u00f3r\u0119?<\/p>\r\n<p>Kard. Bergoglio by\u0142 zdecydowanym zwolennikiem kolegialno\u015bci w Ko\u015bciele, zwolennikiem znacznego os\u0142abienia pozycji papie\u017ca. Wydaje si\u0119, \u017ce jako papie\u017c (jest troch\u0119 znak\u00f3w, kt\u00f3re by na to wskazywa\u0142y) zamierza by\u0107 konsekwentny w tej perspektywie. Je\u015bli by tak by\u0142o, je\u015bli nie robi\u0142by niczego \u201ena w\u0142asn\u0105 r\u0119k\u0119\u201d, ale oczekiwa\u0142 wsparcia kardyna\u0142\u00f3w i biskup\u00f3w, doprowadzi\u0142oby to do tego, \u017ce sytuacja by\u0142aby stabilna i \u017cadne istotne zmiany by nie zasz\u0142y oraz nie nast\u0105pi\u0142yby \u017cadne wielkie wstrz\u0105sy za jego pontyfikatu.<\/p>\r\n<p>Pozostaje ostatni wa\u017cny problem: co my katolicy, staraj\u0105cy si\u0119 zachowywa\u0107 wierno\u015b\u0107 Chrystusowi i Ko\u015bcio\u0142owi mamy robi\u0107, jak zachowywa\u0107 si\u0119, gdy przyjdzie do realizacji jednego z wy\u017cej przedstawionych scenariuszy?<\/p>\r\n<p>Mo\u017cna by powiedzie\u0107, \u017ce przez najbli\u017csze lata b\u0119dziemy si\u0119 czu\u0107 w Ko\u015bciele troch\u0119 jak na czynnym wulkanie, kt\u00f3ry mo\u017ce w ka\u017cdej chwili wybuchn\u0105\u0107 i nie wiadomo, jakie b\u0119d\u0105 tego skutki.<\/p>\r\n<p>W pierwszym rz\u0119dzie trzeba si\u0119 modli\u0107 o to, by wszystko dzia\u0142o si\u0119 w zgodzie z wol\u0105 Chrystusa i by to Duch \u015awi\u0119ty faktycznie kierowa\u0142 Ko\u015bcio\u0142em.<\/p>\r\n<p>Sama jednak modlitwa nie wystarczy.<\/p>\r\n<p>Potrzeba nam gwa\u0142townie szczeg\u00f3lnego, prawid\u0142owego, a zatem opartego na Pi\u015bmie \u015awi\u0119tym, nauce Ko\u015bcio\u0142a i Tradycji uwra\u017cliwienia naszych katolickich sumie\u0144, uwra\u017cliwienia nie tylko w perspektywie moralnej, ale r\u00f3wnie\u017c (powiedzmy wprost: przede wszystkim) w perspektywie doktryny, aby\u015bmy, niezale\u017cnie od tego, co si\u0119 stanie, nie zagubili si\u0119, zawsze wiedzieli, po kt\u00f3rej stronie stan\u0105\u0107 &#8211; do czego wzywa nas Chrystus i gdzie kieruje nas nauka Ko\u015bcio\u0142a i Tradycja.<\/p>\r\n<p>Potrzeba nam r\u00f3wnie\u017c wewn\u0105trzko\u015bcielnej aktywno\u015bci, by\u015bmy byli w Ko\u015bciele tymi, kt\u00f3rzy chroni\u0105 jego to\u017csamo\u015b\u0107, kt\u00f3rzy chroni\u0105 prawdy wiary i czuwaj\u0105 na kierunkami, b\u0119d\u0105cymi kierunkami samego Chrystusa i rozstrzygni\u0119ciami, kt\u00f3re podpowiada nam B\u00f3g (poprzez nasze katolickie sumienia).<\/p>\r\n<p>Potrzeba nam Chrystusowej \u017carliwo\u015bci i prawdziwego heroizmu, gor\u0105cej mi\u0142o\u015bci do Boga i wierno\u015bci oraz pos\u0142usze\u0144stwa naszej Kr\u00f3lowej, Kr\u00f3lowej Polski, Matce Bo\u017cej.<\/p>\r\n<p>&nbsp;<\/p>\r\n<h4><strong>Rozdzia\u0142 X<\/strong><\/h4>\r\n<p><strong>Biskup Rzymu, misjonarz, kaznodzieja<\/strong><\/p>\r\n<p>W poprzednim rozdziale napisa\u0142em: \u201eKard. Bergoglio by\u0142 zdecydowanym zwolennikiem kolegialno\u015bci w Ko\u015bciele, zwolennikiem znacznego os\u0142abienia pozycji papie\u017ca. Wydaje si\u0119, \u017ce jako papie\u017c (jest troch\u0119 znak\u00f3w, kt\u00f3re by na to wskazywa\u0142y) zamierza by\u0107 konsekwentny w tej perspektywie. Je\u015bli by tak by\u0142o, je\u015bli nie robi\u0142by niczego \u201ena w\u0142asn\u0105 r\u0119k\u0119\u201d, ale oczekiwa\u0142 wsparcia kardyna\u0142\u00f3w i biskup\u00f3w, doprowadzi\u0142oby to do tego, \u017ce sytuacja by\u0142aby stabilna i \u017cadne istotne zmiany by nie zasz\u0142y oraz nie nast\u0105pi\u0142yby \u017cadne wielkie wstrz\u0105sy za jego pontyfikatu\u201d.<\/p>\r\n<p>Powy\u017csze zdania napisa\u0142em w dniu 15 marca 2013 r. Dzi\u015b w dniu 19 marca, po po\u0142udniu, ju\u017c bym ich nie napisa\u0142. Wyrazi\u0142bym si\u0119 zupe\u0142nie inaczej. Dlaczego? Poniewa\u017c wreszcie po\u0142\u0105czy\u0142em w jedna ca\u0142o\u015b\u0107 r\u00f3\u017cne gesty i wypowiedzi papie\u017ca Franciszka i wys\u0142ucha\u0142em jego homilii, kt\u00f3ra wszyscy okre\u015blali jako \u201eprogramow\u0105\u201d<\/p>\r\n<p>Przed uroczysto\u015bciami, kt\u00f3re mia\u0142y miejsce 19 marca 2013 r., kt\u00f3re oficjalnie nazwano \u201eRozpocz\u0119ciem pos\u0142ugi Piotrowej przez biskupa Rzymu\u201d korespondentka z Rzymu jednej ze stacji telewizyjnych powiedzia\u0142a: \u201ePapie\u017c ani razy nie nazwa\u0142 siebie papie\u017cem\u201d. Wydaje si\u0119 to by\u0107 prawd\u0105. W pierwszych swoich s\u0142owach okre\u015bli\u0142 siebie jako \u201ebiskupa Rzymu\u201d. Poprzedniego Papie\u017ca, Benedykta XVI tez nazwa\u0142 \u201ebiskupem Rzymu\u201d. Potem powtarza\u0142 to okre\u015blenie i unika\u0142 s\u0142owa papie\u017c. U\u017cy\u0142 go dwa czy trzy razy, ale bez odniesienia do kogokolwiek.<\/p>\r\n<p>W przem\u00f3wieniu do kardyna\u0142\u00f3w u\u017cy\u0142 tytu\u0142u \u201eOjciec \u015awi\u0119ty\u201d.<\/p>\r\n<p>Jakie jednak znaczenie mu nada\u0142?<\/p>\r\n<p>Powiedzia\u0142: \u201eDrodzy Bracia Kardyna\u0142owie! Nasze obecne spotkanie pragnie by\u0107 jakim\u015b przed\u0142u\u017ceniem intensywnej komunii ko\u015bcielnej do\u015bwiadczanej w tym okresie. O\u017cywieni g\u0142\u0119bokim poczuciem odpowiedzialno\u015bci i wspierani przez wielk\u0105 mi\u0142o\u015b\u0107 do Chrystusa i do Ko\u015bcio\u0142a modlili\u015bmy si\u0119 razem, <strong>dziel\u0105c po bratersku nasze uczucia<\/strong>, nasze do\u015bwiadczenia i przemy\u015blenia. W tym klimacie wielkiej serdeczno\u015bci wzros\u0142o nasze wzajemne poznanie i otwarcie jednych na drugich, i to dobrze<strong>, bo jeste\u015bmy bra\u0107mi<\/strong>. Kto\u015b mi powiedzia\u0142: <strong>kardyna\u0142owie s\u0105 ksi\u0119\u017cmi Ojca \u015awi\u0119tego. Ale jeste\u015bmy t\u0105 wsp\u00f3lnot\u0105, przyjaci\u00f3\u0142mi, bliskimi sobie, co wszystkim nam dobrze uczyni<\/strong>. To wzajemne poznanie, otwarcie jednych na drugich u\u0142atwi\u0142y nam pos\u0142usze\u0144stwo wobec dzia\u0142ania Ducha \u015awi\u0119tego. (\u2026) <strong>Wychodz\u0105c w\u0142a\u015bnie od autentycznej kolegialnej mi\u0142o\u015bci jednocz\u0105cej Kolegium Kardynalskie<\/strong>, wyra\u017cam wol\u0119 s\u0142u\u017cenia Ewangelii z odnowion\u0105 mi\u0142o\u015bci\u0105, pomagaj\u0105c Ko\u015bcio\u0142owi, by stawa\u0142 si\u0119 coraz bardziej w Chrystusie i z Chrystusem owocuj\u0105c\u0105 winnic\u0105 Pa\u0144sk\u0105. Pobudzeni tak\u017ce obchodami Roku Wiary, <strong>wszyscy razem, pasterze i wierni, b\u0119dziemy usi\u0142owa\u0107, by wiernie odpowiedzie\u0107 na odwieczn\u0105 misj\u0119<\/strong>: niesienia Jezusa Chrystusa cz\u0142owiekowi i prowadzenia cz\u0142owieka na spotkanie z Jezusem Chrystusem, Drog\u0105, Prawd\u0105 i \u0179yciem, rzeczywi\u015bcie obecnym w Ko\u015bciele i wsp\u00f3\u0142czesnym wobec ka\u017cdego cz\u0142owieka\u201d (podkre\u015blenia &#8211; S. K.)<\/p>\r\n<p>W swojej \u201eprogramowej\u201d homilii w dniu uroczysto\u015bci \u201eRozpocz\u0119cia pos\u0142ugi Piotrowej przez biskupa Rzymu\u201d nie przyr\u00f3wna\u0142 si\u0119 nawet do \u015bw. Piotra. Przyr\u00f3wna\u0142 si\u0119 natomiast do \u015bw. J\u00f3zefa, kt\u00f3ry tylko opiekuje si\u0119 Ko\u015bcio\u0142em: \u201ez dystansem\u201d, \u201ez pokor\u0105\u201d, \u201ew milczeniu\u201d, z \u201e\u0142agodno\u015bci\u0105\u201d, \u201eotwarto\u015bci\u0105 na bli\u017aniego\u201d. \u015aw. J\u00f3zef jest przedstawiony, jako ten, kt\u00f3ry \u201etylko towarzyszy Ko\u015bcio\u0142owi\u201d. I taki ma by\u0107 papie\u017c.<\/p>\r\n<p>Ojciec \u015awi\u0119ty m\u00f3wi o tym wprost: \u201eDzisiaj wraz z uroczysto\u015bci\u0105 \u015bwi\u0119tego J\u00f3zefa obchodzimy pocz\u0105tek <strong>pos\u0142ugi nowego Biskupa<\/strong> Rzymu, Nast\u0119pcy Piotra, kt\u00f3ra <strong>poci\u0105ga za sob\u0105 tak\u017ce pewn\u0105 w\u0142ad<\/strong>z\u0119. Oczywi\u015bcie, Jezus Chrystus da\u0142 w\u0142adz\u0119 Piotrowi, ale <strong>o jak\u0105 w\u0142adz\u0119 chodzi? <\/strong>Po potr\u00f3jnym pytaniu Jezusa do Piotra o mi\u0142o\u015b\u0107, nast\u0119puje potr\u00f3jne zaproszenie: Pa\u015b baranki moje, pa\u015b owce moje. Nigdy nie zapominajmy, \u017ce <strong>prawdziw\u0105 w\u0142adz\u0105 jest s\u0142u\u017cba<\/strong> i \u017ce tak\u017ce papie\u017c, by wype\u0142nia\u0107 w\u0142adz\u0119 <strong>musi coraz bardziej wchodzi\u0107 w t\u0119 pos\u0142ug\u0119<\/strong>, kt\u00f3ra ma sw\u00f3j \u015bwietlisty szczyt na krzy\u017cu, <strong>musi spogl\u0105da\u0107 na pokorn\u0105, konkretn\u0105, pe\u0142n\u0105 wiary pos\u0142ug\u0119 \u015bw. J\u00f3zefa<\/strong> i tak jak on otwiera\u0107 ramiona, aby strzec ca\u0142ego Ludu Bo\u017cego i przyj\u0105\u0107 z mi\u0142o\u015bci\u0105 i czu\u0142o\u015bci\u0105 ca\u0142\u0105 ludzko\u015b\u0107, zw\u0142aszcza najubo\u017cszych, najs\u0142abszych, najmniejszych, tych kt\u00f3rych \u015bw. Mateusz opisuje w s\u0105dzie ostatecznym z mi\u0142o\u015bci: g\u0142odnych, spragnionych, przybysz\u00f3w, nagich, chorych, w wi\u0119zieniu (por. Mt 25, 31-46). Tylko ten, kto s\u0142u\u017cy z mi\u0142o\u015bci\u0105 potrafi strzec! (\u2026) Strzec Jezusa wraz z Maryj\u0105, strzec ca\u0142ego stworzenia, strzec ka\u017cdej osoby, zw\u0142aszcza najubo\u017cszej, strzec nas samych: <strong>to w\u0142a\u015bnie jest pos\u0142uga, do kt\u00f3rej wype\u0142niania powo\u0142any jest Biskup Rzymu, ale do kt\u00f3rej wezwani jeste\u015bmy wszyscy<\/strong>, aby zaja\u015bnia\u0142a gwiazda nadziei: Strze\u017cmy z mi\u0142o\u015bci\u0105 tego, czym B\u00f3g nas obdarzy\u0142! (podkre\u015blenia &#8211; S. K.).<\/p>\r\n<p>Ojciec \u015awi\u0119ty charakteryzuje obowi\u0105zki ka\u017cdego chrze\u015bcijanina i w spos\u00f3b bardzo wyra\u017any sugeruje, \u017ce to b\u0119d\u0105 jego zadania jako \u201ebiskupa Rzymy\u201d.<\/p>\r\n<p>Nie ma tu w og\u00f3le mowy o realizacji tych obowi\u0105zkach papie\u017ca, kt\u00f3re zwi\u0105zane s\u0105 z tym faktem, \u017ce jest Zast\u0119pc\u0105 Chrystusa na ziemi.<\/p>\r\n<p>Nie ma mowy o realizacji tych obowi\u0105zk\u00f3w papie\u017ca, kt\u00f3re okre\u015bla \u015bw. Bernard z Clairvoux.<\/p>\r\n<p>Zaczynam odczuwa\u0107 niepok\u00f3j: czy to nie jest za blisko koncyliaryzmu?<\/p>\r\n<p>W \u201eKatechizmie Ko\u015bcio\u0142a Katolickiego\u201d w punkcie 882 czytamy:<em> Papie\u017c<\/em>, Biskup Rzymu i nast\u0119pca \u015bw. Piotra, jest <em>trwa\u0142ym i widzialnym \u017ar\u00f3d\u0142em i fundamentem jedno\u015bci zar\u00f3wno biskup\u00f3w, jak rzeszy wiernych<\/em>. <em>Biskup Rzymski z racji swego urz\u0119du, mianowicie urz\u0119du Zast\u0119pcy Chrystusa i Pasterza ca\u0142ego Ko\u015bcio\u0142a, ma pe\u0142n\u0105, najwy\u017csz\u0105 i powszechn\u0105 w\u0142adz\u0119 nad Ko\u015bcio\u0142em i w\u0142adz\u0119 t\u0119 zawsze ma prawo wykonywa\u0107 w spos\u00f3b nieskr\u0119powany<\/em>\u201d.<\/p>\r\n<p>S\u0105 to cytaty z Konstytucji soborowej &#8211; Konstytucji dogmatycznej o Ko\u015bciele \u201eLumen gentium\u201d. W konstytucji tej czytamy r\u00f3wnie\u017c: : \u201eJednego tylko Piotra wyznaczy\u0142 Pan na Opok\u0119 i Klucznika Ko\u015bcio\u0142a (por. Mt 16,18-19) i jego tylko ustanowi\u0142 Pasterzem ca\u0142ej swojej trzody (por. J 21,15 nn)\u201d.<\/p>\r\n<p>Papie\u017c, jak stwierdza ta konstytucja, mo\u017ce jednak wykonywa\u0107 swoj\u0105 w\u0142adz\u0119 kolegialnie.<\/p>\r\n<p>Trzeba tu jednak zawsze pami\u0119ta\u0107 o tym, \u017ce, jak czytamy w tej konstytucji: \u201eKolegium albo cia\u0142o biskupie posiada w\u0142adz\u0119 autorytatywn\u0105 jedynie wtedy, gdy si\u0119 je bierze \u0142\u0105cznie z Biskupem Rzymskim, nast\u0119pc\u0105 Piotra, jako jego g\u0142ow\u0105, i gdy nienaruszon\u0105 zostaje w\u0142adza zwierzchnia tego ostatniego nad wszystkimi, zar\u00f3wno Pasterzami, jak wiernymi\u201d.<\/p>\r\n<p>Wydaje si\u0119, \u017ce papie\u017c Franciszek deklaruje w pierwszych dniach swojego pontyfikatu, \u017ce jako\u015b ograniczy, i to chyba w znaczny spos\u00f3b, w stosunku do poprzednich papie\u017cy, swoje pole dzia\u0142ania, \u017ce b\u0119dzie wy\u0142\u0105cznie Biskupem Rzymu, Ojcem katolik\u00f3w i ca\u0142ej ludzko\u015bci, opiekunem biednych i \u201epi\u0119kna stworze\u0144\u201d, dzia\u0142aczem na rzecz pokoju na \u015bwiecie, misjonarzem, ewangelizatorem i kaznodziej\u0105.<\/p>\r\n<p>Czy\u017cby na naszych oczach otwiera\u0142 si\u0119 zupe\u0142nie nowy rozdzia\u0142 w historii Ko\u015bcio\u0142a &#8211; rozdzia\u0142, kt\u00f3ry dziennikarze nazwaliby zapewne rozdzia\u0142em demokracji?<\/p>\r\n<p>Czy, je\u015bli dokona si\u0119 takie samoograniczenie papie\u017ca, nie b\u0119dzie to oznacza\u0107 znacznego zwi\u0119kszenia samodzielno\u015bci ko\u015bcio\u0142\u00f3w lokalnych, w tym r\u00f3wnie\u017c tych, kt\u00f3re maj\u0105 olbrzymie k\u0142opoty ze swoja katolick\u0105 to\u017csamo\u015bci\u0105?<\/p>\r\n<p>Czy nie poci\u0105gnie to za sob\u0105 zaprzestania tych reform, kt\u00f3re planowa\u0142 papie\u017c Benedykt XVI, kt\u00f3ry napotyka\u0142, przy ich wdra\u017caniu na olbrzymi op\u00f3r w Ko\u015bciele?<\/p>\r\n<p>Czy oznacza to, \u017ce nie b\u0119dzie, przynajmniej w najbli\u017cszym czasie tego, co papie\u017c Benedykt XVI nazwa\u0142 powrotem do \u201esoboru ojc\u00f3w\u201d a odej\u015bciem od \u201esoboru medi\u00f3w\u201d?<\/p>\r\n<p>Czy ratzingerowska \u201ehermeneutyka tradycji\u201d zostanie, na jaki\u015b przynajmniej czas, zapomniana?<\/p>\r\n<p>&nbsp;<\/p>\r\n<h4><strong>Zako\u0144czenie<\/strong><\/h4>\r\n<p>W pierwszym i drugim dniu pontyfikatu papie\u017ca Franciszka \u201eGazeta Wyborcza\u201d i TVN dokonywa\u0142y na niego agresywnych atak\u00f3w skupiaj\u0105c si\u0119 g\u0142\u00f3wnie na kwestii jego domniemanej wsp\u00f3\u0142pracy z argenty\u0144sk\u0105 junt\u0105 wojskow\u0105.<\/p>\r\n<p>Ju\u017c jednak w trzecim dniu te media przycich\u0142y w tej kwestii, by zacz\u0105\u0107 g\u0142osi\u0107 peany na cze\u015b\u0107 Papie\u017ca. Dlaczego s\u0105 tak pozytywnie nastawieni do Ojca \u015awi\u0119tego, \u017ce nawet nie przeszkadza im stosunek kard. Bergoglio do kwestii zwi\u0105zanych z homoseksualizmem i aborcj\u0105? Przecie\u017c w tej perspektywie wszystko ich z papie\u017cem dzieli.<\/p>\r\n<p>To niepokoi.<\/p>\r\n<p>Co stanie si\u0119 jutro, za miesi\u0105c, za rok?<\/p>\r\n<p>Czas poka\u017ce.<\/p>\r\n<p>M\u00f3dlmy si\u0119 o to, by najbli\u017csz\u0105 przysz\u0142o\u015b\u0107 Ko\u015bcio\u0142a kszta\u0142towa\u0142 Duch \u015awi\u0119ty, by to On pokaza\u0142, a nie ludzie.<\/p>\r\n<p>&nbsp;<\/p>\r\n<h4><strong>Dodatek<\/strong><\/h4>\r\n<p><em>Ks. Jacek Ba\u0142emba SDB<\/em><\/p>\r\n<p>Droga pewna<\/p>\r\n<p>&nbsp;<\/p>\r\n<p><em>Propheta quoque et sacerdos<\/em><\/p>\r\n<p><em>abierunt per terram nescientes<\/em><\/p>\r\n<p>\u201eNawet prorok i kap\u0142an<\/p>\r\n<p>niczego nie pojmuj\u0105c b\u0142\u0105kaj\u0105 si\u0119 po kraju\u201d<\/p>\r\n<p>(Jer 14, 18)<\/p>\r\n<p>&nbsp;<\/p>\r\n<p><em>Ecclesia &#8211; una, sancta, catholica et apostolica<\/em>. Ko\u015bci\u00f3\u0142 jest jeden, \u015bwi\u0119ty, katolicki, apostolski. Natomiast czynniki destrukcyjne w nim to dzia\u0142anie szatana i z\u0142ych duch\u00f3w oraz niew\u0142a\u015bciwo\u015bci cz\u0142owieka: b\u0142\u0105d i grzech. Krytyka uprawniona nie dotyczy Ko\u015bcio\u0142a &#8211; jednego, \u015bwi\u0119tego, katolickiego, apostolskiego. Krytyka uprawniona dotyczy dzia\u0142ania szatana i z\u0142ych duch\u00f3w oraz niew\u0142a\u015bciwo\u015bci cz\u0142owieka: b\u0142\u0119du i grzechu.<\/p>\r\n<p>Wrogowie Ko\u015bcio\u0142a. R\u00f3\u017cne \u015brodowiska eksploatuj\u0105 temat wrog\u00f3w Ko\u015bcio\u0142a zewn\u0119trznych. To jest wa\u017cne. I trzeba to robi\u0107. Przed z\u0142em trzeba ostrzega\u0107, z kt\u00f3rejkolwiek strony by nie pochodzi\u0142o.<\/p>\r\n<p><strong>Najpowa\u017cniejszym problemem Ko\u015bcio\u0142a nie s\u0105 jednak prze\u015bladowania zewn\u0119trzne, lecz niszczenie wiary, kt\u00f3re ma miejsce wewn\u0105trz Ko\u015bcio\u0142a. Niszczenie wiary katolickiej dokonuje si\u0119 na dziesi\u0105tki sposob\u00f3w wewn\u0105trz Ko\u015bcio\u0142a. Kto dzisiaj ten temat powa\u017cnie i odpowiedzialnie podejmuje? A je\u017celi nie podejmuje, to dlaczego? Z l\u0119ku przed wilkami? Z innych racji? Jakich?<\/strong><\/p>\r\n<p>\u015awi\u0119ty Papie\u017c Pius X w swojej encyklice <em>Pascendi Dominici gregis<\/em> pisa\u0142:<\/p>\r\n<p>\u201eZwolennicy b\u0142\u0119d\u00f3w nie znajduj\u0105 si\u0119 ju\u017c w\u015br\u00f3d otwartych jedynie nieprzyjaci\u00f3\u0142, ale, nad czym najwi\u0119cej bole\u0107 i czego l\u0119ka\u0107 si\u0119 trzeba: kryj\u0105 si\u0119 w \u0142onie i wn\u0119trzu Ko\u015bcio\u0142a i o tyle s\u0105 niebezpieczniejsi, o ile trudniej ich rozpozna\u0107. &#8211; Mamy na my\u015bli, Czcigodni Bracia, wielu spo\u015br\u00f3d katolik\u00f3w \u015bwieckich, a nawet, co najsmutniejsza, spo\u015br\u00f3d kap\u0142an\u00f3w, kt\u00f3rzy z pozornej ku Ko\u015bcio\u0142owi mi\u0142o\u015bci, bez g\u0142\u0119bszego wykszta\u0142cenia filozoficznego i teologicznego, a co gorzej, a\u017c do szpiku ko\u015bci przej\u0119ci zapatrywaniami, g\u0142oszonymi przez przeciwnik\u00f3w Ko\u015bcio\u0142a, zuchwale narzucaj\u0105 si\u0119 na odnowicieli Ko\u015bcio\u0142a i w zwartym szeregu zaczepiaj\u0105 butnie naj\u015bwi\u0119tsze sprawy w dziele Chrystusowym, nie oszcz\u0119dzaj\u0105c nawet Osoby Boskiego Zbawiciela, w kt\u00f3rej nie widz\u0105 w \u015bwi\u0119tokradzkim zap\u0119dzie nic wi\u0119cej, jak tylko zwyk\u0142ego, prostego cz\u0142owieka.<\/p>\r\n<p>Dziwi\u0105 si\u0119 ci ludzie, \u017ce zaliczamy ich do nieprzyjaci\u00f3\u0142 Ko\u015bcio\u0142a; nie zdziwi si\u0119 jednak\u017ce temu z pewno\u015bci\u0105 nikt, kto, pomijaj\u0105c ich zamys\u0142y, kt\u00f3re B\u00f3g os\u0105dzi, zapozna si\u0119 z ich zapatrywaniami, z ich sposobem m\u00f3wienia i dzia\u0142ania. A nawet nie mija si\u0119 z prawd\u0105, kto uwa\u017ca ich za przeciwnik\u00f3w, dla Ko\u015bcio\u0142a niebezpieczniejszych od wszystkich innych.<\/p>\r\n<p>Przemy\u015bliwuj\u0105 bowiem o zgubie Ko\u015bcio\u0142a nie z zewn\u0105trz, ale w jego \u0142onie i st\u0105d tkwi niebezpiecze\u0144stwo w samych niemal \u017cy\u0142ach i wn\u0119trzno\u015bciach Ko\u015bcio\u0142a, a cios mu zadany tym gro\u017aniejszy, im dok\u0142adniej owi nieprzyjaciele Ko\u015bci\u00f3\u0142 znaj\u0105. A nadto przyk\u0142adaj\u0105 siekier\u0119 nie do ga\u0142\u0119zi i latoro\u015bli, ale do korzenia, do wiary i do drgnie\u0144 jej najg\u0142\u0119bszych. Przeci\u0105wszy za\u015b ten korze\u0144 nie\u015bmiertelno\u015bci, rozprowadzaj\u0105 trucizn\u0119 po ca\u0142ym drzewie. Nie ma prawdy katolickiej, kt\u00f3rej by nie dotkn\u0119li, kt\u00f3rej by skazi\u0107 nie usi\u0142owali. A niezliczonych u\u017cywaj\u0105c sposob\u00f3w wyrz\u0105dzenia szkody, nies\u0142ychan\u0105 pos\u0142uguj\u0105 si\u0119 przebieg\u0142o\u015bci\u0105 i zdrad\u0105. Udaj\u0105 na przemian to racjonalist\u00f3w, to katolik\u00f3w, i to z takim podst\u0119pem, \u017ce niebacznego \u0142atwo w b\u0142\u0105d wprowadzaj\u0105. Zuchwalstwo do ostatnich posuwaj\u0105 granic; nie cofaj\u0105 si\u0119 przed \u017cadn\u0105 konsekwencj\u0105, narzucaj\u0105c j\u0105 uporczywie i bez wahania. Poza tym widnieje w nich, co niezmiernie \u0142atwo zwie\u015b\u0107 mo\u017ce umys\u0142y: \u017cycie nadzwyczajnie czynne; wytrwa\u0142e a gorliwe zaj\u0119cie si\u0119 naukami; d\u0105\u017cenie do \u017cycia, podpadaj\u0105cego surowo\u015bci\u0105 obyczaj\u00f3w. W ko\u0144cu, co wyklucza niemal nadziej\u0119 naprawy, zapatrywania ich tak ich usposobi\u0142y, \u017ce gardz\u0105 wszelk\u0105 w\u0142adz\u0105 i nie znosz\u0105 \u017cadnych w\u0119dzide\u0142, lecz dufaj\u0105c z\u0142udnemu prze\u015bwiadczeniu wewn\u0119trznemu, usi\u0142uj\u0105 zami\u0142owaniu prawdy przypisa\u0107 to, co w rzeczywisto\u015bci przypisa\u0107 nale\u017cy pysze i uporowi\u201d.<\/p>\r\n<p>\u015aw. Papie\u017c Pius X z najwy\u017csz\u0105 trosk\u0105 przestrzega przed pismami ska\u017conymi herezj\u0105 modernizmu:<em>Non enim minus haec nocitura, quamquae contra mores conscripta; immo etiam magis quod christianae vitae initia vitiant<\/em> &#8211; \u201eS\u0105 one nie mniej zgubne, ni\u017c druki pornograficzne; a nawet gorsze od tych ostatnich, gdy\u017c zatruwaj\u0105 \u017cycie chrze\u015bcija\u0144skie u \u017ar\u00f3d\u0142a\u201d.<\/p>\r\n<p>Pisze dzisiaj cz\u0142owiek \u015bwiecki: \u201eNajwi\u0119ksz\u0105 s\u0142abo\u015bci\u0105 i zagro\u017ceniem Ko\u015bcio\u0142a jest brak wiary (\u2026) wewn\u0105trz Ko\u015bcio\u0142a, kt\u00f3ry nie omija nawet jego hierarchii\u201d.<\/p>\r\n<p><strong>Grzech i b\u0142\u0105d. Oto podstawowe i najg\u0142\u0119bsze problemy Ko\u015bcio\u0142a.<\/strong> Ilu\u017c to duchownych, os\u00f3b zakonnych i \u015bwieckich da\u0142o si\u0119 w ostatnich kilkudziesi\u0119ciu latach zwie\u015b\u0107 pozorom Prawdy! \u0141atwowierno\u015b\u0107 nie jest cnot\u0105. Wiara &#8211; katolicka, czyli jedyna prawdziwa, objawiona przez Boga wiara &#8211; jest cnot\u0105. \u0179aden autorytet nie jest godny zaufania, je\u015bli w miejsce wiary w Bo\u017ce Objawienie zawarte w Pi\u015bmie \u015awi\u0119tym i Tradycji, faworyzuje kategori\u0119 nowo\u015bci, zmiany i post\u0119pu.<\/p>\r\n<p>Niewiara jest najci\u0119\u017cszym grzechem. <em>Sine fide autem impossibile placere Deo<\/em> &#8211; \u201eBez wiary za\u015b nie mo\u017cna podoba\u0107 si\u0119 Bogu\u201d (<em>Hbr<\/em> 11, 6). Dlatego sam Pan B\u00f3g przestrzega: V<em>idete, fratres, ne forte sit in aliquo vestrum cor malum incredulitatis discedendi a Deo vivo.<\/em> &#8211; \u201eUwa\u017cajcie, bracia, aby nie by\u0142o w kim\u015b z was przewrotnego serca niewiary, kt\u00f3rej skutkiem jest odst\u0105pienie od Boga \u017cywego\u201d (<em>Hbr<\/em> 3, 12). Pan Jezus autorytatywnie i jednoznacznie naucza: <em>Qui crediderit et baptizatus fuerit, salvus erit; qui vero non crediderit, condemnabitur.<\/em> &#8211; \u201eKto uwierzy i przyjmie chrzest, b\u0119dzie zbawiony; a kto nie uwierzy, b\u0119dzie pot\u0119piony\u201d (Mk 16, 16).<\/p>\r\n<p>Czasy <em>pomieszania powszechnego<\/em>. Dzisiaj na niwie Ko\u015bcio\u0142a siane s\u0105 trzy rodzaje ziaren: zdrowe ziarna Prawdy, zmutowane ziarna wypowiedzi dwuznacznych lub wieloznacznych oraz zatrute ziarna wypowiedzi sprzecznych z Tradycj\u0105. Czy wobec tej sytuacji r\u00f3wnouprawnienia (a przynajmniej wsp\u00f3\u0142istnienia) ziaren zdrowych, zmutowanych i zatrutych, mo\u017cna si\u0119 dziwi\u0107, \u017ce post\u0119puj\u0105 z ka\u017cdym rokiem dezorientacja i zagubienie rzesz wiernych oraz deformacja ich sumie\u0144? I tak si\u0119 dzieje, jak pisa\u0142 \u015bw. Pawe\u0142: <em>Quidam aberrantes conversi sunt in vaniloquium, volentes esse legis doctores, non intellegentes neque quae loquuntur neque de quibus affirmant.<\/em> &#8211; \u201eNiekt\u00f3rzy zwr\u00f3cili si\u0119 ku czczej gadaninie. Chcieli uchodzi\u0107 za uczonych w Prawie nie rozumiej\u0105c ani tego, co m\u00f3wi\u0105, ani tego, co stanowczo twierdz\u0105\u201d (1 Tm 1, 6-7).<\/p>\r\n<p>W Li\u015bcie do Rzymian \u015bw. Pawe\u0142 wyra\u017anie nakazuje i pociesza:<\/p>\r\n<p><em>Rogo autem vos, fratres, ut observetis eos, qui dissensiones et offendicula praeter doctrinam, quam vos didicistis, faciunt, et declinate ab illis; huiusmodi enim Domino nostro Christo non serviunt sed suo ventri, et per dulces sermones et benedictiones seducunt corda innocentium. Vestra enim oboedientia ad omnes pervenit; gaudeo igitur in vobis, sed volo vos sapientes esse in bono et simplices in malo. Deus autem pacis conteret Satanam sub pedibus vestris velociter. Gratia Domini nostri Iesu vobiscum<\/em>.<\/p>\r\n<p>\u201eProsz\u0119 was jeszcze, bracia, strze\u017ccie si\u0119 tych, kt\u00f3rzy wzniecaj\u0105 spory i zgorszenia przeciw nauce, kt\u00f3r\u0105 otrzymali\u015bcie. Stro\u0144cie od nich! Tacy bowiem ludzie nie Chrystusowi s\u0142u\u017c\u0105, ale w\u0142asnemu brzuchowi, a pi\u0119knymi i pochlebnymi s\u0142owami uwodz\u0105 serca prostaczk\u00f3w. Wasze za\u015b pos\u0142usze\u0144stwo znane jest wszystkim. A wi\u0119c raduj\u0119 si\u0119 z was, pragn\u0119 jednak, aby\u015bcie byli w dobrym przemy\u015blni, a co do z\u0142a &#8211; niewinni. B\u00f3g za\u015b pokoju zetrze wkr\u00f3tce szatana pod waszymi stopami. \u0141aska Pana naszego Jezusa Chrystusa niech b\u0119dzie z wami!\u201d (Rz 16, 17-20).<\/p>\r\n<p>Trzeba wi\u0119c odwa\u017cnie i klarownie, i publicznie wyartyku\u0142owa\u0107 powa\u017cne i nagl\u0105ce pytania: Kto i po co nasia\u0142 i nadal sieje ziarna zmutowane i zatrute? Nie wyrosn\u0105 owoce \u015bwi\u0119to\u015bci, je\u015bli siane ziarna s\u0105 zmutowane lub zatrute. Wymogiem mi\u0142o\u015bci jest identyfikowa\u0107 ziarna i przestrzega\u0107 przed siewcami ziaren zmutowanych i zatrutych. Wymogiem mi\u0142o\u015bci jest przestrzega\u0107 przed wrogiem.<\/p>\r\n<p>Ju\u017c czas, aby wyartyku\u0142owa\u0107 to jasno i publicznie: powodem dezorientacji w umys\u0142ach i sercach wielu katolik\u00f3w jest fakt, i\u017c opr\u00f3cz ortodoksyjnej katolickiej &#8211; czyli zgodnej z Bo\u017cym Objawieniem zawartym w Pi\u015bmie \u015awi\u0119tym i Tradycji &#8211; nauki, g\u0142osi si\u0119 pogl\u0105dy dwuznaczne oraz ewidentnie sprzeczne z Tradycj\u0105 nauczan\u0105 przez wieki przez nieomylny Urz\u0105d Nauczycielski Ko\u015bcio\u0142a, nierzadko przedstawiaj\u0105c je &#8211; perwersyjnie albo naiwnie, z nie\u015bwiadomo\u015bci &#8211; jako zgodne z Tradycj\u0105.<\/p>\r\n<p>Wymy\u015blaj\u0105 r\u00f3\u017cni r\u00f3\u017cne &#8211; ci\u0105gle <em>nowe<\/em> &#8211; sposoby odnowy Ko\u015bcio\u0142a. A przecie\u017c <strong>od dwudziestu wiek\u00f3w daje nam Pan B\u00f3g &#8211; na tacy! &#8211; jedyny niezawodny program nie <\/strong><em><strong>nowej<\/strong><\/em><strong>, lecz <\/strong><em><strong>Bo\u017cej<\/strong><\/em><strong> odnowy Ko\u015bcio\u0142a: wierno\u015b\u0107 Bo\u017cemu Objawieniu zawartemu w Pi\u015bmie \u015awi\u0119tym i Tradycji, wierno\u015b\u0107 Prawdzie i \u0142asce, czyli m\u0105dro\u015b\u0107 i \u015bwi\u0119to\u015b\u0107, w czym zawiera si\u0119 tak\u017ce walka z b\u0142\u0119dem i grzechem.<\/strong><em>Instaurare omnia in Christo<\/em>. Odnowi\u0107 wszystko w Chrystusie.<\/p>\r\n<p>Ten program przekracza ramy koniunktury, dora\u017ano\u015bci i <em>podleg\u0142o\u015bci r\u00f3\u017cnych<\/em>\u2026<\/p>\r\n<p>Ten program jest aktualny zawsze i wsz\u0119dzie, i dla ka\u017cdego cz\u0142owieka.<\/p>\r\n<p>Program aktualny dla Ko\u015bcio\u0142a &#8211; <em>Ecclesia Militans<\/em> &#8211; Ko\u015bcio\u0142a Wojuj\u0105cego, do kt\u00f3rego mamy zaszczyt z Bo\u017cej \u0142aski nale\u017ce\u0107.<\/p>\r\n<p>Dla jasno\u015bci: Prawda to Bo\u017ce Objawienie zawarte w Pi\u015bmie \u015awi\u0119tym i Tradycji. Chodzi o Tradycj\u0119 rozumian\u0105 tak, jak j\u0105 rozumie Ko\u015bci\u00f3\u0142. Tradycja jest w samym centrum teologii katolickiej, zw\u0142aszcza apologetyki i eklezjologii czyli katolickiej nauki o Ko\u015bciele. Nie chodzi o tradycje i zwyczaje czysto ludzkie &#8211; cho\u0107by i szacowne. Przez Tradycj\u0119 Objawia si\u0119 B\u00f3g. Przez Tradycj\u0119 B\u00f3g objawia Prawd\u0119. Przez Tradycj\u0119 przemawia Duch \u015awi\u0119ty &#8211; mowa aktualna w ka\u017cdym czasie &#8211; <em>zawsze na czasie<\/em>.<\/p>\r\n<p>Autorem Pisma \u015awi\u0119tego jest Duch \u015awi\u0119ty. Autorem Tradycji jest Duch \u015awi\u0119ty. Ju\u017c fakt, \u017ce wsp\u00f3\u0142cze\u015bnie niekt\u00f3rych katolik\u00f3w okre\u015bla si\u0119 jako \u201ekatolicy Tradycji\u201d, \u015bwiadczy o skali zdrady, jaka ma miejsce wewn\u0105trz Ko\u015bcio\u0142a. Przecie\u017c katolik <em>z istoty swej<\/em> jest chrze\u015bcijaninem Pisma \u015awi\u0119tego i Tradycji! Je\u015bli zdradza Pismo \u015awi\u0119te lub zdradza Tradycj\u0119 &#8211; nie jest katolikiem. Nie mo\u017cna by\u0107 katolikiem pomijaj\u0105c Tradycj\u0119. Tak jak nie mo\u017cna by\u0107 katolikiem pomijaj\u0105c Pismo \u015awi\u0119te. Kto zdradza Bo\u017ce Objawienie zawarte w Pi\u015bmie \u015awi\u0119tym i Tradycji, ten jest niszczycielem, destruktorem Ko\u015bcio\u0142a. Nie jest katolikiem. Jest zdrajc\u0105 i zatruwa Ko\u015bci\u00f3\u0142. <em>Caecus autem si caeco ducatum praestet, ambo in foveam cadent<\/em> &#8211; \u201eJe\u015bli \u015blepy \u015blepego prowadzi, obaj w d\u00f3\u0142 wpadn\u0105\u201d (Mt 15, 14).<\/p>\r\n<p>Raz jeszcze rozumnie rozwa\u017cmy s\u0142owa, kt\u00f3re b\u0142. kard. John Henry Newman zawar\u0142 w swoim katolickim dziele <em>O rozwoju doktryny chrze\u015bcija\u0144skiej<\/em>:<\/p>\r\n<p>\u201e<strong>Prawdziwy rozw\u00f3j zatem mo\u017cna opisa\u0107 jako taki, kt\u00f3ry jest zachowawczy wobec przebiegu poprzednich proces\u00f3w rozwojowych i kt\u00f3ry sam jest w rzeczywisto\u015bci tym poprzednim i czym\u015b jeszcze ponadto: jest to pewien naddatek, kt\u00f3ry wyja\u015bnia a nie zaciemnia, kt\u00f3ry podkre\u015bla, a nie poprawia ca\u0142y zesp\u00f3\u0142 my\u015bli, z jakiego si\u0119 wywodzi. I ta cecha przeciwstawia go rozwojowi takiemu, kt\u00f3ry jest wypaczeniem<\/strong>\u201d.<\/p>\r\n<p>W <em>Wyznaniu wiary<\/em> \u015bw. Atanazego czytamy: <em>Quicumque vult salvus esse, ante omnia opus est ut teneat catholicam fidem<\/em> &#8211; \u201eKtokolwiek pragnie by\u0107 zbawiony, przede wszystkim winien si\u0119 trzyma\u0107 katolickiej wiary\u201d.<\/p>\r\n<p><em>Ergo:<\/em><\/p>\r\n<p>Katoliku \u015bwiecki, cho\u0107by b\u0142\u0105dzili pasterze i wszyscy wok\u00f3\u0142 Ciebie, trzymaj si\u0119 mocno katolickiej wiary i przekazuj j\u0105 m\u0142odym pokoleniom!<\/p>\r\n<p>Katoliku \u015bwiecki, cho\u0107by b\u0142\u0105dzili pasterze i wszyscy wok\u00f3\u0142 Ciebie, trzymaj si\u0119 mocno Bo\u017cego Objawienia zawartego w Pi\u015bmie \u015awi\u0119tym i Tradycji, i przekazuj je m\u0142odym pokoleniom!<\/p>\r\n<p>Katoliku \u015bwiecki, cho\u0107by b\u0142\u0105dzili pasterze i wszyscy wok\u00f3\u0142 Ciebie, pilnuj odwa\u017cnie zwyczaj\u00f3w naszych Ojc\u00f3w i przekazuj je m\u0142odym pokoleniom!<\/p>\r\n<p>Katoliku \u015bwiecki, cho\u0107by b\u0142\u0105dzili pasterze i wszyscy wok\u00f3\u0142 Ciebie, kl\u0119kaj przed Panem Bogiem i ucz kl\u0119ka\u0107 m\u0142ode pokolenie!<\/p>\r\n<p>Wczoraj na Jasnej G\u00f3rze widzia\u0142em troje m\u0142odych ludzi &#8211; dw\u00f3ch ch\u0142opc\u00f3w i dziewczyn\u0119 &#8211; wszyscy w wieku 17-18 lat. Z szacunkiem kl\u0119czeli i modlili si\u0119. Nie m\u0119czyli si\u0119 kl\u0119czeniem! Twarze skupione, szlachetne. Pi\u0119kny widok.<\/p>\r\n<p><em>Itaque, fratres, state et tenete traditiones, quas didicistis sive per sermonem sive per epistulam nostram. Ipse autem Dominus noster Iesus Christus et Deus Pater noster, qui dilexit nos et dedit consolationem aeternam et spem bonam in gratia, consoletur corda vestra et confirmet in omni opere et sermone bono.<\/em><\/p>\r\n<p>\u201ePrzeto, bracia, st\u00f3jcie niewzruszenie i trzymajcie si\u0119 tradycji, o kt\u00f3rych zostali\u015bcie pouczeni b\u0105d\u017a \u017cywym s\u0142owem, b\u0105d\u017a za po\u015brednictwem naszego listu. Sam za\u015b Pan nasz Jezus Chrystus i B\u00f3g, Ojciec nasz, kt\u00f3ry nas umi\u0142owa\u0142 i przez \u0142ask\u0119 udzieli\u0142 nam nie ko\u0144cz\u0105cego si\u0119 pocieszenia i dobrej nadziei, niech pocieszy serca wasze i niech utwierdzi we wszelkim czynie i dobrej mowie!\u201d (2 Tes 2, 15-17).<\/p>\r\n<p><em>Haec est via, ambulate in ea.<\/em><\/p>\r\n<p>\u201eTo jest droga, id\u017acie ni\u0105!\u201d (Iz 30, 21).<\/p>\r\n<p>&nbsp;<\/p>\r\n<blockquote>\r\n<p><strong>Papie\u017c Franciszek &#8211; dok\u0105d zmierza Ko\u015bci\u00f3\u0142?<\/strong><\/p>\r\n<p>Spis tre\u015bci:<\/p>\r\n<p>Wst\u0119p<\/p>\r\n<p>Rozdzia\u0142 I &#8211; Ostatnie dni pontyfikatu Benedykta XVI<\/p>\r\n<p>11 lutego 2013 r. &#8211; zapowied\u017a abdykacji: \u201egrom z jasnego nieba\u201d.<\/p>\r\n<p>13 lutego 2013 r. &#8211; \u201eCzy On jest Panem, czy ja sam?\u201d -\u201eoblicze Ko\u015bcio\u0142a zostaje oszpecone\u201d<\/p>\r\n<p>14 lutego 2013 r. &#8211; \u201ePotrzeba nam nowej interpretacji dokument\u00f3w Soboru Watyka\u0144skiego II\u201d<\/p>\r\n<p>17 lutego 2013 r. &#8211; \u201eInstrumentalizacja Boga\u201d<\/p>\r\n<p>18-23 lutego 2013 r. &#8211; rekolekcje<\/p>\r\n<p>23 lutego 2013 r. &#8211; po rekolekcjach: \u201ez\u0142o zanieczyszcza stworzenie\u201d<\/p>\r\n<p>24 lutego 2013 r. &#8211; ostatni \u201eAnio\u0142 Pa\u0144ski\u201d z Benedyktem XVI: \u201eAle to nie oznacza porzucenia Ko\u015bcio\u0142a\u201d<\/p>\r\n<p>25 lutego 2013 r. &#8211; Motu Proprio o przyspieszeniu zwo\u0142ania konklawe<\/p>\r\n<p>26 lutego 2013 r. &#8211; \u201etylko\u201d modlitwa<\/p>\r\n<p>27 lutego 2013 r. &#8211; ostatnia \u015brodowa audiencja generalna Benedykta XVI &#8211; \u201e\u0141\u00f3d\u017a Ko\u015bcio\u0142a nie jest moja, nie jest nasza, lecz Jego\u201d<\/p>\r\n<p>28 lutego 2013 r. -\u201eSmutek i \u017cal, ale i nadzieja\u201d<\/p>\r\n<p>Rozdzia\u0142 II &#8211; Fakty, opinie, komentarze: 11-28 lutego 2013 r.<\/p>\r\n<p>12 lutego 2013 r. &#8211; \u201eWalczy\u0142 z dyktatur\u0105 relatywizmu\u201d<\/p>\r\n<p>13 lutego 2013 r. &#8211; \u201eJednej godziny nie mogli\u015bcie czuwa\u0107 ze Mn\u0105?\u201d<\/p>\r\n<p>14 lutego 2013 r. &#8211; oceny \u017byd\u00f3w i luteran<\/p>\r\n<p>15 lutego 2013 r. &#8211; trudna sytuacja w Watykanie i zm\u0119czenie papie\u017ca<\/p>\r\n<p>16 lutego 2013 r. &#8211; \u201eCzy to jest pr\u00f3ba przebudzenia ludu Bo\u017cego?\u201d<\/p>\r\n<p>18 lutego 2013 r. &#8211; \u201ePapie\u017c nie ma g\u0142osi\u0107 w\u0142asnych idei\u201d<\/p>\r\n<p>19 lutego 2013 r. &#8211; \u201eCzy autorytet przysz\u0142ego papie\u017ca mo\u017ce by\u0107 mniejszy?\u201d<\/p>\r\n<p>20 lutego 2013 r. &#8211; \u201eCzy to b\u0119dzie zwyci\u0119stwo tradycjonalizmu?\u201d<\/p>\r\n<p>22 lutego 2013 r. &#8211; \u201eCzy Papie\u017c jest ofiar\u0105 niecnych spisk\u00f3w\u201d?<\/p>\r\n<p>23 lutego 2013 r. &#8211; \u201eTo jest g\u0142\u0119boko niesprawiedliwy opis Ko\u015bcio\u0142a\u201d.<\/p>\r\n<p>24 lutego 2013 r. &#8211; \u201eUmia\u0142 sterowa\u0107 \u0142odzi\u0105 Piotrow\u0105 nawet wtedy, gdy fale potrz\u0105saj\u0105ce ni\u0105 by\u0142y bardzo wielkie\u201d.<\/p>\r\n<p>25 lutego 2013 r. &#8211; og\u00f3lno\u015bwiatowa, skoordynowana akcja przeciwko Ko\u015bcio\u0142owi<\/p>\r\n<p>26 lutego 2013 r. &#8211; \u201eSekrety Watykanu musz\u0105 poczeka\u0107\u201d<\/p>\r\n<p>Rozdzia\u0142 III &#8211; Abdykacja Benedykta XVI &#8211; kontekst i przyczyny<\/p>\r\n<ol>\r\n\t<li>Pierwsze komentarze do o\u015bwiadczenia papie\u017ca<\/li>\r\n\t<li>O czym faktycznie m\u00f3wi papie\u017c w swoim o\u015bwiadczeniu?<\/li>\r\n\t<li>Przyk\u0142ad Leona XIII<\/li>\r\n\t<li>Jakie by\u0142y powody abdykacji papie\u017cy?<\/li>\r\n\t<li>Dlaczego kard. Ratzinger kilka razy poda\u0142 si\u0119 do dymisji?<\/li>\r\n\t<li>Czy Benedykt XVI chcia\u0142 unikn\u0105\u0107 schizmy?<\/li>\r\n\t<li>Niepos\u0142usze\u0144stwo w Ko\u015bciele w trakcie pontyfikatu Jana Paw\u0142a II<\/li>\r\n\t<li>Kard. Ratzinger: \u201eIle brudu jest w Ko\u015bciele?\u201d<\/li>\r\n\t<li>O jaki \u201ebrud\u201d tu chodzi?<\/li>\r\n\t<li>Czy\u017cby chowali g\u0142ow\u0119 w piasek?<\/li>\r\n\t<li>Raport trzech kardyna\u0142\u00f3w<\/li>\r\n\t<li>\u201eCzy go zdradzili?\u201d<\/li>\r\n\t<li>R\u00f3\u017cne postacie schizmy<\/li>\r\n\t<li>Jaki by\u0142 stopie\u0144 niepos\u0142usze\u0144stwa wobec papie\u017ca Benedykta XVI?<\/li>\r\n\t<li>Kardyna\u0142, kt\u00f3ry nie zgadza si\u0119 z papie\u017cem<\/li>\r\n\t<li>Niepos\u0142usze\u0144stwo kap\u0142an\u00f3w w nauczaniu papie\u017ca Benedykta XVI<\/li>\r\n\t<li>Bunt proboszcz\u00f3w w Austrii<\/li>\r\n\t<li>Problemy z \u201eMotu Proprio Summorum Pontificum\u201d<\/li>\r\n\t<li>Czy kardyna\u0142 Mahony powinien by\u0107 na konklawe?<\/li>\r\n\t<li>Sprawa arcybiskupa Stanis\u0142awa Wielgusa<\/li>\r\n\t<li>Kwestia przyjmowania Komunii \u015awi\u0119tej na kolanach<\/li>\r\n\t<li>\u201eNajwi\u0119ksz\u0105 si\u0142\u0105 czyni\u0105cych z\u0142o jest tch\u00f3rzostwo i s\u0142abo\u015b\u0107 katolik\u00f3w\u201d<\/li>\r\n\t<li>Jaki by\u0142 zamys\u0142 Benedykta XVI?<\/li>\r\n\t<li>\u201eBramy piekielne go nie przemog\u0105\u201d (Mt 16, 18)<\/li>\r\n<\/ol>\r\n<p>Rozdzia\u0142 IV &#8211; Przygotowanie do konklawe &#8211; papabile: czy Ko\u015bci\u00f3\u0142 jest rozdarty?<\/p>\r\n<ol>\r\n\t<li>Sk\u0142ad konklawe<\/li>\r\n\t<li>Po\u015bpiech<\/li>\r\n\t<li>Dlaczego warto zajmowa\u0107 si\u0119 papabile?<\/li>\r\n\t<li>Kandydatury &#8211; czy reprezentuj\u0105 tylko centrum?<\/li>\r\n\t<li>Kard. Angelo Scola<\/li>\r\n\t<li>Kard. Odilo Pedro Scherer<\/li>\r\n\t<li>Kard. Marc Ouellet<\/li>\r\n\t<li>Kard. Gianfranco Ravasi<\/li>\r\n\t<li>Kard. Peter Turkson<\/li>\r\n\t<li>Kard. Francis Arinze<\/li>\r\n\t<li>Kard. Raymond Leo Burke<\/li>\r\n\t<li>Kard. Albert Malcolm Ranjith<\/li>\r\n\t<li>Kard. \u00d3scar Andr\u00c3\u00a9s Rodr\u00c3\u00adguez Maradiaga<\/li>\r\n\t<li>Kard. Luis Antonio Gokim Tagle<\/li>\r\n\t<li>Kard. Leonardo Sandri<\/li>\r\n\t<li>Kard. Mauro Piacenza<\/li>\r\n\t<li>Kard. Antonio Ca\u00c3\u00b1izares Llovera<\/li>\r\n\t<li>Kard. Angelo Bagnasco<\/li>\r\n\t<li>Kard. Cl\u00e1udio Hummes<\/li>\r\n\t<li>Kard. Timothy Michael Dolan<\/li>\r\n\t<li>Kard. Christoph Sch\u00f6nborn<\/li>\r\n\t<li>\u201eCzy w Ko\u015bciele s\u0105 dwa <em>ko\u015bcio\u0142y<\/em>?\u201d<\/li>\r\n<\/ol>\r\n<p>Rozdzia\u0142 V &#8211; Jaki powinien by\u0107 papie\u017c?<\/p>\r\n<ol>\r\n\t<li>\u201eNie l\u0119kajcie si\u0119\u201d &#8211; nasze obowi\u0105zki<\/li>\r\n\t<li>Obowi\u0105zki nowego papie\u017ca wed\u0142ug \u015bw. Bernarda z Clairvaux<\/li>\r\n\t<li>Kontynuacja dzie\u0142a Benedykta XVI<\/li>\r\n\t<li>Czego oczekuj\u0105 katolicy z ca\u0142ego \u015bwiata od nowego papie\u017ca?<\/li>\r\n\t<li>Droga \u015bw. Franciszka z Asy\u017cu<\/li>\r\n<\/ol>\r\n<p>Rozdzia\u0142 VI &#8211; Co wiemy o kard. Bergoglio?<\/p>\r\n<ol start=\"6\">\r\n\t<li>Podstawowe dane biograficzne<\/li>\r\n\t<li>Co m\u00f3wiono o kard. Bergoglio przed konklawe?<\/li>\r\n\t<li>Liturgia<\/li>\r\n\t<li>Zwolennik kolegialnej w\u0142adzy w Ko\u015bciele<\/li>\r\n\t<li>\u201eKo\u015bci\u00f3\u0142 jest pe\u0142ni\u0105 uczestnictwa w \u017cyciu Chrystusa, w Jego m\u0119ce, \u015bmierci i zmartwychwstaniu\u201d<\/li>\r\n\t<li>Ekumenizm: kard. Bergoglio przyjmuje b\u0142ogos\u0142awie\u0144stwo od protestant\u00f3w<\/li>\r\n\t<li>Kard. Bergoglio bierze udzia\u0142 w \u017cydowskim \u015bwi\u0119cie Hanuki<\/li>\r\n\t<li>Kard. Bergoglio i B\u2019nai B\u2019rith<\/li>\r\n\t<li>Wsp\u00f3\u0142praca kard. Bergoglio z rabinem Abrahamem Skorka<\/li>\r\n\t<li>Wobec islamu<\/li>\r\n\t<li>Aborcja<\/li>\r\n\t<li>Nie wolno skazywa\u0107 dzieci pocz\u0119tych w wyniku gwa\u0142tu na \u015bmier\u0107<\/li>\r\n\t<li>Wobec tych, kt\u00f3rzy opowiadaj\u0105 si\u0119 za aborcj\u0105<\/li>\r\n\t<li>Prawo zezwalaj\u0105ce na ma\u0142\u017ce\u0144stwa homoseksualne to \u201emachinacja ojca k\u0142amstwa\u201d<\/li>\r\n\t<li>\u201eAdopcja dzieci przez homoseksualist\u00f3w to forma dyskryminacji dzieci\u201d<\/li>\r\n\t<li>Eutanazja<\/li>\r\n\t<li>\u015arodki antykoncepcyjne<\/li>\r\n\t<li>Wobec AIDS<\/li>\r\n\t<li>Kobieta w Ko\u015bciele<\/li>\r\n\t<li>O ub\u00f3stwie i warto\u015bciach materialnych<\/li>\r\n\t<li><span style=\"font-size: medium;\">Zawsze dzia\u0142a\u0142 na rzecz biednych<\/span><\/li>\r\n\t<li>Kard. Bergoglio i cud eucharystyczny<\/li>\r\n\t<li>Oskar\u017cenia przeciwko kard. Bergoglio<\/li>\r\n\t<li>Stosunki z w\u0142adz\u0105 pa\u0144stwow\u0105<\/li>\r\n\t<li>Kard. Bergoglio i\u2026 pi\u0142ka no\u017cna &#8211; czy mo\u017cna wierzy\u0107 mediom?<\/li>\r\n\t<li>Wielki romans m\u0142odego Bergoglio &#8211; czy mo\u017cna wierzy\u0107 mediom?<\/li>\r\n\t<li>Czy kard. Bergoglio mia\u0142 pentagram w herbie?<\/li>\r\n\t<li>Czy kard. Bergoglio by\u0142 honorowym cz\u0142onkiem Rotary Club?<\/li>\r\n<\/ol>\r\n<p>Rozdzia\u0142 VII &#8211; Pierwsze oceny i komentarze<\/p>\r\n<ol>\r\n\t<li>\u201eNasz Dziennik\u201d: przeciw sekularyzmowi i narzucaniu liberalnych projekt\u00f3w<\/li>\r\n\t<li>\u201eRzeczpospolita\u201d &#8211; Agata Ka\u017amierska: \u201eteologicznie nie odbiega od Benedykta XVI\u201d<\/li>\r\n\t<li>\u201eRzeczpospolita &#8211; Bogus\u0142aw Chrabota: \u201eskala tego, z czym musi si\u0119 zmierzy\u0107 jest olbrzymia\u201d<\/li>\r\n\t<li>\u201eFakt\u201d: papie\u017c globalny<\/li>\r\n\t<li>\u201eDziennik Gazeta Prawna\u201d: mediator pomi\u0119dzy ko\u015bcielnymi konserwatystami i libera\u0142ami<\/li>\r\n\t<li>\u201eSuper Ekspress\u201d: ostro\u017cny reformator<\/li>\r\n\t<li>Fronda.pl: szewska pasja post\u0119powych \u015brodowisk<\/li>\r\n\t<li>\u201eGazeta Wyborcza\u201d: to b\u0119dzie Ko\u015bci\u00f3\u0142 braterstwa<\/li>\r\n\t<li>Bp Edward Frankowski: \u201eb\u0119dzie to wspania\u0142y pontyfikat\u201d<\/li>\r\n\t<li>Ks. bp Adam Ba\u0142abuch: \u201ecz\u0142owiek \u017cywej i g\u0142\u0119bokiej wiary\u201d<\/li>\r\n\t<li>Kiko Arg\u00fcello: \u201eprzy wielu okazjach przewodniczy\u0142 celebracjom wsp\u00f3lnot neokatehumenalnych\u201d<\/li>\r\n\t<li>Leonardo Boff: \u201ePapie\u017c Franciszek zaskoczy wielu\u201d<\/li>\r\n\t<li>Ks. Moszoro-Dabrowski: \u201emisyjne o\u017cywienie Ko\u015bcio\u0142a\u201d<\/li>\r\n\t<li>Ks. Aleksander Posacki: \u201ebardziej duszpasterz ni\u017c teolog\u201d<\/li>\r\n\t<li>Domik Zdort: \u201enie chc\u0119 by papie\u017c by\u0142 powszechnie akceptowany\u201d.<\/li>\r\n<\/ol>\r\n<p>Rozdzia\u0142 VIII &#8211; Pierwsze wskazania papie\u017ca Franciszka<\/p>\r\n<ol start=\"14\">\r\n\t<li>Pierwsze s\u0142owa papie\u017ca Franciszka: \u201eJestem biskupem Rzymu\u201d<\/li>\r\n\t<li>Papie\u017c Franciszek zaprosi\u0142 rabina Rzymu<\/li>\r\n\t<li>Reakcje \u015brodowisk \u017cydowskich na wyb\u00f3r kard. Bergoglio na Stolic\u0119 Piotrow\u0105<\/li>\r\n\t<li>Pierwsza homilia papie\u017ca Franciszka: \u201eKiedy nie wyznajemy Jezusa Chrystusa, to wyznajmy doczesno\u015b\u0107 diab\u0142a\u201d<\/li>\r\n\t<li>Przem\u00f3wienie papie\u017ca Franciszka do kradyna\u0142\u00f3w: \u201eChrystus jest jedynym Zbawicielem ca\u0142ego cz\u0142owieka i wszystkich ludzi\u201d<\/li>\r\n\t<li>Spotkanie papie\u017ca Franciszka z mediami: Franciszek &#8211; \u201ecz\u0142owiek ub\u00f3stwa, pokoju, kt\u00f3ry kocha i strze\u017ce stworzenie\u201d<\/li>\r\n\t<li>B\u0142ogos\u0142awie\u0144stwo dokonane przez Papie\u017ca bez znaku Krzy\u017ca<\/li>\r\n\t<li>Druga homilia papie\u017ca Franciszka: \u201enajsilniejszym or\u0119dziem Pana jest mi\u0142osierdzie\u201d<\/li>\r\n\t<li>Anio\u0142 Pa\u0144ski z papie\u017cem: \u201epolecam wam ksi\u0105\u017ck\u0119 o mi\u0142osierdziu Bo\u017cym kard. Kaspera\u201d<\/li>\r\n\t<li>Kard. Walter Kasper: \u201enale\u017cy wy\u015bwi\u0119ca\u0107 kobiety\u201d<\/li>\r\n\t<li>To nie by\u0142a intronizacja<\/li>\r\n\t<li>Komunia \u015awi\u0119ta by\u0142a przyjmowana na kolanach<\/li>\r\n\t<li>\u201eStrzec ka\u017cdego stworzenia\u201d<\/li>\r\n<\/ol>\r\n<p>Rozdzia\u0142 IX &#8211; Dok\u0105d b\u0119dzie zmierza\u0142 Ko\u015bci\u00f3\u0142 pod przewodnictwem papie\u017ca Franciszka?<\/p>\r\n<p>Rozdzia\u0142 X &#8211; Biskup Rzymu, misjonarz, kaznodzieja<\/p>\r\n<p>Zako\u0144czenie<\/p>\r\n<p>Dodatek: ks. Jacek Ba\u0142emba SDB, Droga pewna<\/p>\r\n<\/blockquote>","protected":false},"excerpt":{"rendered":"Mamy nowego papie\u017ca. Rozpoczyna si\u0119 nowy rozdzia\u0142 w historii Ko\u015bcio\u0142a. Jaki b\u0119dzie? Dok\u0105d zmierza Ko\u015bci\u00f3\u0142? Co mamy robi\u0107, by przyczyni\u0107 si\u0119 do jego odnowy, rozkwitu, do poszerzania Kr\u00f3lestwa Chrystusowego na \u015bwiecie i w naszej Ojczy\u017anie? (Prezentujemy fragment najnowszej ksi\u0105\u017cki dr. Stanis\u0142awa Krajskiego, kt\u00f3ra w najbli\u017cszym czase uka\u017ce si\u0119 nak\u0142adem Wydawnictwa im. \u015bw. Tomasza z Akwinu) [&hellip;]","protected":false},"author":2,"featured_media":0,"comment_status":"closed","ping_status":"closed","sticky":false,"template":"","format":"standard","meta":{"_acf_changed":false,"_monsterinsights_skip_tracking":false,"_monsterinsights_sitenote_active":false,"_monsterinsights_sitenote_note":"","_monsterinsights_sitenote_category":0,"ngg_post_thumbnail":0,"footnotes":"","_wp_rev_ctl_limit":""},"categories":[3],"tags":[75,301,41,33],"acf":[],"_links":{"self":[{"href":"https:\/\/www.bibula.com\/index.php?rest_route=\/wp\/v2\/posts\/67469"}],"collection":[{"href":"https:\/\/www.bibula.com\/index.php?rest_route=\/wp\/v2\/posts"}],"about":[{"href":"https:\/\/www.bibula.com\/index.php?rest_route=\/wp\/v2\/types\/post"}],"author":[{"embeddable":true,"href":"https:\/\/www.bibula.com\/index.php?rest_route=\/wp\/v2\/users\/2"}],"replies":[{"embeddable":true,"href":"https:\/\/www.bibula.com\/index.php?rest_route=%2Fwp%2Fv2%2Fcomments&post=67469"}],"version-history":[{"count":2,"href":"https:\/\/www.bibula.com\/index.php?rest_route=\/wp\/v2\/posts\/67469\/revisions"}],"predecessor-version":[{"id":118258,"href":"https:\/\/www.bibula.com\/index.php?rest_route=\/wp\/v2\/posts\/67469\/revisions\/118258"}],"wp:attachment":[{"href":"https:\/\/www.bibula.com\/index.php?rest_route=%2Fwp%2Fv2%2Fmedia&parent=67469"}],"wp:term":[{"taxonomy":"category","embeddable":true,"href":"https:\/\/www.bibula.com\/index.php?rest_route=%2Fwp%2Fv2%2Fcategories&post=67469"},{"taxonomy":"post_tag","embeddable":true,"href":"https:\/\/www.bibula.com\/index.php?rest_route=%2Fwp%2Fv2%2Ftags&post=67469"}],"curies":[{"name":"wp","href":"https:\/\/api.w.org\/{rel}","templated":true}]}}