{"id":67351,"date":"2013-03-13T14:46:10","date_gmt":"2013-03-13T19:46:10","guid":{"rendered":"http:\/\/www.bibula.com\/?p=67351"},"modified":"2013-03-13T14:46:10","modified_gmt":"2013-03-13T19:46:10","slug":"nowy-papiez-franciszek-i-kard-jorge-mario-bergoglio-jezuita-arcybiskup-buenos-aires","status":"publish","type":"post","link":"https:\/\/www.bibula.com\/?p=67351","title":{"rendered":"Nowy Papie\u017c: Franciszek I; kard. Jorge Mario Bergoglio, jezuita, arcybiskup Buenos Aires"},"content":{"rendered":"<p>By\u0142 arcybiskupem Buenos Aires. Uko\u0144czy\u0142 studia na kierunku chemia, po czym rozpocz\u0105\u0142 swoj\u0105 formacj\u0119 w seminarium. W 1958 roku wst\u0105pi\u0142 jednak do zakonu jezuit\u00f3w, tam te\u017c kontynuowa\u0142 nauk\u0119, zg\u0142\u0119biaj\u0105c nauki humanistyczne: filozofi\u0119, literatur\u0119 i psychologi\u0119. \u015awi\u0119cenia kap\u0142a\u0144skie przyj\u0105\u0142 w 1969 roku. \u015aluby wieczyste z\u0142o\u017cy\u0142 cztery lata p\u00f3\u017aniej.<br \/><br \/>W Villa Barilari by\u0142 mistrzem nowicjatu. Uczy\u0142 te\u017c na Wydziale Teologii. By\u0142 r\u00f3wnie\u017c rektorem kolegium w San Miguel, cz\u0142onkiem konsulty prowincji zakonnej w tym samym mie\u015bcie, a tak\u017ce prowincja\u0142em Argentyny. Przez pewien czas pracowa\u0142 w Niemczech, gdzie ko\u0144czy\u0142 doktorat. Po powrocie do kraju pe\u0142ni\u0142 funkcj\u0119 dyrektora duchownego w Colegio del Salvador w Cordobie, a p\u00f3\u017aniej rektora Kolegio Maximo San Jos\u00c3\u00a9 w San Miguel. <br \/><br \/>W 1992 roku zosta\u0142 mianowany biskupem pomocniczym Buenos Aires, a po \u015bmierci kard. Quarraciono obj\u0105\u0142 t\u0119 diecezj\u0119. Jednocze\u015bnie pe\u0142ni\u0142 te\u017c funkcj\u0119 ordynariusza dla wiernych ryt\u00f3w orientalnych, mieszkaj\u0105cych w Argentynie. By\u0142 tak\u017ce Wielkim Kanclerzem Katolickiego Uniwersytetu Argentyny oraz wiceprzewodnicz\u0105cym Konferencji Episkopatu Argentyny. Bra\u0142 udzia\u0142 w sesjach \u015awiatowego Synodu Biskup\u00f3w w Watykanie. <br \/><br \/>Do godno\u015bci kardynalskiej zosta\u0142 wyniesiony w 2001 roku. Podczas konklawe w 2005 roku by\u0142 w gronie papabile. W latach 2005-2011 by\u0142 przewodnicz\u0105cym Konferencji Episkopatu Argentyny.<\/p>","protected":false},"excerpt":{"rendered":"By\u0142 arcybiskupem Buenos Aires. Uko\u0144czy\u0142 studia na kierunku chemia, po czym rozpocz\u0105\u0142 swoj\u0105 formacj\u0119 w seminarium. W 1958 roku wst\u0105pi\u0142 jednak do zakonu jezuit\u00f3w, tam te\u017c kontynuowa\u0142 nauk\u0119, zg\u0142\u0119biaj\u0105c nauki humanistyczne: filozofi\u0119, literatur\u0119 i psychologi\u0119. \u015awi\u0119cenia kap\u0142a\u0144skie przyj\u0105\u0142 w 1969 roku. \u015aluby wieczyste z\u0142o\u017cy\u0142 cztery lata p\u00f3\u017aniej.W Villa Barilari by\u0142 mistrzem nowicjatu. Uczy\u0142 te\u017c na [&hellip;]","protected":false},"author":1,"featured_media":0,"comment_status":"closed","ping_status":"closed","sticky":false,"template":"","format":"standard","meta":{"_acf_changed":false,"_monsterinsights_skip_tracking":false,"_monsterinsights_sitenote_active":false,"_monsterinsights_sitenote_note":"","_monsterinsights_sitenote_category":0,"ngg_post_thumbnail":0,"footnotes":"","_wp_rev_ctl_limit":""},"categories":[3],"tags":[41],"acf":[],"_links":{"self":[{"href":"https:\/\/www.bibula.com\/index.php?rest_route=\/wp\/v2\/posts\/67351"}],"collection":[{"href":"https:\/\/www.bibula.com\/index.php?rest_route=\/wp\/v2\/posts"}],"about":[{"href":"https:\/\/www.bibula.com\/index.php?rest_route=\/wp\/v2\/types\/post"}],"author":[{"embeddable":true,"href":"https:\/\/www.bibula.com\/index.php?rest_route=\/wp\/v2\/users\/1"}],"replies":[{"embeddable":true,"href":"https:\/\/www.bibula.com\/index.php?rest_route=%2Fwp%2Fv2%2Fcomments&post=67351"}],"version-history":[{"count":0,"href":"https:\/\/www.bibula.com\/index.php?rest_route=\/wp\/v2\/posts\/67351\/revisions"}],"wp:attachment":[{"href":"https:\/\/www.bibula.com\/index.php?rest_route=%2Fwp%2Fv2%2Fmedia&parent=67351"}],"wp:term":[{"taxonomy":"category","embeddable":true,"href":"https:\/\/www.bibula.com\/index.php?rest_route=%2Fwp%2Fv2%2Fcategories&post=67351"},{"taxonomy":"post_tag","embeddable":true,"href":"https:\/\/www.bibula.com\/index.php?rest_route=%2Fwp%2Fv2%2Ftags&post=67351"}],"curies":[{"name":"wp","href":"https:\/\/api.w.org\/{rel}","templated":true}]}}