{"id":67272,"date":"2013-03-07T14:30:02","date_gmt":"2013-03-07T19:30:02","guid":{"rendered":"http:\/\/www.bibula.com\/?p=67272"},"modified":"2013-03-08T16:13:38","modified_gmt":"2013-03-08T21:13:38","slug":"zydzi-informuja-o-przelomie-w-sprawie-%e2%80%9ezwrotu%e2%80%9d-mienia-kiedy-poczatek-rabunku-polski","status":"publish","type":"post","link":"https:\/\/www.bibula.com\/?p=67272","title":{"rendered":"\u017bydzi informuj\u0105 o prze\u0142omie w sprawie \u201ezwrotu&#8221; mienia. Kiedy pocz\u0105tek rabunku Polski?"},"content":{"rendered":"<p>Cisza na ten temat w polskoj\u0119zycznych mediach jest znamienna. Pi\u0119cioosobowa delegacja z Izraela wspierana przez mieszkaj\u0105cego w Warszawie dyplomat\u0119 spotka\u0142a si\u0119 z przedstawicielami rz\u0105du &#8211; m.in. ministerstwa spraw zagranicznych, sprawiedliwo\u015bci i finans\u00f3w &#8211; oraz reprezentantami \u201eopozycji\u201d. Tematem by\u0142 zwrot przez Polsk\u0119 mienia osobom ocala\u0142ym z \u201eholocaustu\u201d lub im spadkobiercom. Po raz pierwszy biznesmeni z Przedsi\u0119biorstwa Holocaust poinformowali o <strong>\u201eprze\u0142omie\u201d<\/strong>. Bobby Brown, dyrektor HEART (Specjalna Grupa Zadaniowa ds. Restytucji Maj\u0105tku z Okresu Holokaustu, ang. Holocaust Era Asset Restitution Taskforce ) poinformowa\u0142, i\u017c \u201e<strong>Polacy byli niezwykle uprzejmi i przyjacielscy<\/strong>. Nie osi\u0105gn\u0119li\u015bmy porozumienia, ale wypracowali\u015bmy kana\u0142 porozumienia i widzieli\u015bmy du\u017co dobrej woli\u201d. Prace komisji HEART, wspieranej przez premiera Benjamina Netanjahu, sponsorowanej m. in. przez Agencj\u0119 \u017bydowsk\u0105 na rzecz Izraela oraz \u015awiatow\u0105 Organizacj\u0119 Syjonistyczn\u0105 (WZO), b\u0119d\u0105 ukierunkowane na <em>odnalezienie mienia odebranego \u017bydom przez pa\u0144stwa europejskie podczas Holocaustu.\u00a0<\/em>Na dzisiejsz\u0105 chwil\u0119 zarejestrowano 177 000 wniosk\u00f3w, 40 000 dotyczy nieruchomo\u015bci i d\u00f3br nale\u017c\u0105cych do przedwojennych mieszka\u0144c\u00f3w RP.<\/p>\r\n<p>Warto\u015b\u0107 ewentualnych roszcze\u0144 dotycz\u0105cych mienia \u017cydowskiego jest r\u00f3\u017cnie szacowana, najni\u017csze podawane sumy to 60 mld dolar\u00f3w.<\/p>\r\n<p><strong>Na podstawie:<\/strong> <a href=\"http:\/\/www.timesofisrael.com\/breakthrough-in-talks-with-poland-on-holocaust-compensation\/\" target=\"_blank\">Times of Israel<\/a><\/p>\r\n<p class=\"zrodlo\">Za: <a href=\"http:\/\/www.nacjonalista.pl\/2013\/03\/07\/zydzi-informuja-o-przelomie-w-sprawie-zwrotu-mienia-kiedy-poczatek-rabunku-polski\/\">nacjonalista.pl (7 marca 2013)<\/a><\/p>\r\n<blockquote>\r\n<h2>&#8222;Prze\u0142om&#8221; w sprawie odszkodowa\u0144 za Holokaust w Polsce<\/h2>\r\n<p><strong>Wed\u0142ug informacji pisma <em>The Times of Israel<\/em>, Warszawa chce po raz pierwszy powa\u017cnie dyskutowa\u0107 o restytucji.<\/strong><\/p>\r\n<p>Wed\u0142ug informacji podanej przez pismo <strong><em>The Times of Israel<\/em><\/strong>, oficjalna delegacja izraelska w Polsce uwa\u017ca, \u017ce osi\u0105gn\u0119\u0142a &#8222;prze\u0142om&#8221; w rozmowach z Warszaw\u0105 o mo\u017cliwej rekompensacie za maj\u0105tek prywatny, kt\u00f3ry nale\u017ca\u0142 do \u017byd\u00f3w przed Holocaustem.\u00a0\u00a0\u00a0<\/p>\r\n<p>Wprawdzie, pi\u0119cioosobowej delegacji, w sk\u0142ad kt\u00f3rej wchodzi\u0142 by\u0142y izraelski minister, kt\u00f3remu towarzyszy\u0142 wa\u017cny dyplomata izraelski akredytowany w Warszawie, nie uda\u0142o si\u0119 jeszcze osi\u0105gn\u0105\u0107 porozumienia z rz\u0105dem polskim, jednak Izraelczycy powiedzieli, \u017ce Polacy po raz pierwszy zasygnalizowali gotowo\u015b\u0107 do podj\u0119cia powa\u017cnych \u00a0dyskusji na temat odszkodowania i uzgodnili potrzeb\u0119 dalszych konsultacji dwustronnych.<\/p>\r\n<p>Spo\u015br\u00f3d wszystkich kraj\u00f3w \u015arodkowej i Wschodniej Europy, Polska jest najbardziej uparta w swojej odmowie rozpatrzenia zwrotu mienia utraconego przez \u017byd\u00f3w przed lub w czasie Holokaustu.<\/p>\r\n<p>&#8222;Polacy byli bardzo uprzejmi i przyjaznie nastawieni oraz zaanga\u017cowali si\u0119 w bardzo powa\u017cne dyskusje&#8221; &#8211; powiedzia\u0142 Bobby Brown, dyrektor <strong>Project HEART<\/strong>, pozarz\u0105dowej izraelskiej organizacji, kt\u00f3ra domaga sie zwrotu mienia ocala\u0142ych z Holocaustu.<\/p>\r\n<p>&#8222;Nie uda\u0142o si\u0119 jeszcze osi\u0105gn\u0105\u0107 porozumienia, ale rozpocz\u0105\u0142 si\u0119 dialog i widzia\u0142em du\u017co dobrej woli. To jest bardzo wa\u017cny krok naprz\u00f3d. &#8222;<\/p>\r\n<p>Ani Ambasada Rzeczypospolitej Polskiej w Tel Awiwie, ani Ministerstwo Spraw Zagranicznych w Warszawie nie odpowiedzia\u0142y na zapytania <strong><em>Times of Israel,<\/em><\/strong> zanim artyku\u0142 zosta\u0142 opublikowany.<\/p>\r\n<p>Izraelczycy spotkali si\u0119 z wy\u017cszymi urz\u0119dnikami z sze\u015bciu polskich Ministerstw &#8211; w tym Spraw Zagranicznych, Sprawiedliwo\u015bci i Finans\u00f3w \u00a0&#8211; oraz z pewn\u0105 liczb\u0105\u00a0 parlamentarzyst\u00f3w, zar\u00f3wno z partii rz\u0105dz\u0105cej jak i opozycji, powiedzia\u0142 Brown. Delegacja spotka\u0142a si\u0119 z urz\u0119dnikami z Narodowego Instytutu Muzealnictwa i Ochrony Zbior\u00f3w oraz Urz\u0119du d\/s Kombatant\u00f3w i Os\u00f3b Represjonowanych.<\/p>\r\n<p>&#8222;Co\u015b takiego nigdy dotychczas sie nie zdarzy\u0142o. To by\u0142 prze\u0142om, kt\u00f3ry z\u0142ama\u0142 tabu Izraelczyk\u00f3w i Polak\u00f3w, co pozwoli na racjonalne rozmowy na ten temat, rozpatrzenie \u00a0r\u00f3\u017cnych opcji i rozpocz\u0119cie prawdziwej dyskusji o tym, co jest mo\u017cliwe&#8221; &#8211;\u00a0 powiedzia\u0142.<\/p>\r\n<p>W przeciwie\u0144stwie do innych grup \u017cadajacych restytucji za Holokaust, Project HEART\u00a0 nie prosi polski rz\u0105d o uchwalenie przepis\u00f3w prawnych do rozstrzygania roszcze\u0144. &#8222;Po prostu chcemy, \u017ceby\u00a0 wdro\u017cyli jakikolwiek proces w najbardziej prosty, szybki i tani sposob w celu zagwarantowania r\u00f3wnego dost\u0119pu dla wszystkich tych, kt\u00f3rzy spe\u0142niaj\u0105 kryteria&#8221;, powiedzia\u0142 Brown. Project HEART dotyczy tylko prywatnych posiad\u0142o\u015bci, nie odnosz\u0105c si\u0119 do innych kwestii, takie jak nieruchomo\u015bci organizacji, mienia os\u00f3b, kt\u00f3re nie pozostawi\u0142y spadkobierc\u00f3w lub rekompensaty za cierpienia.<\/p>\r\n<p>W przesz\u0142o\u015bci urz\u0119dnicy polscy odpowiadali, \u017ce Warszawa jeszcze nie uchwali\u0142a ustawy o odszkodowaniach, poniewa\u017c szczeg\u00f3\u0142y s\u0105 tak skomplikowane, \u017ce trzeba du\u017co czasu, aby rz\u0105d je rozpatrzy\u0142.<\/p>\r\n<p>Opr\u00f3cz Brown&#8217;a, w sk\u0142ad delegacji do Warszawy weszli: jej przewodnicz\u0105cy, by\u0142y minister d\/s emeryt\u00f3w Rafi Eitan, by\u0142y spiker Knesetu Dan Tichon oraz Zvi Barak, prezes \u017bydowskiego Funduszu Emerytalnego.<\/p>\r\n<p>Project HEART jest organizacj\u0105 za\u0142o\u017con\u0105 na pocz\u0105tku 2011 roku \u00a0przez Jewish Agency i Ministerstwo Izraela d\/s Emeryt\u00f3w, kt\u00f3ra stanowi Grup\u0119 Zadaniow\u0105 d\/s restytucji mienia z czas\u00f3w Holocaustu.\u00a0Ma ona na celu okre\u015blenie mienia \u017cydowskiego utraconego lub skradzionego przez nazist\u00f3w lub ich wsp\u00f3\u0142pracownik\u00f3w w celu uzyskania zado\u015b\u0107uczynienia dla ofiar lub ich spadkobierc\u00f3w.<\/p>\r\n<p>Ministerstwo Spraw Zagranicznych Izraela jest zazwyczaj sceptycznie nastawione do dzia\u0142a\u0144 Project HEART, obawiaj\u0105c si\u0119, \u017ce jego \u017c\u0105dania zwrotu mienia nie s\u0105 skoordynowane z innymi takimi inicjatywami oraz \u017ce mo\u017ce to skomplikowa\u0107 stosunki z krajami Europy \u015arodkowej i Wschodniej na szczeblu dyplomatycznym. Ale poniewa\u017c rz\u0105d polski oficjalne zaprosi\u0142 t\u0105 organizacj\u0119 &#8211; kt\u00f3ra sama w sobie stanowi rami\u0119 rz\u0105du izraelskiego &#8211; zast\u0119pca ambasadora Izraela w Polsce, Nadav Eshcar, s\u0142u\u017cy\u0142 jako po\u015brednik mi\u0119dzy stronami.<\/p>\r\n<p>&#8222;Mamy wiele zastrze\u017ce\u0144 co do dzia\u0142alno\u015bci Project HEART, poniewa\u017c nie jest ona skoordynowana z innymi i dlatego, \u017ce mo\u017ce nie by\u0107 zgodna z og\u00f3lnymi izraelskimi interesami w zakresie wi\u0119kszych roszcze\u0144 co do restytucji i oczywi\u015bcie naszymi stosunkami z Polsk\u0105&#8221;,\u00a0 powiedzia\u0142 urz\u0119dnik Ministerstwa Spraw Zagranicznych Izraela przedstawicielowi <em>The Times Israel<\/em>, m\u00f3wi\u0105c o tym anonimowo ze wzgl\u0119du na delikatno\u015b\u0107 sprawy.<\/p>\r\n<p>Warszawa jest najbardziej upartym krajem, je\u015bli chodzi o dyskutowanie mo\u017cliwo\u015bci restytucji za Holokaust, powiedzia\u0142 urz\u0119dnik, dodaj\u0105c, \u017ce oficjalne zaproszenie rz\u0105du polskiego wystosowane do Projectu HEART &#8222;zaskoczy\u0142o&#8221; Ministerstwo Spraw Zagranicznych Izraela.<\/p>\r\n<p>&#8222;Nale\u017cy wszcz\u0105\u0107 ca\u0142\u0105 procedur\u0119 restytucji w taki spos\u00f3b, aby Polska mog\u0142a j\u0105 przej\u015b\u0107 zgodnie z prawem oraz politycznie i finansowo.&#8221;<\/p>\r\n<p>Podczas Mi\u0119dzynarodowej Konferencji n\/t Restytucji za Holokaust w grudniu ub. roku w Pradze, Polska by\u0142a jedynym wa\u017cnym pa\u0144stwem, kt\u00f3re nie wys\u0142a\u0142o swojego delegata, co zirytowalo przedstawicieli grup walcz\u0105cych o odszkodowania. &#8222;Ten fakt du\u017co m\u00f3wi, \u017ce nie chc\u0105 nawet bra\u0107 udzia\u0142u&#8221;, powiedzial wtedy JTA Greg Schneider, wiceprezes Claims Conference on Jewish Material Claims Against Germany. Inni urz\u0119dnicy powiedzieli, \u017ce byli rozczarowani widoczn\u0105 niech\u0119ci\u0105 Polski do spraw restytucji, ale stwierdzil, \u017ce nie nale\u017cy tego traktowa\u0107 jako przegranej sprawy i \u017ce przysz\u0142e negocjacje mog\u0105 ostatecznie przynie\u015b\u0107 rozstrzygni\u0119cie.<\/p>\r\n<p>Project HEART, kt\u00f3ry powsta\u0142 przy b\u0142ogos\u0142awie\u0144stwie premiera Benjamina Netanjahu, ma na celu zlokalizowanie ocala\u0142ych z Holocaustu i ich spadkobierc\u00f3w, kt\u00f3rzy uwa\u017caj\u0105, \u017ce ich rodziny posiada\u0142y nieruchomo\u015bci, kt\u00f3re zosta\u0142y zrabowane przez nazist\u00f3w lub ich wsp\u00f3\u0142pracownik\u00f3w i \u00a0nigdy nie otrzymali odszkodowa\u0144. Dotychczas organizacja zebra\u0142a jakie\u015b 177 tys. roszcze\u0144.\u00a0 40 tys. z nich odnosi si\u0119 do nieruchomo\u015bci lub rzeczy, kt\u00f3re nale\u017ca\u0142y do mieszka\u0144c\u00f3w przedwojennej Polski.<\/p>\r\n<p>&#8222;Polacy zrozumieli konsekwencje tego&#8221;, powiedzia\u0142 Brown, my\u015bl\u0105c o ogromnej liczbie roszcze\u0144, kt\u00f3re mog\u0142yby trafi\u0107 do polskich s\u0105dow. &#8222;Je\u015bli b\u0119dziemy stawia\u0107 \u017c\u0105dania poprzez system s\u0105d\u00f3w, to poprzez kt\u00f3re? Je\u015bli wybierzemy si\u0119 do polskich s\u0105d\u00f3w, to czy one poradz\u0105 sobie z obci\u0105\u017ceniem sprawami? Co by si\u0119 sta\u0142o z rynkiem nieruchomo\u015bci? &#8222;Obie strony om\u00f3wi\u0142y tak\u017ce trudno\u015bci dla polskich emigrant\u00f3w i ich potomk\u00f3w w wyborze polskiego orzecznictwa w dochodzeniu swoich roszcze\u0144. &#8222;Chcemy, aby bylo to uczciwe, szybkie i tanie, aby ludzie mogli \u0142atwo skorzysta\u0107 z calego systemu&#8221;, powiedzia\u0142 Brown.<\/p>\r\n<p>Uregulowanie restytucji z Holokaustu dla mieszka\u0144c\u00f3w przedwojennej Polski jest bardzo skomplikowane, poniewa\u017c granice kraju zmieni\u0142y si\u0119 od tamtego czasu, powiedzia\u0142 Brown. &#8222;Ludno\u015b\u0107 polska ucierpia\u0142a ogromnie podczas II wojny \u015bwiatowej. Pok\u00f3j, kt\u00f3ry zosta\u0142 narzucony nie liczyl si\u0119 polskimi interesami, w rezultacie czego Polska utraci\u0142a du\u017c\u0105 cz\u0119\u015b\u0107 swojego terytorium, a inne cz\u0119\u015bci\u00a0 zosta\u0142y dodane. Ca\u0142a populacja utraci\u0142a nieruchomo\u015bci w czasach komunizmu.&#8221; &#8211; doda\u0142.<\/p>\r\n<p>&#8222;Rozumiemy, \u017ce tym wszystkim trzeba si\u0119 zaj\u0105\u0107, \u00a0aby przeprowadzi\u0107 ca\u0142\u0105 procedur\u0119 restytucji w taki sposob, aby Polska mog\u0142a z tym normalnie \u017cy\u0107 pod wzgledem prawnym, politycznym i finansowym.&#8221;<\/p>\r\n<p>\u00c5\u00b9r\u00f3do: <a href=\"http:\/\/www.timesofisrael.com\/breakthrough-in-talks-with-poland-on-holocaust-compensation\/\" target=\"_blank\">http:\/\/www.timesofisrael.com\/breakthrough-in-talks-with-poland-on-holocaust-compensation\/<\/a><\/p>\r\n<p><strong><em>(Z angielskiego t\u0142umaczy\u0142 S.Sas)<\/em><\/strong><\/p>\r\n<p class=\"zrodlo\">Za: na podstawie emailowej listy dystrybucyjnej (2013-03-08)<\/p>\r\n<\/blockquote>","protected":false},"excerpt":{"rendered":"Cisza na ten temat w polskoj\u0119zycznych mediach jest znamienna. Pi\u0119cioosobowa delegacja z Izraela wspierana przez mieszkaj\u0105cego w Warszawie dyplomat\u0119 spotka\u0142a si\u0119 z przedstawicielami rz\u0105du &#8211; m.in. ministerstwa spraw zagranicznych, sprawiedliwo\u015bci i finans\u00f3w &#8211; oraz reprezentantami \u201eopozycji\u201d. Tematem by\u0142 zwrot przez Polsk\u0119 mienia osobom ocala\u0142ym z \u201eholocaustu\u201d lub im spadkobiercom. Po raz pierwszy biznesmeni z Przedsi\u0119biorstwa [&hellip;]","protected":false},"author":1,"featured_media":0,"comment_status":"closed","ping_status":"closed","sticky":false,"template":"","format":"standard","meta":{"_acf_changed":false,"_monsterinsights_skip_tracking":false,"_monsterinsights_sitenote_active":false,"_monsterinsights_sitenote_note":"","_monsterinsights_sitenote_category":0,"ngg_post_thumbnail":0,"footnotes":"","_wp_rev_ctl_limit":""},"categories":[8],"tags":[22,92,61,53],"acf":[],"_links":{"self":[{"href":"https:\/\/www.bibula.com\/index.php?rest_route=\/wp\/v2\/posts\/67272"}],"collection":[{"href":"https:\/\/www.bibula.com\/index.php?rest_route=\/wp\/v2\/posts"}],"about":[{"href":"https:\/\/www.bibula.com\/index.php?rest_route=\/wp\/v2\/types\/post"}],"author":[{"embeddable":true,"href":"https:\/\/www.bibula.com\/index.php?rest_route=\/wp\/v2\/users\/1"}],"replies":[{"embeddable":true,"href":"https:\/\/www.bibula.com\/index.php?rest_route=%2Fwp%2Fv2%2Fcomments&post=67272"}],"version-history":[{"count":0,"href":"https:\/\/www.bibula.com\/index.php?rest_route=\/wp\/v2\/posts\/67272\/revisions"}],"wp:attachment":[{"href":"https:\/\/www.bibula.com\/index.php?rest_route=%2Fwp%2Fv2%2Fmedia&parent=67272"}],"wp:term":[{"taxonomy":"category","embeddable":true,"href":"https:\/\/www.bibula.com\/index.php?rest_route=%2Fwp%2Fv2%2Fcategories&post=67272"},{"taxonomy":"post_tag","embeddable":true,"href":"https:\/\/www.bibula.com\/index.php?rest_route=%2Fwp%2Fv2%2Ftags&post=67272"}],"curies":[{"name":"wp","href":"https:\/\/api.w.org\/{rel}","templated":true}]}}