{"id":67245,"date":"2013-03-04T21:13:26","date_gmt":"2013-03-05T02:13:26","guid":{"rendered":"http:\/\/www.bibula.com\/?p=67245"},"modified":"2013-03-04T21:13:26","modified_gmt":"2013-03-05T02:13:26","slug":"","status":"publish","type":"post","link":"https:\/\/www.bibula.com\/?p=67245","title":{"rendered":"\u201eSynowie Przymierza&#8221; kontra TV Trwam"},"content":{"rendered":"<p>Sprawa potraktowania si\u00f3str Radwa\u0144skich w Izraelu i zaordynowane z jakiej\u015b niewidzialnej centrali milczenie w tej sprawie polskich w\u0142adz, \u201ewiod\u0105cych\u201d medi\u00f3w, \u201enajwy\u017cej cenionych\u201d dziennikarzy oraz \u201eautorytet\u00f3w\u201d s\u0105 niezbitym dowodem na to, \u017ce III RP nie chce, nie mo\u017ce lub boi si\u0119 wyst\u0119powa\u0107 w obronie honoru i godno\u015bci w\u0142asnych obywateli.<\/p>\n<p>Kolejn\u0105 pr\u00f3b\u0105 b\u0119dzie decyzja KRRiT w sprawie przyznania koncesji dla TV Trwam. Przypominam, \u017ce przez Polsk\u0119 przetoczy\u0142o si\u0119 ju\u017c przesz\u0142o sto kilkadziesi\u0105t marsz\u00f3w poparcia i zebrano niemal dwa i p\u00f3\u0142 miliona podpis\u00f3w.<\/p>\n<p>Warto pami\u0119ta\u0107, \u017ce kiedy w s\u0142ynnej sprawie ACTA zebrano w ca\u0142ej Europie \u201egigantyczn\u0105\u201d liczb\u0119 dw\u00f3ch milion\u00f3w podpis\u00f3w natychmiast zareagowa\u0142 prezydent Komorowski, a media tak nag\u0142a\u015bnia\u0142y jego zaanga\u017cowanie:<\/p>\n<p style=\"padding-left: 30px;\"><em>\u201ePrezydent Bronis\u0142aw Komorowski zwr\u00f3ci\u0142 si\u0119 do Rzecznika Praw Obywatelskich o zaj\u0119cie stanowiska w sprawie ratyfikacji umowy ACTA. Prezydent chce wiedzie\u0107, czy ratyfikacja umowy wp\u0142ynie, czy nie wp\u0142ynie na ograniczenie praw obywatelskich &#8211; poinformowa\u0142a Kancelaria Prezydenta.\u201d<\/em><\/p>\n<p style=\"padding-left: 30px;\"><em>\u201eMinistrowie: sprawiedliwo\u015bci, administracji i cyfryzacji, kultury oraz RPO uczestniczyli w spotkaniu u prezydenta Bronis\u0142awa Komorowskiego w sprawie umowy ACTA\u201d<\/em><\/p>\n<p>Co sp\u0119ta\u0142o nogi i j\u0119zyk \u201epierwszemu obywatelowi\u201d w sprawie TV Trwam? Dla mnie jest to pytanie czysto retoryczne i my\u015bl\u0119, \u017ce znam na nie odpowied\u017a.<\/p>\n<p><strong>\u201eTrzech kumpli\u201d<\/strong><\/p>\n<p>Klucz do rozwik\u0142ania tej zagadki to relacje \u0142\u0105cz\u0105ce \u201etrzech kumpli\u201d, czyli Bronis\u0142awa Komorowskiego, Jana Dworaka i Jaros\u0142awa Szczepa\u0144skiego.<\/p>\n<p>Przypominam, \u017ce pierwszy jest Prezydentem RP, drugi szefem KRRiT, a trzeci od 2009 r. prezesuje \u017bydowskiemu Zwi\u0105zkowi Stowarzysze\u0144 Humanitarnych <em>B&#8217;nai B&#8217;rith<\/em>, czyli lo\u017cy Polin zwanej te\u017c <em>Synami Przymierza.<\/em><\/p>\n<p>Za\u017cy\u0142o\u015b\u0107 Komorowskiego i Dworaka jest powszechnie znana i trwa ju\u017c niemal 40 lat. Panowie wsp\u00f3lnie \u017cegluj\u0105, spotykaj\u0105 si\u0119 z rodzinami w Budzie Ruskiej, jednym s\u0142owem s\u0105 jak przys\u0142owiowe papu\u017cki nieroz\u0142\u0105czki.<\/p>\n<p>Mniej znany publicznie jest \u201etrzeci kumpel\u201d, czyli Jaros\u0142aw Szczepa\u0144ski.<\/p>\n<p>Warto przypomnie\u0107, \u017ce pe\u0142ni\u0142 on funkcj\u0119 rzecznika prasowego telewizji w czasach, kiedy prezesem na Woronicz by\u0142 w\u0142a\u015bnie Jan Dworak, a w 2007 roku zosta\u0142 doradc\u0105 medialnym wicemarsza\u0142ka Bronis\u0142awa Komorowskiego i w tym samym roku wysz\u0142o na jaw, \u017ce nazwisko Szczepa\u0144skiego znalaz\u0142o si\u0119 w <em>Raporcie z Weryfikacji WSI.<\/em><\/p>\n<p>Teraz trzeba przypomnie\u0107 g\u0142\u00f3wne zadania kierowanej przez Szczepa\u0144skiego lo\u017cy <em>B&#8217;nai B&#8217;rith<\/em> w Polsce.<\/p>\n<p>Tu pomocny b\u0119dzie nam komunikat, jaki ukaza\u0142 si\u0119 w 2007 roku na stronie internetowej ambasady USA w Warszawie:<\/p>\n<p style=\"padding-left: 30px;\"><em>\u201e9 wrze\u015bnia przy okazji otwarcia nowej lo\u017cy B\u2019nai B\u2019rith w Warszawie ambasador Victor Ashe spotka\u0142 si\u0119 z dzia\u0142aczami tej organizacji &#8211; prezesem Moishem Smithem i wiceprezesem Danem Mariaschinem. Om\u00f3wiono m.in. spraw\u0119 ustawodawstwa dotycz\u0105cego zwrotu mienia oraz kwestie zwi\u0105zane z Radiem Maryja i Telewizj\u0105 Trwam. Otwarcie warszawskiej lo\u017cy B\u2019nai B\u2019rith oznacza odrodzenie si\u0119 tej organizacji \u017cydowskiej w Polsce po niemal 70 latach nieobecno\u015bci.\u201d<\/em><\/p>\n<p>My\u015bl\u0119, \u017ce wszystko staje si\u0119 jasne i ju\u017c nied\u0142ugo z ust Jana Dworaka dowiemy si\u0119 ile nieskr\u0119powanej niczym w\u0142adzy pozosta\u0142o jeszcze w polskich r\u0119kach. Ja s\u0105dz\u0119, \u017ce bardzo niewiele. Rozumiem te\u017c powody, dla kt\u00f3rych \u201ezaprzyja\u017anione\u201d z w\u0142adz\u0105 media, \u201eelity\u201d i \u201eautorytety\u201d tak alergicznie reaguj\u0105 na has\u0142o \u201ePolska dla Polak\u00f3w\u201d. Bynajmniej nie o nacjonalizm i szowinizm im chodzi.<\/p>\n<p>Na koniec przypomnijmy stenogram rozmowy mi\u0119dzy Niesio\u0142owskim i Dworakiem, kt\u00f3r\u0105 uda\u0142o si\u0119 zarejestrowa\u0107 na korytarzach sejmowych ekipie TV Trwam:<\/p>\n<p style=\"padding-left: 30px;\">Niesio\u0142owski<em>: Cze\u015b\u0107. To jeszcze tego Rydzyka \u0107wiczycie?<\/em><\/p>\n<p style=\"padding-left: 30px;\">Dworak:<em> Tak. Teraz jeste\u015bmy przed Komisj\u0105 Odpowiedzialno\u015bci Konstytucyjnej.<\/em><\/p>\n<p style=\"padding-left: 30px;\">Niesio\u0142owski<em> &#8211; Nie przejmuj si\u0119.<\/em><\/p>\n<p style=\"padding-left: 30px;\">Dworak <em>&#8211; To jakie\u015b bzdury.<\/em><\/p>\n<p style=\"padding-left: 30px;\">Niesio\u0142owski <em>&#8211; Byd\u0142o. Jednym s\u0142owem byd\u0142o. Cesarz Kaligula, cesarz Kaligula, cesarz Kaligula&#8230;<\/em><\/p>\n<p style=\"padding-left: 30px;\">Dworak <em>&#8211; No&#8230; Cze\u015b\u0107.<\/em><\/p>\n<p>Do tej pory nikt nie potrafi\u0142 wiarygodnie rozszyfrowa\u0107 sensu tych trzykrotnie wypowiedzianych s\u0142\u00f3w \u201eCesarz Kaligula\u201d. Ja my\u015bl\u0119, \u017ce Niesio\u0142owski zupe\u0142nie niechc\u0105cy, da\u0142 w ten spos\u00f3b dow\u00f3d na to, \u017ce tak on jak i Dworak maj\u0105 tyle do powiedzenia, co Incitatus, ko\u0144 wy\u015bcigowy cesarza Kaliguli mianowany przez niego senatorem.<\/p>\n<p>Druga sprawa to niezwyk\u0142a popularno\u015b\u0107 s\u0142owa \u201ebyd\u0142o\u201d, tak cz\u0119sto u\u017cywanego wobec Polak\u00f3w i myl\u0105 si\u0119 ci, kt\u00f3rzy za prekursora w tej materii uwa\u017caj\u0105 W\u0142adys\u0142awa Bartoszewskiego, ksywka \u201eProfesor\u201d.<\/p>\n<p>Odpowied\u017a znajdziemy w wydanej w 1939 roku i wznawianej w 1995 i 2000 roku pracy, ks. prof. Stanis\u0142awa Trzeciaka zatytu\u0142owanej <strong><em>\u201eTalmud o gojach, a kwestia \u017cydowska w Polsce\u201d<\/em><\/strong>.<\/p>\n<p style=\"padding-left: 30px;\"><em>&#8222;Pewnego razu spotka\u0142 Rabi b. Abuha Eljasza, stoj\u0105cego na nie\u017aydowskim cmentarzu i rzek\u0142 do niego: Mistrz jest przecie\u017c kap\u0142anem, dlaczego wi\u0119c stoi na cmentarzu? Ten odpowiedzia\u0142: Mistrz nie studiowa\u0142 przepis\u00f3w czysto\u015bci, bo uczono: groby goj\u00f3w nie zanieczyszczaj\u0105, bo znaczy: (Ez. 34-3 l) wy za\u015b, wy moje owce, owce mojego pastwiska, jeste\u015bcie lud\u017ami. Wy nazywacie si\u0119 lud\u017ami, goje za\u015b nie nazywaj\u0105 si\u0119 lud\u017ami, ale byd\u0142em.&#8221;<\/em><\/p>\n<p>Jako ciekawostk\u0119 dodam, \u017ce to w\u0142a\u015bnie ksi\u0105dz profesor Stanis\u0142aw Trzeciak tu\u017c przed wybuchem drugiej wojny \u015bwiatowej doprowadzi\u0142 do ustanowienia w Polsce humanitarnego prawa zakazuj\u0105cego uboju rytualnego byd\u0142a. Niestety senat nie zd\u0105\u017cy\u0142 ju\u017c ustawy ratyfikowa\u0107.<\/p>\n<p>Czy to jaki\u015b znak opatrzno\u015bci, \u017ce dyskusja w Polsce na ten dra\u017cliwy temat powr\u00f3ci\u0142a w\u0142a\u015bnie w ostatnich dniach?<\/p>\n<p><strong><em>kokos26<\/em><\/strong><\/p>\n<p>\u0179r\u00f3d\u0142a:<\/p>\n<ul>\n<li><a href=\"http:\/\/web.archive.org\/web\/20100412065313\/\">http:\/\/web.archive.org\/web\/20100412065313\/<\/a><\/li>\n<li><a href=\"http:\/\/polish.poland.usembassy.gov\/poland-pl\/wydarzenia_20010\/bnai-brith-otwiera-now-lo-w-warszawie--9-wrzenia-2007.html\">http:\/\/polish.poland.usembassy.gov\/poland-pl\/wydarzenia_20010\/bnai-brith-otwiera-now-lo-w-warszawie&#8211;9-wrzenia-2007.html<\/a><\/li>\n<li><a href=\"http:\/\/www.rp.pl\/artykul\/805612.html\" target=\"_blank\">http:\/\/www.rp.pl\/artykul\/805612.html<\/a><\/li>\n<\/ul>\n<p>&nbsp;<\/p>\n<p>Artyku\u0142 opublikowany w og\u00f3lnopolskim tygodniku <strong><em>Warszawska Gazeta<\/em><\/strong><\/p>","protected":false},"excerpt":{"rendered":"Sprawa potraktowania si\u00f3str Radwa\u0144skich w Izraelu i zaordynowane z jakiej\u015b niewidzialnej centrali milczenie w tej sprawie polskich w\u0142adz, \u201ewiod\u0105cych\u201d medi\u00f3w, \u201enajwy\u017cej cenionych\u201d dziennikarzy oraz \u201eautorytet\u00f3w\u201d s\u0105 niezbitym dowodem na to, \u017ce III RP nie chce, nie mo\u017ce lub boi si\u0119 wyst\u0119powa\u0107 w obronie honoru i godno\u015bci w\u0142asnych obywateli. Kolejn\u0105 pr\u00f3b\u0105 b\u0119dzie decyzja KRRiT w sprawie [&hellip;]","protected":false},"author":1,"featured_media":0,"comment_status":"closed","ping_status":"closed","sticky":false,"template":"","format":"standard","meta":{"_acf_changed":false,"_monsterinsights_skip_tracking":false,"_monsterinsights_sitenote_active":false,"_monsterinsights_sitenote_note":"","_monsterinsights_sitenote_category":0,"ngg_post_thumbnail":0,"footnotes":"","_wp_rev_ctl_limit":""},"categories":[9],"tags":[75,16,92,61,53,83],"acf":[],"_links":{"self":[{"href":"https:\/\/www.bibula.com\/index.php?rest_route=\/wp\/v2\/posts\/67245"}],"collection":[{"href":"https:\/\/www.bibula.com\/index.php?rest_route=\/wp\/v2\/posts"}],"about":[{"href":"https:\/\/www.bibula.com\/index.php?rest_route=\/wp\/v2\/types\/post"}],"author":[{"embeddable":true,"href":"https:\/\/www.bibula.com\/index.php?rest_route=\/wp\/v2\/users\/1"}],"replies":[{"embeddable":true,"href":"https:\/\/www.bibula.com\/index.php?rest_route=%2Fwp%2Fv2%2Fcomments&post=67245"}],"version-history":[{"count":0,"href":"https:\/\/www.bibula.com\/index.php?rest_route=\/wp\/v2\/posts\/67245\/revisions"}],"wp:attachment":[{"href":"https:\/\/www.bibula.com\/index.php?rest_route=%2Fwp%2Fv2%2Fmedia&parent=67245"}],"wp:term":[{"taxonomy":"category","embeddable":true,"href":"https:\/\/www.bibula.com\/index.php?rest_route=%2Fwp%2Fv2%2Fcategories&post=67245"},{"taxonomy":"post_tag","embeddable":true,"href":"https:\/\/www.bibula.com\/index.php?rest_route=%2Fwp%2Fv2%2Ftags&post=67245"}],"curies":[{"name":"wp","href":"https:\/\/api.w.org\/{rel}","templated":true}]}}