{"id":67221,"date":"2013-03-01T12:15:07","date_gmt":"2013-03-01T17:15:07","guid":{"rendered":"http:\/\/www.bibula.com\/?p=67221"},"modified":"2013-03-01T12:15:30","modified_gmt":"2013-03-01T17:15:30","slug":"oddali-hold-zolnierzom-niezlomnym-z-kresow","status":"publish","type":"post","link":"https:\/\/www.bibula.com\/?p=67221","title":{"rendered":"Oddali ho\u0142d \u017co\u0142nierzom niez\u0142omnym z Kres\u00f3w"},"content":{"rendered":"<p><strong>Z\u0142o\u017ceniem kwiat\u00f3w, modlitw\u0105 i zapaleniem zniczy Polacy na Bia\u0142orusi oddali dzi\u015b ho\u0142d \u017co\u0142nierzom wykl\u0119tym z Kres\u00f3w. Odwiedzili m.in. \u00a0miejsca zwi\u0105zane z oddzia\u0142ami Jana Borysewicza ps. \u201eKrysia\u201d oraz ppor. Czes\u0142awa Zaj\u0105czkowskiego ps. \u201eRagner\u201d.<\/strong><\/p>\r\n<p><img decoding=\"async\" class=\"aligncenter\" src=\"http:\/\/m3.naszdziennik.pl\/z\/450,253,1b540662d26fbea7dbb725e4cc216e1d5291b54c.jpg\" alt=\"zdjecie\" \/><\/p>\r\n<p>Narodowy Dzie\u0144 Pami\u0119ci \u0179o\u0142nierzy Wykl\u0119tych, 1 marca, jest r\u00f3wnie\u017c okazj\u0105 do przypomnienia tragicznej historii naszych ziem wcielonych do Zwi\u0105zku Sowieckiego. Nale\u017cy pami\u0119ta\u0107, \u017ce po wojnie w granicach Bia\u0142oruskiej Socjalistycznej Republiki Sowieckiej oraz Litewskiej Socjalistycznej Republiki Sowieckiej trwa\u0142 op\u00f3r polskich oddzia\u0142\u00f3w. \u0179o\u0142nierze podziemia antykomunistycznego bronili miejscowej ludno\u015bci m.in. przed kolektywizacj\u0105 oraz eliminowali agent\u00f3w i funkcjonariuszy NKWD. Dopiero na pocz\u0105tku lat 50. XX w. Sowieci zlikwidowali ostatnie militarne ogniska polskiego oporu.<\/p>\r\n<p>Pami\u0119\u0107 o bohaterach z dawnych Kres\u00f3w postanowili uczci\u0107 Polacy na Bia\u0142orusi. Grupa kilkudziesi\u0119ciu os\u00f3b, m.in. dzia\u0142aczy Zwi\u0105zku Polak\u00f3w na Bia\u0142orusi, weteran\u00f3w Armii Krajowej oraz m\u0142odzie\u017c,\u00a0 odwiedzi\u0142a dzi\u015b miejsca zwi\u0105zane z powojennymi walkami o niepodleg\u0142o\u015b\u0107. \u00a0<\/p>\r\n<p>&#8211; Z\u0142o\u017cyli\u015bmy kwiaty, zapalili\u015bmy znicze na cmentarzu w rejonie Iwie, tam gdzie zgin\u0119li \u201eKrysiacy\u201d. Wie\u0144ce z\u0142o\u017cyli\u015bmy tak\u017ce w Niecieczy na grobach naszych \u017co\u0142nierzy z oddzia\u0142u ppor. Czes\u0142awa Zaj\u0105czkowskiego ps. \u201eRagner\u201d. W dniu 1 marca dziwne jest to, \u017ce ludzie, kt\u00f3rzy walczyli o swoj\u0105 ziemi\u0119, wiosk\u0119, Ojczyzn\u0119 i rodzin\u0119 zostali \u017co\u0142nierzami wykl\u0119tymi, a o tych (\u017co\u0142nierze i funkcjonariusze sowieckich s\u0142u\u017cb specjalnych &#8211; przyp. red.), kt\u00f3rzy przyjechali 2 tys. km z Rosji i polegli tutaj, m\u00f3wi si\u0119, \u017ce \u201epagibli za rodinu\u201d, tj. \u201ezgin\u0119li za ojczyzn\u0119\u201d &#8211; zauwa\u017ca w rozmowie z portalem NaszDziennik.pl Mieczys\u0142aw Ja\u015bkiewicz, prezes Zwi\u0105zku Polak\u00f3w na Bia\u0142orusi.<\/p>\r\n<p>Wskazuje, \u017ce grupa by\u0142a niedaleko Starych Wasiliszek, gdzie Czes\u0142aw Niemen \u015bpiewa\u0142 piosenk\u0119 \u201eDziwny jest ten \u015bwiat\u201d.<\/p>\r\n<p>&#8211; Istotnie ten \u015bwiat jest dziwny. My jednak chcieli\u015bmy uczci\u0107 pami\u0119\u0107 tych,\u00a0 dla kt\u00f3rych \u201eB\u00f3g, Honor, Ojczyzna\u201d nie by\u0142y pustymi s\u0142owami. S\u0105 z nami \u017co\u0142nierze Armii Krajowej, kt\u00f3rzy walczyli w tych oddzia\u0142ach i uda\u0142o im si\u0119 prze\u017cy\u0107. A teraz sk\u0142adaj\u0105 wie\u0144ce na grobach swoich koleg\u00f3w &#8211; podkre\u015bla Ja\u015bkiewicz.<\/p>\r\n<p>Kolejne miejsca na drodze upami\u0119tnienia to Radu\u0144 i Nacz &#8211; zwi\u0105zane z kpt. Janem Borysewiczem ps. \u201eKrysia\u201d. Tam Sowieci obwozili jego cia\u0142o po tym, jak zgin\u0105\u0142 21 stycznia 1945 r. pod Kowalkami w zasadzce grupy operacyjnej 105. pu\u0142ku piechoty NKWD. &#8211; Nast\u0119pnie Surkonty, gdzie zgin\u0105\u0142 i zosta\u0142 pochowany pp\u0142k. Maciej Kalenkiewicz \u201eKotwicz\u201d w walce z NKWD. Na ko\u0144cu odwiedzimy Raczkowszczyzn\u0119. Zgin\u0105\u0142 tam ostatni komendant AK Okr\u0119gu Nowogr\u00f3dzkiego ppor. Anatol Radziwonik ps. \u201eOlech\u201d 12 maja 1949 r., podczas pr\u00f3by przebicia si\u0119 przez pier\u015bcie\u0144 kolejnej sowieckiej ob\u0142awy &#8211; informuje prezes ZPB.<\/p>\r\n<p>Dla Polak\u00f3w na Bia\u0142orusi niezmiernie wa\u017cne jest, by pami\u0119\u0107 o bohaterach z dawnych Kres\u00f3w nie przemin\u0119\u0142a. By uczci\u0107 Narodowy Dzie\u0144 Pami\u0119ci \u0179o\u0142nierzy Wykl\u0119tych, wyruszyli kilkoma autokarami m.in. z \u00a0Grodna i Lid\u00f3w.<\/p>\r\n<p>&#8211; Dla nas wszystkie te dni, w kt\u00f3rych wspominamy \u017co\u0142nierzy AK, s\u0105 \u015bwi\u0119te. Dlatego \u017ce mieszkamy w takich warunkach, gdzie opr\u00f3cz nas nikt wi\u0119cej ich tutaj\u00a0 nie wspomina. Robimy to sami, by dba\u0107 o ich pami\u0119\u0107. Dzi\u015b jest dzie\u0144 roboczy i nie by\u0142o to \u0142atwe, ale jeste\u015bmy wdzi\u0119czni ZPB, kt\u00f3ry si\u0119 zaanga\u017cowa\u0142 w upami\u0119tnienie &#8211; m\u00f3wi portalowi Nasz Dziennik.pl. Weronika Sebastianowicz, prezes Stowarzyszenia \u0179o\u0142nierzy Armii Krajowej\u00a0 na Bia\u0142orusi.<\/p>\r\n<p>Podkre\u015bla, \u017ce r\u00f3wnie\u017c polska m\u0142odzie\u017c odda\u0142a ho\u0142d \u00a0\u017co\u0142nierzom \u201eRagnera\u201d w Niecieczy. &#8211; Nie wiadomo, gdzie jest pochowany podporucznik Zaj\u0105czkowski , ale prosi\u0142, \u017ceby jego \u017co\u0142nierzy chowa\u0107 razem. Niestety, nie znamy miejsc poch\u00f3wk\u00f3w pozosta\u0142ych i ich liczby. Ale o tych grobach, o kt\u00f3rych wiemy, staramy si\u0119 pami\u0119ta\u0107 i odda\u0107 ho\u0142d &#8211; konkluduje Sebastianowicz.<\/p>\r\n<p id=\"article-author\"><strong><em>Jacek Dytkowski<\/em><\/strong><\/p>\r\n<p>(foto: arch\/-)<\/p>","protected":false},"excerpt":{"rendered":"Z\u0142o\u017ceniem kwiat\u00f3w, modlitw\u0105 i zapaleniem zniczy Polacy na Bia\u0142orusi oddali dzi\u015b ho\u0142d \u017co\u0142nierzom wykl\u0119tym z Kres\u00f3w. Odwiedzili m.in. \u00a0miejsca zwi\u0105zane z oddzia\u0142ami Jana Borysewicza ps. \u201eKrysia\u201d oraz ppor. Czes\u0142awa Zaj\u0105czkowskiego ps. \u201eRagner\u201d. Narodowy Dzie\u0144 Pami\u0119ci \u0179o\u0142nierzy Wykl\u0119tych, 1 marca, jest r\u00f3wnie\u017c okazj\u0105 do przypomnienia tragicznej historii naszych ziem wcielonych do Zwi\u0105zku Sowieckiego. Nale\u017cy pami\u0119ta\u0107, \u017ce [&hellip;]","protected":false},"author":1,"featured_media":0,"comment_status":"closed","ping_status":"closed","sticky":false,"template":"","format":"standard","meta":{"_acf_changed":false,"_monsterinsights_skip_tracking":false,"_monsterinsights_sitenote_active":false,"_monsterinsights_sitenote_note":"","_monsterinsights_sitenote_category":0,"ngg_post_thumbnail":0,"footnotes":"","_wp_rev_ctl_limit":""},"categories":[215],"tags":[66,188,81,59],"acf":[],"_links":{"self":[{"href":"https:\/\/www.bibula.com\/index.php?rest_route=\/wp\/v2\/posts\/67221"}],"collection":[{"href":"https:\/\/www.bibula.com\/index.php?rest_route=\/wp\/v2\/posts"}],"about":[{"href":"https:\/\/www.bibula.com\/index.php?rest_route=\/wp\/v2\/types\/post"}],"author":[{"embeddable":true,"href":"https:\/\/www.bibula.com\/index.php?rest_route=\/wp\/v2\/users\/1"}],"replies":[{"embeddable":true,"href":"https:\/\/www.bibula.com\/index.php?rest_route=%2Fwp%2Fv2%2Fcomments&post=67221"}],"version-history":[{"count":0,"href":"https:\/\/www.bibula.com\/index.php?rest_route=\/wp\/v2\/posts\/67221\/revisions"}],"wp:attachment":[{"href":"https:\/\/www.bibula.com\/index.php?rest_route=%2Fwp%2Fv2%2Fmedia&parent=67221"}],"wp:term":[{"taxonomy":"category","embeddable":true,"href":"https:\/\/www.bibula.com\/index.php?rest_route=%2Fwp%2Fv2%2Fcategories&post=67221"},{"taxonomy":"post_tag","embeddable":true,"href":"https:\/\/www.bibula.com\/index.php?rest_route=%2Fwp%2Fv2%2Ftags&post=67221"}],"curies":[{"name":"wp","href":"https:\/\/api.w.org\/{rel}","templated":true}]}}