{"id":67109,"date":"2013-02-19T12:59:58","date_gmt":"2013-02-19T17:59:58","guid":{"rendered":"http:\/\/www.bibula.com\/?p=67109"},"modified":"2013-02-19T12:59:58","modified_gmt":"2013-02-19T17:59:58","slug":"odwazna-decyzja-lodzkiego-biskupa","status":"publish","type":"post","link":"https:\/\/www.bibula.com\/?p=67109","title":{"rendered":"Odwa\u017cna decyzja \u0142\u00f3dzkiego biskupa"},"content":{"rendered":"<p><strong>Przez 13 lat w Wielki Pi\u0105tek ulicami \u0141odzi sz\u0142a przedziwna procesja nazywana \u201eekumeniczn\u0105 drog\u0105 krzy\u017cow\u0105\u201d. W tym roku droga krzy\u017cowa b\u0119dzie &#8211; na powr\u00f3t &#8211; katolicka.<\/strong><\/p>\r\n<p>\u015awieckie media w \u0141odzi nazywaj\u0105 \u201eekumeniczn\u0105 drog\u0119 krzy\u017cow\u0105\u201d \u0142\u00f3dzk\u0105 tradycj\u0105. W wydarzeniu tym od 13 lat brali udzia\u0142 wierni r\u00f3\u017cnych wyzna\u0144. Rozwa\u017cania przygotowywali duchowni r\u00f3\u017cnych wsp\u00f3lnot, a \u2026 stacje drogi krzy\u017cowej by\u0142y inne, ni\u017c znane nam z katolickich nabo\u017ce\u0144stw. Zrezygnowano np. ze <em>Weronika ociera twarz Chrystusowi.<\/em> Co wi\u0119cej trasa wiod\u0142a spod ewangelicko-augsburskiej \u015bwi\u0105tyni \u015bw. Mateusza do ko\u015bcio\u0142a ojc\u00f3w jezuit\u00f3w, kt\u00f3ry dawniej te\u017c nale\u017ca\u0142 do protestant\u00f3w &#8211; przypomina \u201eDziennik \u0141\u00f3dzki\u201d.<\/p>\r\n<p>Od tego roku z powrotem obowi\u0105zywa\u0107 b\u0119dzie nazwa: \u0141\u00f3dzka Droga Krzy\u017cowa. Stacje b\u0119d\u0105 tradycyjne i katolickie, tak samo jak rozwa\u017cania. Przygotuje je ksi\u0105dz Arnold Zawadzki &#8211; biblista i wyk\u0142adowca \u0142\u00f3dzkiego seminarium. B\u0119dzie te\u017c nowa trasa: z katolickiego ko\u015bcio\u0142a \u015bw. Faustyny do \u0142\u00f3dzkiej katedry.<\/p>\r\n<p>Za t\u0105 odwa\u017cn\u0105 decyzj\u0105 stoi arcybiskup \u0142\u00f3dzki Marek J\u0119draszewski. \u00a0Ksi\u0105dz Rafa\u0142 Le\u015bniczak z biura prasowego tamtejszej kurii przypomnia\u0142 w rozmowie z \u201eDziennikiem \u0141\u00f3dzkim\u201d, \u017ce \u201enie ma czego\u015b takiego jak ekumeniczna droga krzy\u017cowa\u201d. &#8211; \u00a0<em>To nabo\u017ce\u0144stwo z za\u0142o\u017cenia jest tylko katolickie, a bior\u0105c pod uwag\u0119 trwaj\u0105cy w\u0142a\u015bnie Rok Wiary, nabiera to szczeg\u00f3lnego znaczenia <\/em>&#8211; doda\u0142.<\/p>\r\n<p>Niestety wiele tego typu ekumenicznych nabo\u017ce\u0144stw odbywa si\u0119 w ca\u0142ej Polsce, mimo i\u017c nie maj\u0105 one absolutnie \u017cadnego uzasadnienia liturgicznego. Co wi\u0119cej, wierni Ko\u015bcio\u0142a nie s\u0105 zainteresowani takimi imprezami &#8211; chc\u0105 oni wszak uczestniczy\u0107 w katolickich nabo\u017ce\u0144stwach.<\/p>\r\n<p>\u0179r\u00f3d\u0142o: \u201eDziennik \u0141\u00f3dzki\u201d<\/p>\r\n<p>kra<\/p>\r\n<p>Read more: <a href=\"http:\/\/www.pch24.pl\/odwazna-decyzja-lodzkiego-biskupa,12596,i.html#ixzz2LMwVlIM4\">http:\/\/www.pch24.pl\/odwazna-decyzja-lodzkiego-biskupa,12596,i.html#ixzz2LMwVlIM4<\/a><\/p>","protected":false},"excerpt":{"rendered":"Przez 13 lat w Wielki Pi\u0105tek ulicami \u0141odzi sz\u0142a przedziwna procesja nazywana \u201eekumeniczn\u0105 drog\u0105 krzy\u017cow\u0105\u201d. W tym roku droga krzy\u017cowa b\u0119dzie &#8211; na powr\u00f3t &#8211; katolicka. \u015awieckie media w \u0141odzi nazywaj\u0105 \u201eekumeniczn\u0105 drog\u0119 krzy\u017cow\u0105\u201d \u0142\u00f3dzk\u0105 tradycj\u0105. W wydarzeniu tym od 13 lat brali udzia\u0142 wierni r\u00f3\u017cnych wyzna\u0144. Rozwa\u017cania przygotowywali duchowni r\u00f3\u017cnych wsp\u00f3lnot, a \u2026 stacje [&hellip;]","protected":false},"author":1,"featured_media":0,"comment_status":"closed","ping_status":"closed","sticky":false,"template":"","format":"standard","meta":{"_acf_changed":false,"_monsterinsights_skip_tracking":false,"_monsterinsights_sitenote_active":false,"_monsterinsights_sitenote_note":"","_monsterinsights_sitenote_category":0,"ngg_post_thumbnail":0,"footnotes":"","_wp_rev_ctl_limit":""},"categories":[5],"tags":[33],"acf":[],"_links":{"self":[{"href":"https:\/\/www.bibula.com\/index.php?rest_route=\/wp\/v2\/posts\/67109"}],"collection":[{"href":"https:\/\/www.bibula.com\/index.php?rest_route=\/wp\/v2\/posts"}],"about":[{"href":"https:\/\/www.bibula.com\/index.php?rest_route=\/wp\/v2\/types\/post"}],"author":[{"embeddable":true,"href":"https:\/\/www.bibula.com\/index.php?rest_route=\/wp\/v2\/users\/1"}],"replies":[{"embeddable":true,"href":"https:\/\/www.bibula.com\/index.php?rest_route=%2Fwp%2Fv2%2Fcomments&post=67109"}],"version-history":[{"count":0,"href":"https:\/\/www.bibula.com\/index.php?rest_route=\/wp\/v2\/posts\/67109\/revisions"}],"wp:attachment":[{"href":"https:\/\/www.bibula.com\/index.php?rest_route=%2Fwp%2Fv2%2Fmedia&parent=67109"}],"wp:term":[{"taxonomy":"category","embeddable":true,"href":"https:\/\/www.bibula.com\/index.php?rest_route=%2Fwp%2Fv2%2Fcategories&post=67109"},{"taxonomy":"post_tag","embeddable":true,"href":"https:\/\/www.bibula.com\/index.php?rest_route=%2Fwp%2Fv2%2Ftags&post=67109"}],"curies":[{"name":"wp","href":"https:\/\/api.w.org\/{rel}","templated":true}]}}