{"id":66431,"date":"2013-01-11T20:18:05","date_gmt":"2013-01-12T01:18:05","guid":{"rendered":"http:\/\/www.bibula.com\/?p=66431"},"modified":"2013-01-11T20:44:13","modified_gmt":"2013-01-12T01:44:13","slug":"jedwabne-najwiekszy-grzech-lecha-kaczynskiego","status":"publish","type":"post","link":"https:\/\/www.bibula.com\/?p=66431","title":{"rendered":"Jedwabne &#8211; najwi\u0119kszy grzech Lecha Kaczy\u0144skiego"},"content":{"rendered":"<p><strong>Pr\u00f3by <em>deizacji<\/em> Lecha Kaczy\u0144skiego zwi\u0105zane z jego \u015bmierci\u0105 w katastrofie smole\u0144skiej nie s\u0105 niestety w stanie przykry\u0107 tej nieprzyjemnej prawdy, \u017ce jego dzia\u0142alno\u015b\u0107 polityczna sk\u0142ada\u0142a si\u0119 z wielu dzia\u0142a\u0144 szkodliwych dla Polski. W tym kontek\u015bcie przywo\u0142uje si\u0119 zwykle jego decyzj\u0119 o podpisaniu traktatu lizbo\u0144\u00adskiego, kt\u00f3ra <em>de facto<\/em> pozbawi\u0142a Polsk\u0119 suwerenno\u015bci. Jednak chyba najwi\u0119kszym grzechem Kaczy\u0144skiego jest zatrzymanie ekshumacji w Jedwabnem, co w efekcie doprowadzi\u0142o do tego, \u017ce zbrodnia ta nadal nie jest wyja\u015bniona. Stanowi natomiast po\u017cywk\u0119 dla ci\u0105g\u0142ego obwiniania Polak\u00f3w o udzia\u0142 w Holokau\u00ad\u015bcie oraz przenoszenia antypolonizmu cz\u0119\u015bci elit do pop-kultury, czego przyk\u0142adem jest g\u0142o\u015bny ostatnio film \u201ePok\u0142osie&#8221;.<\/strong><\/p>\r\n<p>Decyzja Kaczy\u0144skiego doprowadzi\u00ad\u0142a do tego, i\u017c Polska przez kolejne 11 lat by\u0142a \u201e<em>grillowana<\/em>&#8221; Jedwab\u00adnem. Co wi\u0119cej, ko\u0144ca tego procesu nie wida\u0107, bo miejsce tragedii jedwabi\u0144skich \u017byd\u00f3w zosta\u0142o zabudowane pomnikiem i zapewne trudno b\u0119dzie si\u0119 w\u0142adzom zdecydowa\u0107 na jego roze\u00adbranie, by wr\u00f3ci\u0107 do rzetelnych bada\u0144 w tej sprawie.<\/p>\r\n<p><strong>\u00a0\u201eRaport Koli&#8221; przem\u00f3wi\u0142<\/strong><\/p>\r\n<p>Tak si\u0119 sk\u0142ada, \u017ce na pocz\u0105tku stycz\u00adnia wyszed\u0142 na jaw poufny dot\u0105d tzw. <strong><em>raport Koli<\/em><\/strong>, b\u0119d\u0105cy oficjalnym opisem przebiegu ekshumacji w Jedwabnem w 2001 roku. Szefowa\u0142 jej archeolog prof. Andrzej Kola &#8211; st\u0105d nazwa dokumen\u00adtu &#8211; kt\u00f3ry prowadzi\u0142 m.in. ekshumacje cia\u0142 polskich \u017co\u0142nierzy w Charkowie i Bykowni pod Kijowem i uchodzi za wybitnego specjalist\u0119 w tej dziedzinie. Sprawozdanie z tego raportu, jednak bez d\u0142u\u017cszych cytat\u00f3w pozwalaj\u0105cych oceni\u0107 ca\u0142o\u015b\u0107 dokumentu, opublikowa\u0142 tygodnik \u201eWprost&#8221;, zawieraj\u0105c w nim jednak szereg dezinformacji oraz wy\u00adci\u0105gaj\u0105c z niego zupe\u0142nie b\u0142\u0119dne wnio\u00adski.<\/p>\r\n<p>Tymczasem <strong>\u201eraport Koli&#8221;<\/strong> wskazu\u00adje, \u017ce po pierwsze &#8211; liczba ofiar mo\u017ce by\u0107 znacznie mniejsza od wszelkich dost\u0119pnych szacunk\u00f3w, po drugie &#8211; \u017ce spos\u00f3b, w jaki ofiary mordu zgin\u0119\u0142y, nie jest do ko\u0144ca jasny, co mo\u017ce rzuci\u0107 \u015bwiat\u0142o na udzia\u0142 etnicznych Polak\u00f3w w wydarzeniu. Je\u015bli bowiem okaza\u0142oby si\u0119, \u017ce ofiary zosta\u0142y przed spaleniem rozstrzelane, to wtedy wysz\u0142oby na jaw, \u017ce ca\u0142a \u201e<em>sprawa Jedwabnego<\/em>&#8221; jest je\u00addynie propagandowym wymys\u0142em, bo w takim wypadku miejscowa ludno\u015b\u0107 mog\u0142a w niej bra\u0107 udzia\u0142 co najwy\u017cej na wst\u0119pnym etapie wydarze\u0144. Potwier\u00addzenie takiego stanu faktycznego przez wykopaliska doprowadzi\u0142oby tak\u017ce do upadku wielu polskich autorytet\u00f3w na\u00adukowych, a o\u015bmieszy\u0142oby ca\u0142\u0105 gromad\u0119 polityk\u00f3w z prezydentem Aleksandrem Kwa\u015bniewskim na czele, kt\u00f3rzy bez wy\u00adja\u015bnienia fakt\u00f3w do ko\u0144ca postanowili \u201e<em>przeprasza\u0107 za Jedwabne&#8221;.<\/em><em><\/em><\/p>\r\n<p>Z dokumentu wynika, \u017ce ekshumacja szcz\u0105tk\u00f3w pozwoli\u0142aby dok\u0142adnie okre\u00ad\u015bli\u0107, ile os\u00f3b zgin\u0119\u0142o i w jaki spos\u00f3b &#8211; co ostatecznie zamkn\u0119\u0142oby dyskusj\u0119 wo\u00adk\u00f3\u0142 sprawy. Gdy jednak wierzchnia war\u00adstwa ziemi zosta\u0142a zdj\u0119ta i okaza\u0142o si\u0119, \u017ce fakty materialne nie pasuj\u0105 do wy\u00adnik\u00f3w \u015bledztwa <strong><em>(nie uda\u0142o si\u0119 odnale\u017a\u0107 <\/em><\/strong><strong><em>np. masowych mogi\u0142 w miejscach, kt\u00f3<\/em><\/strong><strong><em>re wskazywali \u015bwiadkowie),<\/em><\/strong> pojawi\u0142y si\u0119 problemy z dalszym prowadzeniem prac, kt\u00f3re szczeg\u00f3\u0142owo opisuje w swo\u00adim raporcie prof. Kola. Problemy te do\u00adprowadzi\u0142y do zaprzestania ekshumacji na etapie przedwst\u0119pnym. Decyzj\u0119 tak\u0105 podj\u0105\u0142 \u00f3wczesny minister sprawiedli\u00adwo\u015bci Lech Kaczy\u0144ski, motywuj\u0105c j\u0105 <strong><em>wzgl\u0119dami religijnymi<\/em><\/strong>. Prof. Andrzej Kola, kt\u00f3ry prowadzi\u0142 wraz z grup\u0105 na\u00adukowc\u00f3w ekshumacj\u0119, w swoim rapor\u00adcie nie krytykuje tej decyzji, wskazuje jednak, \u017ce uniemo\u017cliwi\u0142a ona ostatecz\u00adne doj\u015bcie do obiektywnej prawdy.<\/p>\r\n<p><strong>Decyzja Kaczy\u0144skiego<\/strong><\/p>\r\n<p>Decyzja Lecha Kaczy\u0144skiego z <em>czysto <\/em><em>religijnej perspektywy<\/em> <strong><em>[\u017cydowskiej, talmudycznej &#8211; przypis MD]<\/em><\/strong> by\u0142a do pewnego stopnia usprawiedliwiona, gdy jednak przyjrze\u0107 si\u0119 jej bli\u017cej, wida\u0107, \u017ce by\u0142a irracjonalna, a w dodatku szkodliwa zar\u00f3wno z punktu widzenia czysto naukowego, jak i polskiej racji stanu. Powstaje te\u017c pytanie: dlaczego polski minister sprawiedliwo\u015bci podj\u0105\u0142 decy\u00adzj\u0119 w tak wa\u017cnej dla Polski sprawie pod wp\u0142ywem nacisku przedstawicie\u00adli obcej przecie\u017c religii? Czemu w tak wa\u017cnej kwestii zadecydowa\u0142y wzgl\u0119dy, kt\u00f3re z ca\u0142\u0105 pewno\u015bci\u0105 mia\u0142y charakter pozaprawny? Czy te decyzje wynika\u0142y tylko ze znanego powszechnie filosemityzmu Kaczy\u0144skiego, kt\u00f3ry przecie\u017c zainicjowa\u0142 tak\u017ce budow\u0119 drugiego ju\u017c \u201eMuzeum \u017byd\u00f3w&#8221; w Warszawie, wpro\u00adwadzi\u0142 zwyczaj \u015bwi\u0119towania Chanuki w Pa\u0142acu Prezydenckim czy te\u017c cieszy\u0142 si\u0119 z powrotu do Polski \u017cydowskiej lo\u017cy paramaso\u0144skiej <strong>B&#8217;nai B&#8217;rith? <br \/><\/strong><\/p>\r\n<p>Na te pytania ju\u017c zapewne nie odpo\u00adwiemy. Natomiast poniewa\u017c do naszej Redakcji tak\u017ce dotar\u0142 <em>\u201eraport Koli&#8221;,<\/em> kt\u00f3ry zreszt\u0105 dostali\u015bmy w pewnym sensie z r\u0105k tragicznie zmar\u0142ego podczas kata\u00adstrofy smole\u0144skiej prezesa IPN, \u015bp. Janu\u00adsza Kurtyki &#8211; wobec ujawnienia go przez inny tygodnik, postanowili\u015bmy upubliczni\u0107 jego fragmenty, by da\u0107 \u015bwiadectwo hucpie, jaka w lecie 2001 roku rozegra\u00ad\u0142a si\u0119 na pozosta\u0142o\u015bciach po zgliszczach jedwabi\u0144skiej stodo\u0142y, oraz po to, by ten wa\u017cny dokument ka\u017cdy m\u00f3g\u0142 oceni\u0107 osobi\u015bcie, nie polegaj\u0105c na bardziej lubmniej podejrzanych interpretacjach. <strong>Pre\u00ad<\/strong><strong>zentowany przez nas tekst przez 11 lat <\/strong><strong>by\u0142 dokumentem ukrywanym,<\/strong> cho\u0107 ofi\u00adcjalnie nie mia\u0142 klauzuli tajno\u015bci, i mimo \u017ce zosta\u0142 sporz\u0105dzony na zlecenie Rady Ochrony Pami\u0119ci Walk i M\u0119cze\u0144stwa, nigdy dot\u0105d nie zosta\u0142 oficjalnie zapre\u00adzentowany, wskutek czego nie figuruje w bibliografiach prac traktuj\u0105cych o Jedwabnem. Teraz zapewne szybko do nich trafi &#8211; chocia\u017c sam prof. Kola nie chce obecnie si\u0119 na jego temat wypowia\u00adda\u0107. Sk\u0142ada si\u0119 z tekstu oraz obszernego zestawu zdj\u0119\u0107 z ekshumacji, kt\u00f3rych jed\u00adnak publikowa\u0107 nie b\u0119dziemy.\u00a0<\/p>\r\n<p><strong><em>Tomasz Sommer, Maciej So\u0142tan <\/em><\/strong><\/p>\r\n<p>[Tekst z <em>Najwy\u017cszego Czasu!<\/em> , z pocz\u0105tku stycznia 2013 &#8211; md]<\/p>\r\n<p class=\"zrodlo\">Za: <a href=\"http:\/\/dakowski.pl\/\/index.php?option=com_content&amp;task=view&amp;id=8257&amp;Itemid=53\">Strona prof. Miros\u0142awa Dakowskiego (11.01.2013)<\/a><\/p>\r\n<blockquote>\r\n<h2>Raport prof. Andrzeja KOLI &#8211; JEDWABNE<\/h2>\r\n<p><strong>Fragmenty <\/strong><strong><em>\u201e<\/em><\/strong><strong><em>Sprawozdania w z prac archeologiczno-ekshumacyj<\/em><\/strong><strong><em>nych w miejscu zag<\/em><\/strong><strong><em>\u0142<\/em><\/strong><strong><em>ady <\/em><\/strong><strong><em>\u0179<\/em><\/strong><strong><em>yd<\/em><\/strong><strong><em>\u00f3<\/em><\/strong><strong><em>w w Jedwabnem k. <\/em><\/strong><strong><em>\u0141<\/em><\/strong><strong><em>om<\/em><\/strong><strong><em>\u017c<\/em><\/strong><strong><em>y&#8221;<\/em><\/strong><\/p>\r\n<p>Prace archeologiczno -ekshumacyjne w Jedwabnem k. \u0141om\u017cy prze\u00adprowadzi\u0142a ekspedycja Instytutu Archeologii i Etnologii UMK w Toru\u00adniu w okresie od 21 V do 4 VI 2001 na zlecenie Rady Ochrony Pami\u0119ci Walk i M\u0119cze\u0144stwa w Warszawie. Celem prac badawczych w zakresie arche\u00adologii by\u0142o zbadanie wn\u0119trza relikt\u00f3w stodo\u0142y, w kt\u00f3rej zgodnie z dotych\u00adczasowymi relacjami spalono bli\u017cej nieokre\u015blon\u0105 liczb\u0119 \u017byd\u00f3w &#8211; miesz\u00adka\u0144c\u00f3w Jedwabnego (obiegow\u0105, nie-zweryfikowan\u0105 dot\u0105d liczb\u0119 ofiar tej zag\u0142ady okre\u015bla si\u0119 na oko\u0142o 1600 os\u00f3b). Drugim zadaniem postawionym archeologii w ramach niniejszego zle\u00adcenia by\u0142o dok\u0142adne zlokalizowanie w ramach wykopu badawczego zbio\u00adrowej mogi\u0142y ofiar tego\u017c mordu (&#8230;). Dodatkowym zadaniem postawionym ekspedycji archeologiczno -ekshumacyjnej w Jedwabnym by\u0142o przeprowa\u00addzenie prac sonda\u017cowo-wiertniczych w dw\u00f3ch domniemanych miejscach wyst\u0119powania (wg relacji niekt\u00f3rych \u015bwiadk\u00f3w) dalszych zbiorowych mo\u00adgi\u0142 mordu z dnia 10 VII 1941 r. (&#8230;)<\/p>\r\n<p>Ju\u017c na g\u0142\u0119boko\u015bci 30 cm w obr\u0119bie mogi\u0142y, w jej partii p\u00f3\u0142nocnej, zaryso\u00adwa\u0142y si\u0119 na planie mocno wymieszane struktury ziemne zawieraj\u0105ce przepa\u00adlon\u0105 ziemi\u0119, liczne w\u0119gle drzewne i drobiny przepalonych szcz\u0105tk\u00f3w kost\u00adnych, okre\u015blonych przez antropolog\u00f3w jako spalone lub spra\u017cone w wysokiej temperaturze kostne szcz\u0105tki ludzkie. Dlatego te\u017c w obr\u0119bie mogi\u0142y zanie\u00adchano dalszej eksploracji. Wynika\u0142o to z podj\u0119tej w mi\u0119dzyczasie decyzji Mi\u00adnistra Sprawiedliwo\u015bci RP Lecha Ka\u00adczy\u0144skiego o wstrzymaniu prac ekshumacyjnych do momentu uzgodnie\u0144 ze \u015brodowiskiem \u017cydowskim (w osobie rabina Warszawy i \u0141odzi M. Schudricha) zasad ekshumacji. (&#8230;)<\/p>\r\n<p>R\u00f3wnocze\u015bnie z eksploracj\u0105 arche\u00adologiczn\u0105 by\u0142ej stodo\u0142y postanowiono realizowa\u0107 zadanie w zakresie son\u00adda\u017cy wiertniczych dla zlokalizowa\u00adnia domniemanych dalszych mogi\u0142. Jednak\u017ce tu, w wyniku prowadzo\u00adnych w Warszawie ze \u015brodowiskiem \u017cydowskim rozm\u00f3w, zleceniodawca prac badawczych i ekshumacyjnych w Jedwabnem &#8211; ROPWiM &#8211; odst\u0105pi\u0142 od przeprowadzania obj\u0119tych zlece\u00adniem bada\u0144 (&#8230;).<\/p>\r\n<p>Natomiast uzyskano zgod\u0119 na pr\u00f3b\u0119 zlokalizowania do\u00admniemanej mogi\u0142y tu\u017c przy drodze na p\u00f3\u0142noc od stodo\u0142y. Na wskazanym miejscu wykonano seri\u0119 167 sonda\u017cy wiertniczych (&#8230;). Wyniki tych sonda\u00ad\u017cy dla postawionego zadania okaza\u0142y si\u0119 jednak negatywne we wszystkich odwiertach (&#8230;). Ju\u017c w trakcie prac badawczych uczestnicz\u0105cy w nich prokurator R. Ignatiew pozyska\u0142 now\u0105 relacj\u0119 o domniemanej mogile ze szcz\u0105tkami ofiar, kt\u00f3rej miejsce wskazano oko\u0142o 80 m na p\u00f3\u0142noc od stodo\u0142y. Jednak i tu sonda\u017ce wiertni\u00adcze nie potwierdzi\u0142y prawdziwo\u015bci tej relacji. (&#8230;)<\/p>\r\n<p>Eksploracj\u0119 i planowan\u0105 programem prac ekshumacj\u0119 obu mogi\u0142 uzale\u017cnio\u00adno od decyzji specjalnie zaproszone\u00adgo specjalisty \u017cydowskiego od spraw ekshumacji, rabina Eksteina z Izra\u00adela. Wsp\u00f3lnie z nim przyby\u0142 rabin M. Schudrich oraz z ramienia IPN prof. L. Kulesza, kt\u00f3ry reprezentowa\u0142 w Je\u00addwabnem Ministra Sprawiedliwo\u015bci RP, Lecha Kaczy\u0144skiego. Po wsp\u00f3lnej odprawie (&#8230;) przyst\u0105piono od eks\u00adploracji nawarstwie\u0144 w obu mogi\u0142ach wg metody zaprezentowanej przez rabina Eksteina. Polega\u0142a ona na pre\u00adcyzyjnym zdejmowaniu w obr\u0119bie grob\u00f3w <em>(przy pomocy szpachtelki i <\/em><em>p\u0119dzli<\/em>) wierzchniej warstwy gruntu. Jednocze\u015bnie rabin Ekstein o\u015bwiad\u00adczy\u0142, \u017ce tylko przy zastosowaniu ta\u00adkiej metody jest mo\u017cliwa eksploracja wn\u0119trza grob\u00f3w, i to tylko do momen\u00adtu ukazania si\u0119 szcz\u0105tk\u00f3w kostnych w uk\u0142adzie anatomicznym. Szcz\u0105tki b\u0119dzie mo\u017cna w\u00f3wczas oczy\u015bci\u0107 de\u00adlikatnie p\u0119dzlem i dokona\u0107 ich obser\u00adwacji, jednak bez ich podnoszenia a nawet dotykania.<\/p>\r\n<p>Do przyj\u0119cia takiej metody dzia\u0142ania post\u0119powania zobli\u00adgowa\u0142 nas prof. Kulesza, twierdz\u0105c, \u017ce uzgodniona ona zosta\u0142a z ministrem Kaczy\u0144skim. Na krytyczne uwagi co do takiej metody ekshumacji, wypo\u00adwiedziane przez pisz\u0105cego te s\u0142owa, a tak\u017ce przez antropolog\u00f3w i medyk\u00f3w s\u0105dowych, prof. Kulesza o\u015bwiadczy\u0142, i\u017c konieczno\u015b\u0107 przyj\u0119cia jedynie ta\u00adkiego sposobu \u201eekshumacji&#8221; jest tu tylko mo\u017cliwa, a jej przeprowadzenie <em>(w gruncie rzeczy pseudo-ekshumacji)<\/em> jest tu, ze wzgl\u0119du na konflikt \u201ereli\u00adgijnego prawa \u017cydowskiego&#8221; i \u201estano\u00adwionego prawa polskiego&#8221;, w obecnej sytuacji dla strony polskiej \u201eracj\u0105 stanu&#8221;.<\/p>\r\n<p>Farsa tej \u201epseudo-ekshuma\u00adcji&#8221; wynika\u0142a ponadto z tego, i\u017c jak o\u015bwiadczyli rabini, rabin Schudrich ju\u017c nast\u0119pnego dnia, tj. w czwartek 31 V o godz. 10:00, musia\u0142 opu\u015bci\u0107 Je\u00addwabne ze wzgl\u0119du na planowany odlot do Nowego Jorku, natomiast rabin Ekstein tego samego dnia o godzinie 17.00 musia\u0142 wyjecha\u0107 do Warszawy i dalej do Izraela. Dlatego o\u015bwiad\u00adczono nam, i\u017c \u201eekshumacj\u0119&#8221; musimy zako\u0144czy\u0107 najp\u00f3\u017aniej 31 V do godzi\u00adny 16.00 ze wzgl\u0119du na konieczno\u015b\u0107 zorganizowania uroczysto\u015bci pogrze\u00adbu \u201e<em>wyekshumowanych<\/em>&#8221; szcz\u0105tk\u00f3w. Bez udzia\u0142u rabina natomiast jakie\u00adkolwiek prace w obr\u0119bie grob\u00f3w, jak o\u015bwiadczono, nie s\u0105 mo\u017cliwe. Ponad\u00adto, jak o\u015bwiadczyli rabini, zbli\u017ca\u0142 si\u0119 szabas (od pi\u0105tku wiecz\u00f3r i sobota) i \u017cadna ekshumacja z udzia\u0142em rabina w tym czasie nie jest mo\u017cliwa.<\/p>\r\n<p>Tak wi\u0119c na pro\u015bb\u0119 prof. Kuleszy, mimo obiekcji co do postulowanej metody pracy, rozpocz\u0119to eksploracj\u0119 obu mogi\u0142. Zdawano sobie przy tym spraw\u0119 z tego, i\u017c zar\u00f3wno metoda eks\u00adploracji, jak i ograniczony do zaledwie p\u00f3\u0142tora dnia (ostatecznie prace prowa\u00addzono dwa i p\u00f3\u0142 dnia) czas przezna\u00adczony dla tej czynno\u015bci czyni te prace bezsensowne. (&#8230;)<\/p>\r\n<p><strong>Mogi\u0142a 1<\/strong><\/p>\r\n<p>Z eksploracji mogi\u0142y 1 wydobyto kilkaset przedmiot\u00f3w stanowi\u0105cych w wi\u0119kszo\u015bci w\u0142asno\u015b\u0107 ofiar, w tym wiele monet i warto\u015bciowych przed\u00admiot\u00f3w. Na uwag\u0119 zas\u0142uguje odkrycie pocisku kalibru 9 mm od pistoletu z wytopionym rdzeniem, o nie zdeformowanym kszta\u0142cie, co sugerowa\u0107 mo\u017ce wstrzelenie go w tkank\u0119 cia\u0142a ludzkiego, kt\u00f3ra nast\u0119pnie dosta\u0142a si\u0119 do wysokiej temperatury (pal\u0105ca si\u0119 stodo\u0142a). (&#8230;)<\/p>\r\n<p>&nbsp;<\/p>\r\n<p><strong>Mogi\u0142a 2<\/strong><\/p>\r\n<p>Dalsza eksploracja tego miejsca, ze wzgl\u0119du na limitowany czas pracy, zmierza\u0142a do wypreparowania struktury odkrytego tu betonowego bloku. Okaza\u0142 si\u0119 on g\u00f3rn\u0105 cz\u0119\u015bci\u0105 zbrojone\u00adgo popiersia pos\u0105gu ludzkiego z utr\u0105\u00adcon\u0105 g\u0142ow\u0105. (&#8230;)<\/p>\r\n<p><strong>prof. Andrzej Kola, Instytut Archeologii i Etnologii UMK w Toruniu<\/strong><\/p>\r\n<p>&nbsp;<\/p>\r\n<p><strong>\u00a0==============================================<\/strong><\/p>\r\n<p><strong>Sprawozdanie antropologiczne <\/strong><strong>z oceny materia\u0142\u00f3w kostnych wydobytych podczas bada\u0144 w Jedwabne w okresie 21 maja &#8211; 4 czerwca 2001 r.<\/strong><\/p>\r\n<p>Liczba pochowanych os\u00f3b to jedno z podstawowych pyta\u0144 zawartych w <em>\u201epostanowieniu o zasi\u0119gni\u0119ciu opi\u00adnii&#8221;.<\/em> Na pytanie, w przypadku Je\u00addwabna, trudno jednoznacznie odpo\u00adwiedzie\u0107. (&#8230;)<\/p>\r\n<p>Reasumuj\u0105c: w przebadanym mate\u00adriale cia\u0142opalnym mo\u017cna udokumento\u00adwa\u0107 (na podstawie br\u00f3dki \u017cuchwy), \u017ce znajduj\u0105 si\u0119 tam szcz\u0105tki co najmniej 33 os\u00f3b doros\u0142ych i 15 ? dzieci w r\u00f3\u017c\u00adnym wieku. (&#8230;)<\/p>\r\n<p>W\u015br\u00f3d pyta\u0144 postawionych przez prokuratora nie jestem w stanie odpo\u00adwiedzie\u0107 na pytanie: <em>jakie by\u0142y przy\u00adczyny zgon\u00f3w?<\/em> (&#8230;)<\/p>\r\n<p>Na pytanie, czy zw\u0142oki pochowano w ca\u0142o\u015bci, odpowied\u017a jest jednoznaczna. Widoczne w niewielkiej ods\u0142oni\u0119tej przestrzeni s\u0105 silnie pokawa\u0142kowane. Niestety nie mo\u017cna by\u0142o ko\u015bci ogl\u0105d\u00adn\u0105\u0107, brak jest bli\u017cszych informacji.<\/p>\r\n<p><strong>Dr Andrzej Florkowski, instytut Ekologii i Ochrony \u015arodowiska UMK w Toruniu<\/strong><\/p>\r\n<p>[Tekst z <em>Najwy\u017cszego Czasu!<\/em> , z pocz\u0105tku stycznia 2013 &#8211; md]<em><\/em><\/p>\r\n<p class=\"zrodlo\">Za: <a href=\"http:\/\/dakowski.pl\/\/index.php?option=com_content&amp;task=view&amp;id=8258&amp;Itemid=53\">Strona prof. Miros\u0142awa Dakowskiego (11.01.2013)<\/a><\/p>\r\n<\/blockquote>","protected":false},"excerpt":{"rendered":"Pr\u00f3by deizacji Lecha Kaczy\u0144skiego zwi\u0105zane z jego \u015bmierci\u0105 w katastrofie smole\u0144skiej nie s\u0105 niestety w stanie przykry\u0107 tej nieprzyjemnej prawdy, \u017ce jego dzia\u0142alno\u015b\u0107 polityczna sk\u0142ada\u0142a si\u0119 z wielu dzia\u0142a\u0144 szkodliwych dla Polski. W tym kontek\u015bcie przywo\u0142uje si\u0119 zwykle jego decyzj\u0119 o podpisaniu traktatu lizbo\u0144\u00adskiego, kt\u00f3ra de facto pozbawi\u0142a Polsk\u0119 suwerenno\u015bci. Jednak chyba najwi\u0119kszym grzechem Kaczy\u0144skiego [&hellip;]","protected":false},"author":1,"featured_media":0,"comment_status":"closed","ping_status":"closed","sticky":false,"template":"","format":"standard","meta":{"_acf_changed":false,"_monsterinsights_skip_tracking":false,"_monsterinsights_sitenote_active":false,"_monsterinsights_sitenote_note":"","_monsterinsights_sitenote_category":0,"ngg_post_thumbnail":0,"footnotes":"","_wp_rev_ctl_limit":""},"categories":[9],"tags":[22,53,37,59],"acf":[],"_links":{"self":[{"href":"https:\/\/www.bibula.com\/index.php?rest_route=\/wp\/v2\/posts\/66431"}],"collection":[{"href":"https:\/\/www.bibula.com\/index.php?rest_route=\/wp\/v2\/posts"}],"about":[{"href":"https:\/\/www.bibula.com\/index.php?rest_route=\/wp\/v2\/types\/post"}],"author":[{"embeddable":true,"href":"https:\/\/www.bibula.com\/index.php?rest_route=\/wp\/v2\/users\/1"}],"replies":[{"embeddable":true,"href":"https:\/\/www.bibula.com\/index.php?rest_route=%2Fwp%2Fv2%2Fcomments&post=66431"}],"version-history":[{"count":0,"href":"https:\/\/www.bibula.com\/index.php?rest_route=\/wp\/v2\/posts\/66431\/revisions"}],"wp:attachment":[{"href":"https:\/\/www.bibula.com\/index.php?rest_route=%2Fwp%2Fv2%2Fmedia&parent=66431"}],"wp:term":[{"taxonomy":"category","embeddable":true,"href":"https:\/\/www.bibula.com\/index.php?rest_route=%2Fwp%2Fv2%2Fcategories&post=66431"},{"taxonomy":"post_tag","embeddable":true,"href":"https:\/\/www.bibula.com\/index.php?rest_route=%2Fwp%2Fv2%2Ftags&post=66431"}],"curies":[{"name":"wp","href":"https:\/\/api.w.org\/{rel}","templated":true}]}}