{"id":66,"date":"2006-01-26T00:00:00","date_gmt":"2006-01-26T00:00:00","guid":{"rendered":""},"modified":"2009-12-25T22:46:17","modified_gmt":"2009-12-26T03:46:17","slug":"dysydencki-teolog-hans-kung-chwali-nowa-encyklike-papieza","status":"publish","type":"post","link":"https:\/\/www.bibula.com\/?p=66","title":{"rendered":"Dysydencki teolog Hans Kung chwali now\u0105 encyklik\u0119 Papie\u017ca"},"content":{"rendered":"<p>Pierwsza encyklika papie\u017ca Benedykta XVI <em>Deus caritas est<\/em> (&#8222;B\u00f3g jes tmi\u0142o\u015bci\u0105&#8221;) wywo\u0142a\u0142a r\u00f3\u017cne reakcje na \u015bwiecie: od g\u0142\u00f3wnie pozytywnego przyj\u0119cia, przez pewne uczucie niespe\u0142nienia, a\u017c po negatywne uwagi.<\/p>\r\n\r\n<p>Jeden  z dawnych przyjaci\u00f3\u0142 obecnego Papie\u017ca, ks. Hans K\u00fcng, szwajcarski teolog-dysydent (l. 77),odsuni\u0119ty w 1979 roku od nauczania na uniwersytetach za swe niekatolickie pogl\u0105dy, chwali encyklik\u0119 jako maj\u0105c\u0105 &#8222;solidne teologiczne podstawy&#8221; oraz jako &#8222;nie b\u0119d\u0105c\u0105 manifestem sprzeciwiaj\u0105cym si\u0119 kulturalnemu permisywizmowi czy restrykcyjnej moralno\u015bci w sferze seksualnej&#8221;. Ks.K\u00fcng zaapelowa\u0142 do Papie\u017ca &#8211;  u\u017cywaj\u0105c jego prawdziwego nazwiska &#8211;  by nast\u0119pna encyklika pokaza\u0142a tak\u0105 sam\u0105 mi\u0142o\u015b\u0107 w odniesieniu do  \u015brodk\u00f3w antykoncepcyjnych, rozwod\u00f3w oraz wobec innych Chrze\u015bcijan. Ks. K\u00fcng wezwa\u0142 r\u00f3wnie\u017c aby Papie\u017c by\u0142 bardziej wyrozumia\u0142y dla krytyk\u00f3w Ko\u015bcio\u0142a i dla Protestant\u00f3w, kt\u00f3rzy &#8211; jak twierdzi &#8211; mog\u0105 czu\u0107 si\u0119 ura\u017ceni wypowiadanymi wprost stwierdzeniami o nich. Ks. K\u00fcng zaapelowa\u0142 r\u00f3wnie\u017c o to, by &#8222;Kongregacja Nauki Wiary&#8221;, kt\u00f3r\u0105 kardyna\u0142 Joseph Ratzinger przewodzi\u0142 przez 23 lata zanim zosta\u0142 wybrany na Papie\u017ca, sta\u0142a si\u0119 &#8222;Kongregacj\u0105 Mi\u0142o\u015bci&#8221;.<\/p>\r\n\r\n<p>Pomimo reputacji Papie\u017ca Benedykta XVI jako przyw\u00f3dcy o konserwatywnych pogl\u0105dach, zaprosi\u0142 on swego by\u0142ego koleg\u0119 z katedry teologii Uniwerstytetu w Tybindze, teologa-dysydenta ks. Hansa K\u00fcnga, na d\u0142ugie spotkanie w swojej rezydencji. Tekst Encykliki papie\u017ca Benedykta XVI <a href=\"href=\">Deus caritas est<\/a><a> (&#8222;B\u00f3g jest mi\u0142o\u015bci\u0105&#8221;<\/a>) dost\u0119pny jest na watyka\u0144skiej stronie internetowej.<\/p>\r\n\r\n<blockquote><p><strong>KOMENTARZ <em>BIBU\u0141Y<\/em><\/strong>: Pierwsza encyklika papie\u017ca Benedykta XVI zosta\u0142a w wi\u0119kszo\u015bci ciep\u0142o przyj\u0119ta na \u015bwiecie, nawet przez liberalne i z zasady wrogo nastawione do nauki Ko\u015bciola media i centra. Na przyk\u0142ad <em><a href=\"http:\/\/www.nytimes.com\/2006\/01\/26\/international\/europe\/26pope.html?_r=2\"><\/a><\/em><em><a href=\"http:\/\/www.nytimes.com\/2006\/01\/26\/international\/europe\/26pope.html?_r=2\">The New York Times<\/a><\/em> chwali Papie\u017ca za to, \u017ce Encyklika napisana &#8222;w stylu erudycyjnej medytacji nad mi\u0142o\u015bci\u0105 i mi\u0142osierdziem [&#8230;] nie wspomina aborcji, homoseksualizmu, antykoncepcji irozwod\u00f3w&#8221;. W podobnym tonie odzywa si\u0119 znany dysydent Hans Kung. Dla cz\u0119\u015bci wiernych natomiast,  wybranie tak  &#8222;dobrodusznego&#8221; tonu jest zaskoczeniem, gdy\u017c poPapie\u017cu, wok\u00f3\u0142 kt\u00f3rego kr\u0105\u017cy aura &#8222;konserwatynego&#8221; czy nawet &#8222;tradycjonalistycznego&#8221;, mo\u017cna by\u0142o spodziewa\u0107 si\u0119 czego\u015b co przypomina\u0142oby chocia\u017c w cz\u0119\u015bci przewodni\u0105 rol\u0119 przedsoborowych Papie\u017cy, kt\u00f3rzy nie obawiali si\u0119 reakcji wrogich Ko\u015bcio\u0142owi o\u015brodk\u00f3w i wyja\u015bniali przejrzystym  j\u0119zykiem wady cz\u0142owieka i wskazywali drogi do Zbawienia. Jak wida\u0107, posoborowy Ko\u015bci\u00f3\u0142 wybra\u0142 inn\u0105 drog\u0119.Warto przypomnie\u0107, i\u017c Benedykt XVI &#8211; ukazywany wsz\u0119dzie jako &#8222;konserwatywny Papie\u017c&#8221; &#8211; konsekwentnie kontynuuje wcielanie w \u017cycie  swych liberalnych, cho\u0107 cz\u0119sto zr\u0119cznie zamaskowanych wizji przemiany Ko\u015bcio\u0142a. Pogl\u0105dy Benedykta XVI nie r\u00f3\u017cni\u0105 si\u0119 w zasadniczych kwestiach niczym od pogl\u0105d\u00f3w m\u0142odego ksi\u0119dza-teologa J\u00f3zefa Ratzingera, kt\u00f3ry zas\u0142yn\u0105\u0142 podczas Soboru Watyka\u0144skiego II jako jeden z najbardziej liberalnych doradc\u00f3w soborowych. To nie kto inny, tylko ks.Ratzinger wprowadzi\u0142 w dokumenty soborowe nowe poj\u0119cie zmieniaj\u0105ce radykalnie ca\u0142\u0105 teologi\u0119 Ko\u015bcio\u0142a (zob. linki poni\u017cej), a wobec ca\u0142ej teologicznej dzia\u0142alno\u015bci ks. Ratzingera \u00f3wczesna Kongregacja \u015awi\u0119tego Oficjum (przemianowna przez Paw\u0142a VI na &#8222;Kongregacj\u0119 Nauki Wiary&#8221;) podejrzewa\u0142a ks. Ratzingera o herezje. Wysz\u0142o na to \u015bwiatlo dzienne w 1969 roku, kiedy podczas powo\u0142ywania przez papie\u017ca Pawla VI Mi\u0119dzynarodowej Komisji Teologicznej, w\u015br\u00f3d wysuni\u0119tych kandydat\u00f3w znalaz\u0142o si\u0119 nazwisko ks. Ratzingera. Powa\u017cna francuska gazeta katolicka <em>Informations Catholiques <\/em><em>Internationales<\/em> (n. 336 &#8211; May 15, 1969, p. 9) opisuj\u0105c 30 kandydat\u00f3w umie\u015bci\u0142a wtedy tak\u0105 oto not\u0119:<\/p>\r\n\r\n<p>&#8222;J\u00f3zef Ratzinger: Niemiec, lat 45, [specjalno\u015b\u0107] teologia dogmatyczna, ekumenizm; poprzednio podejrzany [o herezj\u0119] przez \u015awi\u0119te Oficjum; cz\u0142onek Komisji Wiary i Ekumenizmu; wybitna praca powsta\u0142a wraz z Karlem Rahnerem<em> Primacy and   Episcopate<\/em>.&#8221;<\/p>\r\n\r\n<p>Jest rzecz\u0105 znan\u0105, \u017ce i inni prominentni teologowie byli pod czujnym okiem \u015awi\u0119tego Oficjum, a niekt\u00f3rym grozi\u0142a wr\u0119cz ekskomunika. Do grupy tej nale\u017c\u0105: Yves Congar, Henri de Lubac, Karl Rahner czy Hans Urs von Balthasar. Nale\u017cy jak najcz\u0119\u015bciej przypomina\u0107 nazwiska os\u00f3b odpowiedzialnych za kierowanie   b\u0105d\u017a inspirowanie soborowych ruch\u00f3w progresywistycznych. Do tej grupy nale\u017celi   mi\u0119dzy innymi: kardyna\u0142 YvesCongar, OP, Karl Rahner, SJ, Edward Schillebeeckx,   OP, Hans K\u00fcng, a tak\u017ce nie uczestnicz\u0105cy bezpo\u015bredniocho\u0107 wp\u0142ywowi: Hans Urs   von Balthasar oraz Pierre Teilhard de Chardin, SJ. Dla przyk\u0142adu:    Jedna z   wa\u017cniejszych postaci liberalnego nurtu <em>Vaticanum II<\/em>, kardyna\u0142 YvesCongar, OP,  w 1994 roku otrzyma\u0142 insygnia kardynalskie, a w specjalnym li\u015bcie   Jan Pawe\u0142 II dzi\u0119kowa\u0142 mu s\u0142owami za &#8222;odwag\u0119, poniewa\u017c teologia [Twoja &#8211; Y.   Congara] wychodzi naprzeciw przysz\u0142o\u015bci i odnowie, realizowanej przez Sob\u00f3r&#8221; .      Ojciec Karl Rahner, SJ, tylko o krok od oficjalnego pot\u0119pienia za swe pogl\u0105dy przezpapie\u017ca Piusa XII, zosta\u0142 ca\u0142kowicie zrehabilitowany, a p\u00f3\u017aniej zaproszony   zosta\u0142 przez Jana XXIII do udzia\u0142u w obradach soborowych. Jego heretyckie teksty   niemal w ca\u0142o\u015bci wykorzystane zosta\u0142y w konstytucjach <em>Lumen Gentium <\/em>(O   Ko\u015bciele) czy <em>Dei Verbum<\/em>, kt\u00f3re w\u0142a\u015bciwie sam redagowa\u0142. W duchu posoborowej &#8222;wiosny&#8221; organizuje si\u0119 w Watykanie (marzec 2004)  specjalne sympozja rozkoszuj\u0105ce si\u0119 heretyck\u0105 tw\u00f3rczo\u015bci\u0105   K. Rahnera.    Hans   Urs von Balthasar, ze sw\u0105 dysydenck\u0105 teologi\u0105 (np. nie wierzy\u0142 w istnienie   piek\u0142a), by\u0142 o krok od nominacji kardynalskich z r\u0105k Jana Paw\u0142a II (zmar\u0142   zaledwie kilka godzin przed ceremoni\u0105).Wszyscy ci teologowie g\u0142osili pogl\u0105dy sprzeczne z odwieczn\u0105 nauk\u0105 Ko\u015bcio\u0142a i nazwiska te przesz\u0142yby w zapomnienie, gdyby w\u0142a\u015bnie g\u00f3r\u0119 w Ko\u015bciele nie wzi\u0119la frakcja liberalna, z ks. J\u00f3zefem Ratzingerem i ks. Karolem Wojty\u0142\u0105, i nie poprowadzi\u0142a Ko\u015bci\u00f3\u0142&#8230;Gdzie?&#8230;<\/p>\r\n\r\n<p>Czytaj m.in.: <em><a href=\"http:\/\/www.bibula.com\/18\/main.php?page=owoce\">&#8222;Poznacie ich po ich   owocach&#8230;&#8221; &#8211; Spojrzenie na dzisiejszy Ko\u015bci\u00f3\u0142<\/a>&#8222;<\/em><em><br \/>\r\n <\/em><em> <\/em><\/p>\r\n\r\n<p><em> <em><em><br \/>\r\n <\/em><\/em><\/em><\/p><\/blockquote>","protected":false},"excerpt":{"rendered":"Pierwsza encyklika papie\u017ca Benedykta XVI Deus caritas est (&#8222;B\u00f3g jes tmi\u0142o\u015bci\u0105&#8221;) wywo\u0142a\u0142a r\u00f3\u017cne reakcje na \u015bwiecie: od g\u0142\u00f3wnie pozytywnego przyj\u0119cia, przez pewne uczucie niespe\u0142nienia, a\u017c po negatywne uwagi. Jeden z dawnych przyjaci\u00f3\u0142 obecnego Papie\u017ca, ks. Hans K\u00fcng, szwajcarski teolog-dysydent (l. 77),odsuni\u0119ty w 1979 roku od nauczania na uniwersytetach za swe niekatolickie pogl\u0105dy, chwali encyklik\u0119 jako [&hellip;]","protected":false},"author":1,"featured_media":0,"comment_status":"closed","ping_status":"open","sticky":false,"template":"","format":"standard","meta":{"_acf_changed":false,"_monsterinsights_skip_tracking":false,"_monsterinsights_sitenote_active":false,"_monsterinsights_sitenote_note":"","_monsterinsights_sitenote_category":0,"ngg_post_thumbnail":0,"footnotes":"","_wp_rev_ctl_limit":""},"categories":[3],"tags":[41,33],"acf":[],"_links":{"self":[{"href":"https:\/\/www.bibula.com\/index.php?rest_route=\/wp\/v2\/posts\/66"}],"collection":[{"href":"https:\/\/www.bibula.com\/index.php?rest_route=\/wp\/v2\/posts"}],"about":[{"href":"https:\/\/www.bibula.com\/index.php?rest_route=\/wp\/v2\/types\/post"}],"author":[{"embeddable":true,"href":"https:\/\/www.bibula.com\/index.php?rest_route=\/wp\/v2\/users\/1"}],"replies":[{"embeddable":true,"href":"https:\/\/www.bibula.com\/index.php?rest_route=%2Fwp%2Fv2%2Fcomments&post=66"}],"version-history":[{"count":0,"href":"https:\/\/www.bibula.com\/index.php?rest_route=\/wp\/v2\/posts\/66\/revisions"}],"wp:attachment":[{"href":"https:\/\/www.bibula.com\/index.php?rest_route=%2Fwp%2Fv2%2Fmedia&parent=66"}],"wp:term":[{"taxonomy":"category","embeddable":true,"href":"https:\/\/www.bibula.com\/index.php?rest_route=%2Fwp%2Fv2%2Fcategories&post=66"},{"taxonomy":"post_tag","embeddable":true,"href":"https:\/\/www.bibula.com\/index.php?rest_route=%2Fwp%2Fv2%2Ftags&post=66"}],"curies":[{"name":"wp","href":"https:\/\/api.w.org\/{rel}","templated":true}]}}