{"id":65757,"date":"2012-12-27T21:46:59","date_gmt":"2012-12-28T02:46:59","guid":{"rendered":"http:\/\/www.bibula.com\/?p=65757"},"modified":"2012-12-27T22:00:16","modified_gmt":"2012-12-28T03:00:16","slug":"mizerna-cicha-stodola-w-gardelegen-janusz-wojciechowski","status":"publish","type":"post","link":"https:\/\/www.bibula.com\/?p=65757","title":{"rendered":"Mizerna cicha stodo\u0142a w Gardelegen &#8211; <em>Janusz Wojciechowski<\/em>"},"content":{"rendered":"<p><strong>Dlaczego niemiecki Gross, ani niemiecki Pasikowski nie poka\u017c\u0105 \u015bwiatu stodo\u0142y w Gardelegen?<\/strong><\/p>\r\n<p>1. Notka z portalu \u201eHistorycy.org\u201d:<\/p>\r\n<p style=\"padding-left: 30px;\"><em>15 kwietnia 1945 \u017co\u0142nierze posuwaj\u0105cej si\u0119 na wsch\u00f3d 102 Dywizji Piechoty IX Armii Stan\u00f3w Zjednoczonych natkn\u0119li si\u0119 w miejscowo\u015bci Gardelegen na wypalon\u0105 murowan\u0105 stodo\u0142\u0119. Okaza\u0142o si\u0119, \u017ce znajduj\u0105 si\u0119 w niej spalone i osmalone zw\u0142oki 1016 je\u0144c\u00f3w wojennych i wi\u0119\u017ani\u00f3w oboz\u00f3w koncentracyjnych. Co si\u0119 tam wydarzy\u0142o? Dnia 13 kwietnia 1945 jednostka SS umykaj\u0105ca przed Sowietami i prowadz\u0105ca ich w &#8222;marszu \u015bmierci&#8221; ze wschodu, natkn\u0119\u0142a si\u0119 na ameryka\u0144skie czo\u0142\u00f3wki i postanowi\u0142a usun\u0105\u0107 zb\u0119dny &#8222;balast&#8221;. Ok 1100 wi\u0119\u017ani\u00f3w sp\u0119dzono do stodo\u0142y z sianem, podlano benzyn\u0105 i podpalono. Na wprost wr\u00f3t stodo\u0142y ustawili si\u0119 SS-mani z broni\u0105 maszynow\u0105, granatami, panzerfaustami i dobijali tych, kt\u00f3rym uda\u0142o si\u0119 jakim\u015b cudem wydosta\u0107 z p\u0142on\u0105cego budynku. Opr\u00f3cz SS w akcji brali r\u00f3wnie\u017c udzia\u0142 \u017co\u0142nierze Luftwaffe, Fallschirmjager, Hitlerjugend, Volkssturm. Kolejny przyczynek do legendy o &#8222;rycerskim&#8221; niemieckim \u017co\u0142nierzu <img decoding=\"async\" id=\"grafika3\" src=\"http:\/\/www.historycy.org\/style_emoticons\/default\/dry.gif\" alt=\"\" width=\"16\" height=\"16\" \/><\/em> <em><\/em><\/p>\r\n<p style=\"padding-left: 30px;\"><em>Amerykanom tylko w 4 przypadkach uda\u0142o si\u0119 ustali\u0107 to\u017csamo\u015b\u0107 ofiar. Dla 301 ofiar ustalono zaledwie ich numery obozowe. 711 wi\u0119\u017ani\u00f3w w og\u00f3le nie zidentyfikowano. Uda\u0142o si\u0119 ustali\u0107 narodowo\u015b\u0107 186 poleg\u0142ych: 60 Polak\u00f3w, 52 Rosjan, 27 Francuz\u00f3w, 17 W\u0119gr\u00f3w, 8 Belg\u00f3w, 5 Niemc\u00f3w, 5 W\u0142och\u00f3w, 4 Czech\u00f3w, 4 Jugos\u0142owian, 2 Holendr\u00f3w, 1 Meksykanina (?) i 1 Hiszpana.<\/em><\/p>\r\n<p style=\"padding-left: 30px;\"><em>Amerykanie zmusili mieszka\u0144c\u00f3w okolicznych miejscowo\u015bci do kopania grob\u00f3w i grzebania zw\u0142ok. Ameryka\u0144scy \u017co\u0142nierze opowiadali, i\u017c widoczne by\u0142o jak na d\u0142oni, \u017ce Niemcy tylko udawali skruch\u0119 i wyrzuty sumienia &#8211; w rzeczywisto\u015bci byli zadowoleni z takiego obrotu spraw. Czuli ulg\u0119, \u017ce nie dane im by\u0142o dosta\u0107 si\u0119 w r\u0119ce uwolnionych wi\u0119\u017ani\u00f3w. SS-mani &#8222;rozwi\u0105zali&#8221; ten pal\u0105cy &#8222;problem&#8221; likwiduj\u0105c potencjalnych m\u015bcicieli.<\/em><\/p>\r\n<p style=\"padding-left: 30px;\"><em>Cz\u0142owiek przypuszczalnie bezpo\u015brednio odpowiedzialny za masakr\u0119, to niejaki Gerhard Thiele &#8211; wysoko postawiony nazistowski cywilny urz\u0119dnik na obszarze dystryktu Gardelegen (nie myli\u0107 z niemieckim astronaut\u0105 o tym samym nazwisku). Nigdy go nie schwytano &#8211; pewnie zmar\u0142 w jakim\u015b ma\u0142ym miasteczku w Ameryce P\u0142d., jako szacowny starszy pan. Schwytano i uwi\u0119ziono innego &#8222;wa\u017cnego&#8221; &#8211; SS-Untersturmf\u00fchrera Erharta Brauny&#8217;ego, kt\u00f3ry zmar\u0142 w 1950r. Opr\u00f3cz tego zatrzymano &#8222;p\u0142otki&#8221;, kt\u00f3re potem na skutek sojuszniczego porozumienia, w liczbie 21 os\u00f3b, przekazano pod sowieck\u0105 jurysdykcj\u0119. Odsiadywali kary w specjalnych obozach na terenie Wschodnich Niemiec.<\/em><\/p>\r\n<p>2. Dzi\u0119kuj\u0119 komentatorowi Detoxic za trop do stodo\u0142y w Gardelegen. Wstyd si\u0119 przyzna\u0107, ale o niej nie s\u0142ysza\u0142em. \u0179aden Gross nie napisa\u0142 o tym ksi\u0105\u017cki, \u017caden Pasikowski nie nakr\u0119ci\u0142 o tym filmu. Na stronie internetowej miasteczka wyczyta\u0142em, \u017ce jest podobno pomnik w Gardelegen, ale nie s\u0142ysza\u0142em, \u017ceby tam pochylali g\u0142owy prezydenci, premierzy, oficjalne delegacje pa\u0144stwowe, tak jak pochylaj\u0105 si\u0119 w Jedwabnem.<\/p>\r\n<p>A warto doda\u0107, \u017ce stodo\u0142\u0119 w Gardelegen pola\u0142o niemieck\u0105 benzyn\u0105 i podpali\u0142o niemieckimi zapa\u0142kami niemieckie pa\u0144stwo r\u0119kami niemieckich funkcjonariuszy. I funkcjonowa\u0142a tam, podobnie zreszt\u0105 jak w Jedwabnem, niemiecka jurysdykcja niemieckiej w\u0142adzy.<\/p>\r\n<p>3. O Jedwabnem wie dzi\u015b ca\u0142y \u015bwiat, a pies z kulawa nog\u0105 nie wie dzi\u015b o Gardelegen. Ilu ludzi w Polsce wie o tej stodole, cho\u0107 to g\u0142\u00f3wnie Polacy si\u0119 w niej sma\u017cyli&#8230;<\/p>\r\n<p>4. Nie oczekujmy jednak filmu o Gardelegen. Dzi\u015b jest ju\u017c inny trend. Pianista, Lista Schindlera&#8230; dzi\u015b trzeba pokazywa\u0107 Niemc\u00f3w sprawiedliwych, najsprawiedliwszych w\u015br\u00f3d narod\u00f3w \u015bwiata. Cho\u0107 trudno b\u0119dzie o nowe arcydzie\u0142a, bo \u0142awka niemieckich sprawiedliwych do\u015b\u0107 kr\u00f3tka by\u0142a niestety.<\/p>\r\n<p>Mo\u017cna za to do woli mno\u017cy\u0107 dzie\u0142a o z\u0142ych i niesprawiedliwych Polakach, nawet je\u015bli nie jest do ko\u0144ca udowodnione i pewne, \u017ce byli niesprawiedliwi.<\/p>\r\n<p>5. Uprzedzaj\u0105c komentarze &#8211; do wsp\u00f3\u0142czesnych Niemc\u00f3w nie mam \u017cadnych pretensji o Gardelegen. Kto\u015b tam par\u0119 lat posiedzia\u0142, postawili pomniczek, zamie\u015bcili jakie\u015b wzmianki &#8211; wi\u0119cej od nich nie wymagam. Ile si\u0119 mo\u017cna biczowa\u0107 za dziadka z zapa\u0142kami.<\/p>\r\n<p>Mam pretensj\u0119 do nas samych, do moich rodak\u00f3w i do siebie, \u017ce w\u0142asnymi r\u0119kami, w\u0142asnymi pi\u00f3rami, w\u0142asnymi pieni\u0119dzmi z w\u0142asnego, polskiego bud\u017cetu wspieramy budow\u0119 krok po kroku fa\u0142szywego, zak\u0142amanego obrazu minionej wojny. Tego obrazu, w kt\u00f3rym b\u0119dzie istnie\u0107 i k\u0142u\u0107 w oczy upiorne Jedwabne, a nie b\u0119dzie w nim miejsca dla mizernej, cichej stodo\u0142y w Gardelegen&#8230;<\/p>\r\n<p>Pal sze\u015b\u0107, \u017ce w ten obraz wierz\u0105 ju\u017c Niemcy. Ale \u017ce my, Polacy zaczynamy wierzy\u0107 &#8211; to ju\u017c jest jest prawdziwy problem. To ju\u017c jest narodu duch zatruty&#8230;<\/p>\r\n<p><strong><em>Janusz Wojciechowski<\/em><\/strong><\/p>","protected":false},"excerpt":{"rendered":"Dlaczego niemiecki Gross, ani niemiecki Pasikowski nie poka\u017c\u0105 \u015bwiatu stodo\u0142y w Gardelegen? 1. Notka z portalu \u201eHistorycy.org\u201d: 15 kwietnia 1945 \u017co\u0142nierze posuwaj\u0105cej si\u0119 na wsch\u00f3d 102 Dywizji Piechoty IX Armii Stan\u00f3w Zjednoczonych natkn\u0119li si\u0119 w miejscowo\u015bci Gardelegen na wypalon\u0105 murowan\u0105 stodo\u0142\u0119. Okaza\u0142o si\u0119, \u017ce znajduj\u0105 si\u0119 w niej spalone i osmalone zw\u0142oki 1016 je\u0144c\u00f3w wojennych [&hellip;]","protected":false},"author":1,"featured_media":0,"comment_status":"closed","ping_status":"closed","sticky":false,"template":"","format":"standard","meta":{"_acf_changed":false,"_monsterinsights_skip_tracking":false,"_monsterinsights_sitenote_active":false,"_monsterinsights_sitenote_note":"","_monsterinsights_sitenote_category":0,"ngg_post_thumbnail":0,"footnotes":"","_wp_rev_ctl_limit":""},"categories":[9],"tags":[65,22,20,59],"acf":[],"_links":{"self":[{"href":"https:\/\/www.bibula.com\/index.php?rest_route=\/wp\/v2\/posts\/65757"}],"collection":[{"href":"https:\/\/www.bibula.com\/index.php?rest_route=\/wp\/v2\/posts"}],"about":[{"href":"https:\/\/www.bibula.com\/index.php?rest_route=\/wp\/v2\/types\/post"}],"author":[{"embeddable":true,"href":"https:\/\/www.bibula.com\/index.php?rest_route=\/wp\/v2\/users\/1"}],"replies":[{"embeddable":true,"href":"https:\/\/www.bibula.com\/index.php?rest_route=%2Fwp%2Fv2%2Fcomments&post=65757"}],"version-history":[{"count":0,"href":"https:\/\/www.bibula.com\/index.php?rest_route=\/wp\/v2\/posts\/65757\/revisions"}],"wp:attachment":[{"href":"https:\/\/www.bibula.com\/index.php?rest_route=%2Fwp%2Fv2%2Fmedia&parent=65757"}],"wp:term":[{"taxonomy":"category","embeddable":true,"href":"https:\/\/www.bibula.com\/index.php?rest_route=%2Fwp%2Fv2%2Fcategories&post=65757"},{"taxonomy":"post_tag","embeddable":true,"href":"https:\/\/www.bibula.com\/index.php?rest_route=%2Fwp%2Fv2%2Ftags&post=65757"}],"curies":[{"name":"wp","href":"https:\/\/api.w.org\/{rel}","templated":true}]}}