{"id":64835,"date":"2012-12-11T22:00:22","date_gmt":"2012-12-12T03:00:22","guid":{"rendered":"http:\/\/www.bibula.com\/?p=64835"},"modified":"2012-12-11T22:03:40","modified_gmt":"2012-12-12T03:03:40","slug":"czechy-wydanie-przemowien-hitlera-niepokoi-ekspertow","status":"publish","type":"post","link":"https:\/\/www.bibula.com\/?p=64835","title":{"rendered":"Czechy: Wydanie przem\u00f3wie\u0144 Hitlera niepokoi ekspert\u00f3w"},"content":{"rendered":"<p>Na czeskim rynku wydawniczym ukaza\u0142a si\u0119 w\u0142a\u015bnie antologia niepublikowanych do tej pory przem\u00f3wie\u0144 Adolfa Hitlera. Wydawca m\u00f3wi, \u017ce ocen\u0119 przem\u00f3wie\u0144 wodza III Rzeszy pozostawia czytelnikom. Wywo\u0142a\u0142o to oczywi\u015bcie oburzenie w\u015br\u00f3d czeskich medi\u00f3w, kt\u00f3re, cytuj\u0105c ekspert\u00f3w, m\u00f3wi\u0105 o tym, \u017ce przem\u00f3wienia te by\u0142y elementem propagandy i mog\u0105 by\u0107 \u017ale zrozumiane bez opatrzenia ich komentarzem historyk\u00f3w i ekspert\u00f3w.<\/p>\r\n<p><a href=\"http:\/\/www.autonom.pl\/?attachment_id=2007\" rel=\"attachment wp-att-2007 slb_group[2006] slb slb_internal\"><img decoding=\"async\" class=\"alignleft\" style=\"margin: 10px;\" title=\"newhit\" src=\"http:\/\/www.autonom.pl\/wp-content\/uploads\/2012\/12\/newhit.png\" alt=\"\" width=\"240\" height=\"168\" align=\"left\" \/><\/a>Pavel Kamas, wydawca ksi\u0105\u017cki, powiedzia\u0142, \u017ce jej celem nie jest krytyczna analiza i, \u017ce na temat plan\u00f3w, sposob\u00f3w dzia\u0142ania, pomys\u0142\u00f3w i czyn\u00f3w Hitlera zosta\u0142o napisane ju\u017c wiele ksi\u0105\u017cek. Podkre\u015bli\u0142, \u017ce ksi\u0105\u017cka ta nie wnosi nic nowego, przytacza jedynie dos\u0142ownie to, co m\u00f3wi\u0142 Hitler, a czytelnik mo\u017ce por\u00f3wna\u0107 ja we w\u0142asnym zakresie z analizami zawartymi w innych ksi\u0105\u017ckach. Doda\u0142, \u017ce &#8222;do tej pory ludzie nie mogli sprawdzi\u0107, co tak naprawd\u0119 powiedzia\u0142 Hitler\u201d.<\/p>\r\n<p>Ksi\u0105\u017cka przytacza przem\u00f3wienia Hitlera z przedmow\u0105 Lukasa Beera, dziennikarza, kt\u00f3ry zajmuje si\u0119 czesko-niemieckimi relacjami w czasie wojny. Nie jest on jednak z wykszta\u0142cenia historykiem.<\/p>\r\n<p>Przeciwko ksi\u0105\u017cce wytaczane s\u0105 argumenty, \u017ce trafi ona g\u0142\u00f3wnie do &#8222;ekstremist\u00f3w\u201d i \u017ce wydana w tej formie mo\u017ce wprowadzi\u0107 niezrozumienie idei Hitlera w\u015br\u00f3d czytelnik\u00f3w. Mog\u0105 zinterpretowa\u0107 j\u0105 na w\u0142asny spos\u00f3b, nie wpisuj\u0105cy si\u0119 w oficjalny stosunek do postaci Hitlera i systemu nazistowskiego. Pojawiaj\u0105 si\u0119 tez opinie, \u017ce wydanie ksi\u0105\u017cki przyczyni si\u0119 do &#8222;rozprzestrzeniania si\u0119 nazistowskiej ideologii\u201d.<\/p>\r\n<p>W ci\u0105gu ostatnich lat w czeskich s\u0105dach odbywa\u0142o si\u0119 kilka spraw dotycz\u0105cych wydawania np. Mein Kampf. Michal Zitko, kt\u00f3ry wyda\u0142 Mein Kampf w 2000 roku, zosta\u0142 skazany na 3 lata wi\u0119zienia w zawieszeniu, p\u00f3\u017aniej zosta\u0142 jednak uniewinniony. Odbywa\u0142y si\u0119 tak\u017ce sprawy i wycofywania Mein Kampf ze sprzeda\u017cy na podstawie roszcze\u0144 kraju zwi\u0105zkowego Bawaria, kt\u00f3ry posiada prawa autorskie do ksi\u0105\u017cki Hitlera.<\/p>\r\n<p>Niezwyk\u0142a troska medi\u00f3w i ekspert\u00f3w i w\u0105tpliwo\u015bci odno\u015bnie prawid\u0142owego, ich zdaniem, zrozumienia przem\u00f3wie\u0144 Hitlera czy napisanej przez niego ksi\u0105\u017cki zaowocowa\u0142a tym, \u017ce r\u00f3wnie\u017c Mein Kampf zostanie wydana opatrzona krytycznymi komentarzami. Bawaria straci prawa autorskie do ksi\u0105\u017cki w 2015 roku. Przed tym czasem Instytut Historii w Monachium chce wyda\u0107 j\u0105 z dodatkowymi komentarzami.<\/p>","protected":false},"excerpt":{"rendered":"Na czeskim rynku wydawniczym ukaza\u0142a si\u0119 w\u0142a\u015bnie antologia niepublikowanych do tej pory przem\u00f3wie\u0144 Adolfa Hitlera. Wydawca m\u00f3wi, \u017ce ocen\u0119 przem\u00f3wie\u0144 wodza III Rzeszy pozostawia czytelnikom. Wywo\u0142a\u0142o to oczywi\u015bcie oburzenie w\u015br\u00f3d czeskich medi\u00f3w, kt\u00f3re, cytuj\u0105c ekspert\u00f3w, m\u00f3wi\u0105 o tym, \u017ce przem\u00f3wienia te by\u0142y elementem propagandy i mog\u0105 by\u0107 \u017ale zrozumiane bez opatrzenia ich komentarzem historyk\u00f3w i [&hellip;]","protected":false},"author":1,"featured_media":0,"comment_status":"closed","ping_status":"closed","sticky":false,"template":"","format":"standard","meta":{"_acf_changed":false,"_monsterinsights_skip_tracking":false,"ngg_post_thumbnail":0,"footnotes":"","_wp_rev_ctl_limit":""},"categories":[6],"tags":[16,227,102,29,59],"acf":[],"_links":{"self":[{"href":"https:\/\/www.bibula.com\/index.php?rest_route=\/wp\/v2\/posts\/64835"}],"collection":[{"href":"https:\/\/www.bibula.com\/index.php?rest_route=\/wp\/v2\/posts"}],"about":[{"href":"https:\/\/www.bibula.com\/index.php?rest_route=\/wp\/v2\/types\/post"}],"author":[{"embeddable":true,"href":"https:\/\/www.bibula.com\/index.php?rest_route=\/wp\/v2\/users\/1"}],"replies":[{"embeddable":true,"href":"https:\/\/www.bibula.com\/index.php?rest_route=%2Fwp%2Fv2%2Fcomments&post=64835"}],"version-history":[{"count":0,"href":"https:\/\/www.bibula.com\/index.php?rest_route=\/wp\/v2\/posts\/64835\/revisions"}],"wp:attachment":[{"href":"https:\/\/www.bibula.com\/index.php?rest_route=%2Fwp%2Fv2%2Fmedia&parent=64835"}],"wp:term":[{"taxonomy":"category","embeddable":true,"href":"https:\/\/www.bibula.com\/index.php?rest_route=%2Fwp%2Fv2%2Fcategories&post=64835"},{"taxonomy":"post_tag","embeddable":true,"href":"https:\/\/www.bibula.com\/index.php?rest_route=%2Fwp%2Fv2%2Ftags&post=64835"}],"curies":[{"name":"wp","href":"https:\/\/api.w.org\/{rel}","templated":true}]}}