{"id":64747,"date":"2012-12-10T21:18:48","date_gmt":"2012-12-11T02:18:48","guid":{"rendered":"http:\/\/www.bibula.com\/?p=64747"},"modified":"2012-12-10T21:27:48","modified_gmt":"2012-12-11T02:27:48","slug":"blamaz-na-polskich-torach-pendolino-bez-zasilania","status":"publish","type":"post","link":"https:\/\/www.bibula.com\/?p=64747","title":{"rendered":"Blama\u017c na polskich torach. Pendolino bez zasilania"},"content":{"rendered":"<p><strong>20 sk\u0142ad\u00f3w pendolino zam\u00f3wionych przez PKP Intercity to nowa jako\u015b\u0107 na polskich torach. Szykowane w fabryce w Savigliano francuskiego Alstomu cacko ma te\u017c wyj\u0105tkowe wymagania. \u0179eby pomkn\u0105\u0107 z pr\u0119dko\u015bci\u0105 powy\u017cej 200 km\/h, sk\u0142ady potrzebuj\u0105 specjalnego zasilania.<\/strong><\/p>\r\n<p>Sie\u0107 trakcyjna wzd\u0142u\u017c linii z Gdyni do Krakowa i Katowic przez Warszaw\u0119, kt\u00f3r\u0105 pojedzie <strong>pendolino<\/strong>, tylko w cz\u0119\u015bci b\u0119dzie gotowa na czas. A cz\u0119\u015b\u0107 potrzebnych inwestycji nawet si\u0119 nie zacz\u0119\u0142a.<\/p>\r\n<p><em>Infrastruktura energetyczna jest wci\u0105\u017c ca\u0142kowicie nieprzygotowana do przyj\u0119cia pendolino, cho\u0107 o tej konieczno\u015bci wiadomo od lat. To ca\u0142kowicie nieprofesjonalne: PKP IC kupuje pendolino, zaci\u0105gaj\u0105c gigantyczny kredyt, a zarz\u0105dca tor\u00f3w nie potrafi przygotowa\u0107 przewo\u017anikowi tor\u00f3w<\/em> &#8211; m\u00f3wi by\u0142y wiceprezes PKP Jacek Prze\u015bluga.<\/p>\r\n<p><em>Bez energetycznego uzbrojenia linii kolejowej pendolino straci wszystkie swoje atuty, czyli ekspresowe przyspieszenie i kr\u00f3tkie hamowanie. Czasy przejazdu pendolino b\u0119d\u0105 zbli\u017cone do klasycznego ekspresu. Je\u015bli tak, po co kupowa\u0107 tak drogi poci\u0105g? <\/em>&#8211; podkre\u015bla informator DGP.<\/p>\r\n<p>Na trasie E65 z Warszawy do Gdyni zarz\u0105dca tor\u00f3w &#8211; PKP Polskie Linie Kolejowe &#8211; dopiero w ci\u0105gu ostatnich miesi\u0119cy zleci\u0142 sp\u00f3\u0142ce PKP Energetyka wybudowanie m.in. pi\u0119ciu wielkich podstacji o mocy 110 kW [<em>co\u015b ma\u0142o! mo\u017ce kto\u015b sprawdzi i pode\u015ble mi dobr\u0105 liczb\u0119. md<\/em>] . Jak ustalili\u015bmy, trwa projektowanie obiekt\u00f3w, a kolejarze nie maj\u0105 jeszcze potrzebnych dzia\u0142ek ani wymaganych pozwole\u0144. Czas realizacji um\u00f3w wynosi od dw\u00f3ch do trzech lat.<\/p>\r\n<p>Na dodatek nic nie dzieje si\u0119 z trakcj\u0105 elektryczn\u0105 na trasie z Warszawy do Krakowa i Katowic (Centralnej Magistrali Kolejowej), kt\u00f3ra wymaga modernizacji pod k\u0105tem pendolino wartej ponad 180 mln z\u0142. Wed\u0142ug Macieja Dutkiewicza z PKP PLK wzmacnianie starych i budowa nowych podstacji zacznie si\u0119 na prze\u0142omie 2012 i 2013 r. Prace potrwaj\u0105 do 2015 r.<\/p>\r\n<p>Tymczasem pierwszy sk\u0142ad przyjedzie do Polski w lipcu przysz\u0142ego roku. Jak powiedzia\u0142 DGP Nicolas Halamek, dyrektor w Alstom Transport, kt\u00f3re buduje pendolino, produkcja o p\u00f3\u0142 roku wyprzedza harmonogram. Ponad rok potrwaj\u0105 testy i homologacja w Urz\u0119dzie Transportu Kolejowego. PKP Intercity zapowiada pierwsze regularne kursy pendolino w III kw. 2014 r.<\/p>\r\n<p>Efekt? Wed\u0142ug eksperta kolejowego Roberta Wyszy\u0144skiego <strong>obiecywane<\/strong> na grudzie\u0144 2014 r. przez resort transportu <strong>czasy przejazd\u00f3w<\/strong> &#8211; np. 2 godz. 30 min z Warszawy do Gda\u0144ska &#8211; <strong>s\u0105 niemo\u017cliwe do uzyskania<\/strong>. Pow\u00f3d &#8211; nie zako\u0144cz\u0105 si\u0119 roboty torowo-sieciowe, a tak\u017ce niegotowy b\u0119dzie system ERTMS, zwi\u0119kszaj\u0105cy bezpiecze\u0144stwo poci\u0105g\u00f3w. Zdaniem Wyszy\u0144skiego bardziej realny jest przejazd w ok. 3 godz. To znaczy, \u017ce 328-km tras\u0119 pendolino pokona ze \u015bredni\u0105 pr\u0119dko\u015bci\u0105 <strong><em>poni\u017cej 110 km\/h, kt\u00f3ra jest dost\u0119pna np. dla miejskiej kolejki<\/em><\/strong>. Jak podaje producent, pendolino mo\u017ce rozp\u0119dza\u0107 si\u0119 do 250 km\/h. \u015arednia pr\u0119dko\u015b\u0107 handlowa tego poci\u0105gu w Europie to 150 km\/h.<\/p>\r\n<ul>\r\n<li>2,5 mld z\u0142 to warto\u015b\u0107 kontraktu z Alstomem na zakup 20 poci\u0105g\u00f3w Pendolino i ich utrzymanie przez 17 lat<\/li>\r\n<li>10 mld z\u0142 kosztuje trwaj\u0105ca od 2006 r., zwi\u0105zana m.in. z projektem Pendolino, przebudowa linii Warszawa &#8211; Gda\u0144sk<\/li>\r\n<li>2 godz. 10 min taki czas przejazdu pendolino z Warszawy do Katowic obiecuje PKP IC pod koniec 2014 r.<\/li>\r\n<\/ul>\r\n<p><strong><em>Konrad Majszyk Maciej Szczepaniuk<\/em><\/strong><\/p>\r\n<p>\u0179r\u00f3d\u0142o: Dziennik Gazeta Prawna<\/p>\r\n<p><a href=\"http:\/\/gospodarka.dziennik.pl\/news\/artykuly\/413097,blamaz-na-torach-pendolino-bez-zasilania.html\">http:\/\/gospodarka.dziennik.pl\/news\/artykuly\/413097,blamaz-na-torach-pendolino-bez-zasilania.html<\/a><\/p>","protected":false},"excerpt":{"rendered":"20 sk\u0142ad\u00f3w pendolino zam\u00f3wionych przez PKP Intercity to nowa jako\u015b\u0107 na polskich torach. Szykowane w fabryce w Savigliano francuskiego Alstomu cacko ma te\u017c wyj\u0105tkowe wymagania. \u0179eby pomkn\u0105\u0107 z pr\u0119dko\u015bci\u0105 powy\u017cej 200 km\/h, sk\u0142ady potrzebuj\u0105 specjalnego zasilania. Sie\u0107 trakcyjna wzd\u0142u\u017c linii z Gdyni do Krakowa i Katowic przez Warszaw\u0119, kt\u00f3r\u0105 pojedzie pendolino, tylko w cz\u0119\u015bci b\u0119dzie [&hellip;]","protected":false},"author":1,"featured_media":0,"comment_status":"closed","ping_status":"closed","sticky":false,"template":"","format":"standard","meta":{"_acf_changed":false,"_monsterinsights_skip_tracking":false,"_monsterinsights_sitenote_active":false,"_monsterinsights_sitenote_note":"","_monsterinsights_sitenote_category":0,"ngg_post_thumbnail":0,"footnotes":"","_wp_rev_ctl_limit":""},"categories":[8],"tags":[92,104],"acf":[],"_links":{"self":[{"href":"https:\/\/www.bibula.com\/index.php?rest_route=\/wp\/v2\/posts\/64747"}],"collection":[{"href":"https:\/\/www.bibula.com\/index.php?rest_route=\/wp\/v2\/posts"}],"about":[{"href":"https:\/\/www.bibula.com\/index.php?rest_route=\/wp\/v2\/types\/post"}],"author":[{"embeddable":true,"href":"https:\/\/www.bibula.com\/index.php?rest_route=\/wp\/v2\/users\/1"}],"replies":[{"embeddable":true,"href":"https:\/\/www.bibula.com\/index.php?rest_route=%2Fwp%2Fv2%2Fcomments&post=64747"}],"version-history":[{"count":0,"href":"https:\/\/www.bibula.com\/index.php?rest_route=\/wp\/v2\/posts\/64747\/revisions"}],"wp:attachment":[{"href":"https:\/\/www.bibula.com\/index.php?rest_route=%2Fwp%2Fv2%2Fmedia&parent=64747"}],"wp:term":[{"taxonomy":"category","embeddable":true,"href":"https:\/\/www.bibula.com\/index.php?rest_route=%2Fwp%2Fv2%2Fcategories&post=64747"},{"taxonomy":"post_tag","embeddable":true,"href":"https:\/\/www.bibula.com\/index.php?rest_route=%2Fwp%2Fv2%2Ftags&post=64747"}],"curies":[{"name":"wp","href":"https:\/\/api.w.org\/{rel}","templated":true}]}}