{"id":64724,"date":"2012-12-10T09:38:23","date_gmt":"2012-12-10T14:38:23","guid":{"rendered":"http:\/\/www.bibula.com\/?p=64724"},"modified":"2012-12-10T20:47:58","modified_gmt":"2012-12-11T01:47:58","slug":"skandaliczna-decyzja-nowego-ambasadora-rp","status":"publish","type":"post","link":"https:\/\/www.bibula.com\/?p=64724","title":{"rendered":"Skandaliczna decyzja nowego ambasadora RP"},"content":{"rendered":"<p><strong>Nowy ambasador RP w Waszyngtonie Ryszard Schnepf nie zgodzi\u0142 si\u0119 na zorganizowanie w ambasadzie spotkania \u015bwi\u0105tecznego dla dzieci z polskiej szko\u0142y w stolicy USA. \u0179adnych obiekcji nowy ambasador nie mia\u0142 natomiast, gdy swoje ksi\u0105\u017cki w rezydencji ambasadora promowa\u0142a \u017cona Rados\u0142awa Sikorskiego.<\/strong><\/p>\r\n<p>Z ustale\u0144 RMF FM wynika, \u017ce <strong>ambasador Schnepf odm\u00f3wi\u0142 rodzicom dzieci, ucz\u0119szczaj\u0105cych do polskiej szko\u0142y w stolicy USA, zorganizowania w ambasadzie spotkania \u015bwi\u0105tecznego<\/strong>. Rodzice s\u0105 oburzeni i podkre\u015blaj\u0105, \u017ce do tej pory nigdy nie mieli problem\u00f3w ze zorganizowaniem spotkania w ambasadzie. Negocjacje z nowym ambasadorem zako\u0144czy\u0142y si\u0119 fiaskiem, a<strong> Ryszard Schnepf zapowiedzia\u0142 dodatkowo, \u017ce w budynkach, kt\u00f3rymi dysponuje ambasada w Waszyngtonie nie b\u0119d\u0105 si\u0119 mog\u0142y odby\u0107 tak\u017ce uroczysto\u015bci zako\u0144czenia roku szkolnego oraz rozpocz\u0119cia nowego<\/strong>.<\/p>\r\n<p>Pocz\u0105tkowo ambasador wyrazi\u0142 zgod\u0119 na zorganizowanie spotkania \u015bwi\u0105tecznego dla dzieci z polskiej szko\u0142y w Waszyngtonie, jednak <strong>p\u00f3\u017aniej nagle zmieni\u0142 zdanie<\/strong>. Teraz t\u0142umaczy si\u0119, \u017ce plac\u00f3wka chce by\u0107 wsp\u00f3\u0142organizatorem, a nie jedynie udost\u0119pnia\u0107 sal\u0119, a ponadto kalendarz imprez powinien by\u0107 ustalany z wyprzedzeniem. <strong>To zastanawiaj\u0105ce, bo w poprzednich latach jedynie w 2011 roku odwo\u0142ano spotkanie dzieci w ambasadzie<\/strong>, poniewa\u017c obawiano si\u0119, \u017ce po trz\u0119sieniu ziemi w Waszyngtonie naruszona zosta\u0142a konstrukcja budynku.<\/p>\r\n<p><strong>Pikanterii ca\u0142ej sprawie dodaje fakt, \u017ce kilkana\u015bcie dni temu w rezydencji ambasadora Schnepfa promocj\u0119 swoich ksi\u0105\u017cek urz\u0105dzi\u0142a \u017cona szefa MSZ Rados\u0142awa Sikorskiego<\/strong>. W\u00f3wczas ambasador nie mia\u0142 \u017cadnych obiekcji, a nawet odda\u0142 do dyspozycji pracownik\u00f3w ambasady, kt\u00f3rzy byli zaanga\u017cowani w przygotowanie ca\u0142ej imprezy.<\/p>\r\n<p>Autor: <a title=\"p\u0142\" href=\"http:\/\/niezalezna.pl\/autor\/pl\" rel=\"tag\">p\u0142<\/a><\/p>\r\n<p>\u0179r\u00f3d\u0142o: <a title=\"niezalezna.pl\" href=\"http:\/\/niezalezna.pl\/zrodlo\/niezaleznapl\" rel=\"tag\">niezalezna.pl<\/a>, <a title=\"RMF FM\" href=\"http:\/\/niezalezna.pl\/zrodlo\/rmf-fm\" rel=\"tag\">RMF FM<\/a><\/p>\r\n<p class=\"zrodlo\">Za: <a href=\"http:\/\/niezalezna.pl\/35774-skandaliczna-decyzja-nowego-ambasadora-rp\">niezalezna.pl (10.12.2012)<\/a><\/p>\r\n<blockquote>\r\n<h2>Prof. Terlecki: Polacy pozostawieni przez pa\u0144stwo<\/h2>\r\n<p><strong>O problemach Polak\u00f3w za granic\u0105 i Polonii oraz finansowaniu ich dzia\u0142alno\u015bci portal Stefczyk.info rozmawia z prof. Ryszardem Terleckim, pos\u0142em PiS z komisji \u0141\u0105czno\u015bci z Polakami za Granic\u0105. <\/strong><\/p>\r\n<p><strong>Stefczyk.info: RMF FM informuje, \u017ce ambasador RP w USA Ryszard Schnepf odm\u00f3wi\u0142 rodzicom dzieci, ucz\u0119szczaj\u0105cych do polskiej szko\u0142y w stolicy USA, zorganizowania w ambasadzie spotkania \u015bwi\u0105tecznego. Poinformowa\u0142, \u017ce wbrew wcze\u015bniejszej tradycji nie b\u0119dzie r\u00f3wnie\u017c zgody na organizowanie spotka\u0144 szkolnych w budynkach ambasady. Rodzice i dzieci s\u0105 w szoku. Jak Pan to ocenia?<\/strong><\/p>\r\n<p><strong>Prof. Ryszard Terlecki: <\/strong>Mamy do czynienia z ca\u0142\u0105 seri\u0105 niepokoj\u0105cych informacji zwi\u0105zanych z polsk\u0105 s\u0142u\u017cb\u0105 dyplomatyczn\u0105. To wydarzenie \u0142\u0105czy si\u0119 z innymi &#8211; zamykaniem polskich szk\u00f3\u0142 przy plac\u00f3wkach dyplomatycznych, czy ostatnimi doniesieniami zwi\u0105zanymi z finansowaniem instytucji polskich w r\u00f3\u017cnych krajach, szczeg\u00f3lnie na Wschodzie. Fundusze, kt\u00f3rymi dysponowa\u0142 dot\u0105d Senat, zosta\u0142y przekazane MSZ, ale resort nie wywi\u0105zuje si\u0119 ze wszystkich obowi\u0105zk\u00f3w wobec Polonii i Polak\u00f3w. Polskie media, czyli radia i czasopisma, padaj\u0105, poniewa\u017c nie dostaj\u0105 pieni\u0119dzy.<\/p>\r\n<p><strong>Dlaczego?<br \/> <\/strong><br \/> Nie wiadomo, czy to tylko wynik oszcz\u0119dno\u015bci, czy mo\u017ce presja polityczna. By\u0107 mo\u017ce b\u0119d\u0105 dostawa\u0107 jedynie ci, kt\u00f3rzy s\u0105 pos\u0142uszni. Polonia w USA nie nale\u017cy do \u015brodowisk prorz\u0105dowych. By\u0107 mo\u017ce wi\u0119c nied\u0142ugo oka\u017ce si\u0119, \u017ce jakie\u015b \u015brodowisko popieraj\u0105ce Platform\u0119 czy Tuska otrzyma zgod\u0119 na organizowanie spotka\u0144.<\/p>\r\n<p><strong>Polacy otrzymuj\u0105 sygna\u0142 od ambasady, \u017ce nie s\u0105 mile widziani. Czym mo\u017ce to skutkowa\u0107?<br \/> <\/strong><br \/> Skutki tego b\u0119d\u0105 jak najgorsze. Polacy mieszkaj\u0105cy za granic\u0105, szczeg\u00f3lnie je\u015bli nie s\u0105 zwolennikami w\u0142adzy, zostaj\u0105 pozostawieni samymi sobie. To szczeg\u00f3lnie bolesne, gdy na miejscu maj\u0105 trudno\u015bci z krajem, w kt\u00f3rym \u017cyj\u0105. Co warte wspomnienia, przekazanie \u015brodk\u00f3w na wsparcie Polonii i Polak\u00f3w za granicami do MSZ ma swoje negatywne konsekwencje.<\/p>\r\n<p><strong>Jakie?<br \/> <\/strong><br \/> Rodzi to komplikacje, poniewa\u017c Senat jest traktowany, jako mniej upolityczniona instytucja. Obecnie mo\u017cna si\u0119 obawia\u0107 i s\u0105 takie sygna\u0142y, \u017ce organizacje polskie b\u0119d\u0105 traktowane jako dyspozytura polskiego rz\u0105du. To nie dzia\u0142a na korzy\u015b\u0107 funkcjonowania tych \u015brodowisk. Zmiana finansowania Polonii i Polak\u00f3w za granic\u0105 wywo\u0142a\u0142a wiele komplikacji.<\/p>\r\n<p><strong>Polski rz\u0105d po raz kolejny pokazuje, \u017ce ze \u015brodowiskami krytycznymi wobec siebie nie chce \u017cy\u0107 w zgodzie. Dlaczego PO tak bardzo boi si\u0119 swoich krytyk\u00f3w?<br \/> <\/strong><br \/> Ludzie stoj\u0105cy na czele Platformy Obywatelskiej nie s\u0105 zdolni do negocjacji czy dyskusji. Oni uwa\u017caj\u0105, \u017ce bardziej skuteczne b\u0119dzie narzucanie swoich opinii i rozwi\u0105za\u0144 a nie negocjowanie. Po drugie, sytuacja si\u0119 zaostrza. Platforma traci poparcie. Rz\u0105d i PO to nie jest formacja, kt\u00f3ra chce odda\u0107 w\u0142adz\u0119 w spos\u00f3b normalny. Ona boi si\u0119 odpowiedzialno\u015bci za to, co narobi\u0142a przez te pi\u0119\u0107 lat. B\u0119dzie wi\u0119c kurczowo trzyma\u0107 si\u0119 w\u0142adzy i stosowa\u0107 wszelkie \u015brodki, tak\u017ce poza prawne. Oni nie b\u0119d\u0105 chcieli dopu\u015bci\u0107 do zmiany.<\/p>\r\n<p>Rozmawia\u0142 Nal<\/p>\r\n<p class=\"zrodlo\">Za: <a href=\"http:\/\/www.stefczyk.info\/publicystyka\/opinie\/prof-terlecki-polacy-pozostawieni-przez-panstwo,6131229060\">Stefczyk.info (10.12.2012) <\/a><\/p>\r\n<\/blockquote>","protected":false},"excerpt":{"rendered":"Nowy ambasador RP w Waszyngtonie Ryszard Schnepf nie zgodzi\u0142 si\u0119 na zorganizowanie w ambasadzie spotkania \u015bwi\u0105tecznego dla dzieci z polskiej szko\u0142y w stolicy USA. \u0179adnych obiekcji nowy ambasador nie mia\u0142 natomiast, gdy swoje ksi\u0105\u017cki w rezydencji ambasadora promowa\u0142a \u017cona Rados\u0142awa Sikorskiego. Z ustale\u0144 RMF FM wynika, \u017ce ambasador Schnepf odm\u00f3wi\u0142 rodzicom dzieci, ucz\u0119szczaj\u0105cych do polskiej [&hellip;]","protected":false},"author":1,"featured_media":0,"comment_status":"closed","ping_status":"closed","sticky":false,"template":"","format":"standard","meta":{"_acf_changed":false,"_monsterinsights_skip_tracking":false,"_monsterinsights_sitenote_active":false,"_monsterinsights_sitenote_note":"","_monsterinsights_sitenote_category":0,"ngg_post_thumbnail":0,"footnotes":"","_wp_rev_ctl_limit":""},"categories":[129],"tags":[65],"acf":[],"_links":{"self":[{"href":"https:\/\/www.bibula.com\/index.php?rest_route=\/wp\/v2\/posts\/64724"}],"collection":[{"href":"https:\/\/www.bibula.com\/index.php?rest_route=\/wp\/v2\/posts"}],"about":[{"href":"https:\/\/www.bibula.com\/index.php?rest_route=\/wp\/v2\/types\/post"}],"author":[{"embeddable":true,"href":"https:\/\/www.bibula.com\/index.php?rest_route=\/wp\/v2\/users\/1"}],"replies":[{"embeddable":true,"href":"https:\/\/www.bibula.com\/index.php?rest_route=%2Fwp%2Fv2%2Fcomments&post=64724"}],"version-history":[{"count":0,"href":"https:\/\/www.bibula.com\/index.php?rest_route=\/wp\/v2\/posts\/64724\/revisions"}],"wp:attachment":[{"href":"https:\/\/www.bibula.com\/index.php?rest_route=%2Fwp%2Fv2%2Fmedia&parent=64724"}],"wp:term":[{"taxonomy":"category","embeddable":true,"href":"https:\/\/www.bibula.com\/index.php?rest_route=%2Fwp%2Fv2%2Fcategories&post=64724"},{"taxonomy":"post_tag","embeddable":true,"href":"https:\/\/www.bibula.com\/index.php?rest_route=%2Fwp%2Fv2%2Ftags&post=64724"}],"curies":[{"name":"wp","href":"https:\/\/api.w.org\/{rel}","templated":true}]}}