{"id":64676,"date":"2012-12-09T10:56:25","date_gmt":"2012-12-09T15:56:25","guid":{"rendered":"http:\/\/www.bibula.com\/?p=64676"},"modified":"2012-12-09T10:58:11","modified_gmt":"2012-12-09T15:58:11","slug":"profanacja-cudownego-obrazu-matki-bozej-na-jasnej-gorze","status":"publish","type":"post","link":"https:\/\/www.bibula.com\/?p=64676","title":{"rendered":"Profanacja Cudownego Obrazu Matki Bo\u017cej na Jasnej G\u00f3rze"},"content":{"rendered":"<p><strong>Cudowny Obraz Matki Bo\u017cej w Kaplicy Jasnog\u00f3rskiej zosta\u0142 dzi\u015b rano sprofanowany przez 58-letniego mieszka\u0144ca Dolnego \u015al\u0105ska.\u00a0\u00a0Ikona jest chroniona szyb\u0105, wi\u0119c\u00a0nie uleg\u0142a uszkodzeniu.<\/strong><\/p>\r\n<p><img decoding=\"async\" class=\"alignleft\" style=\"margin: 10px;\" src=\"http:\/\/m3.naszdziennik.pl\/z\/450,253,3dd2f3d41ed4a1e56c86055858616d343d1aa7c1.jpg\" alt=\"\" width=\"270\" height=\"152\" align=\"left\" \/>O godzinie 12.00 odb\u0119dzie si\u0119 dzi\u015b na Jasnej G\u00f3rze Msza \u015bw. ekspiacyjna. Ojcowie Paulini zapraszaj\u0105 wszystkich do w\u0142\u0105czenia si\u0119 w modlitw\u0119 osobi\u015bcie b\u0105d\u017a w \u0142\u0105czno\u015bci duchowej.<\/p>\r\n<p>Akt profanacji, kt\u00f3ry mia\u0142 miejsce po porannej Mszy \u015bw. w kaplicy Cudownego Obrazu,\u00a0dokonano dzie\u0144 po uroczysto\u015bci Niepokalanego Pocz\u0119cia Naj\u015bwi\u0119tszej Maryi Panny.<\/p>\r\n<p>&#8211; M\u0119\u017cczyzna lat 58, mieszkaniec wojew\u00f3dztwa dolno\u015bl\u0105skiego, kt\u00f3ry\u00a0pr\u00f3bowa\u0142 uszkodzi\u0107 Cudowny Obraz zosta\u0142 natychmiast zatrzymany przez Stra\u017c Jasnog\u00f3rsk\u0105, nast\u0119pnie zosta\u0142 przekazany policji. Teraz sprawdzamy jakiego by\u0142y jego motywy dzia\u0142ania. W tym momencie mog\u0119 jedynie powiedzie\u0107 \u017ce mo\u017ce odpowiada\u0107 za zniewa\u017cenie uczu\u0107 religijnych &#8211; powiedzia\u0142a w rozmowie z NaszymDziennikiem.pl podinsp. mgr Joanna Lazar, rzecznik prasowy Komendy Miejskiej Policji w Cz\u0119stochowie.<\/p>\r\n<p>Ze wst\u0119pnych ustale\u0144 policji wynika, \u017ce m\u0119\u017cczyzna pr\u00f3bowa\u0142 zniszczy\u0107 obraz bli\u017cej nieokre\u015blon\u0105 substancj\u0105. Katolicka Agencja Informacyjna informowa\u0142a o zbezczeszczeniu Obrazu Matki Bo\u017cej Cz\u0119stochowskiej farb\u0105.<\/p>\r\n<p>Jak doda\u0142a podinspektor m\u0119\u017cczyzna zosta\u0142 zatrzymany i przebywa w tym momencie w areszcie i jest przes\u0142uchiwany przez policj\u0119.<br \/> Kaplica jest obecnie zamkni\u0119ta, na popo\u0142udnie zaplanowano w sanktuarium nabo\u017ce\u0144stwa ekspiacyjne.<\/p>\r\n<p>\u0179r\u00f3d\u0142o <a href=\"http:\/\/www.naszdziennik.pl\/wiara-kosciol-w-polsce\/17519,profanacja-cudownego-obrazu-matki-bozej.html\">Nasz Dziennik<\/a><\/p>\r\n<blockquote>\r\n<p><strong>O\u015bwiadczenie przeora Jasnej G\u00f3ry<\/strong><\/p>\r\n<p><img fetchpriority=\"high\" decoding=\"async\" class=\"alignleft\" style=\"margin: 10px;\" src=\"http:\/\/www.jasnagora.com\/zdjecia\/newsynowa\/213402bd.jpg\" alt=\"\" width=\"203\" height=\"304\" align=\"left\" \/>W dniu dzisiejszym tj. 9 grudnia br. mia\u0142a miejsce pr\u00f3ba <strong>zniszczenia Cudownego Obrazu Kr\u00f3lowej Polski<\/strong> na Jasnej G\u00f3rze poprzez oblanie go czarn\u0105 substancj\u0105.<\/p>\r\n<p>Obraz, dzi\u0119ki specjalnemu zabezpieczeniu, <strong>nie zosta\u0142 w \u017caden spos\u00f3b uszkodzony<\/strong>.<\/p>\r\n<p>Wraz z Biskupami cz\u0119stochowskimi, Ojcowie i Bracia Paulini odprawili modlitwy ekspiacyjne. Prosimy wszystkich o w\u0142\u0105czenie si\u0119 do tej modlitwy.<br \/> Kaplica Matki Bo\u017cej zostanie otwarta dla wiernych o godz. 11.45. Pierwszym nabo\u017ce\u0144stwem b\u0119d\u0105 Suplikacje i modlitwy wynagradzaj\u0105ce.<\/p>\r\n<p>O. Roman Majewski OSPPE<br \/> Przeor Jasnej G\u00f3ry.<br \/> <a href=\"http:\/\/www.jasnagora.com\/\">http:\/\/www.jasnagora.com\/<\/a><\/p>\r\n<p>&nbsp;<\/p>\r\n<hr \/>\r\n<p>&nbsp;<\/p>\r\n<p><strong>Homilia wyg\u0142oszona na Jasnej G\u00f3rze podczas nabo\u017ce\u0144stwa ekspiacyjnego<\/strong><\/p>\r\n<p>[&#8230;] Je\u015bli kto\u015b my\u015bla\u0142, \u017ce w ten spos\u00f3b cokolwiek zniszczy w wierz\u0105cych dzieciach tego narodu, niech wie, \u017ce te dzieci dzi\u015b po\u0142\u0105cz\u0105 si\u0119 o 21.00 w wieczornej modlitwie Apelu Jasnog\u00f3rskiego, aby powiedzie\u0107 jeszcze raz mocno i g\u0142o\u015bno: \u2018Jestem, pami\u0119tam, czuwam\u2019. Mocno, z ca\u0142ym przekonaniem z\u0142\u0105czmy si\u0119 w tej modlitwie. Ci, kt\u00f3rzy mog\u0105 niech na 21.00 dzi\u015b przyjd\u0105 na Jasn\u0105 G\u00f3r\u0119; ci, kt\u00f3rzy nie mog\u0105, niech po\u0142\u0105cz\u0105 si\u0119 w tej modlitwie przez telewizj\u0119 Trwam, przez stacje radiowe, Radio Jasna G\u00f3ra, Radio Maryja, inne stacje radiowe.<\/p>\r\n<p>Wszyscy, kt\u00f3rzy w tej godzinie mog\u0105 stan\u0105\u0107 przed Obrazem Matki Bo\u017cej i powiedzie\u0107 Jej: \u2018Jestem, pami\u0119tam, czuwam\u2019, niech to zrobi\u0105 dzi\u015b z potrzeby serc i z potrzeby obrony tego, co \u015bwi\u0119te i polskie w ojczy\u017anie naszej, w tym momencie o to gor\u0105co prosz\u0119. Amen\u201d.<\/p>\r\n<p>[youtube avnVYqGwDw4 width=500]<\/p>\r\n<\/blockquote>","protected":false},"excerpt":{"rendered":"Cudowny Obraz Matki Bo\u017cej w Kaplicy Jasnog\u00f3rskiej zosta\u0142 dzi\u015b rano sprofanowany przez 58-letniego mieszka\u0144ca Dolnego \u015al\u0105ska.\u00a0\u00a0Ikona jest chroniona szyb\u0105, wi\u0119c\u00a0nie uleg\u0142a uszkodzeniu. O godzinie 12.00 odb\u0119dzie si\u0119 dzi\u015b na Jasnej G\u00f3rze Msza \u015bw. ekspiacyjna. Ojcowie Paulini zapraszaj\u0105 wszystkich do w\u0142\u0105czenia si\u0119 w modlitw\u0119 osobi\u015bcie b\u0105d\u017a w \u0142\u0105czno\u015bci duchowej. Akt profanacji, kt\u00f3ry mia\u0142 miejsce po porannej [&hellip;]","protected":false},"author":1,"featured_media":0,"comment_status":"closed","ping_status":"closed","sticky":false,"template":"","format":"standard","meta":{"_acf_changed":false,"_monsterinsights_skip_tracking":false,"_monsterinsights_sitenote_active":false,"_monsterinsights_sitenote_note":"","_monsterinsights_sitenote_category":0,"ngg_post_thumbnail":0,"footnotes":"","_wp_rev_ctl_limit":""},"categories":[5],"tags":[132,114,178],"acf":[],"_links":{"self":[{"href":"https:\/\/www.bibula.com\/index.php?rest_route=\/wp\/v2\/posts\/64676"}],"collection":[{"href":"https:\/\/www.bibula.com\/index.php?rest_route=\/wp\/v2\/posts"}],"about":[{"href":"https:\/\/www.bibula.com\/index.php?rest_route=\/wp\/v2\/types\/post"}],"author":[{"embeddable":true,"href":"https:\/\/www.bibula.com\/index.php?rest_route=\/wp\/v2\/users\/1"}],"replies":[{"embeddable":true,"href":"https:\/\/www.bibula.com\/index.php?rest_route=%2Fwp%2Fv2%2Fcomments&post=64676"}],"version-history":[{"count":0,"href":"https:\/\/www.bibula.com\/index.php?rest_route=\/wp\/v2\/posts\/64676\/revisions"}],"wp:attachment":[{"href":"https:\/\/www.bibula.com\/index.php?rest_route=%2Fwp%2Fv2%2Fmedia&parent=64676"}],"wp:term":[{"taxonomy":"category","embeddable":true,"href":"https:\/\/www.bibula.com\/index.php?rest_route=%2Fwp%2Fv2%2Fcategories&post=64676"},{"taxonomy":"post_tag","embeddable":true,"href":"https:\/\/www.bibula.com\/index.php?rest_route=%2Fwp%2Fv2%2Ftags&post=64676"}],"curies":[{"name":"wp","href":"https:\/\/api.w.org\/{rel}","templated":true}]}}