{"id":64605,"date":"2012-12-07T19:10:01","date_gmt":"2012-12-08T00:10:01","guid":{"rendered":"http:\/\/www.bibula.com\/?p=64605"},"modified":"2012-12-07T19:10:01","modified_gmt":"2012-12-08T00:10:01","slug":"","status":"publish","type":"post","link":"https:\/\/www.bibula.com\/?p=64605","title":{"rendered":"Bohaterowie w alei zas\u0142u\u017conych"},"content":{"rendered":"<p><strong>Poznali\u015bmy to\u017csamo\u015b\u0107 trzech zidentyfikowanych ofiar komunistycznego terroru pogrzebanych przez siepaczy na pow\u0105zkowskiej \u0141\u0105czce. Edmund Bukowski, Stanis\u0142aw \u0141ukasik i Eugeniusz Smoli\u0144ski &#8211; bohaterowie niepodleg\u0142o\u015bciowego podziemia, nie b\u0119d\u0105 ju\u017c nigdy anonimowi.<\/strong><\/p>\r\n<p>Sowieccy komuni\u015bci i ich kolaboranci r\u00f3\u017cnych narodowo\u015bci &#8211; zabijaj\u0105cy po wojnie polskich patriot\u00f3w jako &#8222;bandyt\u00f3w&#8221; lub &#8222;szpieg\u00f3w&#8221; &#8211; wykazywali zdumiewaj\u0105cy, niemal zabobonny l\u0119k przed ich martwymi cia\u0142ami.<\/p>\r\n<p>Posiadali nieograniczon\u0105 w\u0142adz\u0119 w zdominowanym kraju. Stalin m\u00f3wi\u0142 im wprost: &#8222;Macie tak\u0105 w\u0142adz\u0119, \u017ce mo\u017cecie powiedzie\u0107 swoim przeciwnikom, \u017ce dwa razy dwa r\u00f3wna si\u0119 szesna\u015bcie i oni musz\u0105 w to uwierzy\u0107&#8221;&#8230; A jednak bali si\u0119 sponiewieranych i zamordowanych ludzi. Bardziej si\u0119 ich bali po \u015bmierci ni\u017c za \u017cycia!<\/p>\r\n<p>Dokonywali na tych cia\u0142ach jakich\u015b magicznych, dzikich czynno\u015bci, rodem z Azji: robili sobie z nimi zdj\u0119cia, jakby to by\u0142y &#8222;trofea&#8221;, obcinali g\u0142owy i zakopywali w innym miejscu ni\u017c cia\u0142a, wk\u0142adali zabitych do \u015bwi\u0144skiego koryta, zakopywali na \u015bmietniku lub w kloace. Nade wszystko dbali o to, by\u015bmy nigdy nie trafili na \u015blad tych &#8222;poch\u00f3wk\u00f3w&#8221;. Fa\u0142szowali dokumentacj\u0119 albo jej po prostu nie prowadzili.<\/p>\r\n<p>\u015amiertelne szcz\u0105tki naszych bohater\u00f3w, walcz\u0105cych o niepodleg\u0142y byt pa\u0144stwa polskiego, s\u0105 jak Bo\u017ce ziarna wolno\u015bci. Doktor hab. Krzysztof Szwagrzyk powiedzia\u0142 niedawno, \u017ce &#8222;to, co si\u0119 dzieje na Pow\u0105zkach, jest jasnym przekazem nie tylko dla rodzin ofiar, ale dla ca\u0142ego spo\u0142ecze\u0144stwa: je\u015bli mamy do czynienia z bohaterami narodowymi, nie ma czasu, kt\u00f3ry zepchn\u0105\u0142by ich w zapomnienie&#8221;.<\/p>\r\n<p>Nie odrzucajmy zasiewu wolno\u015bci, bo wolno\u015b\u0107 to dar Bo\u017cy, kt\u00f3rego trzeba strzec. Nie ma znaczenia, czyje szcz\u0105tki i w jakiej kolejno\u015bci uda si\u0119 w nast\u0119pnych miesi\u0105cach zidentyfikowa\u0107. Mamy wci\u0105\u017c nadziej\u0119, \u017ce w\u015br\u00f3d nich b\u0119d\u0105 genera\u0142 &#8222;Nil&#8221;, major &#8222;\u0141upaszka&#8221; czy major &#8222;Zapora&#8221;.<\/p>\r\n<p>Kaci mieli \u015bwiadomo\u015b\u0107, \u017ce ci ludzie s\u0105 dla rodak\u00f3w legend\u0105 za \u017cycia. Odnalezione szcz\u0105tki bohater\u00f3w powinny spocz\u0105\u0107 w nowej, prawdziwej alei zas\u0142u\u017conych, a nie w alei Bieruta i jego kamrat\u00f3w, bo historia jest \u015bwiat\u0142em prawdy (lux veritatis). &#8221; O wy, co tylko na \u015bwiat idziecie z P\u00f3\u0142noc\u0105, chytro\u015b\u0107 rozumem, a z\u0142o\u015b\u0107 nazywacie moc\u0105. Kto z was wiar\u0119 i wolno\u015b\u0107 znajdzie i zagrzebie, my\u015bli Boga oszuka\u0107, oszuka sam siebie&#8221;&#8230;<\/p>\r\n<p id=\"article-author\"><strong><em>Piotr Szubarczyk<\/em><\/strong><\/p>\r\n<p class=\"zrodlo\">Za: <a href=\"http:\/\/www.naszdziennik.pl\/polska-kraj\/17324,bohaterowie-w-alei-zasluzonych.html\">Nasz Dziennik, Pi\u0105tek, 7 grudnia 2012<\/a><\/p>\r\n<blockquote>\r\n<h2>Po &#8222;Rysiu&#8221; kolej na &#8222;Zapor\u0119&#8221;<\/h2>\r\n<p>Genetycy zidentyfikowali szcz\u0105tki kpt. Stanis\u0142awa \u0141ukasika, jednego z towarzyszy legendarnego dow\u00f3dcy AK i WiN na Lubelszczy\u017anie mjr. Hieronima Dekutowskiego &#8222;Zapory&#8221;<\/p>\r\n<p>Z akt Instytutu Pami\u0119ci Narodowej wynika, \u017ce wojskowa bezpieka niekt\u00f3re egzekucje skazanych utrwala\u0142a na ta\u015bmach filmowych &#8211; powiedzia\u0142 wczoraj w Telewizji Trwam dr hab. Krzysztof Szwagrzyk kieruj\u0105cy pracami poszukiwawczymi szcz\u0105tk\u00f3w ofiar terroru komunistycznego na terenie Polski. Do tej pory na takie nagranie nie uda\u0142o si\u0119 jednak natrafi\u0107.<\/p>\r\n<p>Ustalenie to\u017csamo\u015bci kapitana Stanis\u0142awa \u0141ukasika &#8222;Rysia&#8221; i dw\u00f3ch innych \u017co\u0142nierzy AK nast\u0105pi\u0142o po badaniach genetycznych szcz\u0105tk\u00f3w wydobytych po ekshumacjach na wojskowych Pow\u0105zkach. Szcz\u0105tki kapitana \u0141ukasika spoczywa\u0142y w kwaterze na \u0141\u0105czce w masowym grobie wraz z siedmioma innymi szkieletami, blisko pomnika upami\u0119tniaj\u0105cego ofiary stalinizmu. &#8211; Wszystko wskazuje na to, \u017ce w tym grobie le\u017cy major &#8222;Zapora&#8221; i jego wsp\u00f3\u0142pracownicy &#8211; m\u00f3wi Szwagrzyk. Zaznacza jednak, \u017ce musz\u0105 to potwierdzi\u0107 badania genetyczne. Dopytywany przez &#8222;Nasz Dziennik&#8221; o to, kiedy mo\u017cliwa b\u0119dzie identyfikacja cia\u0142a mjr. Hieronima Dekutowskiego, Szwagrzyk uchyla si\u0119 od konkretnych deklaracji. &#8211; Prosz\u0119 ode mnie nie wymaga\u0107 podawania jakich\u015b zakres\u00f3w czasowych &#8211; zastrzega, dodaj\u0105c, \u017ce prace identyfikacyjne trwaj\u0105.<\/p>\r\n<p>Hieronim Dekutowski by\u0142 cichociemnym, dow\u00f3dc\u0105 oddzia\u0142\u00f3w Armii Krajowej i Zrzeszenia &#8222;Wolno\u015b\u0107 i Niezawis\u0142o\u015b\u0107&#8221; na Lubelszczy\u017anie. W szczytowym okresie dowodzi\u0142 ponad trzystu \u017co\u0142nierzami. Po tajnym procesie i skazaniu na \u015bmier\u0107 &#8222;Zapora&#8221; wraz z sze\u015bcioma towarzyszami zosta\u0142 rozstrzelany w mokotowskim wi\u0119zieniu 7 marca 1949 roku. Wraz z nim zgin\u0119li: zidentyfikowany w\u0142a\u015bnie kpt. Stanis\u0142aw \u0141ukasik &#8222;Ry\u015b&#8221;, ppor. Roman Gro\u0144ski &#8222;\u0179bik&#8221;, por. Jerzy Miatkowski &#8222;Zawada&#8221;, por. Tadeusz Pelak &#8222;Junak&#8221;, por. Edmund Tudruj &#8222;Mundek&#8221; oraz por. Arkadiusz Wasilewski &#8222;Bia\u0142y&#8221;.<\/p>\r\n<p>Naczelnik wroc\u0142awskiego oddzia\u0142u IPN przyznaje w rozmowie z &#8222;Naszym Dziennikiem&#8221;, \u017ce badacze posiadaj\u0105 materia\u0142y genetyczne czterech krewnych spo\u015br\u00f3d tej grupy, w tym od bliskich samego Dekutowskiego. &#8211; Mamy materia\u0142 por\u00f3wnawczy odno\u015bnie do czterech os\u00f3b: \u0141ukasika, Dekutowskiego, Pelaka i Miatkowskiego &#8211; zaznacza Krzysztof Szwagrzyk.<\/p>\r\n<p>Obok \u0141ukasika badacze zidentyfikowali jeszcze por. Edmunda Bukowskiego &#8222;Edmunda&#8221; i Eugeniusza Smoli\u0144skiego &#8222;Kazimierza Staniszewskiego&#8221;. Wszystkie szcz\u0105tki znajdowa\u0142y si\u0119 w r\u00f3\u017cnych jamach grobowych na terenie kwatery na \u0141\u0105czce.<\/p>\r\n<p>&#8211; My\u015bl\u0119, \u017ce to jest niezmiernie wa\u017cne, i\u017c mo\u017cemy przy tej smutnej okazji jednocze\u015bnie pozna\u0107 wspania\u0142e \u017cyciorysy bohater\u00f3w naszej historii, ludzi, kt\u00f3rych \u017cycie zosta\u0142o brutalnie przeci\u0119te. Mo\u017cemy zastanowi\u0107 si\u0119, co sta\u0142oby si\u0119, gdyby tacy ludzie mogli po wojnie kontynuowa\u0107 swoj\u0105 dzia\u0142alno\u015b\u0107, gdyby to oni odpowiadali za odbudow\u0119 Polski, a nie ci, kt\u00f3rzy ich zamordowali &#8211; powiedzia\u0142 na uroczystej prezentacji pierwszych wynik\u00f3w bada\u0144 prezes Instytutu Pami\u0119ci Narodowej dr \u0141ukasz Kami\u0144ski. &#8211; Celem sprawc\u00f3w by\u0142o to, aby ci ludzie nigdy nie byli odnalezieni. Te wszystkie dzia\u0142ania by\u0142y zamierzone, \u017ceby\u015bmy nigdy nie dowiedzieli si\u0119, gdzie oni le\u017c\u0105 &#8211; podkre\u015bli\u0142.<\/p>\r\n<p>&#8211; Je\u017celi znamy nazwiska, to w 99 proc. wypadk\u00f3w nie znamy miejsca poch\u00f3wku. Je\u015bli odnajdujemy miejsca poch\u00f3wku, to mamy ogromne problemy i trudno\u015bci z nadaniem imion &#8211; m\u00f3wi\u0142 sekretarz Rady Ochrony Pami\u0119ci Walk i M\u0119cze\u0144stwa dr hab. Andrzej Kunert.<\/p>\r\n<p>&#8211; Powoli ta sytuacja si\u0119 zmienia. Teraz b\u0119dziemy m\u00f3wili nie o miejscach symbolicznych, tylko o miejscach rzeczywistych poch\u00f3wk\u00f3w &#8211; doda\u0142 dr hab. Krzysztof Szwagrzyk.<\/p>\r\n<p>Rodziny zidentyfikowanych \u017co\u0142nierzy obecne na uroczysto\u015bci by\u0142y niezmiernie wzruszone. &#8211; Mama czeka\u0142a na powr\u00f3t mojego ojca przez ca\u0142e swoje d\u0142ugie \u017cycie, nie wierzy\u0142a, \u017ce on nie \u017cyje &#8211; przyzna\u0142a El\u017cbieta Smoli\u0144ska, c\u00f3rka Eugeniusza Smoli\u0144skiego.<\/p>\r\n<p>&#8211; Straci\u0142em ojca w wieku czterech lat. Nie mia\u0142em gdzie z\u0142o\u017cy\u0107 kwiat\u00f3w i pochyli\u0107 si\u0119, nareszcie b\u0119d\u0119 m\u00f3g\u0142 to zrobi\u0107, pochyli\u0107 si\u0119 z\u0142o\u017cy\u0107 kwiaty na jego grobie &#8211; m\u00f3wi\u0142 \u0142ami\u0105cym si\u0119 g\u0142osem Stanis\u0142aw \u0141ukasik, syn zamordowanego kapitana \u0141ukasika. Doda\u0142, \u017ce pocz\u0105tkowo nie wierzy\u0142 w mo\u017cliwo\u015b\u0107 odnalezienia szcz\u0105tk\u00f3w jego ojca. &#8211; Gdy dosta\u0142em telefon od dr. Szwagrzyka, to wst\u0105pi\u0142a we mnie nadzieja, dla mnie to by\u0142o wielkie wzruszenie &#8211; przyzna\u0142 Stanis\u0142aw \u0141ukasik. Moi bliscy po prostu si\u0119 pop\u0142akali, m.in. siostra mojej mamy.<\/p>\r\n<p>&#8211; Cze\u015b\u0107 pami\u0119ci naszych ojc\u00f3w &#8211; doda\u0142 Krzysztof Bukowski, syn por. Edmunda Bukowskiego, ps. &#8222;Edmund&#8221;. W jego ocenie, nale\u017cy z\u0142o\u017cy\u0107 wszystkie ofiary we wsp\u00f3lnej mogile tam, gdzie ich szcz\u0105tki zosta\u0142y odnalezione. &#8211; W przeciwnym razie szcz\u0105tki ofiar komunizmu rozprosz\u0105 si\u0119 po r\u00f3\u017cnych miastach, gdzie spoczn\u0105 w rodzinnych grobach &#8211; m\u00f3wi Bukowski. &#8211; Przez ostatnie lata trudno by\u0142o upami\u0119tni\u0107 ofiary komunizmu. Ich wsp\u00f3lny gr\u00f3b mo\u017ce za\u015bwiadcza\u0107 o tym, co ci ludzie prze\u017cyli &#8211; wyja\u015bnia.<\/p>\r\n<p>Badacze prowadz\u0105 dalsze prace identyfikacyjne odnalezionych szcz\u0105tk\u00f3w w ramach Polskiej Bazy Genetycznej Ofiar Totalitaryzm\u00f3w. Zgromadzono w niej ju\u017c materia\u0142 genetyczny pobrany od 190 os\u00f3b spokrewnionych z ofiarami represji komunistycznych. Jak poinformowa\u0142 dr Andrzej Ossowski z Pomorskiego Uniwersytetu Medycznego, kt\u00f3ry prowadzi badania por\u00f3wnawcze DNA, do tej pory uda\u0142o si\u0119 ustali\u0107 40 profili DNA os\u00f3b ekshumowanych.<\/p>\r\n<p>Na wiosn\u0119 rozpocznie si\u0119 drugi etap prac ekshumacyjnych na \u0141\u0105czce. &#8211; Marzec, kwiecie\u0144 to b\u0119dzie II etap, chcemy wydoby\u0107 ok. 200 ofiar komunizmu, oni ci\u0105gle tam jeszcze spoczywaj\u0105 &#8211; m\u00f3wi Szwagrzyk.<\/p>\r\n<p>Podczas prac ekshumacyjnych w lipcu i sierpniu na cmentarzu Wojskowym na Pow\u0105zkach w Warszawie odkryto \u0142\u0105cznie szcz\u0105tki 117 os\u00f3b, spo\u015br\u00f3d kt\u00f3rych wydobyto 109 szkielet\u00f3w. Na terenie \u0141\u0105czki w latach 1948-1956 pochowano kilkuset zmar\u0142ych i straconych w wi\u0119zieniu mokotowskim w Warszawie. Wi\u0119\u017aniowie ci byli rostrzeliwani tzw. metod\u0105 katy\u0144sk\u0105, czyli strza\u0142em w potylic\u0119 z bliskiej odleg\u0142o\u015bci. Szwagrzyk przypomnia\u0142, \u017ce ofiary represji by\u0142y zazwyczaj grzebane w p\u0142ytkich grobach, a ich cia\u0142a uk\u0142adano bardzo niedbale. &#8211; O wyj\u0105tkowej perfidii systemu komunistycznego \u015bwiadczy fakt, \u017ce wielu z nich komuni\u015bci chowali w mundurach Wehrmachtu &#8211; podkre\u015bla historyk.<\/p>\r\n<hr \/>\r\n<p style=\"padding-left: 30px;\"><strong>Edmund Zbigniew Bukowski (1918-1950) ps. &#8222;Edmund&#8221;<\/strong><\/p>\r\n<p style=\"padding-left: 30px;\">Porucznik Armii Krajowej, od urodzenia zwi\u0105zany z Wile\u0144szczyzn\u0105, gdzie uko\u0144czy\u0142 szko\u0142\u0119 powszechn\u0105 i gimnazjum Ojc\u00f3w Jezuit\u00f3w, a tak\u017ce rozpocz\u0105\u0142 studia prawnicze na Uniwersytecie Wile\u0144skim. \u0179o\u0142nierz Polskiego Pa\u0144stwa Podziemnego w strukturach: S\u0142u\u017cby Zwyci\u0119stwu Polski\/Zwi\u0105zku Walki Zbrojnej\/Armii Krajowej. Dzia\u0142a\u0142 w grupie \u0142\u0105czno\u015bci Wile\u0144skiego Okr\u0119gu AK. Kilkakrotnie odbywa\u0142 kursy do Warszawy, transportuj\u0105c sprz\u0119t radiowy i tabele szyfr\u00f3w. Dwukrotnie aresztowany w 1942 r. przez policj\u0119 litewsk\u0105 i w lipcu 1944 r. przez NKWD, za ka\u017cdym razem odzyskiwa\u0142 wolno\u015b\u0107. Po drugiej ucieczce przeniesiony do Warszawy, gdzie aktywnie uczestniczy\u0142 w powstaniu, wsp\u00f3\u0142tworz\u0105c baz\u0119 \u0142\u0105czno\u015bci dla miasta. Po upadku powstania nie zaniecha\u0142 konspiracyjnej dzia\u0142alno\u015bci. Kurier dow\u00f3dcy O\u015brodka Mobilizacyjnego Wile\u0144skiego Okr\u0119gu AK pp\u0142k. Antoniego Olechnowicza &#8222;Pohoreckiego&#8221;. Przewozi\u0142 przez ca\u0142\u0105 Europ\u0119 informacje, rozkazy i fundusze przeznaczone na dalsz\u0105 dzia\u0142alno\u015b\u0107 niepodleg\u0142o\u015bciow\u0105. W latach 1947-1948 jako cz\u0142onek sztabu OMWO AK zorganizowa\u0142 jego siatk\u0119 wywiadowcz\u0105. Aresztowany 28 VI 1948 r. podczas akcji maj\u0105cej na celu rozbicie przez Ministerstwo Bezpiecze\u0144stwa Publicznego siatki OW AK w ca\u0142ej Polsce. Podczas bardzo ci\u0119\u017ckich przes\u0142ucha\u0144 zachowa\u0142 dzieln\u0105 postaw\u0119. Skazany na kar\u0119 \u015bmierci wyrokiem Wojskowego S\u0105du Rejonowego w Warszawie z 14 XI 1949 roku. Stracony w wi\u0119zieniu przy ul. Rakowieckiej 13 IV 1950 roku. Wielokrotnie odznaczony, m.in. Krzy\u017cem Walecznych, Krzy\u017cem AK.<\/p>\r\n<p style=\"padding-left: 30px;\"><strong>Eugeniusz Smoli\u0144ski (1905-1949) ps. &#8222;Kazimierz Staniszewski&#8221;<\/strong><\/p>\r\n<p style=\"padding-left: 30px;\">Chemik, przed wybuchem II wojny \u015bwiatowej pracowa\u0142 w Pa\u0144stwowej Wytw\u00f3rni Prochu w Pionkach ko\u0142o Radomia. Jego zawodowe umiej\u0119tno\u015bci wykorzysta\u0142 Sztab Komendy G\u0142\u00f3wnej Armii Krajowej, dla kt\u00f3rej s\u0142u\u017cy\u0142 od 1940 r., najpierw jako referent materia\u0142\u00f3w wybuchowych w oddziale produkcji konspiracyjnej, nast\u0119pnie kierownik wytw\u00f3rni materia\u0142\u00f3w wybuchowych. Na pocz\u0105tku 1945 r. zg\u0142osi\u0142 si\u0119 do nowych w\u0142adz, przedstawiaj\u0105c plan uruchomienia fabryki zbrojeniowej w \u0141\u0119gozowie ko\u0142o Bydgoszczy. Wkr\u00f3tce zosta\u0142 pe\u0142nomocnikiem rz\u0105du do jego realizacji. W lipcu 1947 r. rozpocz\u0105\u0142 produkcj\u0119 trotylu, miesi\u0105c p\u00f3\u017aniej zosta\u0142 zatrzymany pod fa\u0142szywym zarzutem sabota\u017cu. Skazany przez Wojskowy S\u0105d Rejonowy w Bydgoszczy w procesie pokazowym na kar\u0119 \u015bmierci. Stracony 9 IV 1949 r. w wi\u0119zieniu przy ul. Rakowieckiej w Warszawie.<\/p>\r\n<p style=\"padding-left: 30px;\"><strong>Stanis\u0142aw \u0141ukasik (1918-1949) ps. &#8222;Ry\u015b&#8221;<\/strong><\/p>\r\n<p style=\"padding-left: 30px;\">Kapitan Armii Krajowej\/Zrzeszenie Wolno\u015b\u0107 i Niezawis\u0142o\u015b\u0107. Urodzi\u0142 si\u0119 w Lublinie, by\u0142 synem robotnika kolejowego. Uko\u0144czy\u0142 Szko\u0142\u0119 Podoficersk\u0105 dla Ma\u0142oletnich w Koninie, a nast\u0119pnie s\u0142u\u017cy\u0142 w 23. pu\u0142ku piechoty we W\u0142odzimierzu Wo\u0142y\u0144skim. Otrzyma\u0142 stopie\u0144 plutonowego s\u0142u\u017cby sta\u0142ej. Z rodzim\u0105 jednostk\u0105 walczy\u0142 w wojnie 1939 roku w sk\u0142adzie armii &#8222;Pomorze&#8221;. Unikn\u0105\u0142 niewoli i powr\u00f3ci\u0142 do rodzinnego domu w Motyczu k. Lublina. Dzia\u0142a\u0142 w konspiracji od listopada 1939 roku. Pocz\u0105tkowo w Zwi\u0105zku Czynu Zbrojnego, za\u015b po po\u0142\u0105czeniu organizacji w Polskiej Organizacji Zbrojnej, a po scaleniu w 1942 r. w AK. W latach 1940-1943 by\u0142 dow\u00f3dc\u0105 plac\u00f3wki i rejonu Konopnica. Od stycznia 1944 r. pe\u0142ni\u0142 funkcj\u0119 dow\u00f3dcy oddzia\u0142u lotnego Kedywu w Obwodzie AK Lublin-Powiat. W czasie akcji &#8222;Burza&#8221; liczy\u0142 on blisko 120 partyzant\u00f3w. W dniu 21 lipca 1944 r. zosta\u0142 rozbrojony wraz z ca\u0142ym oddzia\u0142em przez wojska sowieckie. Aresztowany przez Sowiet\u00f3w w sierpniu 1944 roku. Zbieg\u0142 z aresztu NKWD, przy ul. Chopina 18 w Lublinie, ukrywa\u0142 si\u0119. Od marca 1945 r. by\u0142 ponownie dow\u00f3dc\u0105 oddzia\u0142u partyzanckiego Delegatury Si\u0142 Zbrojnych na Kraj i Zrzeszenia Wolno\u015b\u0107 i Niezawis\u0142o\u015b\u0107 Inspektoratu Lublin. Od czerwca 1945 r. nale\u017ca\u0142 do zgrupowania mjr. Hieronima Dekutowskiego &#8222;Zapory&#8221;. Ujawniony na mocy amnestii z sierpnia 1945 roku. Wyjecha\u0142 na Ziemie Zachodnie, sk\u0105d powr\u00f3ci\u0142 na Lubelszczyzn\u0119. Wiosn\u0105 1946 r. odtworzy\u0142 oddzia\u0142, kt\u00f3ry podporz\u0105dkowa\u0142 mjr. &#8222;Zaporze&#8221;. Zosta\u0142 zatrzymany w wyniku prowokacji UB 16 wrze\u015bnia 1947 r. w Nysie, podczas pr\u00f3by przekroczenia granicy wraz z grup\u0105 \u017co\u0142nierzy mjr. Hieronima Dekutowskiego &#8222;Zapory&#8221;. Aresztowany pod fa\u0142szywym nazwiskiem jako Stanis\u0142aw Nowakowski. Przeszed\u0142 okrutne \u015bledztwo. 15 listopada 1948 r. zosta\u0142 skazany przez WSR w Warszawie na kar\u0119 \u015bmierci. Stracony w wi\u0119zieniu mokotowskim 7 marca 1949 r. wraz z mjr. &#8222;Zapor\u0105&#8221; i pi\u0119cioma innymi wsp\u00f3\u0142towarzyszami. Odznaczony Orderem Virtuti Militari V klasy i Krzy\u017cem Walecznych.<\/p>\r\n<p><strong><em>Zenon Baranowski<\/em><\/strong><\/p>\r\n<p class=\"zrodlo\">Za: <a href=\"http:\/\/www.naszdziennik.pl\/wp\/17311,po-rysiu-kolej-na-zapore.html\">Nasz Dziennik, Pi\u0105tek, 7 grudnia 2012, Nr 286 (4521) <\/a><\/p>\r\n<\/blockquote>","protected":false},"excerpt":{"rendered":"Poznali\u015bmy to\u017csamo\u015b\u0107 trzech zidentyfikowanych ofiar komunistycznego terroru pogrzebanych przez siepaczy na pow\u0105zkowskiej \u0141\u0105czce. Edmund Bukowski, Stanis\u0142aw \u0141ukasik i Eugeniusz Smoli\u0144ski &#8211; bohaterowie niepodleg\u0142o\u015bciowego podziemia, nie b\u0119d\u0105 ju\u017c nigdy anonimowi. Sowieccy komuni\u015bci i ich kolaboranci r\u00f3\u017cnych narodowo\u015bci &#8211; zabijaj\u0105cy po wojnie polskich patriot\u00f3w jako &#8222;bandyt\u00f3w&#8221; lub &#8222;szpieg\u00f3w&#8221; &#8211; wykazywali zdumiewaj\u0105cy, niemal zabobonny l\u0119k przed ich martwymi [&hellip;]","protected":false},"author":1,"featured_media":0,"comment_status":"closed","ping_status":"closed","sticky":false,"template":"","format":"standard","meta":{"_acf_changed":false,"_monsterinsights_skip_tracking":false,"_monsterinsights_sitenote_active":false,"_monsterinsights_sitenote_note":"","_monsterinsights_sitenote_category":0,"ngg_post_thumbnail":0,"footnotes":"","_wp_rev_ctl_limit":""},"categories":[8],"tags":[66,50,81,59],"acf":[],"_links":{"self":[{"href":"https:\/\/www.bibula.com\/index.php?rest_route=\/wp\/v2\/posts\/64605"}],"collection":[{"href":"https:\/\/www.bibula.com\/index.php?rest_route=\/wp\/v2\/posts"}],"about":[{"href":"https:\/\/www.bibula.com\/index.php?rest_route=\/wp\/v2\/types\/post"}],"author":[{"embeddable":true,"href":"https:\/\/www.bibula.com\/index.php?rest_route=\/wp\/v2\/users\/1"}],"replies":[{"embeddable":true,"href":"https:\/\/www.bibula.com\/index.php?rest_route=%2Fwp%2Fv2%2Fcomments&post=64605"}],"version-history":[{"count":0,"href":"https:\/\/www.bibula.com\/index.php?rest_route=\/wp\/v2\/posts\/64605\/revisions"}],"wp:attachment":[{"href":"https:\/\/www.bibula.com\/index.php?rest_route=%2Fwp%2Fv2%2Fmedia&parent=64605"}],"wp:term":[{"taxonomy":"category","embeddable":true,"href":"https:\/\/www.bibula.com\/index.php?rest_route=%2Fwp%2Fv2%2Fcategories&post=64605"},{"taxonomy":"post_tag","embeddable":true,"href":"https:\/\/www.bibula.com\/index.php?rest_route=%2Fwp%2Fv2%2Ftags&post=64605"}],"curies":[{"name":"wp","href":"https:\/\/api.w.org\/{rel}","templated":true}]}}