{"id":64490,"date":"2012-12-05T16:19:53","date_gmt":"2012-12-05T21:19:53","guid":{"rendered":"http:\/\/www.bibula.com\/?p=64490"},"modified":"2012-12-05T16:19:53","modified_gmt":"2012-12-05T21:19:53","slug":"","status":"publish","type":"post","link":"https:\/\/www.bibula.com\/?p=64490","title":{"rendered":"\u017bydzi dzi\u0119kuj\u0105 Orb\u00c3\u00a1nowi za atakowanie Jobbiku"},"content":{"rendered":"<p><strong>Premier W\u0119gier Viktor Orb\u00e1n, spotka\u0142 si\u0119 w poniedzia\u0142ek z P\u00c3\u00a9terem Feldm\u00e1jerem z \u017bydowskiego Zwi\u0105zku Gmin Wyznaniowych na W\u0119grzech. Szef \u017cydowskiej organizacji, podzi\u0119kowa\u0142 centroprawicowemu premierowi, za ataki jego rz\u0105du na nacjonalist\u00f3w z Jobbiku.<\/strong><\/p>\r\n<p><a href=\"http:\/\/narodowcy.net\/wp-content\/uploads\/2012\/08\/orbanizydzi.jpg\"><img fetchpriority=\"high\" decoding=\"async\" class=\"alignleft\" style=\"margin: 10px;\" title=\"orbanizydzi\" src=\"http:\/\/narodowcy.net\/wp-content\/uploads\/2012\/08\/orbanizydzi.jpg\" alt=\"\" width=\"288\" height=\"221\" align=\"left\" \/><\/a>Spotkanie mia\u0142o miejsce po niedzielnym prote\u015bcie w Budapeszcie, w kt\u00f3rym pr\u00f3cz organizacji \u017cydowskich, wzi\u0119li udzia\u0142 politycy wszystkich partii parlamentarnych, oczywi\u015bcie poza narodowcami z Jobbiku. Obok siebie stan\u0119li wi\u0119c postkomuni\u015bci z W\u0119gierskiej Partii Socjalistycznej (Magyar Szocialista P\u00e1rt), a tak\u017ce rzekomo zwalczaj\u0105cy ich centroprawicowcy z Fideszu. Wszyscy zgodnie pot\u0119piali Jobbik, <strong>domagaj\u0105cy si\u0119 ujawnienia listy os\u00f3b zasiadaj\u0105cych w rz\u0105dzie i parlamencie, maj\u0105cych podw\u00f3jne obywatelstwo W\u0119gier i Izraela.<\/strong><\/p>\r\n<p>P\u00c3\u00a9ter Feldm\u00e1jer podzi\u0119kowa\u0142 Viktorowi Orb\u00e1nowi za krytyk\u0119 Jobbiku ze strony jego rz\u0105du, oraz uczestnictwo jego partii w antynacjonalistycznej manifestacji. Zdaniem szefa w\u0119gierskich \u017byd\u00f3w, centroprawicowy premier potwierdzi\u0142 tym samym swoje s\u0142owa, \u017ce b\u0119dzie zawsze broni\u0142 spo\u0142eczno\u015bci \u017cydowskiej na W\u0119grzech. Orb\u00e1n powiedzia\u0142 w poniedzia\u0142ek w parlamencie, \u017ce \u017c\u0105danie ujawnienia os\u00f3b z podw\u00f3jnym obywatelstwem by\u0142o \u201eniegodne W\u0119gr\u00f3w\u201d.<\/p>\r\n<p>\u0179r\u00f3d\u0142a: <a href=\"http:\/\/barikad.hu\/orban_viktor_a_mazsihisz_elnokevel_targyalt-20121204\">Barikad<\/a> \/ <a href=\"http:\/\/www.politics.hu\/20121204\/jewish-leader-thanks-orban-for-pledging-to-protect-hungarys-jews\/\">Politics.hu<\/a><\/p>\r\n<p>MM<\/p>","protected":false},"excerpt":{"rendered":"Premier W\u0119gier Viktor Orb\u00e1n, spotka\u0142 si\u0119 w poniedzia\u0142ek z P\u00c3\u00a9terem Feldm\u00e1jerem z \u017bydowskiego Zwi\u0105zku Gmin Wyznaniowych na W\u0119grzech. Szef \u017cydowskiej organizacji, podzi\u0119kowa\u0142 centroprawicowemu premierowi, za ataki jego rz\u0105du na nacjonalist\u00f3w z Jobbiku. Spotkanie mia\u0142o miejsce po niedzielnym prote\u015bcie w Budapeszcie, w kt\u00f3rym pr\u00f3cz organizacji \u017cydowskich, wzi\u0119li udzia\u0142 politycy wszystkich partii parlamentarnych, oczywi\u015bcie poza narodowcami z [&hellip;]","protected":false},"author":1,"featured_media":0,"comment_status":"closed","ping_status":"closed","sticky":false,"template":"","format":"standard","meta":{"_acf_changed":false,"_monsterinsights_skip_tracking":false,"_monsterinsights_sitenote_active":false,"_monsterinsights_sitenote_note":"","_monsterinsights_sitenote_category":0,"ngg_post_thumbnail":0,"footnotes":"","_wp_rev_ctl_limit":""},"categories":[6],"tags":[53,179],"acf":[],"_links":{"self":[{"href":"https:\/\/www.bibula.com\/index.php?rest_route=\/wp\/v2\/posts\/64490"}],"collection":[{"href":"https:\/\/www.bibula.com\/index.php?rest_route=\/wp\/v2\/posts"}],"about":[{"href":"https:\/\/www.bibula.com\/index.php?rest_route=\/wp\/v2\/types\/post"}],"author":[{"embeddable":true,"href":"https:\/\/www.bibula.com\/index.php?rest_route=\/wp\/v2\/users\/1"}],"replies":[{"embeddable":true,"href":"https:\/\/www.bibula.com\/index.php?rest_route=%2Fwp%2Fv2%2Fcomments&post=64490"}],"version-history":[{"count":0,"href":"https:\/\/www.bibula.com\/index.php?rest_route=\/wp\/v2\/posts\/64490\/revisions"}],"wp:attachment":[{"href":"https:\/\/www.bibula.com\/index.php?rest_route=%2Fwp%2Fv2%2Fmedia&parent=64490"}],"wp:term":[{"taxonomy":"category","embeddable":true,"href":"https:\/\/www.bibula.com\/index.php?rest_route=%2Fwp%2Fv2%2Fcategories&post=64490"},{"taxonomy":"post_tag","embeddable":true,"href":"https:\/\/www.bibula.com\/index.php?rest_route=%2Fwp%2Fv2%2Ftags&post=64490"}],"curies":[{"name":"wp","href":"https:\/\/api.w.org\/{rel}","templated":true}]}}