{"id":634,"date":"2006-10-12T00:00:00","date_gmt":"2006-10-12T00:00:00","guid":{"rendered":""},"modified":"2016-10-12T13:47:42","modified_gmt":"2016-10-12T17:47:42","slug":"papiez-przyjal-delegacje-zydowskiej-ligii-adl","status":"publish","type":"post","link":"https:\/\/www.bibula.com\/?p=634","title":{"rendered":"Papie\u017c przyj\u0105\u0142 delegacj\u0119 \u017cydowskiej Ligii ADL"},"content":{"rendered":"<p>Przedstawiciele \u017cydowskiej organizacji Liga Przeciwko Znies\u0142awieniu (<em>Anti-Defamation League &#8211; ADL <\/em>) zostali przyj\u0119ci na audiencji przez papie\u017ca Benedykta XVI, wzywaj\u0105c papie\u017ca do zaj\u0119cia zdecydowanego stanowiska pot\u0119piaj\u0105cego Iran. Dyrektor organizacji ADL Abe Foxman zwr\u00f3ci\u0142 si\u0119 do Papie\u017ca &#8222;Mamy nadziej\u0119, \u017ce za\u015bwiadczysz o stanowisku Ko\u015bcio\u0142a zobowi\u0105zuj\u0105cego si\u0119 do zrobienia wszystkiego w swej mocy aby przeciwdzia\u0142a\u0107 kolejnemu Holokaustowi wymierzonemu przeciwko \u017bydom, ktokolwiek na kuli ziemskiej mia\u0142by to uczyni\u0107, w\u0142\u0105czaj\u0105c w to r\u00f3wnie\u017c Iran.&#8221;*<\/p>\r\n<p>Wbrew oczekiwaniom przedstawicieli \u017cydowskich ADL, Papie\u017c nie pot\u0119pi\u0142 Iranu przez wymienienie go z nazwy, jednak powiedzia\u0142 , \u017ce &#8222;\u017bydzi chrze\u015bcijanie i muzu\u0142manie dziel\u0105 ze sob\u0105 wiele wsp\u00f3lnych element\u00f3w wiary, a w wielu zagadnieniach spo\u0142ecznych wsp\u00f3lnie i skutecznie kooperuj\u0105. Na dzisiejszych przyw\u00f3dcach religijnych, politycznych i ekonomicznych ci\u0105\u017cy powa\u017cny obowi\u0105zek powi\u0119kszenia zakresu dialogu pomi\u0119dzy lud\u017ami i kulturami. W celu osi\u0105gni\u0119cia tego, istnieje konieczno\u015b\u0107 lepszego poznania siebie nawzajem i budowa sprawiedliwego i pokojowego spo\u0142ecze\u0144stwa. Powinni\u015bmy pozna\u0107 siebie nawzajem jeszcze g\u0142\u0119biej celem stworzenia stosunk\u00f3w opartych nie tylko na tolerancji, ale na autentycznym respekcie. Konflikty przesz\u0142o\u015bci powinny by\u0107 przezwyci\u0119\u017cone celem zbudowania nowych most\u00f3w braterstwa i wsp\u00f3\u0142pracy.&#8221;<\/p>\r\n<blockquote>\r\n<p><strong>KOMENTARZ <em>BIBU\u0141Y<\/em><\/strong>: Z tej kr\u00f3tkiej relacji wy\u0142aniaj\u0105 si\u0119 trzy sprawy:<\/p>\r\n<p>1. * Z przytoczonego przez wydanie internetowe pisma <em>Haaretz.com<\/em> angielskiego brzmienia wypowiedzi A.Foxmana wynika \u017ce zwr\u00f3ci\u0142 si\u0119 on do Papie\u017ca s\u0142owami niemal\u017ce &#8222;na ty&#8221; (<em>&#8222;you<\/em>&#8222;), podczas gdy w j\u0119zyku angielskim funkcjonuj\u0105 znane sposoby zwracania si\u0119 do hierarch\u00f3w. (org.ang.: &#8222;We hope <strong>you<\/strong> will declare the Church\u2019s commitment to do everything in its power to prevent another Holocaust against the Jewish people from any party of the globe, including Iran.&#8221;) Czyli mo\u017cna by\u0142oby w takim przypadku uzna\u0107 to za brak szacunku.<\/p>\r\n<p>2. Nie wnikaj\u0105c w s\u0142uszno\u015b\u0107 historyczn\u0105 okre\u015blenia &#8222;Holokaust&#8221;, r\u00f3wnie ciekawe jest u\u017cycie przez A. Foxmana sformulowania &#8222;kolejnemu Holokaustowi wymierzonemu przeciwko \u017bydom&#8221; (&#8222;another Holocaust against the Jewish people&#8221;), co stanowi jaki\u015b pewien mentalny krok do tylu decydent\u00f3w w \u015brodowiskach \u017cydowskich, krok ku rzeczywisto\u015bci, gdy\u017c zdanie to (w minimalnym stopniu) sugeruje zaistnienie w historii nie tylko jednego holokaustu, uto\u017csamianego dzi\u015b jako jeden, jedyny &#8222;Holokaust&#8221; przyw\u0142aszczony przez \u017byd\u00f3w rezerwuj\u0105cy dla nich &#8222;najwi\u0119ksze cierpienie w historii ludzko\u015bci&#8221;, ale i innych Holokaust\u00f3w. By\u0107 mo\u017ce jednak dzielenie tego zdania jest nieco na wyrost i pr\u00f3by doszukiwania si\u0119 prawdy w takich wypowiedziach \u015bwiadcz\u0105 o zbytnim optymizmie.<\/p>\r\n<p>3. Odpowied\u017a Papie\u017ca jest konsekwencj\u0105 przyj\u0119cie posoborowego kierunku &#8222;dialogu&#8221; z innymi religiami i ca\u0142ym \u015bwiatem, z otwarciem si\u0119 na inne religie i na ca\u0142y \u015bwiat. Podkre\u015blanie, \u017ce &#8222;stosunki spoleczne powinny by\u0107 oparte nie tylko na tolerancji, ale i autentycznym respekcie&#8221;, jest niepowa\u017cne, nierealne i przede wszystkim niekatolickie. Co ma tolerancja do katolicko\u015bci? Od kiedy to s\u0142owo &#8222;tolerancja&#8221; znajduje si\u0119 w s\u0142owniku Papie\u017cy? Je\u015bli uzmys\u0142owimy sobie, \u017ce s\u0142owo &#8222;tolerancja&#8221; u\u017cywane jest w poj\u0119ciu pozytywnym TYLKO przez posoborowych papie\u017cy, to zrozumiemy, \u017ce dalej kroczymy drog\u0105 prowadz\u0105c\u0105 donik\u0105d, a przynajmniej nie do ustanowienia pokoju na \u015bwiecie i nie w kierunku zbawienia dusz ludzkich. S\u0142owami tymi Benedykt XVI pokazuje po raz kolejny, \u017ce &#8211; zainspirowany teologi\u0105 konwergencji swojego przyjaciela Hansa Kunga &#8211; pragnie ustanowi\u0107 pok\u00f3j i porz\u0105dek na \u015bwiecie w wyniku &#8222;dialogu&#8221; i wynikaj\u0105cego z niego nieuchronnego kompromisu. Je\u015bli jednak kompromis ma polega\u0107 na szukaniu &#8222;wsp\u00f3lnego mianownika&#8221; pomi\u0119dzy religiami (&#8222;wsp\u00f3lne elementy wiary&#8221;), to staje si\u0119 konieczne wyeliminowanie z katolicyzmu tego, co nie b\u0119dzie si\u0119 podobalo np. stronie \u017cydowskiej. A co to takiego? A w\u0142a\u015bciwie, KTO to taki? Ano, to sam Chrystus i Jego Nauka. I dochodzimy tu do sedna sprawy. Czy trzeba przypomina\u0107 komu mo\u017ce zale\u017ce\u0107 na takim up\u0142yceniu katolicyzmu?<\/p>\r\n<\/blockquote>","protected":false},"excerpt":{"rendered":"Przedstawiciele \u017cydowskiej organizacji Liga Przeciwko Znies\u0142awieniu (Anti-Defamation League &#8211; ADL ) zostali przyj\u0119ci na audiencji przez papie\u017ca Benedykta XVI, wzywaj\u0105c papie\u017ca do zaj\u0119cia zdecydowanego stanowiska pot\u0119piaj\u0105cego Iran. Dyrektor organizacji ADL Abe Foxman zwr\u00f3ci\u0142 si\u0119 do Papie\u017ca &#8222;Mamy nadziej\u0119, \u017ce za\u015bwiadczysz o stanowisku Ko\u015bcio\u0142a zobowi\u0105zuj\u0105cego si\u0119 do zrobienia wszystkiego w swej mocy aby przeciwdzia\u0142a\u0107 kolejnemu Holokaustowi [&hellip;]","protected":false},"author":1,"featured_media":0,"comment_status":"closed","ping_status":"open","sticky":false,"template":"","format":"standard","meta":{"_acf_changed":false,"_monsterinsights_skip_tracking":false,"_monsterinsights_sitenote_active":false,"_monsterinsights_sitenote_note":"","_monsterinsights_sitenote_category":0,"ngg_post_thumbnail":0,"footnotes":"","_wp_rev_ctl_limit":""},"categories":[3],"tags":[88,53,41,33],"acf":[],"_links":{"self":[{"href":"https:\/\/www.bibula.com\/index.php?rest_route=\/wp\/v2\/posts\/634"}],"collection":[{"href":"https:\/\/www.bibula.com\/index.php?rest_route=\/wp\/v2\/posts"}],"about":[{"href":"https:\/\/www.bibula.com\/index.php?rest_route=\/wp\/v2\/types\/post"}],"author":[{"embeddable":true,"href":"https:\/\/www.bibula.com\/index.php?rest_route=\/wp\/v2\/users\/1"}],"replies":[{"embeddable":true,"href":"https:\/\/www.bibula.com\/index.php?rest_route=%2Fwp%2Fv2%2Fcomments&post=634"}],"version-history":[{"count":0,"href":"https:\/\/www.bibula.com\/index.php?rest_route=\/wp\/v2\/posts\/634\/revisions"}],"wp:attachment":[{"href":"https:\/\/www.bibula.com\/index.php?rest_route=%2Fwp%2Fv2%2Fmedia&parent=634"}],"wp:term":[{"taxonomy":"category","embeddable":true,"href":"https:\/\/www.bibula.com\/index.php?rest_route=%2Fwp%2Fv2%2Fcategories&post=634"},{"taxonomy":"post_tag","embeddable":true,"href":"https:\/\/www.bibula.com\/index.php?rest_route=%2Fwp%2Fv2%2Ftags&post=634"}],"curies":[{"name":"wp","href":"https:\/\/api.w.org\/{rel}","templated":true}]}}