{"id":6338,"date":"2009-02-08T22:46:06","date_gmt":"2009-02-09T03:46:06","guid":{"rendered":"http:\/\/www.bibula.com\/?p=6338"},"modified":"2009-02-08T22:46:06","modified_gmt":"2009-02-09T03:46:06","slug":"precedensowy-wyrok-nsa-umozliwi-niemcom-odzyskanie-majatkow-w-polsce","status":"publish","type":"post","link":"https:\/\/www.bibula.com\/?p=6338","title":{"rendered":"Precedensowy wyrok NSA umo\u017cliwi Niemcom odzyskanie maj\u0105tk\u00f3w w Polsce?"},"content":{"rendered":"<p>W grudniu 2008 r. Naczelny S\u0105d Administracyjny w Warszawie podj\u0105\u0142 decyzj\u0119 w sprawie maj\u0105tku S\u0142awut\u00f3wko na Pomorzu, nale\u017c\u0105cym do Urlicha von Krockowa, potomka pruskich junkr\u00f3w. <\/span><\/p>\r\n\r\n\r\n<div>\r\n<div><p align=\"justify\">W ocenie ekspert\u00f3w, ten precedensowy wyrok NSA otwiera drog\u0119 do \u017c\u0105da\u0144 zwrotu maj\u0105tku Niemcom, kt\u00f3rzy utracili polskie obywatelstwo po II wojnie \u015bwiatowej.<\/p>\r\n\r\n<p align=\"justify\">Sprawa trafi\u0142a przed NSA wskutek \u017c\u0105dania zwrotu maj\u0105tku przez Agencj\u0119 Nieruchomo\u015bci Rolnych z powodu niewype\u0142niania przez nabywc\u0119 &#8211; Urlicha von Krockowa zalece\u0144 konserwatora zabytk\u00f3w przy remoncie i przebudowie znajduj\u0105cego si\u0119 na terenie 140-hektarowego maj\u0105tku obiektu pa\u0142acowego, adaptowanego na hotel.<\/p>\r\n\r\n<p align=\"justify\">Przy okazji niejako pojawi\u0142y si\u0119 te\u017c w\u0105tpliwo\u015bci, czy obywatelstwo polskie przyznane von Krockowowi, co umo\u017cliwi\u0142o mu kupno maj\u0105tku, odby\u0142o si\u0119 w spos\u00f3b zgodny z prawem. Von Krockow kupi\u0142 maj\u0105tek S\u0142awut\u00f3wko w 2002 r. od firmy nale\u017c\u0105cej do obecnego w\u00f3jta gminy Krokowa Henryka Doeringa i jego matki. Zgodnie z polskim prawem, zakupu takiego obywatel innego pa\u0144stwa ni\u017c polskie, m\u00f3g\u0142 dokona\u0107 jedynie za zgod\u0105 MSWiA. Krockow jednak o tak\u0105 zgod\u0119 si\u0119 nie ubiega\u0142, mimo to, \u017ce MSWiA, kt\u00f3re prowadzi\u0142o dochodzenie w 2005 r., zawiesi\u0142o post\u0119powanie w tej sprawie, bowiem von Krockow wyst\u0105pi\u0142 o&#8230; przyznanie mu polskiego obywatelstwa.<\/p>\r\n\r\n<p align=\"justify\">W sprawie tej jest wi\u0119cej niejasnych decyzji, kt\u00f3re jedynie przy dobrej woli mo\u017cna nazwa\u0107 urz\u0119dniczymi pomy\u0142kami.<\/p>\r\n\r\n<p align=\"justify\">W 1990 r. \u00f3wczesny wojewoda gda\u0144ski Maciej P\u0142a\u017cy\u0144ski, wyda\u0142 ojcu Urlicha von Krockowa, Albrechtowi, po\u015bwiadczenie obywatelstwa polskiego, dzi\u0119ki czemu jego syn Ulrich w 1994 r. otrzyma\u0142 polski dow\u00f3d osobisty. I mimo \u017ce p\u00f3\u0142 roku p\u00f3\u017aniej minister spraw wewn\u0119trznych uzna\u0142, \u017ce decyzj\u0119 wydano &#8222;z ra\u017c\u0105cym naruszeniem prawa&#8221;, to Ulrich von Krockow dowodu nie zwr\u00f3ci\u0142, co umo\u017cliwi\u0142o mu p\u00f3\u017aniejszy zakup S\u0142awut\u00f3wka.<\/p>\r\n\r\n<p align=\"justify\">Genezy sprawy nale\u017cy za\u015b szuka\u0107 w historii rodziny jeszcze przed II wojn\u0105 \u015bwiatow\u0105. Dziadek Urlicha von Krockowa, Albrecht, by\u0142 przed wojn\u0105 obywatelem polskim, ale w 1939 r. wst\u0105pi\u0142 do NSDAP i zosta\u0142 volksdeutschem, czyli obywatelem III Rzeszy. Dwaj starsi bracia Albrechta walczyli w Wehrmachcie i zgin\u0119li na froncie wschodnim. Jeden z nich walczy\u0142 w Wojsku Polskim w wojnie obronnej w 1939 roku. W 1945 r. rodzina uciek\u0142a w obawie przed Sowietami i osiad\u0142a w Nadrenii. W my\u015bl powojennego prawa polskiego, osoby narodowo\u015bci niemieckiej zamieszka\u0142e na sta\u0142e za granic\u0105 nie by\u0142y obywatelami polskimi, a ponadto przedwojenne polskie prawo przewidywa\u0142o m.in. utrat\u0119 obywatelstwa polskiego wskutek wst\u0105pienia do obcej armii lub formacji militarnej.<\/p>\r\n\r\n<p align=\"justify\">Sprawa trafi\u0142a w ko\u0144cu przed NSA, kt\u00f3ry zakwestionowa\u0142 wszystkie podejmowane w tej sprawie decyzje. Uzna\u0142, \u017ce przedwojennej ustawy o obywatelstwie nie mo\u017cna stosowa\u0107 do czas\u00f3w wojny i \u017ce o utracie obywatelstwa polskiego nie mo\u017ce decydowa\u0107 wpis na volkslist\u0119. Podkre\u015blono te\u017c, \u017ce w ka\u017cdym z takich przypadk\u00f3w nale\u017cy ocenia\u0107 go indywidualnie.<\/p>\r\n\r\n<p align=\"justify\">W ocenie s\u0105du maj\u0105tk zosta\u0142 wi\u0119c nabyty legalnie. Von Krockow ma tak\u017ce udzia\u0142y w maj\u0105tku Po\u0142czyn (219 ha), a wed\u0142ug informacji medi\u00f3w tak\u017ce w Gnie\u017cd\u017cewie (45 ha) i \u0179elistrzewie (44 ha).<\/p>\r\n\r\n<p align=\"justify\">\u00a0<\/p>\r\n\r\n<p align=\"justify\">Za: <a href=\"http:\/\/www.aspektpolski.pl\/index.php?option=com_content&amp;task=view&amp;id=1920&amp;Itemid=1\" target=\"_blank\">Aspekt Polski<\/a><\/p>\r\n\r\n<p align=\"justify\">\u00a0\r\n<\/div>","protected":false},"excerpt":{"rendered":"W grudniu 2008 r. Naczelny S\u0105d Administracyjny w Warszawie podj\u0105\u0142 decyzj\u0119 w sprawie maj\u0105tku S\u0142awut\u00f3wko na Pomorzu, nale\u017c\u0105cym do Urlicha von Krockowa, potomka pruskich junkr\u00f3w. W ocenie ekspert\u00f3w, ten precedensowy wyrok NSA otwiera drog\u0119 do \u017c\u0105da\u0144 zwrotu maj\u0105tku Niemcom, kt\u00f3rzy utracili polskie obywatelstwo po II wojnie \u015bwiatowej. Sprawa trafi\u0142a przed NSA wskutek \u017c\u0105dania zwrotu maj\u0105tku [&hellip;]","protected":false},"author":1,"featured_media":0,"comment_status":"closed","ping_status":"closed","sticky":false,"template":"","format":"standard","meta":{"_acf_changed":false,"_monsterinsights_skip_tracking":false,"_monsterinsights_sitenote_active":false,"_monsterinsights_sitenote_note":"","_monsterinsights_sitenote_category":0,"ngg_post_thumbnail":0,"footnotes":"","_wp_rev_ctl_limit":""},"categories":[8],"tags":[98],"acf":[],"_links":{"self":[{"href":"https:\/\/www.bibula.com\/index.php?rest_route=\/wp\/v2\/posts\/6338"}],"collection":[{"href":"https:\/\/www.bibula.com\/index.php?rest_route=\/wp\/v2\/posts"}],"about":[{"href":"https:\/\/www.bibula.com\/index.php?rest_route=\/wp\/v2\/types\/post"}],"author":[{"embeddable":true,"href":"https:\/\/www.bibula.com\/index.php?rest_route=\/wp\/v2\/users\/1"}],"replies":[{"embeddable":true,"href":"https:\/\/www.bibula.com\/index.php?rest_route=%2Fwp%2Fv2%2Fcomments&post=6338"}],"version-history":[{"count":0,"href":"https:\/\/www.bibula.com\/index.php?rest_route=\/wp\/v2\/posts\/6338\/revisions"}],"wp:attachment":[{"href":"https:\/\/www.bibula.com\/index.php?rest_route=%2Fwp%2Fv2%2Fmedia&parent=6338"}],"wp:term":[{"taxonomy":"category","embeddable":true,"href":"https:\/\/www.bibula.com\/index.php?rest_route=%2Fwp%2Fv2%2Fcategories&post=6338"},{"taxonomy":"post_tag","embeddable":true,"href":"https:\/\/www.bibula.com\/index.php?rest_route=%2Fwp%2Fv2%2Ftags&post=6338"}],"curies":[{"name":"wp","href":"https:\/\/api.w.org\/{rel}","templated":true}]}}