{"id":63093,"date":"2012-11-08T09:44:27","date_gmt":"2012-11-08T14:44:27","guid":{"rendered":"http:\/\/www.bibula.com\/?p=63093"},"modified":"2012-11-08T09:44:27","modified_gmt":"2012-11-08T14:44:27","slug":"kolejne-pozegnanie-niepodleglosci-stanislaw-michalkiewicz","status":"publish","type":"post","link":"https:\/\/www.bibula.com\/?p=63093","title":{"rendered":"Kolejne po\u017cegnanie niepodleg\u0142o\u015bci &#8211; <em>Stanis\u0142aw Michalkiewicz<\/em>"},"content":{"rendered":"<p>Szanowni Pa\u0144stwo!<\/p>\r\n<p>Czytelnicy \u201e<em>Potopu<\/em>\u201d Henryka Sienkiewicza z pewno\u015bci\u0105 pami\u0119taj\u0105 w jaki spos\u00f3b wojsko szwedzkie z kr\u00f3lem Karolem Gustawem wymkn\u0119\u0142o si\u0119 z pu\u0142apki w wid\u0142ach Wis\u0142y i Sanu. Z wielkim ha\u0142asem zacz\u0119li budowa\u0107 most, a kiedy ca\u0142a uwaga wojsk polskich na tym w\u0142a\u015bnie si\u0119 skupi\u0142a, Szwedzi po cichu przeprawili si\u0119 przez rzek\u0119 w zupe\u0142nie innym miejscu.<\/p>\r\n<p>Skoro raz uda\u0142o si\u0119 Szwedom, to dlaczego nie spr\u00f3bowa\u0107 tego samego sposobu ponownie? Oto za spraw\u0105 publikacji w \u201e<em>Rzeczpospolitej<\/em>\u201d o obecno\u015bci trotylu we wraku samolotu, kt\u00f3ry 10 kwietnia 2010 roku pod Smole\u0144skiem uleg\u0142 katastrofie, jedna cz\u0119\u015b\u0107 opinii publicznej podziela podejrzenia o zamach, podczas gdy druga &#8211; \u017carliwie z tymi podejrzeniami walczy, zar\u00f3wno przy u\u017cyciu \u015brodk\u00f3w propagandowych, jak i tzw. \u201e<em>administracyjnych<\/em>\u201d. Na wypadek, gdyby zainteresowanie \u201e<em>afer\u0105 trotylow\u0105<\/em>\u201d os\u0142ab\u0142o, w kolejce czeka inne wydarzenie, kt\u00f3re z pewno\u015bci\u0105 r\u00f3wnie\u017c przyci\u0105gnie uwag\u0119 obydwu cz\u0119\u015bci opinii publicznej. Mam na my\u015bli Marsz Niepodleg\u0142o\u015bci, jaki planowany jest na 11 listopada, a w\u0142a\u015bciwie dwa marsze &#8211; bo z inicjatywy prezydenta Komorowskiego przez Warszaw\u0119 przejdzie tego dnia drugi marsz pod tytu\u0142em: \u201e<em>Razem dla Niepodleg\u0142ej<\/em>\u201d. Nie jest te\u017c wykluczone, \u017ce na mie\u015bcie pojawi\u0105 si\u0119 znowu europejsy i post\u0119paki, kt\u00f3rzy pod og\u00f3lnym kierownictwem pana redaktora Seweryna Blumsztajna z \u201e<em>Gazety Wyborczej<\/em>\u201d, b\u0119d\u0105 \u201e<em>walczy\u0107 z faszyzmem<\/em>\u201d, daj\u0105c tym samym zagranicy czytelny sygna\u0142, \u017ce w naszym nieszcz\u0119\u015bliwym kraju \u201e<em>faszyzm podnosi g\u0142ow\u0119<\/em>\u201d. A skoro \u201e<em>podnosi g\u0142ow\u0119<\/em>\u201d, to sprawa jest jasna: Europa powinna z tym mniej warto\u015bciowym narodem tubylczym zrobi\u0107 porz\u0105dek. No dobrze &#8211; ale w jaki spos\u00f3b? Ano, najlepiej, gdyby narzuci\u0142a mu kuratel\u0119 starszych i m\u0105drzejszych, kt\u00f3rzy do wykrywania faszyzmu maj\u0105 specjalnego nosa.<\/p>\r\n<p>Tymczasem nikt, albo prawie nikt nie zwraca uwagi na skierowanie przez rz\u0105d do Sejmu projektu ustawy upowa\u017cniaj\u0105cej prezydenta do ratyfikowania tak zwanego paktu fiskalnego. Ten pakt fiskalny zosta\u0142 podpisany w marcu tego roku pod pretekstem kryzysu w strefie euro &#8211; ale jego konsekwencje wykraczaj\u0105 i to znacznie, poza skutki dora\u017ane, bo powoduj\u0105 dalsze ograniczenie suwerenno\u015bci pa\u0144stw cz\u0142onkowskich Unii Europejskiej przez w\u0142adze unijne. W tym sensie pakt fiskalny jest prost\u0105 konsekwencj\u0105 traktatu lizbo\u0144skiego, kt\u00f3rego ratyfikacja w roku 2009 popchn\u0119\u0142a nasz kraj na drog\u0119 stopniowej utraty niepodleg\u0142o\u015bci i suwerenno\u015bci politycznej. Charakterystyczne jest, \u017ce w rok po ratyfikacji traktatu lizbo\u0144skiego odby\u0142 si\u0119 masowy Marsz Niepodleg\u0142o\u015bci. Czy nie powinien przyj\u0105\u0107 nazwy: Marsz Zamiast Niepodleg\u0142o\u015bci?<\/p>\r\n<p>Wydaje si\u0119 to tym bardziej warte rozwa\u017cenia, \u017ce pakt fiskalny polega na wyposa\u017ceniu Komisji Europejskiej w mo\u017cliwo\u015b\u0107 ingerowania w finanse publiczne pa\u0144stw cz\u0142onkowskich. Merytorycznie postanowienia paktu fiskalnego nie s\u0105 szkodliwe &#8211; ale politycznie oznacza on istotny krok na drodze ograniczania suwerenno\u015bci pa\u0144stw cz\u0142onkowskich. Bardzo pomocny w wepchni\u0119ciu Unii na t\u0119 drog\u0119 okaza\u0142 si\u0119 kryzys finansowy w strefie euro, kt\u00f3ry moim zdaniem od pewnego czasu jest umiej\u0119tnie sterowany. Rzecz w tym, \u017ce ju\u017c od co najmniej 4 lat dla ka\u017cdego obserwatora by\u0142o oczywiste, \u017ce taka Grecja, Portugalia, czy Hiszpania nie by\u0142a w stanie sprosta\u0107 zobowi\u0105zaniom ju\u017c wtedy zaci\u0105gni\u0119tym. Wydawa\u0142o si\u0119, \u017ce wszyscy w Europie to wiedz\u0105 &#8211; z wyj\u0105tkiem zarz\u0105d\u00f3w najwi\u0119kszych europejskich bank\u00f3w &#8211; bo te zachowywa\u0142y si\u0119 tak, jakby nie zdawa\u0142y sobie z tego sprawy.<\/p>\r\n<p>Oczywi\u015bcie przypuszczenie, \u017ce zarz\u0105dy najwi\u0119kszych europejskich bank\u00f3w nie wiedzia\u0142y o tym, o czym wiedzia\u0142o w Europie ka\u017cde dziecko, by\u0142oby niegrzeczne. Zarz\u0105dy o wszystkim te\u017c wiedzia\u0142y, a je\u015bli zachowywa\u0142y si\u0119 inaczej, to prawdopodobnie dlatego, \u017ce od swoich rz\u0105d\u00f3w otrzyma\u0142y taki rozkaz z zapewnieniem, \u017ce w razie czego wyci\u0105gn\u0105 one banki z k\u0142opot\u00f3w. I rzeczywi\u015bcie; kiedy Grecji zajrza\u0142o w oczy widmo bankructwa, to znaczy &#8211; kiedy rz\u0105dowi greckiemu zabrak\u0142o pieni\u0119dzy na wykupienie w\u0142asnych obligacji od niemieckich i francuskich bank\u00f3w, ca\u0142a Unia z\u0142o\u017cy\u0142a si\u0119 by &#8211; jak to nazwano &#8211; \u201e<em>ratowa\u0107 Grecj\u0119<\/em>\u201d. Ale tak naprawd\u0119 to si\u0119 z\u0142o\u017cy\u0142a, by uratowa\u0107 niemieckie i francuskie banki przed bankructwem, jakie nieuchronnie by im grozi\u0142o, gdyby Grecja swoich obligacji nie wykupi\u0142a.<\/p>\r\n<p>Ale kiedy \u201e<em>ratowano Grecj\u0119<\/em>\u201d, Nasza Z\u0142ota Pani Aniela o\u015bwiadczy\u0142a, \u017ce nie mo\u017ce by\u0107 tak, \u017ce Unia ratuje Grecj\u0119, a nie ma \u017cadnego wp\u0142ywu na to, co Grecja robi. Grecja powinna s\u0142ucha\u0107 Unii, no a Unia &#8211; s\u0142ucha\u0107 Niemiec, kt\u00f3re s\u0105 tej Unii politycznym kierownikiem. Kr\u00f3tko m\u00f3wi\u0105c &#8211; kryzys w strefie euro okaza\u0142 si\u0119 wygodnym narz\u0119dziem budowy IV Rzeszy metodami pokojowymi, kt\u00f3re okaza\u0142y si\u0119 i ta\u0144sze i skuteczniejsze od metod militarnych, preferowanych w przesz\u0142o\u015bci przez Adolfa Hitlera. Pakt fiskalny jest pr\u00f3b\u0105 zinstytucjonalizowania tej metody poprzez odebranie krajom cz\u0142onkowskim suwerenno\u015bci finansowej na rzecz unijnego komisarza bud\u017cetowego.<\/p>\r\n<p>Zatem &#8211; 9 listopada Sejm b\u0119dzie debatowa\u0142 nad upowa\u017cnieniem prezydenta do ratyfikowania paktu fiskalnego i pewnie go upowa\u017cni &#8211; a 11 listopada prezydent poprowadzi marsz pod has\u0142em: \u201e<em>Razem dla Niepodleg\u0142ej<\/em>\u201d. Przezornie nie skonkretyzowa\u0142, dla jakiej to \u201e<em>Niepodleg\u0142ej<\/em>\u201d b\u0119d\u0105 wszyscy maszerowali. Chyba nie dla Polski &#8211; bo ta, za spraw\u0105 ratyfikowanych traktat\u00f3w , wkroczy\u0142a na drog\u0119 utraty niepodleg\u0142o\u015bci. Wi\u0119c chyba dla Niepodleg\u0142ej Rzeszy?<\/p>\r\n<p>M\u00f3wi\u0142 Stanis\u0142aw Michalkiewicz<\/p>\r\n<p><strong><em>Stanis\u0142aw Michalkiewicz<\/em><\/strong><\/p>\r\n<p><em>Sta\u0142y komentarz Stanis\u0142awa Michalkiewicza z cyklu \u201eMy\u015bl\u0105c Ojczyzna\u201d jest emitowany w Radiu Maryja w ka\u017cd\u0105 \u015brod\u0119 o godz. 20.50 i powtarzany w czwartek. Komentarze nie s\u0105 emitowane podczas przerwy wakacyjnej w lipcu i sierpniu.<\/em><\/p>\r\n<p><em><\/em>Felieton \u00a0<strong>\u2022<\/strong>\u00a0 Radio Maryja \u00a0<strong>\u2022<\/strong>\u00a0 8 listopada 2012<\/p>\r\n<ul>\r\n<li><a title=\"\" href=\"http:\/\/www.radiomaryja.pl\/query.php?__s=Michalkiewicz&amp;__a=1\">Tu znajdziesz komentarze w plikach mp3 &#8211; do wys\u0142uchania lub \u015bci\u0105gni\u0119cia<\/a>.<\/li>\r\n<\/ul>","protected":false},"excerpt":{"rendered":"Szanowni Pa\u0144stwo! Czytelnicy \u201ePotopu\u201d Henryka Sienkiewicza z pewno\u015bci\u0105 pami\u0119taj\u0105 w jaki spos\u00f3b wojsko szwedzkie z kr\u00f3lem Karolem Gustawem wymkn\u0119\u0142o si\u0119 z pu\u0142apki w wid\u0142ach Wis\u0142y i Sanu. Z wielkim ha\u0142asem zacz\u0119li budowa\u0107 most, a kiedy ca\u0142a uwaga wojsk polskich na tym w\u0142a\u015bnie si\u0119 skupi\u0142a, Szwedzi po cichu przeprawili si\u0119 przez rzek\u0119 w zupe\u0142nie innym miejscu. [&hellip;]","protected":false},"author":1,"featured_media":0,"comment_status":"closed","ping_status":"closed","sticky":false,"template":"","format":"standard","meta":{"_acf_changed":false,"_monsterinsights_skip_tracking":false,"ngg_post_thumbnail":0,"footnotes":"","_wp_rev_ctl_limit":""},"categories":[9],"tags":[23,92,53,144,52,34],"acf":[],"_links":{"self":[{"href":"https:\/\/www.bibula.com\/index.php?rest_route=\/wp\/v2\/posts\/63093"}],"collection":[{"href":"https:\/\/www.bibula.com\/index.php?rest_route=\/wp\/v2\/posts"}],"about":[{"href":"https:\/\/www.bibula.com\/index.php?rest_route=\/wp\/v2\/types\/post"}],"author":[{"embeddable":true,"href":"https:\/\/www.bibula.com\/index.php?rest_route=\/wp\/v2\/users\/1"}],"replies":[{"embeddable":true,"href":"https:\/\/www.bibula.com\/index.php?rest_route=%2Fwp%2Fv2%2Fcomments&post=63093"}],"version-history":[{"count":0,"href":"https:\/\/www.bibula.com\/index.php?rest_route=\/wp\/v2\/posts\/63093\/revisions"}],"wp:attachment":[{"href":"https:\/\/www.bibula.com\/index.php?rest_route=%2Fwp%2Fv2%2Fmedia&parent=63093"}],"wp:term":[{"taxonomy":"category","embeddable":true,"href":"https:\/\/www.bibula.com\/index.php?rest_route=%2Fwp%2Fv2%2Fcategories&post=63093"},{"taxonomy":"post_tag","embeddable":true,"href":"https:\/\/www.bibula.com\/index.php?rest_route=%2Fwp%2Fv2%2Ftags&post=63093"}],"curies":[{"name":"wp","href":"https:\/\/api.w.org\/{rel}","templated":true}]}}