{"id":62831,"date":"2012-11-01T20:45:08","date_gmt":"2012-11-02T01:45:08","guid":{"rendered":"http:\/\/www.bibula.com\/?p=62831"},"modified":"2012-11-01T20:40:48","modified_gmt":"2012-11-02T01:40:48","slug":"kolej-bedzie-mogla-upasc","status":"publish","type":"post","link":"https:\/\/www.bibula.com\/?p=62831","title":{"rendered":"Kolej b\u0119dzie mog\u0142a upa\u015b\u0107"},"content":{"rendered":"<p><strong>Ministerstwo transportu i budownictwa pracuje nad ustaw\u0105, kt\u00f3ra umo\u017cliwi upad\u0142o\u015b\u0107 sp\u00f3\u0142ek kolejowych. Minister S\u0142awomir Nowak poinformowa\u0142, \u017ce wprowadzenia takich przepis\u00f3w \u017c\u0105da od nas Unia Europejska, a rz\u0105d nie ma ukrytej intencji doprowadzenia do bankructw na polskiej kolei.<\/strong><\/p>\r\n<p>Za\u0142o\u017cenia do projektu ustawy umo\u017cliwiaj\u0105cej upadek sp\u00f3\u0142ek powsta\u0142ych z podzia\u0142u Polskich Kolei Pa\u0144stwowych zosta\u0142y ju\u017c skierowane pod obrady komitetu sta\u0142ego Rady Ministr\u00f3w. Przepisy dotyczy\u0107 b\u0119d\u0105 np. PKP Intercity, PKP Cargo oraz Przewoz\u00f3w Regionalnych, kt\u00f3rych upad\u0142o\u015bci, w my\u015bl obowi\u0105zuj\u0105cego jeszcze prawa, og\u0142osi\u0107 nie mo\u017cna.<\/p>\r\n<p>Minister transportu S\u0142awomir Nowak przekonywa\u0142, i\u017c przyj\u0119cie przepis\u00f3w umo\u017cliwiaj\u0105cych upad\u0142o\u015b\u0107 tych sp\u00f3\u0142ek jest niezb\u0119dne. &#8211; Jest to po prostu oczekiwanie i wym\u00f3g unijny. My musimy t\u0119 ustaw\u0119 wdro\u017cy\u0107, bo Komisja Europejska ma do nas bardzo wyra\u017ane pretensje o to, \u017ce w Polsce nie ma ustawy o upad\u0142o\u015bci sp\u00f3\u0142ek kolejowych. To jest oczywi\u015bcie sytuacja nienormalna, bo o ile sp\u00f3\u0142ki kolejowe s\u0105 normalnymi przedsi\u0119biorstwami, kt\u00f3re funkcjonuj\u0105 w oparciu o kodeks handlowy, to dzisiaj zgodnie z polskim prawem nie ma mo\u017cliwo\u015bci upad\u0142o\u015bci &#8211; m\u00f3wi\u0142 Nowak. Minister przekonywa\u0142, i\u017c za projektem ustawy nie ma \u017cadnych ukrytych intencji zmierzaj\u0105cych do doprowadzenia do upadku czy bankructwa sp\u00f3\u0142ek kolejowych. &#8211; Nie m\u00f3wi\u0119, \u017ce one maj\u0105 upada\u0107. Wr\u0119cz przeciwnie, wierz\u0119 w to, \u017ce kolej w Polsce b\u0119dzie si\u0119 rozwija\u0142a. W tej perspektywie i nast\u0119pnej perspektywie bud\u017cetu unijnego b\u0119dziemy wydawali gigantyczne, publiczne pieni\u0105dze na rozw\u00f3j kolei w Polsce, wi\u0119c moim zdaniem i przewo\u017anicy, i r\u00f3wnie\u017c zarz\u0105dca infrastruktury b\u0119dzie mia\u0142 si\u0119 \u015bwietnie, natomiast to jest kwestia wy\u0142\u0105cznie wymogu formalnego, kt\u00f3ry musimy spe\u0142ni\u0107 wobec Unii Europejskiej, czyli ta ustawa po prostu musi by\u0107 przeprowadzona &#8211; stara\u0142 si\u0119 uspokaja\u0107 S\u0142awomir Nowak.<\/p>\r\n<p>Minister transportu, relacjonuj\u0105c przygotowanie infrastruktury do zimy, zapowiedzia\u0142, i\u017c od 9 grudnia b\u0119dzie obowi\u0105zywa\u0142 nowy rozk\u0142ad jazdy na kolei. Do wiadomo\u015bci pasa\u017cer\u00f3w ma zosta\u0107 podany do 20 listopada, a przez dwa miesi\u0105ce od jego wprowadzenia maj\u0105 nie by\u0107 dokonywane w rozk\u0142adzie \u017cadne zmiany. Nowak poinformowa\u0142, i\u017c na wypadek awarii na kolei przygotowane b\u0119d\u0105 rezerwowe wagony, a dodatkowe lokomotywy zosta\u0142y ju\u017c rozmieszczone w najwa\u017cniejszych w\u0119z\u0142ach kolejowych. W okresie wyjazd\u00f3w \u015bwi\u0105tecznych w wi\u0119kszej liczbie poci\u0105g\u00f3w ni\u017c w zesz\u0142ym roku b\u0119dzie obowi\u0105zywa\u0142 wym\u00f3g rezerwacji miejsc. W tym roku wprowadzony zostanie taki obowi\u0105zek w 82 poci\u0105gach TLK &#8211; w ubieg\u0142ym by\u0142o tak tylko w przypadku 8 poci\u0105g\u00f3w. &#8211; Chcemy wprowadzi\u0107 w transporcie publicznym pewne regu\u0142y gry. Je\u017celi kto\u015b chce jecha\u0107 w odpowiednich warunkach w PKP Intercity, to musi wcze\u015bniej zarezerwowa\u0107 bilet &#8211; powiedzia\u0142 Nowak.<\/p>\r\n<p>Minister zapowiedzia\u0142, \u017ce 40 najwa\u017cniejszych dworc\u00f3w zostanie udost\u0119pnionych pasa\u017cerom ca\u0142odobowo, a w przypadku bardzo silnych mroz\u00f3w pasa\u017cerowie otrzymaj\u0105 gor\u0105ce napoje. Kierowcom szef resortu transportu obiecuje r\u00f3wnie\u017c nowe standardy zimowego utrzymania dr\u00f3g. &#8211; Nie b\u0119dzie rozje\u017cd\u017conego b\u0142ota \u015bniegowego na drogach krajowych &#8211; zapewnia\u0142 Nowak. Ministerstwo transportu poinformowa\u0142o, i\u017c te standardy zak\u0142adaj\u0105, \u017ce &#8222;na autostradach, drogach ekspresowych, drogach g\u0142\u00f3wnych (G) i g\u0142\u00f3wnych ruchu przyspieszonego (GP) lu\u017any \u015bnieg powinien by\u0107 usuni\u0119ty w ci\u0105gu 4 godzin od ust\u0105pienia opad\u00f3w. Na autostradach i drogach ekspresowych zaje\u017cd\u017cony \u015bnieg nie mo\u017ce wyst\u0119powa\u0107, natomiast na G i GP mo\u017ce wyst\u0119powa\u0107 do 6 godzin po ustaniu opad\u00f3w. Na sieci dr\u00f3g uzupe\u0142niaj\u0105cych lu\u017any \u015bnieg powinien by\u0107 usuni\u0119ty w ci\u0105gu 6 godzin od ust\u0105pienia opad\u00f3w, a zaje\u017cd\u017cony \u015bnieg mo\u017ce wyst\u0119powa\u0107&#8221;.<\/p>\r\n<p><strong><em>Artur Kowalski<\/em><\/strong><\/p>","protected":false},"excerpt":{"rendered":"Ministerstwo transportu i budownictwa pracuje nad ustaw\u0105, kt\u00f3ra umo\u017cliwi upad\u0142o\u015b\u0107 sp\u00f3\u0142ek kolejowych. Minister S\u0142awomir Nowak poinformowa\u0142, \u017ce wprowadzenia takich przepis\u00f3w \u017c\u0105da od nas Unia Europejska, a rz\u0105d nie ma ukrytej intencji doprowadzenia do bankructw na polskiej kolei. Za\u0142o\u017cenia do projektu ustawy umo\u017cliwiaj\u0105cej upadek sp\u00f3\u0142ek powsta\u0142ych z podzia\u0142u Polskich Kolei Pa\u0144stwowych zosta\u0142y ju\u017c skierowane pod obrady [&hellip;]","protected":false},"author":1,"featured_media":0,"comment_status":"closed","ping_status":"closed","sticky":false,"template":"","format":"standard","meta":{"_acf_changed":false,"_monsterinsights_skip_tracking":false,"_monsterinsights_sitenote_active":false,"_monsterinsights_sitenote_note":"","_monsterinsights_sitenote_category":0,"ngg_post_thumbnail":0,"footnotes":"","_wp_rev_ctl_limit":""},"categories":[8],"tags":[23,92,104],"acf":[],"_links":{"self":[{"href":"https:\/\/www.bibula.com\/index.php?rest_route=\/wp\/v2\/posts\/62831"}],"collection":[{"href":"https:\/\/www.bibula.com\/index.php?rest_route=\/wp\/v2\/posts"}],"about":[{"href":"https:\/\/www.bibula.com\/index.php?rest_route=\/wp\/v2\/types\/post"}],"author":[{"embeddable":true,"href":"https:\/\/www.bibula.com\/index.php?rest_route=\/wp\/v2\/users\/1"}],"replies":[{"embeddable":true,"href":"https:\/\/www.bibula.com\/index.php?rest_route=%2Fwp%2Fv2%2Fcomments&post=62831"}],"version-history":[{"count":0,"href":"https:\/\/www.bibula.com\/index.php?rest_route=\/wp\/v2\/posts\/62831\/revisions"}],"wp:attachment":[{"href":"https:\/\/www.bibula.com\/index.php?rest_route=%2Fwp%2Fv2%2Fmedia&parent=62831"}],"wp:term":[{"taxonomy":"category","embeddable":true,"href":"https:\/\/www.bibula.com\/index.php?rest_route=%2Fwp%2Fv2%2Fcategories&post=62831"},{"taxonomy":"post_tag","embeddable":true,"href":"https:\/\/www.bibula.com\/index.php?rest_route=%2Fwp%2Fv2%2Ftags&post=62831"}],"curies":[{"name":"wp","href":"https:\/\/api.w.org\/{rel}","templated":true}]}}