{"id":62717,"date":"2012-10-31T20:00:05","date_gmt":"2012-11-01T01:00:05","guid":{"rendered":"http:\/\/www.bibula.com\/?p=62717"},"modified":"2012-10-31T20:45:26","modified_gmt":"2012-11-01T01:45:26","slug":"pod-pretekstem-przeciwdzialania-mowie-nienawisci-ogranicza-sie-wolnosc-wypowiedzi-w-internecie","status":"publish","type":"post","link":"https:\/\/www.bibula.com\/?p=62717","title":{"rendered":"Pod pretekstem przeciwdzia\u0142ania mowie nienawi\u015bci ogranicza si\u0119 wolno\u015b\u0107 wypowiedzi w internecie"},"content":{"rendered":"<p>S\u0105 ju\u017c nowe wytyczne dla prokurator\u00f3w wobec domniemanej &#8222;mowy nienawi\u015bci&#8221;, publikowanej przez u\u017cytkownik\u00f3w internetu. Wytyczne te podpisane zosta\u0142y przez prokuratora generalnego, Andrzeja Seremeta. Zaostrzenie stanowiska organ\u00f3w \u015bcigania w tej kwestii ma by\u0107 odpowiedzi\u0105 na wystosowany w ubieg\u0142ym roku apel Tygodnika Powszechnego i ministra Rados\u0142awa Sikorskiego, kt\u00f3ry za publiczne pieni\u0105dze oddaje si\u0119 pasji \u015bledzenia rzekomych wpis\u00f3w antysemickich.<\/p>\r\n<p>Nowe wytyczne maj\u0105 by\u0107 og\u0142oszone na portalu Prokuratury Generalnej. Najog\u00f3lniej rzecz bior\u0105c, ich intencj\u0105 jest pomoc dla os\u00f3b, kt\u00f3re rzekomo mog\u0105 czu\u0107 si\u0119 pom\u00f3wione ze wzgl\u0119du na ras\u0119, narodowo\u015b\u0107, wyznanie religijne. Na ten moment nieznane s\u0105 jednak te kryteria i granica, gdzie zaczyna si\u0119 domniemana mowa nienawi\u015bci a ko\u0144czy zwyk\u0142a krytyka pod adresem osoby publicznej. Pod znakiem zapytania stoi tak\u017ce na ile umo\u017cliwi\u0105 one elastyczn\u0105 interpretacje tych przepis\u00f3w przez organy represji.<\/p>\r\n<p>Prokurator generalny zarz\u0105dzaj\u0105cy instytucj\u0105, kt\u00f3ra ze wzgl\u0119du na nat\u0142ok pracy i szczeg\u00f3ln\u0105 drobiazgowo\u015b\u0107 wykazywan\u0105 wobec os\u00f3b, kt\u00f3rych przewinieniem jest brak ubezw\u0142asnowolnienia wobec systemu jest niewydolna, szczyci si\u0119 nowym projektem. Andrzej Seremet zadeklarowa\u0142, \u017ce wyeliminowano ju\u017c przypadki, w kt\u00f3rych \u015bledztwa umorzono z powodu niskiej szkodliwo\u015bci. Powo\u0142a\u0142 si\u0119 przy tym na dane, \u017ce w pierwszej po\u0142owie tego roku nie by\u0142o ani jednego takiego przypadku, prowadzone s\u0105 262 \u015bledztwa a 4 spo\u015br\u00f3d nich zako\u0144czy\u0142y si\u0119 aktami oskar\u017cenia.<\/p>","protected":false},"excerpt":{"rendered":"S\u0105 ju\u017c nowe wytyczne dla prokurator\u00f3w wobec domniemanej &#8222;mowy nienawi\u015bci&#8221;, publikowanej przez u\u017cytkownik\u00f3w internetu. Wytyczne te podpisane zosta\u0142y przez prokuratora generalnego, Andrzeja Seremeta. Zaostrzenie stanowiska organ\u00f3w \u015bcigania w tej kwestii ma by\u0107 odpowiedzi\u0105 na wystosowany w ubieg\u0142ym roku apel Tygodnika Powszechnego i ministra Rados\u0142awa Sikorskiego, kt\u00f3ry za publiczne pieni\u0105dze oddaje si\u0119 pasji \u015bledzenia rzekomych wpis\u00f3w [&hellip;]","protected":false},"author":1,"featured_media":0,"comment_status":"closed","ping_status":"closed","sticky":false,"template":"","format":"standard","meta":{"_acf_changed":false,"_monsterinsights_skip_tracking":false,"_monsterinsights_sitenote_active":false,"_monsterinsights_sitenote_note":"","_monsterinsights_sitenote_category":0,"ngg_post_thumbnail":0,"footnotes":"","_wp_rev_ctl_limit":""},"categories":[8],"tags":[16,155],"acf":[],"_links":{"self":[{"href":"https:\/\/www.bibula.com\/index.php?rest_route=\/wp\/v2\/posts\/62717"}],"collection":[{"href":"https:\/\/www.bibula.com\/index.php?rest_route=\/wp\/v2\/posts"}],"about":[{"href":"https:\/\/www.bibula.com\/index.php?rest_route=\/wp\/v2\/types\/post"}],"author":[{"embeddable":true,"href":"https:\/\/www.bibula.com\/index.php?rest_route=\/wp\/v2\/users\/1"}],"replies":[{"embeddable":true,"href":"https:\/\/www.bibula.com\/index.php?rest_route=%2Fwp%2Fv2%2Fcomments&post=62717"}],"version-history":[{"count":0,"href":"https:\/\/www.bibula.com\/index.php?rest_route=\/wp\/v2\/posts\/62717\/revisions"}],"wp:attachment":[{"href":"https:\/\/www.bibula.com\/index.php?rest_route=%2Fwp%2Fv2%2Fmedia&parent=62717"}],"wp:term":[{"taxonomy":"category","embeddable":true,"href":"https:\/\/www.bibula.com\/index.php?rest_route=%2Fwp%2Fv2%2Fcategories&post=62717"},{"taxonomy":"post_tag","embeddable":true,"href":"https:\/\/www.bibula.com\/index.php?rest_route=%2Fwp%2Fv2%2Ftags&post=62717"}],"curies":[{"name":"wp","href":"https:\/\/api.w.org\/{rel}","templated":true}]}}