{"id":62535,"date":"2012-10-28T18:17:21","date_gmt":"2012-10-28T23:17:21","guid":{"rendered":"http:\/\/www.bibula.com\/?p=62535"},"modified":"2012-10-28T18:17:21","modified_gmt":"2012-10-28T23:17:21","slug":"deklaracja-papieskiej-komisji-ecclesia-dei","status":"publish","type":"post","link":"https:\/\/www.bibula.com\/?p=62535","title":{"rendered":"Deklaracja Papieskiej Komisji Ecclesia Dei"},"content":{"rendered":"<p><strong>Papieska Komisja <em>Ecclesia Dei<\/em> korzysta z okazji, by og\u0142osi\u0107, \u017ce Bractwo Kap\u0142a\u0144skie \u015aw. Piusa X w swoim ostatnim oficjalnym komunikacie [skierowanym do komisji] (z dn. 6 wrze\u015bnia 2012 r.) zasygnalizowa\u0142o, \u017ce &#8211; aby przygotowa\u0107 odpowied\u017a na najnowsze propozycje Stolicy Apostolskiej &#8211; potrzebuje dodatkowego czasu na refleksj\u0119 i studium.<\/strong><\/p>\r\n<p><em><a href=\"http:\/\/news.fsspx.pl\/wp-content\/uploads\/images2.jpg\"><img decoding=\"async\" class=\"alignleft\" style=\"margin: 10px;\" title=\"ed2012\" src=\"http:\/\/news.fsspx.pl\/wp-content\/uploads\/images2.jpg\" alt=\"\" width=\"160\" height=\"159\" align=\"left\" \/><\/a><\/em>Obecny etap rozm\u00f3w pomi\u0119dzy Stolic\u0105 Apostolsk\u0105 a Bractwem poprzedzi\u0142y trzy lata debat doktrynalnych i teologicznych, podczas kt\u00f3rych osiem razy spotka\u0142a si\u0119 wsp\u00f3lna komisja, aby studiowa\u0107 i dyskutowa\u0107 m.in. nad kilkoma spornymi kwestiami dotycz\u0105cymi interpretacji niekt\u00f3rych dokument\u00f3w II Soboru Watyka\u0144skiego. Gdy debaty doktrynalne zosta\u0142y podsumowane, sta\u0142o si\u0119 mo\u017cliwe przej\u015bcie do fazy dyskusji bardziej bezpo\u015brednio ukierunkowanej na tak oczekiwane pojednanie Bractwa Kap\u0142a\u0144skiego \u015awi\u0119tego Piusa X ze Stolic\u0105 Piotrow\u0105.<\/p>\r\n<p>Inne prze\u0142omowe kroki w tym\u00a0 pozytywnym procesie stopniowej reintegracji zosta\u0142y poczynione przez Stolic\u0119 Apostolsk\u0105 ju\u017c w 2007 r., wraz z rozszerzeniem nadzwyczajnej formy rytu rzymskiego na [ca\u0142y] Ko\u015bci\u00f3\u0142 powszechny przez <em>motu proprio Summorum Pontificum<\/em>, oraz w 2009 r. poprzez zniesienie ekskomunik. Zaledwie przed kilkoma miesi\u0105cami zosta\u0142 osi\u0105gni\u0119ty kulminacyjny punkt na tej trudnej drodze, gdy 13 czerwca 2012 r. papieska komisja [<em>Ecclesia Dei<\/em>] przedstawi\u0142a Bractwu Kap\u0142a\u0144skiemu \u015aw. Piusa X deklaracj\u0119 doktrynaln\u0105 oraz projekt kanoniczej normalizacji jego statusu w Ko\u015bciele katolickim.<\/p>\r\n<p>Obecnie Stolica Apostolska oczekuje na oficjaln\u0105 reakcj\u0119 prze\u0142o\u017conych Bractwa na obydwa dokumenty. Jest zrozumia\u0142e, \u017ce po trwaj\u0105cym 30 lat oddzieleniu potrzeba czasu, aby przyswoi\u0107 wag\u0119 tych ostatnich wydarze\u0144. Poniewa\u017c Ojciec \u015awi\u0119ty Benedykt XVI pragnie wspiera\u0107 i strzec jedno\u015b\u0107 Ko\u015bcio\u0142a [r\u00f3wnie\u017c] przez urzeczywistnienie d\u0142ugo oczekiwanego pojednania Bractwa Kap\u0142a\u0144skiego \u015awi\u0119tego Piusa X ze Stolic\u0105 Piotrow\u0105 &#8211; dramatycznej manifestacji <em>munus Petrinum<\/em> (\u2018prymatu \u015bw. Piotra\u2019 &#8211; przyp. red.) w dzia\u0142aniu &#8211; potrzebne s\u0105 cierpliwo\u015b\u0107, spok\u00f3j, wytrwa\u0142o\u015b\u0107 i zaufanie.<\/p>\r\n<p>(\u017ar\u00f3d\u0142o: press.catholica.va, 28 pa\u017adziernika 2012).<\/p>","protected":false},"excerpt":{"rendered":"Papieska Komisja Ecclesia Dei korzysta z okazji, by og\u0142osi\u0107, \u017ce Bractwo Kap\u0142a\u0144skie \u015aw. Piusa X w swoim ostatnim oficjalnym komunikacie [skierowanym do komisji] (z dn. 6 wrze\u015bnia 2012 r.) zasygnalizowa\u0142o, \u017ce &#8211; aby przygotowa\u0107 odpowied\u017a na najnowsze propozycje Stolicy Apostolskiej &#8211; potrzebuje dodatkowego czasu na refleksj\u0119 i studium. Obecny etap rozm\u00f3w pomi\u0119dzy Stolic\u0105 Apostolsk\u0105 a [&hellip;]","protected":false},"author":1,"featured_media":0,"comment_status":"closed","ping_status":"closed","sticky":false,"template":"","format":"standard","meta":{"_acf_changed":false,"_monsterinsights_skip_tracking":false,"_monsterinsights_sitenote_active":false,"_monsterinsights_sitenote_note":"","_monsterinsights_sitenote_category":0,"ngg_post_thumbnail":0,"footnotes":"","_wp_rev_ctl_limit":""},"categories":[3],"tags":[32,41],"acf":[],"_links":{"self":[{"href":"https:\/\/www.bibula.com\/index.php?rest_route=\/wp\/v2\/posts\/62535"}],"collection":[{"href":"https:\/\/www.bibula.com\/index.php?rest_route=\/wp\/v2\/posts"}],"about":[{"href":"https:\/\/www.bibula.com\/index.php?rest_route=\/wp\/v2\/types\/post"}],"author":[{"embeddable":true,"href":"https:\/\/www.bibula.com\/index.php?rest_route=\/wp\/v2\/users\/1"}],"replies":[{"embeddable":true,"href":"https:\/\/www.bibula.com\/index.php?rest_route=%2Fwp%2Fv2%2Fcomments&post=62535"}],"version-history":[{"count":0,"href":"https:\/\/www.bibula.com\/index.php?rest_route=\/wp\/v2\/posts\/62535\/revisions"}],"wp:attachment":[{"href":"https:\/\/www.bibula.com\/index.php?rest_route=%2Fwp%2Fv2%2Fmedia&parent=62535"}],"wp:term":[{"taxonomy":"category","embeddable":true,"href":"https:\/\/www.bibula.com\/index.php?rest_route=%2Fwp%2Fv2%2Fcategories&post=62535"},{"taxonomy":"post_tag","embeddable":true,"href":"https:\/\/www.bibula.com\/index.php?rest_route=%2Fwp%2Fv2%2Ftags&post=62535"}],"curies":[{"name":"wp","href":"https:\/\/api.w.org\/{rel}","templated":true}]}}