{"id":62365,"date":"2012-10-25T11:53:39","date_gmt":"2012-10-25T16:53:39","guid":{"rendered":"http:\/\/www.bibula.com\/?p=62365"},"modified":"2012-10-25T11:53:39","modified_gmt":"2012-10-25T16:53:39","slug":"narod-dyskutuje-nad-tezami-stanislaw-michalkiewicz","status":"publish","type":"post","link":"https:\/\/www.bibula.com\/?p=62365","title":{"rendered":"Nar\u00f3d dyskutuje nad tezami &#8211; <em>Stanis\u0142aw Michalkiewicz<\/em>"},"content":{"rendered":"<p>Jeszcze nie przebrzmia\u0142y echa drugiego expose premiera Tuska, a ju\u017c przez nieszcz\u0119\u015bliwy kraj przetacza si\u0119 og\u00f3lnonarodowa dyskusja, niczym za komuny nad tezami, a w\u0142a\u015bciwie nie nad \u017cadnym \u201e<em>tezami<\/em>\u201d, tylko &#8211; nad uchwa\u0142ami kolejnego zjazdu PZPR Naszej Partii. Jak pami\u0119tamy, zjazdy podejmowa\u0142y solenne uchwa\u0142y, \u017ce &#8211; dajmy na to &#8211; w najbli\u017cszej pieciolatce partia wyprodukuje tyle to a tyle fajerek i tyle\u017c pogrzebaczy. Dop\u00f3ki ta uchwa\u0142a nie zapad\u0142a, dop\u00f3ki by\u0142y to tylko \u201e<em>tezy<\/em>\u201d, dop\u00f3ty trwa\u0142a og\u00f3lnonarodowa dyskusja, w kt\u00f3rej brali udzia\u0142 nie tylko partyjni, ale i bezpartyjni, nie tylko wierz\u0105cy, ale i niewierz\u0105cy (nawiasem m\u00f3wi\u0105c, ci \u201e<em>niewierz\u0105cy<\/em>\u201d te\u017c wierzyli, tyle tylko, \u017ce w marksismus-leninismus, a w ka\u017cdym razie &#8211; udawali \u017ce wierz\u0105 na przyk\u0142ad w to, \u017ce Boga nie ma. Jasne, \u201e<em>nie ma<\/em>\u201d, jak\u017ce by inaczej, podobnie jak Wojskowych S\u0142u\u017cb Informacyjnych, czy izraelskiej broni j\u0105drowej), \u017cywi i uma&#8230; &#8211; no, mniejsza z tym. W tej dyskusji \u015bciera\u0142y si\u0119 argumenty, czy dajmy na to, lepiej wyprodukowa\u0107 wi\u0119cej fajerek, a mniej pogrzebaczy &#8211; czy odwrotnie. Wypowiadali si\u0119 powa\u017cni ekonomi\u015bci, co to doktoryzowali si\u0119 i habilitowali z wy\u017cszo\u015bci \u015bwi\u0105t Bo\u017cego Narodzenia nad \u015bwi\u0119tami Wielkiej Nocy &#8211; ale \u017ce zdania by\u0142y podzielone w zale\u017cno\u015bci od tego, czy taki ekonomista by\u0142 podwi\u0105zany pod sekretarza z komitetu produkuj\u0105cego fajerki, czy te\u017c pod sekretarza z komitetu produkuj\u0105cego pogrzebacze &#8211; \u201e<em>tezy<\/em>\u201d w niezmienionej postaci trafia\u0142y pod obrady zjazdu, a tam delegaci je \u201e<em>uchwalali<\/em>\u201d i odt\u0105d nie by\u0142y ju\u017c one \u201e<em>tezami<\/em>\u201d, a stawa\u0142y si\u0119 \u201e<em>uchwa\u0142ami<\/em>\u201d, nad kt\u00f3rymi ju\u017c dyskutowa\u0142o si\u0119 inaczej &#8211; to znaczy &#8211; jak najlepiej przekuwa\u0107 je w czyn. Tak w\u0142a\u015bnie ko\u0144czy\u0142 swoje pozjazdowe przem\u00f3wienia i W\u0142adys\u0142aw Gomu\u0142ka i Edward Gierek: \u201e<em>A teraz do pracy i do walki, towarzysze! Do przekuwania w czyn uchwa\u0142 zjazdu naszej partii!<\/em>\u201d &#8211; po czym delegaci si\u0119 rozje\u017cd\u017cali, ka\u017cdy z pakunkiem kie\u0142basy ze specjalnej, \u201e<em>zjazdowej puli mi\u0119snej<\/em>\u201d, \u017ceby nabra\u0107 si\u0142 do kierowania dyskusj\u0105 na temat \u201e<em>przekuwania w czyn<\/em>\u201d. Z rzeczywisto\u015bci\u0105 nie mia\u0142o to oczywi\u015bcie nic wsp\u00f3lnego, bo w mi\u0119dzyczasie towarzysze radzieccy kazali produkowa\u0107 co\u015b zupe\u0142nie innego, na przyk\u0142ad &#8211; m\u0142ynki do mielenia po\u017cywnej soli &#8211; ale co si\u0119 nar\u00f3d nadyskutowa\u0142, to si\u0119 nadyskutowa\u0142!<\/p>\r\n<p>Oczywi\u015bcie przodowa\u0142y w tym media, podobnie zreszt\u0105, jak i teraz &#8211; a symbolem tej chwalebnej ci\u0105g\u0142o\u015bci by\u0142a obecno\u015b\u0107 premiera Donalda Tuska u znanego z \u017carliwego obiektywizmu pana red. Lisa Tomasza z pa\u0144stwowej telewizji, kt\u00f3ra prowadzi prawdziw\u0105 hodowl\u0119 Lis\u00f3w. Pan red. Lis ju\u017c nie wiedzia\u0142, jak si\u0119 premieru Tusku podliza\u0107 &#8211; oczywi\u015bcie stwarzaj\u0105c wra\u017cenie \u017carliwego obiektywizmu, a nawet &#8211; krytycyzmu w stylu znanym z bajki pozbawionego z\u0142udze\u0144 ksi\u0119dza biskupa Ignacego Krasickiego. Bajka opowiada, jak to pewnego dnia Lew za\u017c\u0105da\u0142, by zwierz\u0119ta go skrytykowa\u0142y. Wi\u0119c Lis (ciekawe, czy to nie jaki\u015b krewny pana red. Lisa?) skrytykowa\u0142 Lwa, \u017ce jest \u201e<em>zbyt hojny, zbyt \u0142askaw, zbytnio dobroczynny<\/em>\u201d &#8211; i tak dalej. Lwu ta krytyka bardzo przypad\u0142a do przekonania i nagrodzi\u0142 Lisa tak samo hojnie, jak prezes Braun w pa\u0144stwowej telewizji pana redaktora Tomasza Lisa i jego ma\u0142\u017conk\u0119 Hann\u0119 Lisow\u0105 (co mu szkodzi, nie daje ze swego!), podczas gdy Owc\u0119, kt\u00f3ra krzykn\u0119\u0142a: \u201e<em>okrutny\u015b \u017car\u0142ok, tyran!<\/em>\u201d &#8211; rozszarpa\u0142 na miejscu, jakby by\u0142a jakim\u015b Staruchowiczem.<\/p>\r\n<p>Funkcjonariusze poprzebierani za dziennikarzy niezale\u017cnych medi\u00f3w drobniejszego p\u0142azu onanizuj\u0105 si\u0119 natomiast programem demograficznego o\u017cywienia, zaprezentowanym przez premiera Tuska. W szczeg\u00f3lno\u015bci &#8211; rocznymi urlopami macierzy\u0144skimi i tacierzy\u0144skimi &#8211; od kt\u00f3rych mn\u00f3stwo dzieci ma si\u0119 poczyna\u0107, \u017ceby potem dziwnie osobliwa trz\u00f3dka pos\u0142a Palikota mia\u0142a co abortowa\u0107. Dzieci, kt\u00f3re nie zostan\u0105 wyabortowane, pozostan\u0105 natomiast pod opiek\u0105 matki albo tatki, kt\u00f3rzy b\u0119d\u0105 mogli ubiega\u0107 si\u0119 o roczny urlop. Ciekawe, czy w tej sytuacji znajdzie si\u0119 jeszcze jaki\u015b pracodawca, kt\u00f3ry odwa\u017cy si\u0119 zatrudni\u0107 kobiet\u0119, a nawet m\u0119\u017cczyzn\u0119; oczyma duszy ju\u017c widz\u0119 walk\u0119 o wprowadzenie szalenie radykalnych parytet\u00f3w, w nast\u0119pstwie kt\u00f3rej przedsi\u0119biorcy albo przejd\u0105 na zasi\u0142ek dla bezrobotnych, schroni\u0105 si\u0119 w szarej strefie, albo opuszcz\u0105 nasz nieszcz\u0119\u015bliwy kraj, realizuj\u0105c w ten spos\u00f3b program \u201e<em>Mitteleuropa<\/em>\u201d, jaki Niemcy obmy\u015bli\u0142y dla Europy \u015arodkowej jeszcze w roku 1915.<\/p>\r\n<p>Wydawa\u0107 by si\u0119 mog\u0142o, \u017ce pan premier jest ju\u017c du\u017cym ch\u0142opczykiem i powinien wiedzie\u0107 r\u00f3\u017cne rzeczy, np., \u017ce je\u015bli pracownika nie by\u0142o przez ca\u0142y rok, a firma si\u0119 nie zawali\u0142a, to znaczy, \u017ce taki pracownik nie jest jej potrzebny &#8211; ale mo\u017ce on takich rzeczy ju\u017c nie wie, bo przecie\u017c nigdy normalnie nie pracowa\u0142, poza epizodem wysoko\u015bciowym &#8211; ale to by\u0142o tak dano, \u017ce rzeczywi\u015bcie: mo\u017cna by\u0142o zapomnie\u0107. W og\u00f3le wszyscy dyskutuj\u0105cy nad tezami sprawiaj\u0105 wra\u017cenie, jakby zwariowali; bredz\u0105 o \u201e<em>\u017c\u0142obkach<\/em>\u201d i \u201e<em>przedszkolach<\/em>\u201d, kt\u00f3re rz\u0105d ma postroi\u0107 ogromnym nak\u0142adem \u015brodk\u00f3w &#8211; a \u017caden nawet si\u0119 nie zaj\u0105knie o potrzebie przywr\u00f3cenia rodziny wielopokoleniowej, w kt\u00f3rej i dzieci by\u0142y zadbane i rodzice nie potrzebowali \u017cadnych rocznych urlop\u00f3w. Z drugiej strony wiadomo, \u017ce w takiej dyskusji nie chodzi wcale o \u017cadn\u0105 konkluzj\u0119, tylko o wywo\u0142anie wra\u017cenia, \u017ce pan premier i szajka zwana \u201e<em>rz\u0105dem<\/em>\u201d dobrze chce i jest kompetentna.<\/p>\r\n<p>Tymczasem ca\u0142e expose to by\u0142 tylko las zasadzony przez premiera Tuska po to, by ukry\u0107 w nim li\u015b\u0107 w postaci sp\u00f3\u0142ki \u201e<em>Inwestycje Polskie<\/em>\u201d z bud\u017cetem 40 mld z\u0142, b\u0119d\u0105cej darem przeb\u0142agalnym dla bezpieczniak\u00f3w, \u017ceby za t\u0119 \u0142ap\u00f3wk\u0119 pozostawili go na posadzie premiera przynajmniej do roku 2015. W tej sytuacji nie wypada nawet pyta\u0107, sk\u0105d w\u0142a\u015bciwie rz\u0105d we\u017amie 800 miliard\u00f3w z\u0142otych na pa\u0144stwowe inwestycje &#8211; bo wiadomo, \u017ce co najmniej na tak\u0105 kwot\u0119 b\u0119dzie pr\u00f3bowa\u0142 obrabowa\u0107 nas &#8211; chocia\u017c jedn\u0105 wa\u017cn\u0105 informacj\u0119 mo\u017cna z expose wydestylowa\u0107 &#8211; t\u0119 mianowicie, i\u017c szajka nazywaj\u0105ca si\u0119 rz\u0105dem uwa\u017ca obywateli naszego nieszcz\u0119\u015bliwego kraju za idiot\u00f3w &#8211; bo pyta, czy pomo\u017cemy. Wi\u0119c jak? Pomo\u017cemy?<\/p>\r\n<p><strong><em>Stanis\u0142aw Michalkiewicz<\/em><\/strong><\/p>\r\n<p>Felieton \u00a0<strong>\u2022<\/strong>\u00a0 tygodnik \u201eNasza Polska\u201d \u00a0<strong>\u2022<\/strong>\u00a0 24 pa\u017adziernika 2012<\/p>\r\n<p><em>Sta\u0142y komentarz Stanis\u0142awa Michalkiewicza ukazuje si\u0119 w ka\u017cdym numerze tygodnika \u201eNasza Polska\u201d.<\/em><\/p>","protected":false},"excerpt":{"rendered":"Jeszcze nie przebrzmia\u0142y echa drugiego expose premiera Tuska, a ju\u017c przez nieszcz\u0119\u015bliwy kraj przetacza si\u0119 og\u00f3lnonarodowa dyskusja, niczym za komuny nad tezami, a w\u0142a\u015bciwie nie nad \u017cadnym \u201etezami\u201d, tylko &#8211; nad uchwa\u0142ami kolejnego zjazdu PZPR Naszej Partii. Jak pami\u0119tamy, zjazdy podejmowa\u0142y solenne uchwa\u0142y, \u017ce &#8211; dajmy na to &#8211; w najbli\u017cszej pieciolatce partia wyprodukuje tyle [&hellip;]","protected":false},"author":1,"featured_media":0,"comment_status":"closed","ping_status":"closed","sticky":false,"template":"","format":"standard","meta":{"_acf_changed":false,"_monsterinsights_skip_tracking":false,"_monsterinsights_sitenote_active":false,"_monsterinsights_sitenote_note":"","_monsterinsights_sitenote_category":0,"ngg_post_thumbnail":0,"footnotes":"","_wp_rev_ctl_limit":""},"categories":[9],"tags":[92,34,20],"acf":[],"_links":{"self":[{"href":"https:\/\/www.bibula.com\/index.php?rest_route=\/wp\/v2\/posts\/62365"}],"collection":[{"href":"https:\/\/www.bibula.com\/index.php?rest_route=\/wp\/v2\/posts"}],"about":[{"href":"https:\/\/www.bibula.com\/index.php?rest_route=\/wp\/v2\/types\/post"}],"author":[{"embeddable":true,"href":"https:\/\/www.bibula.com\/index.php?rest_route=\/wp\/v2\/users\/1"}],"replies":[{"embeddable":true,"href":"https:\/\/www.bibula.com\/index.php?rest_route=%2Fwp%2Fv2%2Fcomments&post=62365"}],"version-history":[{"count":0,"href":"https:\/\/www.bibula.com\/index.php?rest_route=\/wp\/v2\/posts\/62365\/revisions"}],"wp:attachment":[{"href":"https:\/\/www.bibula.com\/index.php?rest_route=%2Fwp%2Fv2%2Fmedia&parent=62365"}],"wp:term":[{"taxonomy":"category","embeddable":true,"href":"https:\/\/www.bibula.com\/index.php?rest_route=%2Fwp%2Fv2%2Fcategories&post=62365"},{"taxonomy":"post_tag","embeddable":true,"href":"https:\/\/www.bibula.com\/index.php?rest_route=%2Fwp%2Fv2%2Ftags&post=62365"}],"curies":[{"name":"wp","href":"https:\/\/api.w.org\/{rel}","templated":true}]}}