{"id":62202,"date":"2012-10-19T20:45:40","date_gmt":"2012-10-20T01:45:40","guid":{"rendered":"http:\/\/www.bibula.com\/?p=62202"},"modified":"2012-10-19T20:45:40","modified_gmt":"2012-10-20T01:45:40","slug":"oswiadczenie-prezydium-konferencji-episkopatu-polski","status":"publish","type":"post","link":"https:\/\/www.bibula.com\/?p=62202","title":{"rendered":"O\u015bwiadczenie Prezydium Konferencji Episkopatu Polski"},"content":{"rendered":"<p><strong>Warszawa, 19.10.2012 r.<\/strong><\/p>\r\n<p>W zwi\u0105zku z tocz\u0105c\u0105 si\u0119 spo\u0142eczn\u0105 dyskusj\u0105 i pr\u00f3bami wywierania nacisku na pos\u0142\u00f3w, jakie mia\u0142y miejsce przy okazji prac Sejmu RP nad nowelizacj\u0105 obowi\u0105zuj\u0105cej ustawy o planowaniu rodziny, ochronie p\u0142odu ludzkiego i warunkach dopuszczalno\u015bci przerywania ci\u0105\u017cy, Prezydium Konferencji Episkopatu Polski przypomina o konieczno\u015bci poszanowania wolno\u015bci sumienia pos\u0142\u00f3w i senator\u00f3w podczas g\u0142osowania w parlamencie.<\/p>\r\n<p>Ko\u015bci\u00f3\u0142 broni godno\u015bci i prawa do \u017cycia ka\u017cdego cz\u0142owieka, w tym wszystkich os\u00f3b niepe\u0142nosprawnych, a tak\u017ce nienarodzonych dotkni\u0119tych wadami genetycznymi. Dlatego z uznaniem przyjmuje prace nad wykre\u015bleniem cz\u0119\u015bci zapisu wspomnianej ustawy, tak by pozwoli\u0142a uchroni\u0107 \u017cycie os\u00f3b z zaburzeniami genetycznymi. Mowa tu o dzieciach z zespo\u0142em Downa, Turnera, Retta i innymi z grupy ponad 20 tys. znanych schorze\u0144 genetycznych. Osoby te s\u0105 cenne dla dobra ka\u017cdego spo\u0142ecze\u0144stwa, st\u0105d wa\u017cne jest tworzenie dla nich oraz dla ich rodzic\u00f3w jak najbardziej przyjaznego klimatu spo\u0142ecznego. Dzieci ze schorzeniami genetycznymi maj\u0105 prawo do tego, by &#8211; tak jak wszyscy inni ludzie &#8211; urodzi\u0107 si\u0119 i \u017cy\u0107 w\u015br\u00f3d nas, by kocha\u0107 i by\u0107 kochanymi.<\/p>\r\n<p>Ko\u015bci\u00f3\u0142 nie stanowi prawa w Polsce, ale domaga si\u0119 pe\u0142nego poszanowania wolno\u015bci sumienia parlamentarzyst\u00f3w w g\u0142osowaniach. Wyra\u017ca te\u017c wdzi\u0119czno\u015b\u0107 wszystkim, kt\u00f3rzy bronili i b\u0119d\u0105 broni\u0107 \u017cycia od pocz\u0119cia do naturalnej \u015bmierci.<\/p>\r\n<p>ks. abp J\u00f3zef Michalik, Metropolita Przemyski, Przewodnicz\u0105cy KEP ks. abp Stanis\u0142aw G\u0105decki,<\/p>\r\n<p class=\"zrodlo\">Za: <a href=\"http:\/\/www.naszdziennik.pl\/wp\/12860,oswiadczenie-prezydium-konferencji-episkopatu-polski.html\">Nasz Dziennik, Sobota-Niedziela, 20-21 pa\u017adziernika 2012, Nr 246 (4481)<\/a><\/p>\r\n<blockquote>\r\n<h2>Zamach na wolno\u015b\u0107 sumienia<\/h2>\r\n<p><strong>Prezydium Konferencji Episkopatu Polski wyra\u017ca zdecydowany sprzeciw wobec tzw. dyscypliny partyjnej, kt\u00f3ra wi\u0105\u017ce sumienia pos\u0142om przeciwnym aborcji<\/strong><\/p>\r\n<p>Ksi\u0119\u017ca biskupi z przewodnicz\u0105cym KEP ks. abp. J\u00f3zefem Michalikiem na czele w zdecydowany spos\u00f3b odnie\u015bli si\u0119 do pr\u00f3b wywierania nacisku na pos\u0142\u00f3w, jakie wyst\u0105pi\u0142y przy okazji prac nad nowelizacj\u0105 ustawy chroni\u0105cej od pocz\u0119cia dzieci niepe\u0142nosprawne oraz dotkni\u0119te wadami genetycznymi. W specjalnym o\u015bwiadczeniu przypomnieli o konieczno\u015bci poszanowania wolno\u015bci sumienia pos\u0142\u00f3w i senator\u00f3w podczas g\u0142osowania w parlamencie.<\/p>\r\n<table class=\"outset\" style=\"width: 468px; height: 321px;\" align=\"center\">\r\n<tbody>\r\n<tr>\r\n<td><img fetchpriority=\"high\" decoding=\"async\" class=\"aligncenter\" src=\"http:\/\/m3.naszdziennik.pl\/z\/450,253,eed1b8da97f198007ae7a10e9c97ac50e25f914d.jpg\" alt=\"\" width=\"395\" height=\"253\" \/><\/td>\r\n<\/tr>\r\n<tr>\r\n<td>\r\n<p class=\"zrodlo\">Prezydent Komorowski, bardzo ch\u0119tnie pokazuj\u0105cy si\u0119 na uroczysto\u015bciach ko\u015bcielnych, przyjmuj\u0105cy Komuni\u0119 \u015bw. w\u015bwietle kamer, wezwa\u0142 PO do obrony za wszelk\u0105 cen\u0119 tzw. kompromisu aborcyjnego w Polsce (FOT. R. SOBKOWICZ)<\/p>\r\n<\/td>\r\n<\/tr>\r\n<\/tbody>\r\n<\/table>\r\n<p>&#8211; Prezydium zaj\u0119\u0142o stanowisko w zwi\u0105zku z tocz\u0105c\u0105 si\u0119 dyskusj\u0105 spo\u0142eczn\u0105, ale tak\u017ce w kontek\u015bcie pewnych pr\u00f3b wywierania nacisku na pos\u0142\u00f3w przy okazji prac Sejmu nad nowelizacj\u0105 ustawy z 1993 r. &#8211; podkre\u015bli\u0142, odnosz\u0105c si\u0119 do wydanego wczoraj stanowiska, ks. J\u00f3zef Kloch, rzecznik KEP. &#8211; Biskupi, Prezydium z uznaniem przyj\u0119li prace nad wykre\u015bleniem cz\u0119\u015bci zapisu wspomnianej ustawy tak, by pozwoli\u0142a ona chroni\u0107 \u017cycie os\u00f3b z zaburzeniami genetycznymi &#8211; doda\u0142.<\/p>\r\n<p>&#8222;Ko\u015bci\u00f3\u0142 nie stanowi prawa w Polsce &#8211; ale domaga si\u0119 pe\u0142nego poszanowania wolno\u015bci sumienia parlamentarzyst\u00f3w w g\u0142osowaniach&#8221; &#8211; czytamy w o\u015bwiadczeniu Prezydium KEP. Etyk ks. prof. Pawe\u0142 Bortkiewicz TChr w rozmowie z &#8222;Naszym Dziennikiem&#8221; podkre\u015bla, \u017ce dyscyplina partyjna w kwestiach \u015bwiatopogl\u0105dowych jest skrajnie nieetyczna. &#8211; W sprawach \u015bwiatopogl\u0105dowych nie powinno by\u0107 mowy o tzw. dyscyplinie partyjnej, a jej narzucenie w gruncie rzeczy to \u0142amanie wolno\u015bci sumienia &#8211; stwierdza ks. prof. Bortkiewicz. Zaznacza, \u017ce nad warto\u015bciami nie powinno si\u0119 debatowa\u0107, warto\u015bci trzeba wydobywa\u0107 moc\u0105 suwerennego sumienia i ich broni\u0107. Zwraca uwag\u0119, \u017ce \u017cyjemy w dobie, w kt\u00f3rej cz\u0119sto odwo\u0142ujemy si\u0119 do potrzeby wolno\u015bci sumienia, m\u00f3wimy o wolno\u015bci wyznania, wolno\u015bci religijnej, wolno\u015bci s\u0142owa. &#8211; Tymczasem w przestrzeni \u017cycia publicznego dokonuje si\u0119 w spos\u00f3b ewidentny naruszenia tej wolno\u015bci, pod sankcjami finansowymi czy te\u017c dyscyplinarnymi, nawet wykluczeniem z klubu. To jest przyk\u0142ad \u0142amania prawa wolno\u015bci sumienia &#8211; podkre\u015bla ksi\u0105dz profesor. Zwraca jednocze\u015bnie uwag\u0119, \u017ce w sprawach dotycz\u0105cych m.in. g\u0142osowania nad ochron\u0105 \u017cycia pocz\u0119tego nale\u017cy kierowa\u0107 si\u0119 sumieniem pewnym i prawdziwym, czyli takim, kt\u00f3re opiera si\u0119 na autentycznym obiektywnym dobru. A prawid\u0142owo uformowane sumienie zawsze b\u0119dzie broni\u0107 godno\u015bci i prawa do \u017cycia ka\u017cdego cz\u0142owieka, w tym wszystkich os\u00f3b niepe\u0142nosprawnych, tak\u017ce nienarodzonych.<\/p>\r\n<p>Tak jasny i wyra\u017any g\u0142os biskup\u00f3w chroni\u0105cy wolno\u015b\u0107 sumienia pos\u0142\u00f3w jest dzi\u015b bardzo potrzebny, zwraca uwag\u0119 Mariusz Dzier\u017cawski z Fundacji PRO &#8211; Prawo do \u0179ycia. &#8211; Trwa brutalna akcja wymierzona przeciwko wolno\u015bci sumienia, zw\u0142aszcza pos\u0142\u00f3w PO, kt\u00f3rzy g\u0142osowali za prawn\u0105 ochron\u0105 od pocz\u0119cia \u017cycia dzieci niepe\u0142nosprawnych. Wypowiedzi w tej kwestii najwy\u017cszych w\u0142adz pa\u0144stwowych, prezydenta i premiera to skandal. Bardzo wa\u017cne jest, \u017ce w obronie podstawowych swob\u00f3d obywatelskich stan\u0119li ksi\u0119\u017ca biskupi &#8211; podkre\u015bla w rozmowie z &#8222;Naszym Dziennikiem&#8221; Dzier\u017cawski. Fundacja pikietowa\u0142a w zwi\u0105zku z t\u0105 spraw\u0105 przed Pa\u0142acem Prezydenckim w Warszawie, odby\u0142y si\u0119 te\u017c pikiety we Wroc\u0142awiu i w Lublinie. &#8211; B\u0119d\u0105 kolejne &#8211; zapowiada Dzier\u017cawski. &#8211; T\u0105 akcj\u0105 zamierzamy obj\u0105\u0107 ca\u0142\u0105 Polsk\u0119. Pikiety b\u0119d\u0105 organizowane pod biurami poselskimi tych pos\u0142\u00f3w, kt\u00f3rzy g\u0142osowali za zabijaniem dzieci niepe\u0142nosprawnych &#8211; m\u00f3wi. Zwraca uwag\u0119, \u017ce postawa pos\u0142\u00f3w chrze\u015bcija\u0144skich, katolik\u00f3w w sprawie \u017cycia musi by\u0107 jednoznaczna, je\u017celi jest przeciwna \u017cyciu, \u015bwiadczy o \u017ale ukszta\u0142towanym sumieniu.<\/p>\r\n<p><strong><em>Ma\u0142gorzata Bochenek<\/em><\/strong><\/p>\r\n<p class=\"zrodlo\">Za: <a href=\"http:\/\/www.naszdziennik.pl\/wp\/12869,zamach-na-wolnosc-sumienia.html\">Nasz Dziennik, \u00a0Sobota-Niedziela, 20-21 pa\u017adziernika 2012, Nr 246 (4481) <\/a><\/p>\r\n<\/blockquote>","protected":false},"excerpt":{"rendered":"Warszawa, 19.10.2012 r. W zwi\u0105zku z tocz\u0105c\u0105 si\u0119 spo\u0142eczn\u0105 dyskusj\u0105 i pr\u00f3bami wywierania nacisku na pos\u0142\u00f3w, jakie mia\u0142y miejsce przy okazji prac Sejmu RP nad nowelizacj\u0105 obowi\u0105zuj\u0105cej ustawy o planowaniu rodziny, ochronie p\u0142odu ludzkiego i warunkach dopuszczalno\u015bci przerywania ci\u0105\u017cy, Prezydium Konferencji Episkopatu Polski przypomina o konieczno\u015bci poszanowania wolno\u015bci sumienia pos\u0142\u00f3w i senator\u00f3w podczas g\u0142osowania w [&hellip;]","protected":false},"author":1,"featured_media":0,"comment_status":"closed","ping_status":"closed","sticky":false,"template":"","format":"standard","meta":{"_acf_changed":false,"_monsterinsights_skip_tracking":false,"_monsterinsights_sitenote_active":false,"_monsterinsights_sitenote_note":"","_monsterinsights_sitenote_category":0,"ngg_post_thumbnail":0,"footnotes":"","_wp_rev_ctl_limit":""},"categories":[5],"tags":[94,92],"acf":[],"_links":{"self":[{"href":"https:\/\/www.bibula.com\/index.php?rest_route=\/wp\/v2\/posts\/62202"}],"collection":[{"href":"https:\/\/www.bibula.com\/index.php?rest_route=\/wp\/v2\/posts"}],"about":[{"href":"https:\/\/www.bibula.com\/index.php?rest_route=\/wp\/v2\/types\/post"}],"author":[{"embeddable":true,"href":"https:\/\/www.bibula.com\/index.php?rest_route=\/wp\/v2\/users\/1"}],"replies":[{"embeddable":true,"href":"https:\/\/www.bibula.com\/index.php?rest_route=%2Fwp%2Fv2%2Fcomments&post=62202"}],"version-history":[{"count":0,"href":"https:\/\/www.bibula.com\/index.php?rest_route=\/wp\/v2\/posts\/62202\/revisions"}],"wp:attachment":[{"href":"https:\/\/www.bibula.com\/index.php?rest_route=%2Fwp%2Fv2%2Fmedia&parent=62202"}],"wp:term":[{"taxonomy":"category","embeddable":true,"href":"https:\/\/www.bibula.com\/index.php?rest_route=%2Fwp%2Fv2%2Fcategories&post=62202"},{"taxonomy":"post_tag","embeddable":true,"href":"https:\/\/www.bibula.com\/index.php?rest_route=%2Fwp%2Fv2%2Ftags&post=62202"}],"curies":[{"name":"wp","href":"https:\/\/api.w.org\/{rel}","templated":true}]}}