{"id":62019,"date":"2012-10-15T08:48:07","date_gmt":"2012-10-15T13:48:07","guid":{"rendered":"http:\/\/www.bibula.com\/?p=62019"},"modified":"2012-10-15T08:48:07","modified_gmt":"2012-10-15T13:48:07","slug":"jednak-blokada-portu-w-swinoujsciu-zbigniew-kuzmiuk","status":"publish","type":"post","link":"https:\/\/www.bibula.com\/?p=62019","title":{"rendered":"Jednak blokada portu w \u015awinouj\u015bciu &#8211; <em>Zbigniew Ku\u017amiuk<\/em>"},"content":{"rendered":"<p>1. Zaledwie tydzie\u0144 temu Rosjanie i Niemcy \u015bwi\u0119towali uruchomienie II nitki Gazoci\u0105gu P\u00f3\u0142nocnego, co ca\u0142kiem bezkrytycznie przekaza\u0142a wi\u0119kszo\u015b\u0107 medi\u00f3w w Polsce, a tu nagle b\u0119d\u0105ca wr\u0119cz tub\u0105 propagandow\u0105 rz\u0105du Tuska, Gazeta Wyborcza, odpala artyku\u0142 Andrzeja Kublika \u201eRura grzebie \u015awinouj\u015bcie\u201d.<\/p>\r\n<p>Autor wprost pisze, \u017ce polski rz\u0105d zosta\u0142 oszukany przez Niemc\u00f3w, kt\u00f3rzy wprawdzie zakopali gazow\u0105 rur\u0119 na odcinku prawie 24 metr\u00f3w ale tylko tym przecinaj\u0105cym zachodni tor podej\u015bciowy do \u015awinouj\u015bcia.<\/p>\r\n<p>Natomiast na odcinku przecinaj\u0105cym p\u00f3\u0142nocny tor podej\u015bciowy do \u015awinouj\u015bcia przesuni\u0119to tylko gazow\u0105 rur\u0119 na g\u0142\u0119bsze wody ale na spornym a\u017c 5 kilometrowym odcinku jej nie zakopano, sugeruj\u0105c, \u017ce zrobi si\u0119 to w przysz\u0142o\u015bci jak port w \u015awinouj\u015bciu zg\u0142osi tak\u0105 potrzeb\u0119.<\/p>\r\n<p>2. Przypomnimy tylko, \u017ce budowa pierwszej nitki Gazoci\u0105gu p\u00f3\u0142nocnego trwa\u0142a niewiele ponad rok (rozpocz\u0119\u0142a si\u0119 w kwietniu 2010 roku, a zako\u0144czona zosta\u0142a w lipcu 2011) i kosztowa\u0142a oko\u0142o 5,4 mld euro.<\/p>\r\n<p>Budowa drugiej, zosta\u0142a zrealizowana jeszcze szybciej, do ko\u0144ca ko\u0144ca wrze\u015bnia 2012 roku, kosztowa\u0142a podobn\u0105 kwot\u0119, ca\u0142o\u015b\u0107 koszt\u00f3w Gazoci\u0105gu P\u00f3\u0142nocnego zamknie si\u0119 wi\u0119c sum\u0105 oko\u0142o 11 mld euro.<\/p>\r\n<p>Jest to wi\u0119c koszt blisko 10 &#8211; razy wy\u017cszy od koszt\u00f3w rozbudowy Gazoci\u0105gu Jamalskiego przebiegaj\u0105cego przez Polsk\u0119, kt\u00f3ry by\u0142 szacowany przed rozpocz\u0119ciem tej morskiej inwestycji na oko\u0142o tylko na oko\u0142o 2 mld USD. Rosjanie i Niemcy byli jednak gotowi wy\u0142o\u017cy\u0107 znacznie wi\u0119ksze pieni\u0105dze aby tylko Polsk\u0119 omin\u0105\u0107.<\/p>\r\n<p>Pierwsz\u0105 nitk\u0105 Gazprom przesy\u0142a ju\u017c 27 mld m<sup>3<\/sup> gazu czemu zreszt\u0105 niespecjalnie trzeba si\u0119 dziwi\u0107, bo udzia\u0142owcami konsorcjum, kt\u00f3re gazoci\u0105g budowa\u0142y, by\u0142y firmy niemieckie, francuskie i holenderskie, a te kraje importuj\u0105 znaczne ilo\u015bci rosyjskiego gazu.<\/p>\r\n<p>Druga nitka jest na razie w fazie rozruchu ale kontraktowanie dostawc\u00f3w na Zachodzie trwa w najlepsze wi\u0119c pewnie i ona b\u0119dzie bardzo szybko w pe\u0142ni wykorzystana, ale i tak tak droga inwestycja b\u0119dzie si\u0119 amortyzowa\u0107 przez dziesi\u0105tki lat.<\/p>\r\n<p>3. Z jak\u0105 determinacj\u0105 ta inwestycja by\u0142a przygotowywana i realizowana zar\u00f3wno przez Rosj\u0119 jak i przez Niemcy wida\u0107 po politykach, kt\u00f3rzy zostali w to przedsi\u0119wzi\u0119cie zaanga\u017cowani. Wystarczy wymieni\u0107 by\u0142ego Kanclerza Niemiec Gerharda Schroedera czy by\u0142ego Premiera Finlandii Paavo Lipponena.<\/p>\r\n<p>W marcu 2011 roku roku szwedzki dziennik \u201eDagenes Nyheter\u201d, korzystaj\u0105c z materia\u0142\u00f3w portalu Wiki Leaks napisa\u0142, \u017ce Rosja wykorzysta\u0142a pieni\u0105dze, s\u0142u\u017cby specjalne oraz polityk\u0119 i polityk\u00f3w \u017ceby przeforsowa\u0107 budow\u0119 Gazoci\u0105gu P\u00f3\u0142nocnego, wr\u0119cz wymuszaj\u0105c w krajach skandynawskich brak sprzeciwu wobec tej inwestycji. Podobnie oddzia\u0142ywano na pa\u0144stwa nadba\u0142tyckie i niestety nasz kraj Polsk\u0119.<\/p>\r\n<p>Maj\u0105c przeciwko sobie dwa wielkie kraje, kt\u00f3re jak z tego wynika u\u017cywa\u0142y legalnych i nielegalnych oddzia\u0142ywa\u0144 aby t\u0119 inwestycj\u0119 forsowa\u0107 pewnie musia\u0142o si\u0119 to sko\u0144czy\u0107 jak si\u0119 sko\u0144czy\u0142o, cho\u0107 rz\u0105d Tuska zrezygnowa\u0142 z przeciwdzia\u0142ania tej inwestycji na forum europejskim (a by\u0142a przecie\u017c przyj\u0119ta rezolucja opracowana przez Komisj\u0119 Petycji i jej szefa europos\u0142a Libickiego), kt\u00f3ra dawa\u0142a podstawy do takich dzia\u0142a\u0144.<\/p>\r\n<p>Jednak w zasadzie brak reakcji naszego rz\u0105du na spos\u00f3b realizacji tej inwestycji na wysoko\u015bci naszego portu w \u015awinouj\u015bciu, doprowadzi\u0142 do tego, \u017ce gaz p\u0142ynie ju\u017c obydwoma rurami i trudno nawet sobie wyobrazi\u0107, \u017ceby ktokolwiek mia\u0142 zamiar pomaga\u0107 potowi w \u015awinouj\u015bciu i je zakopywa\u0107.<\/p>\r\n<p>4. A ile\u017c to by\u0142o zapewnie\u0144 premiera Tuska po spotkaniach z sam\u0105 Angel\u0105 Merkel czy ministra Sikorskiego, kt\u00f3ry wielokrotnie na spotkaniach z dziennikarzami wyja\u015bnia\u0142 jak to dzi\u0119ki dobrym stosunkom z Niemcami, uda\u0142o nam si\u0119 za\u0142atwi\u0107 i ten dra\u017cliwy temat.<\/p>\r\n<p>A tu Niemcy bez \u017c\u0105dnych skrupu\u0142\u00f3w zafundowali nam gazoci\u0105g, kt\u00f3ry nie tylko zak\u0142ada mam p\u0119tl\u0119 na szyj\u0119, bo Rosjanie mog\u0105 nam ju\u017c przykr\u0119ca\u0107 kurek z gazem wed\u0142ug w\u0142asnego uznania (eksport gazu na Zach\u00f3d Jama\u0142em biegn\u0105cym przez Polsk\u0119, nie jest ju\u017c im do niczego potrzebny) ale tak\u017ce powa\u017cnie utrudni\u0105 dostawy gazu do gazoportu w \u015awinouj\u015bciu i dost\u0119p do tego portu du\u017cych statk\u00f3w.<\/p>\r\n<p>Zastanawia tylko w tej sprawie to, \u017ce Gazeta Wyborcza tak\u017ce si\u0119 za ekip\u0119 Tuska zabra\u0142a, czy\u017cby poczu\u0142a ju\u017c zmian\u0119 wiatr\u00f3w?\u00a0<\/p>\r\n<p><strong><em>Zbigniew Ku\u017amiuk<\/em><\/strong><\/p>","protected":false},"excerpt":{"rendered":"1. Zaledwie tydzie\u0144 temu Rosjanie i Niemcy \u015bwi\u0119towali uruchomienie II nitki Gazoci\u0105gu P\u00f3\u0142nocnego, co ca\u0142kiem bezkrytycznie przekaza\u0142a wi\u0119kszo\u015b\u0107 medi\u00f3w w Polsce, a tu nagle b\u0119d\u0105ca wr\u0119cz tub\u0105 propagandow\u0105 rz\u0105du Tuska, Gazeta Wyborcza, odpala artyku\u0142 Andrzeja Kublika \u201eRura grzebie \u015awinouj\u015bcie\u201d. Autor wprost pisze, \u017ce polski rz\u0105d zosta\u0142 oszukany przez Niemc\u00f3w, kt\u00f3rzy wprawdzie zakopali gazow\u0105 rur\u0119 na [&hellip;]","protected":false},"author":1,"featured_media":0,"comment_status":"closed","ping_status":"closed","sticky":false,"template":"","format":"standard","meta":{"_acf_changed":false,"_monsterinsights_skip_tracking":false,"_monsterinsights_sitenote_active":false,"_monsterinsights_sitenote_note":"","_monsterinsights_sitenote_category":0,"ngg_post_thumbnail":0,"footnotes":"","_wp_rev_ctl_limit":""},"categories":[9],"tags":[166,89,92,141,104],"acf":[],"_links":{"self":[{"href":"https:\/\/www.bibula.com\/index.php?rest_route=\/wp\/v2\/posts\/62019"}],"collection":[{"href":"https:\/\/www.bibula.com\/index.php?rest_route=\/wp\/v2\/posts"}],"about":[{"href":"https:\/\/www.bibula.com\/index.php?rest_route=\/wp\/v2\/types\/post"}],"author":[{"embeddable":true,"href":"https:\/\/www.bibula.com\/index.php?rest_route=\/wp\/v2\/users\/1"}],"replies":[{"embeddable":true,"href":"https:\/\/www.bibula.com\/index.php?rest_route=%2Fwp%2Fv2%2Fcomments&post=62019"}],"version-history":[{"count":0,"href":"https:\/\/www.bibula.com\/index.php?rest_route=\/wp\/v2\/posts\/62019\/revisions"}],"wp:attachment":[{"href":"https:\/\/www.bibula.com\/index.php?rest_route=%2Fwp%2Fv2%2Fmedia&parent=62019"}],"wp:term":[{"taxonomy":"category","embeddable":true,"href":"https:\/\/www.bibula.com\/index.php?rest_route=%2Fwp%2Fv2%2Fcategories&post=62019"},{"taxonomy":"post_tag","embeddable":true,"href":"https:\/\/www.bibula.com\/index.php?rest_route=%2Fwp%2Fv2%2Ftags&post=62019"}],"curies":[{"name":"wp","href":"https:\/\/api.w.org\/{rel}","templated":true}]}}