{"id":62003,"date":"2012-10-14T20:50:29","date_gmt":"2012-10-15T01:50:29","guid":{"rendered":"http:\/\/www.bibula.com\/?p=62003"},"modified":"2012-10-14T20:50:29","modified_gmt":"2012-10-15T01:50:29","slug":"echa-debaty-w-usa-klamstwo-wiceprezydenta","status":"publish","type":"post","link":"https:\/\/www.bibula.com\/?p=62003","title":{"rendered":"Echa debaty w USA: k\u0142amstwo wiceprezydenta"},"content":{"rendered":"<p><strong>Katoliccy biskupi i grupy pro-life zarzucaj\u0105 wiceprezydentowi USA, Joe Biden\u2019owi, \u017ce sk\u0142ama\u0142 twierdz\u0105c, i\u017c tzw. Obamacare (ustawa zdrowotna autorstwa Baracka Obamy) nie nak\u0142ada na instytucje katolickie obowi\u0105zku finansowania antykoncepcji. Takie twierdzenie pad\u0142o z jego ust podczas debaty z republika\u0144skim kandydatem na wiceprezydenta, Paulem Ryan\u2019em. <\/strong><\/p>\r\n<p><img decoding=\"async\" class=\"alignleft\" style=\"margin: 10px;\" src=\"http:\/\/www.pch24.pl\/images\/min_mid_big\/mid_6655.jpg\" alt=\"\" width=\"240\" height=\"138\" \/>Obamacare (inna nazwa do Mandat HHS) to ustawa, obowi\u0105zuj\u0105ca od stycznia 2012r. w Stanach Zjednoczonych. Zobowi\u0105zuje ona tamtejszych pracodawc\u00f3w do finansowania pracownikom antykoncepcji, w tym \u015brodk\u00f3w wczesnoporonnych.<\/p>\r\n<p>\u00a0&#8211; <em>\u0179adna religijna, katolicka instytucja ani \u017cadna katolicka organizacja \u015bwiadcz\u0105ca us\u0142ugi spo\u0142eczne nie jest zobowi\u0105zana do finansowania antykoncepcji <\/em>&#8211; powiedzia\u0142 Binden odnosz\u0105c si\u0119 podczas debaty z Ryan\u2019em do sprawy nowej ustawy zdrowotnej. &#8211; <em>Obejmuje to zar\u00f3wno uniwersytet Georgetown, jak i Szpital Mi\u0142osierdzia i wszystkie inne szpitale. To jest fakt<\/em> &#8211; doda\u0142.<\/p>\r\n<p>Wiceprezydent broni\u0142 si\u0119 przed oskar\u017ceniami republika\u0144skiego kandydata na wiceprezydenta, Paula Ryan\u2019a. Ryan, oskar\u017cy\u0142 rz\u0105d Obamy o\u00a0 \u201eniszczenie swob\u00f3d religijnych w USA\u201d. &#8211; <em>Oni naruszaj\u0105 nasz\u0105 podstawow\u0105 wolno\u015b\u0107, wolno\u015b\u0107 sumienia <\/em>&#8211; powiedzia\u0142 Ryan. Zaapelowa\u0142 te\u017c o pozwanie rz\u0105du federalnego za niszczenie tej wolno\u015bci.<\/p>\r\n<p>W odpowiedzi na twierdzenia Biden\u2019a, Konferencja Episkopatu Stan\u00f3w Zjednoczonych stwierdzi\u0142a, \u017ce jego s\u0142owa nie s\u0105 oparte na faktach.<\/p>\r\n<p>Rz\u0105dowa ulga od stosowania Mandatu HHS nie dotyczy bowiem cho\u0107by organizacji opartych na warto\u015bciach religijnych, ale \u015bwiadcz\u0105cych us\u0142ugi tak\u017ce innowiercom. Nie dotyczy zatem wymienionych przez Bidena szpitali. Stanowi to, zdaniem biskup\u00f3w, utrudnienie dla religii takich jak katolicyzm, kt\u00f3re nie ograniczaj\u0105 uczynk\u00f3w mi\u0142osierdzia do swoich wsp\u00f3\u0142wyznawc\u00f3w. Ustawa dotyka tak\u017ce katolickich pracodawc\u00f3w, prowadz\u0105cych firmy o \u015bwieckich celach.<\/p>\r\n<p>Wypowied\u017a Bindena skrytykowa\u0142a tak\u017ce Marjorie Dannenfelser z organizacji pro-life Susanne Anthony List. &#8211; <em>Binden po prostu zby\u0142 uzasadnione zastrze\u017cenia os\u00f3b i organizacji religijnych w stosunku do administracji Obamy<\/em> -powiedzia\u0142a. &#8211; <em>Wprowadzi\u0142 on spo\u0142ecze\u0144stwo w b\u0142\u0105d i to w spos\u00f3b ra\u017c\u0105cy<\/em> &#8211; doda\u0142a Dannenfelser.<\/p>\r\n<p>Ustawa zdrowotna Obamy jest przedmiotem najwi\u0119kszego aktualnie sporu \u015bwiatopogl\u0105dowego w Stanach Zjednoczonych. Oprotestowuje j\u0105 zar\u00f3wno tamtejszy Episkopat, jak i organizacje katolickie oraz zarz\u0105dzane przez katolik\u00f3w przedsi\u0119biorstwa.<\/p>\r\n<p>Jak dot\u0105d najwi\u0119kszy sukces odnie\u015bli przeciwnicy ustawy w stanie Missouri. Stan ten odrzuci\u0142 ca\u0142kowicie federaln\u0105 ustaw\u0119.<\/p>\r\n<p>\u0179r\u00f3d\u0142o: lifesitenews.com<\/p>\r\n<p><strong><em>Marcin Jendrzejczak<\/em><\/strong><\/p>\r\n<p>fot.POOL\/REUTERS<\/p>","protected":false},"excerpt":{"rendered":"Katoliccy biskupi i grupy pro-life zarzucaj\u0105 wiceprezydentowi USA, Joe Biden\u2019owi, \u017ce sk\u0142ama\u0142 twierdz\u0105c, i\u017c tzw. Obamacare (ustawa zdrowotna autorstwa Baracka Obamy) nie nak\u0142ada na instytucje katolickie obowi\u0105zku finansowania antykoncepcji. Takie twierdzenie pad\u0142o z jego ust podczas debaty z republika\u0144skim kandydatem na wiceprezydenta, Paulem Ryan\u2019em. Obamacare (inna nazwa do Mandat HHS) to ustawa, obowi\u0105zuj\u0105ca od stycznia [&hellip;]","protected":false},"author":1,"featured_media":0,"comment_status":"closed","ping_status":"closed","sticky":false,"template":"","format":"standard","meta":{"_acf_changed":false,"_monsterinsights_skip_tracking":false,"_monsterinsights_sitenote_active":false,"_monsterinsights_sitenote_note":"","_monsterinsights_sitenote_category":0,"ngg_post_thumbnail":0,"footnotes":"","_wp_rev_ctl_limit":""},"categories":[7],"tags":[94,105,21,20,221],"acf":[],"_links":{"self":[{"href":"https:\/\/www.bibula.com\/index.php?rest_route=\/wp\/v2\/posts\/62003"}],"collection":[{"href":"https:\/\/www.bibula.com\/index.php?rest_route=\/wp\/v2\/posts"}],"about":[{"href":"https:\/\/www.bibula.com\/index.php?rest_route=\/wp\/v2\/types\/post"}],"author":[{"embeddable":true,"href":"https:\/\/www.bibula.com\/index.php?rest_route=\/wp\/v2\/users\/1"}],"replies":[{"embeddable":true,"href":"https:\/\/www.bibula.com\/index.php?rest_route=%2Fwp%2Fv2%2Fcomments&post=62003"}],"version-history":[{"count":0,"href":"https:\/\/www.bibula.com\/index.php?rest_route=\/wp\/v2\/posts\/62003\/revisions"}],"wp:attachment":[{"href":"https:\/\/www.bibula.com\/index.php?rest_route=%2Fwp%2Fv2%2Fmedia&parent=62003"}],"wp:term":[{"taxonomy":"category","embeddable":true,"href":"https:\/\/www.bibula.com\/index.php?rest_route=%2Fwp%2Fv2%2Fcategories&post=62003"},{"taxonomy":"post_tag","embeddable":true,"href":"https:\/\/www.bibula.com\/index.php?rest_route=%2Fwp%2Fv2%2Ftags&post=62003"}],"curies":[{"name":"wp","href":"https:\/\/api.w.org\/{rel}","templated":true}]}}