{"id":61736,"date":"2012-10-06T20:19:59","date_gmt":"2012-10-07T00:19:59","guid":{"rendered":"http:\/\/www.bibula.com\/?p=61736"},"modified":"2012-10-06T20:19:59","modified_gmt":"2012-10-07T01:19:59","slug":"","status":"publish","type":"post","link":"https:\/\/www.bibula.com\/?p=61736","title":{"rendered":"Mi\u0119dzy marszami i kuchni\u0105 nordyck\u0105 &#8211; <em>Adrian Nikiel<\/em>"},"content":{"rendered":"<p>7 pa\u017adziernika i 11 listopada ulicami Warszawy przejd\u0105 marsze niepodleg\u0142o\u015bciowe. Z g\u00f3ry mo\u017cna za\u0142o\u017cy\u0107, \u017ce b\u0119dzie im towarzyszy\u0142a propaganda medi\u00f3w \u201ebrudnego nurtu\u201d, kt\u00f3rej za\u0142o\u017cenia stre\u015bci\u0107 mo\u017cna w s\u0142owach: oto polscy faszy\u015bci, gorsi od hitlerowc\u00f3w, siej\u0105 brunatny terror w stolicy. Chcia\u0142bym si\u0119 myli\u0107, ale ten sta\u0142y fragment gry \u0107wiczony jest od dw\u00f3ch dekad, gdy tylko kto\u015b o\u015bmiela si\u0119 twierdzi\u0107, \u017ce woli Polsk\u0119 niepodleg\u0142\u0105.<\/p>\r\n<p>W pewnych redakcjach czekaj\u0105 ju\u017c zapewne \u201egotowce\u201d, w kt\u00f3rych tylko kilka bie\u017c\u0105cych dopisk\u00f3w trzeba b\u0119dzie wstawi\u0107 w puste miejsca mi\u0119dzy s\u0142owami takimi jak: faszyzm, neofaszyzm, nazizm, neonazizm, rasizm etc.<\/p>\r\n<p>Warto jednak si\u0119ga\u0107 r\u00f3wnie\u017c po czasopisma, kt\u00f3re wyra\u017caj\u0105 zwykle pogl\u0105dy do\u015b\u0107 dalekie wobec stanowiska, jakie zajmuje ob\u00f3z konserwatywny w sprawach wa\u017cnych dla Polski. Oto w tygodniku \u201ePolityka\u201d (nr 40 [2877]\/2012) przeczyta\u0107 mo\u017cna bardzo interesuj\u0105c\u0105 rozmow\u0119 z szefem kuchni s\u0142ynnej kopenhaskiej restauracji Noma, panem Renatem Redzepim, kt\u00f3ry dowiedzia\u0142 si\u0119 od przeprowadzaj\u0105cej wywiad pani redaktor Kamilli Staszak, \u017ce jego wrogowie zarzucaj\u0105 mu dos\u0142ownie <em>du\u0144ski kulinarny faszyzm<\/em>, gdy\u017c w swojej pracy korzysta on wy\u0142\u0105cznie z produkt\u00f3w lokalnych<sup><a name=\"odeslanie_1\" href=\"http:\/\/www.legitymizm.org\/marsze-kuchnia-nordycka#przypis_1\"><\/a>1<\/sup>. P\u00f3\u017aniej jest ju\u017c tak, jak si\u0119 spodziewamy: mistrz czuje si\u0119 w obowi\u0105zku wyja\u015bni\u0107, \u017ce ma pochodzenie du\u0144sko-macedo\u0144skie, \u017con\u0119 o korzeniach \u017cydowskich oraz przyjaci\u00f3\u0142 z r\u00f3\u017cnych stron \u015bwiata. Jakby nie wiedzia\u0142, \u017ce r\u00f3wnie dobrze mo\u017ce pochodzi\u0107 z Marsa, bo przecie\u017c nie chodzi o etniczne korzenie, tylko o niech\u0119\u0107 do multikulturowej wir\u00f3wki nonsensu, kt\u00f3ra ze wszystkiego, co pi\u0119kne, potrafi zrobi\u0107 wymiotliw\u0105 brej\u0119. Ta niech\u0119\u0107 mo\u017ce by\u0107 oczywi\u015bcie \u201ebezobjawowa\u201d \u201d\u201d wa\u017cne, \u017ce kto\u015b wskaza\u0142 palcem i krzykn\u0105\u0142: faszysta!<\/p>\r\n<p>Jest w tym pewna pociecha, \u017ce uczestnicy zapowiadanych manifestacyj by\u0107 mo\u017ce w jaki\u015b magiczny spos\u00f3b przestan\u0105 by\u0107 dla medi\u00f3w \u201ebrudnego nurtu\u201d faszystami, je\u015bli po przemarszach p\u00f3jd\u0105 si\u0119 posili\u0107 do warszawskich lokali z kuchni\u0105 etniczn\u0105, najlepiej prowadzonych przez obcokrajowc\u00f3w\u2026<\/p>\r\n<p><strong><em>Adrian Nikiel<\/em><\/strong><\/p>\r\n<hr \/>\r\n<p><sup><a name=\"przypis_1\" href=\"http:\/\/www.legitymizm.org\/marsze-kuchnia-nordycka#odeslanie_1\"><\/a>1<\/sup>\u00a0\u201eM\u00f3j spos\u00f3b na \u017curek\u201d, str. 90-91.<\/p>","protected":false},"excerpt":{"rendered":"7 pa\u017adziernika i 11 listopada ulicami Warszawy przejd\u0105 marsze niepodleg\u0142o\u015bciowe. Z g\u00f3ry mo\u017cna za\u0142o\u017cy\u0107, \u017ce b\u0119dzie im towarzyszy\u0142a propaganda medi\u00f3w \u201ebrudnego nurtu\u201d, kt\u00f3rej za\u0142o\u017cenia stre\u015bci\u0107 mo\u017cna w s\u0142owach: oto polscy faszy\u015bci, gorsi od hitlerowc\u00f3w, siej\u0105 brunatny terror w stolicy. Chcia\u0142bym si\u0119 myli\u0107, ale ten sta\u0142y fragment gry \u0107wiczony jest od dw\u00f3ch dekad, gdy tylko kto\u015b [&hellip;]","protected":false},"author":1,"featured_media":0,"comment_status":"closed","ping_status":"closed","sticky":false,"template":"","format":"standard","meta":{"_acf_changed":false,"_monsterinsights_skip_tracking":false,"ngg_post_thumbnail":0,"footnotes":"","_wp_rev_ctl_limit":""},"categories":[9],"tags":[92,159,20],"acf":[],"_links":{"self":[{"href":"https:\/\/www.bibula.com\/index.php?rest_route=\/wp\/v2\/posts\/61736"}],"collection":[{"href":"https:\/\/www.bibula.com\/index.php?rest_route=\/wp\/v2\/posts"}],"about":[{"href":"https:\/\/www.bibula.com\/index.php?rest_route=\/wp\/v2\/types\/post"}],"author":[{"embeddable":true,"href":"https:\/\/www.bibula.com\/index.php?rest_route=\/wp\/v2\/users\/1"}],"replies":[{"embeddable":true,"href":"https:\/\/www.bibula.com\/index.php?rest_route=%2Fwp%2Fv2%2Fcomments&post=61736"}],"version-history":[{"count":0,"href":"https:\/\/www.bibula.com\/index.php?rest_route=\/wp\/v2\/posts\/61736\/revisions"}],"wp:attachment":[{"href":"https:\/\/www.bibula.com\/index.php?rest_route=%2Fwp%2Fv2%2Fmedia&parent=61736"}],"wp:term":[{"taxonomy":"category","embeddable":true,"href":"https:\/\/www.bibula.com\/index.php?rest_route=%2Fwp%2Fv2%2Fcategories&post=61736"},{"taxonomy":"post_tag","embeddable":true,"href":"https:\/\/www.bibula.com\/index.php?rest_route=%2Fwp%2Fv2%2Ftags&post=61736"}],"curies":[{"name":"wp","href":"https:\/\/api.w.org\/{rel}","templated":true}]}}