{"id":61727,"date":"2012-10-06T19:52:48","date_gmt":"2012-10-07T00:52:48","guid":{"rendered":"http:\/\/www.bibula.com\/?p=61727"},"modified":"2012-10-06T19:52:48","modified_gmt":"2012-10-07T00:52:48","slug":"w-iranie-uczcza-70-rocznice-przyjecia-ponad-120-tys-ewakuowanych-z-zsrr","status":"publish","type":"post","link":"https:\/\/www.bibula.com\/?p=61727","title":{"rendered":"W Iranie uczcz\u0105 70. rocznic\u0119 przyj\u0119cia ponad 120 tys. ewakuowanych z ZSRR"},"content":{"rendered":"<p><strong>W dniach 5-7 pa\u017adziernika 2012 r. w Iranie odb\u0119d\u0105 si\u0119 uroczysto\u015bci zwi\u0105zane z 70. rocznic\u0105 przyj\u0119cia przez to pa\u0144stwo ponad 120 tys. polskich uchod\u017ac\u00f3w wojskowych (ponad 77 tys.) i cywilnych (ponad 43 tys., w tym 20 tys. dzieci), ewakuowanych drog\u0105 morsk\u0105 i l\u0105dow\u0105 ze Zwi\u0105zku Sowieckiego.<\/strong><\/p>\r\n<p><a href=\"http:\/\/narodowcy.net\/wp-content\/uploads\/2012\/10\/iran-0.jpg\"><img decoding=\"async\" class=\"alignleft\" style=\"margin: 10px;\" title=\"iran-0\" src=\"http:\/\/narodowcy.net\/wp-content\/uploads\/2012\/10\/iran-0-300x240.jpg\" alt=\"\" width=\"240\" height=\"192\" align=\"left\" \/><\/a>&gt;W uroczysto\u015bciach wezm\u0105 udzia\u0142 m.in. przedstawiciele w\u0142adz pa\u0144stwowych RP, kombatanci Armii gen. Andersa oraz Sybiracy, kt\u00f3rzy w czasie II wojny \u015bwiatowej znale\u017ali si\u0119 w Iranie.<\/p>\r\n<p>Polscy uchod\u017acy zostali w Iranie przyj\u0119ci bardzo \u017cyczliwie, co znajduje potwierdzenie w licznych \u017ar\u00f3d\u0142ach historycznych. Obchody b\u0119d\u0105 wi\u0119c kolejn\u0105 okazj\u0105 do wyra\u017cenia podzi\u0119kowania narodowi ira\u0144skiemu za pomoc humanitarn\u0105 udzielon\u0105 70 lat temu.<\/p>\r\n<p>Obchody odb\u0119d\u0105 si\u0119 na Polskim Cmentarzu Wojennym Dulab w Teheranie (1937 polskich mogi\u0142) oraz na polskich kwaterach cmentarzy ormia\u0144skich w Isfahanie, w czasie wojny \u201emie\u015bcie polskich dzieci\u201d, (18 mogi\u0142) oraz Bandar-e Anzali (dawniej: Pahlevi, 639 mogi\u0142).<\/p>\r\n<p>Podczas II wojny \u015bwiatowej w Iranie zmar\u0142o ponad 2,9 tys. Polak\u00f3w, w zdecydowanej wi\u0119kszo\u015bci z wycie\u0144czenia, chor\u00f3b i epidemii spowodowanych pobytem w sowieckich \u0142agrach. Zostali pochowani na cmentarzu Dulab oraz w siedmiu kwaterach stanowi\u0105cych cz\u0119\u015b\u0107 innych cmentarzy.<\/p>\r\n<p>W\u015br\u00f3d jad\u0105cych do Teheranu s\u0105 osoby, kt\u00f3re przyjecha\u0142y do Persji gdy by\u0142y dzie\u0107mi. W ubieg\u0142ym tygodniu kilkadziesi\u0105t z nich spotka\u0142o si\u0119 w Juracie. Filmowy reporta\u017c, w kt\u00f3rym po 70. latach opowiadaj\u0105 swoje wstrz\u0105saj\u0105ce prze\u017cycia do zobaczenia na\u00a0<a href=\"http:\/\/www.youtube.com\/MuzHPtv\/\">youtube.com\/MuzHPtv<\/a>.<\/p>\r\n<p>Organizatorami uroczysto\u015bci s\u0105: Urz\u0105d do Spraw Kombatant\u00f3w i Os\u00f3b Represjonowanych, Rada Ochrony Pami\u0119ci Walk i M\u0119cze\u0144stwa oraz Ambasada RP w Teheranie przy wsp\u00f3\u0142pracy Ministerstwa Spraw Zagranicznych.<\/p>\r\n<p>\u0179r\u00f3d\u0142o:\u00a0<a href=\"http:\/\/historia.org.pl\/\">http:\/\/historia.org.pl<\/a><\/p>","protected":false},"excerpt":{"rendered":"W dniach 5-7 pa\u017adziernika 2012 r. w Iranie odb\u0119d\u0105 si\u0119 uroczysto\u015bci zwi\u0105zane z 70. rocznic\u0105 przyj\u0119cia przez to pa\u0144stwo ponad 120 tys. polskich uchod\u017ac\u00f3w wojskowych (ponad 77 tys.) i cywilnych (ponad 43 tys., w tym 20 tys. dzieci), ewakuowanych drog\u0105 morsk\u0105 i l\u0105dow\u0105 ze Zwi\u0105zku Sowieckiego. &gt;W uroczysto\u015bciach wezm\u0105 udzia\u0142 m.in. przedstawiciele w\u0142adz pa\u0144stwowych RP, [&hellip;]","protected":false},"author":1,"featured_media":0,"comment_status":"closed","ping_status":"closed","sticky":false,"template":"","format":"standard","meta":{"_acf_changed":false,"_monsterinsights_skip_tracking":false,"ngg_post_thumbnail":0,"footnotes":"","_wp_rev_ctl_limit":""},"categories":[6],"tags":[66,88,59],"acf":[],"_links":{"self":[{"href":"https:\/\/www.bibula.com\/index.php?rest_route=\/wp\/v2\/posts\/61727"}],"collection":[{"href":"https:\/\/www.bibula.com\/index.php?rest_route=\/wp\/v2\/posts"}],"about":[{"href":"https:\/\/www.bibula.com\/index.php?rest_route=\/wp\/v2\/types\/post"}],"author":[{"embeddable":true,"href":"https:\/\/www.bibula.com\/index.php?rest_route=\/wp\/v2\/users\/1"}],"replies":[{"embeddable":true,"href":"https:\/\/www.bibula.com\/index.php?rest_route=%2Fwp%2Fv2%2Fcomments&post=61727"}],"version-history":[{"count":0,"href":"https:\/\/www.bibula.com\/index.php?rest_route=\/wp\/v2\/posts\/61727\/revisions"}],"wp:attachment":[{"href":"https:\/\/www.bibula.com\/index.php?rest_route=%2Fwp%2Fv2%2Fmedia&parent=61727"}],"wp:term":[{"taxonomy":"category","embeddable":true,"href":"https:\/\/www.bibula.com\/index.php?rest_route=%2Fwp%2Fv2%2Fcategories&post=61727"},{"taxonomy":"post_tag","embeddable":true,"href":"https:\/\/www.bibula.com\/index.php?rest_route=%2Fwp%2Fv2%2Ftags&post=61727"}],"curies":[{"name":"wp","href":"https:\/\/api.w.org\/{rel}","templated":true}]}}