{"id":61715,"date":"2012-10-06T19:35:55","date_gmt":"2012-10-07T00:35:55","guid":{"rendered":"http:\/\/www.bibula.com\/?p=61715"},"modified":"2012-10-06T19:35:55","modified_gmt":"2012-10-07T00:35:55","slug":"polityka-podnozkowa-julia-m-jaskolska","status":"publish","type":"post","link":"https:\/\/www.bibula.com\/?p=61715","title":{"rendered":"Polityka podn\u00f3\u017ckowa &#8211; <em>Julia M. Jask\u00f3lska<\/em>"},"content":{"rendered":"<p>\u201eW Polsce jest bardzo silne lobby biznesowe, kt\u00f3re mia\u0142o do\u015b\u0107 spor\u00f3w ideologicznych [z Rosj\u0105]. Chce ono wsp\u00f3\u0142pracy z Rosj\u0105, a przyk\u0142adem takiego zbli\u017cenia ekonomicznego jest podpisane porozumienie o dostawach do Niemiec rosyjskiego gazu polskimi ruroci\u0105gami. Za Kaczy\u0144skiego tego porozumienia nie mogli popisa\u0107<em>, <\/em>on chcia\u0142 w og\u00f3le zrezygnowa\u0107 z rosyjskiego gazu i kupowa\u0107 norweski<em>.<\/em> Teraz, chwa\u0142a Bogu, sytuacja si\u0119 uspokoi\u0142a<em>\u201d. &#8211; <\/em>m\u00f3wi\u0142 14 stycznia 2011 roku Aleksander Rahr, prominentny doradca ds. Rosji niemieckiego rz\u0105du, parlamentu \u00a0i przemys\u0142u w wywiadzie dla rosyjskiego portalu \u201e\u00d0\u00a1\u00d0\u00b2\u00d0\u00be\u00d0\u00b1\u00d0\u00be\u00d0\u00b4\u00d0\u00bd\u00d0\u00b0\u00d1\u008f \u00d0\u0178\u00d1\u20ac\u00d0\u00b5\u00d1\u0081\u00d1\u0081\u00d0\u00b0\u201d. Rahr, nazywany \u201epaj\u0105kiem, kt\u00f3ry tka sie\u0107 powi\u0105za\u0144 rosyjsko-niemieckich\u201d, <em>d<\/em>oradza firmom rosyjskim, jest osobistym znajomym Putina i Miedwiediewa, cz\u0142onkiem elitarnego Klubu Wa\u0142dajskiego, lobbuj\u0105cego m.in. na rzecz jak naj\u015bci\u015blejszych zwi\u0105zk\u00f3w Rosji z Niemcami. Aleksander Rahr jest wreszcie znawc\u0105 biznesu gazowego, kt\u00f3ry wspiera\u0142 polityk\u0119 wschodni\u0105 kanclerza Gerharda Schr\u00f6dera, lobbysty Gazpromu oraz cz\u0142onka rady nadzorczej Nodstreamu buduj\u0105cego Gazoci\u0105g P\u00f3\u0142nocny. Tak wi\u0119c bez dw\u00f3ch zda\u0144 &#8211; nie byle jaki fachowiec od wsp\u00f3\u0142czesnej osi Moskwa-Berlin.<\/p>\r\n<p>Przypomnia\u0142a mi si\u0119 ta wypowied\u017a Rahra , gdy zobaczy\u0142am informacj\u0119, kt\u00f3ra dos\u0142ownie przemkn\u0119\u0142a przez TVP Info, dotycz\u0105c\u0105 najnowszego raportu O\u015brodka Studi\u00f3w Wschodnich na temat budowy przez Rosj\u0119 elektrowni j\u0105drowej w Kaliningradzie. Wed\u0142ug OSW inwestycja ta zacie\u015bni jeszcze wymian\u0119 energetyczn\u0105 pomi\u0119dzy Rosj\u0105 a Uni\u0105 Europejsk\u0105 i wzmocni pozycj\u0119 Kremla jako dostawcy pr\u0105du w regionie Morza Ba\u0142tyckiego, ograniczaj\u0105c bezpiecze\u0144stwo energetyczne Polski, Litwy, \u0141otwy i Estonii.<\/p>\r\n<p>Polska po 10 kwietnia 2010 roku jest inn\u0105 Polsk\u0105 ni\u017c\u00a0 przed \u201dkatastrof\u0105 smole\u0144sk\u0105\u201d, by trzyma\u0107 si\u0119 oficjalnej wyk\u0142adni okoliczno\u015bci \u015bmierci prezydenta RP i cz\u0142onk\u00f3w oficjalnej delegacji katy\u0144skiej. Rz\u0105dy Platformy Obywatelskiej i prezydentura Bronis\u0142awa Komorowskiego przynios\u0142y zmian\u0119 kursu o 180 stopni w polityce mi\u0119dzynarodowej, zw\u0142aszcza w odniesieniu do Rosji, Niemiec i Unii Europejskiej.<\/p>\r\n<p>Prezydent Kaczy\u0144ski realizowa\u0142 polityk\u0119 wzmocnienia znaczenia Polski w regionie oraz uniezale\u017cnienia od dyktatu energetycznego Rosji. Nie bez kozery wi\u0119c niemiecka \u201eNational Zeitung\u201d pisa\u0142a w 2007 roku o Polsce jako o ameryka\u0144skim \u201ekoniu troja\u0144skim\u201d w Unii Europejskiej. W 2012 roku, chocia\u017cby po niedawnym przem\u00f3wieniu prezydenta Komorowskiego w ONZ, proatlantycko\u015b\u0107 naszego kraju mo\u017cna wyrzuci\u0107 do kosza. Nota bene tezy tego wyst\u0105pienia przygotowa\u0142 prezydencki doradca prof. Roman Ku\u017aniar, twierdz\u0105cy swego czasu, \u017ce zbrodnia katy\u0144ska zosta\u0142a dokonana na wielu narodowo\u015bciach, wi\u0119c nie by\u0142o to \u017cadne ludob\u00f3jstwo, w ka\u017cdym razie nie na Polakach<\/p>\r\n<p>Gdy Jaros\u0142aw Kaczy\u0144ski m\u00f3wi\u0142 o rosyjsko-niemieckim kondominium, wywo\u0142a\u0142 lawin\u0119 atak\u00f3w z obozu rz\u0105dowego. Na zasadzie &#8211; uderz w st\u00f3\u0142 no\u017cyce si\u0119 odezw\u0105. A przecie\u017c zmiana warty w Warszawie da\u0142a Rosji i Niemiec pewno\u015b\u0107, \u017ce Polska pozostanie w ich sferze wp\u0142yw\u00f3w, m.in. w wyniku pozostawania w kleszczach uzale\u017cnienia od dostaw gazu z Rosji z jednej strony, za\u015b od niemieckiej dominacji gospodarczo-finansowej &#8211; z drugiej.<\/p>\r\n<p>Za pocz\u0105tek \u201epolityki podn\u00f3\u017ckowej\u201d mo\u017cna przyj\u0105\u0107 pa\u017adziernik 2010 roku, gdy wicepremier Waldemar Pawlak podpisa\u0142 skrajnie niekorzystn\u0105 dla Polski, a znakomit\u0105 z punktu widzenia interes\u00f3w Gazpromu, umow\u0119 gazow\u0105 z Rosj\u0105. By\u0142y i inne efekty \u201epolityki mi\u0142o\u015bci\u201d, takie jak m.in. Nordstream, czy po\u0142\u0105czenie promowe z Sassnitz na wyspie Rugii do portu Ust-\u0141uga.<\/p>\r\n<p>Czekaj\u0105ca w\u0142a\u015bnie kierowc\u00f3w maj\u0105cych samochody na tzw. autogaz (LPG) znaczna, bo nawet o 40 groszy za litr, podwy\u017cka cen tego paliwa w wyniku podniesienia za wschodni\u0105 granic\u0105 o 130 proc. ce\u0142 na gaz p\u0142ynny, to jedynie kolejne ogniwo \u0142a\u0144cucha zale\u017cno\u015bci surowcowej od wschodniego s\u0105siada. Ponadto dzi\u0119ki polityce rz\u0105du Donalda Tuska najprawdopodobniej stracimy tak\u017ce szans\u0119 na zarobek z tranzytu kolejowego towar\u00f3w z Azji do Europy. Rosja og\u0142osi\u0142a, \u017ce wy\u0142o\u017cy 63 mld. dolar\u00f3w na budow\u0119 \u201eszerokiego toru\u201d przez S\u0142owacj\u0119 do Wiednia. Polska, ze swoim terminalem w S\u0142awkowie, zostanie omini\u0119ta od po\u0142udnia.<\/p>\r\n<p>W g\u00f3r\u0119 p\u00f3jdzie LPG, a pewnie i gaz ziemny, ale wed\u0142ug wszelkich znak\u00f3w na niebie i na ziemi czekaj\u0105 nas r\u00f3wnie\u017c drastyczne podwy\u017cki cen pr\u0105du. Pytamy cz\u0119sto, czy pr\u0105d oraz gaz ziemny musz\u0105 by\u0107 a\u017c tak drogie, \u017ce nast\u0119puje powr\u00f3t do ogrzewania dom\u00f3w piecami na ekogroszek. Trudno, by by\u0142o inaczej skoro np. s\u0142ono\u2026 dop\u0142acamy Niemcom do ich pr\u0105du, przesy\u0142anego przez nasz kraj tranzytem do Czech, S\u0142owacji i Austrii i trafiaj\u0105cego do po\u0142udniowych land\u00f3w Niemiec! Tak, to nie pomy\u0142ka. Portal dziennik.pl poinformowa\u0142 10 wrze\u015bnia, \u017ce \u201ew 2011 r. polskimi sieciami przep\u0142yn\u0119\u0142o 5 TWh energii wyprodukowanej przez wiatraki na p\u00f3\u0142nocy Niemiec. To oko\u0142o 3 procent polskiego zapotrzebowania na pr\u0105d. Problem w tym, \u017ce tej energii nikt u nas nie zam\u00f3wi\u0142 i nikt z niej nie skorzysta\u0142 (<strong>\u2026.).<\/strong> Za t\u0119 operacj\u0119 Polska p\u0142aci krocie, bo polskie sieci notuj\u0105 ogromne straty zanim pr\u0105d dotrze za granic\u0119. Wed\u0142ug fi\u0144skiego eksperta Matii Supponena za taki transfer PSE Operator p\u0142aci ok. 40 mln euro rocznie.<strong> <\/strong>To oznacza, \u017ce od 2006 roku dop\u0142acili\u015bmy ju\u017c Niemcom ponad \u0107wier\u0107 miliarda euro\u201d. A co, nie sta\u0107 nas?<\/p>\r\n<p><strong><em>Julia M. Jask\u00f3lska<\/em><\/strong><\/p>","protected":false},"excerpt":{"rendered":"\u201eW Polsce jest bardzo silne lobby biznesowe, kt\u00f3re mia\u0142o do\u015b\u0107 spor\u00f3w ideologicznych [z Rosj\u0105]. Chce ono wsp\u00f3\u0142pracy z Rosj\u0105, a przyk\u0142adem takiego zbli\u017cenia ekonomicznego jest podpisane porozumienie o dostawach do Niemiec rosyjskiego gazu polskimi ruroci\u0105gami. Za Kaczy\u0144skiego tego porozumienia nie mogli popisa\u0107, on chcia\u0142 w og\u00f3le zrezygnowa\u0107 z rosyjskiego gazu i kupowa\u0107 norweski. Teraz, chwa\u0142a [&hellip;]","protected":false},"author":1,"featured_media":0,"comment_status":"closed","ping_status":"closed","sticky":false,"template":"","format":"standard","meta":{"_acf_changed":false,"_monsterinsights_skip_tracking":false,"ngg_post_thumbnail":0,"footnotes":"","_wp_rev_ctl_limit":""},"categories":[9],"tags":[89,92,37,141],"acf":[],"_links":{"self":[{"href":"https:\/\/www.bibula.com\/index.php?rest_route=\/wp\/v2\/posts\/61715"}],"collection":[{"href":"https:\/\/www.bibula.com\/index.php?rest_route=\/wp\/v2\/posts"}],"about":[{"href":"https:\/\/www.bibula.com\/index.php?rest_route=\/wp\/v2\/types\/post"}],"author":[{"embeddable":true,"href":"https:\/\/www.bibula.com\/index.php?rest_route=\/wp\/v2\/users\/1"}],"replies":[{"embeddable":true,"href":"https:\/\/www.bibula.com\/index.php?rest_route=%2Fwp%2Fv2%2Fcomments&post=61715"}],"version-history":[{"count":0,"href":"https:\/\/www.bibula.com\/index.php?rest_route=\/wp\/v2\/posts\/61715\/revisions"}],"wp:attachment":[{"href":"https:\/\/www.bibula.com\/index.php?rest_route=%2Fwp%2Fv2%2Fmedia&parent=61715"}],"wp:term":[{"taxonomy":"category","embeddable":true,"href":"https:\/\/www.bibula.com\/index.php?rest_route=%2Fwp%2Fv2%2Fcategories&post=61715"},{"taxonomy":"post_tag","embeddable":true,"href":"https:\/\/www.bibula.com\/index.php?rest_route=%2Fwp%2Fv2%2Ftags&post=61715"}],"curies":[{"name":"wp","href":"https:\/\/api.w.org\/{rel}","templated":true}]}}