{"id":61698,"date":"2012-10-05T21:52:15","date_gmt":"2012-10-06T02:52:15","guid":{"rendered":"http:\/\/www.bibula.com\/?p=61698"},"modified":"2012-10-05T21:52:15","modified_gmt":"2012-10-06T02:52:15","slug":"%e2%80%9epanstwo%e2%80%9d-czy-%e2%80%9echamstwo%e2%80%9d-stanislaw-michalkiewicz","status":"publish","type":"post","link":"https:\/\/www.bibula.com\/?p=61698","title":{"rendered":"\u201ePa\u0144stwo&#8221;, czy \u201echamstwo&#8221;? &#8211; <em>Stanis\u0142aw Michalkiewicz<\/em>"},"content":{"rendered":"<p>Pa\u0144stwa, jak wiadomo, dziel\u0105 si\u0119 na powa\u017cne i pozosta\u0142e. Pa\u0144stwa powa\u017cne tym si\u0119 charakteryzuj\u0105, \u017ce potrafi\u0105 sprecyzowa\u0107 w\u0142asny interes, a kiedy ju\u017c go sprecyzuj\u0105, to bez wzgl\u0119du na okoliczno\u015bci zewn\u0119trzne i wewn\u0119trzne staraj\u0105 si\u0119 go realizowa\u0107. Pa\u0144stwa pozosta\u0142e, albo w og\u00f3le nie potrafi\u0105 sprecyzowa\u0107 swojego interesu, a je\u015bli nawet przypadkowo im si\u0119 to uda, to natychmiast o nim zapominaj\u0105. We\u017amy dla przyk\u0142adu nasz nieszcz\u0119\u015bliwy kraj. W 1999 roku zosta\u0142 cz\u0142onkiem Sojuszu P\u00f3\u0142nocnoatlantyckiego, poniewa\u017c \u00f3wczesne administracje ameryka\u0144skie torpedowa\u0142y w ten spos\u00f3b sowieck\u0105 koncepcj\u0119 \u201e<em>Wsp\u00f3lnego Domu Europa<\/em>\u201d, wychodz\u0105c\u0105 naprzeciw niemieckim i francuskim pragnieniom \u201e<em>europeizacji Europy<\/em>\u201d, czyli stopniowego wypychania USA z polityki europejskiej. Musieli\u015bmy w tym celu zap\u0142aci\u0107 \u0142ap\u00f3wk\u0119 \u017bydom w postaci transferu mienia w nieruchomo\u015bciach warto\u015bci oko\u0142o 7-8 mld dolar\u00f3w. By\u0142 to z\u0142y znak, wskazuj\u0105cy, \u017ce s\u0105 w USA \u015brodowiska, traktuj\u0105ce nasz nieszcz\u0119\u015bliwy kraj jako rodzaj skarbonki, z kt\u00f3rej \u017cydowskie organizacje przemys\u0142u holokaustu mogliby sobie czerpa\u0107, ile tam im si\u0119 zamani. \u0141ap\u00f3wka \u0142ap\u00f3wk\u0105 &#8211; ale obj\u0119cie naszego nieszcz\u0119\u015bliwego kraju klauzul\u0105 wynikaj\u0105c\u0105 z art. 5 traktatu waszyngto\u0144skiego te\u017c mia\u0142o swoj\u0105 warto\u015b\u0107 &#8211; a w ka\u017cdym razie tak si\u0119 wtedy wydawa\u0142o. I ju\u017c jako cz\u0142onek NATO, w marcu 2003 roku Polska, to znaczy &#8211; nasi askarisi, wzi\u0119li udzia\u0142 w napa\u015bci na Irak pod pretekstem zaprowadzenia tam \u201e<em>demokracji<\/em>\u201d, czy czego\u015b w tym rodzaju &#8211; podobnie zreszt\u0105, jak teraz w Afganistanie, gdzie nasi askarisi zabijaj\u0105 spro\u015bnych talib\u00f3w, ale nie zwyczajnie, jak askarisi z innych kraj\u00f3w, tylko &#8211; po Bo\u017cemu.<\/p>\r\n<p>Jak pami\u0119tamy, b\u0119d\u0105cy w\u00f3wczas prezydentem Aleksander Kwa\u015bniewski &#8211; prawdziwe nieszcz\u0119\u015bcie naszego i tak przecie\u017c nieszcz\u0119\u015bliwego kraju &#8211; ani pomy\u015bla\u0142, by przy tej okazji co\u015b u Amerykan\u00f3w za\u0142atwi\u0107 dla Polski. Na przyk\u0142ad &#8211; by za\u0142atwi\u0107 zgod\u0119 na militarn\u0105 konwersj\u0119 polskiego d\u0142ugu zagranicznego, dzi\u0119ki czemu nasze niezwyci\u0119\u017cone wojska mog\u0142yby w Iraku zarabia\u0107 na modernizacj\u0119 armii. Albo na przyk\u0142ad uzyska\u0107 cich\u0105 obietnic\u0119, \u017ce administracja ameryka\u0144ska nie b\u0119dzie naciska\u0142a na Polsk\u0119 w sprawie uroszcze\u0144 \u017cydowskich organizacji przemys\u0142u holokaustu. Ale gdzie tam! Jedyn\u0105 korzy\u015b\u0107 odnie\u015bli tylko agenci, kt\u00f3rzy za po\u015brednictwem Nur Corporation, na odcinku naszego nieszcz\u0119\u015bliwego kraju kolaboruj\u0105c\u0105 niewielk\u0105 bezpieczniack\u0105 firemk\u0105 z bran\u017cy zbrojeniowej, dostali swoj\u0105 dol\u0119 &#8211; czy wed\u0142ug rangi, czy wed\u0142ug partu &#8211; tego ju\u017c nie wiadomo. Natomiast Polska &#8211; nic &#8211; i kiedy ministru Klichu nakazano askaris\u00f3w z Iraku wycofa\u0107, trudno by\u0142o si\u0119 po\u0142apa\u0107, czy nasza niezwyci\u0119\u017cona armia wygra\u0142a t\u0119 wojn\u0119, czy te\u017c j\u0105 przegra\u0142a &#8211; bo ani nie by\u0142o \u0142up\u00f3w, ani branek, ani je\u0144c\u00f3w &#8211; ani te\u017c nikogo nie postawiono pod \u015bcian\u0119 &#8211; jak przecie\u017c wypada\u0142oby post\u0105pi\u0107 z winowajc\u0105 wojny przegranej.<\/p>\r\n<p>Tymczasem pa\u0144stwa powa\u017cne post\u0119puj\u0105 inaczej. Na przyk\u0142ad takie Niemcy; gracko storpedowa\u0142y w Jugos\u0142awii \u201e<em>heksagonale<\/em>\u201d, a potem same wype\u0142ni\u0142y polityczn\u0105 pr\u00f3\u017cni\u0119 w \u015arodkowej Europie, dokonuj\u0105c w 2004 roku Anschlussu 9 kraj\u00f3w tego regionu i w ten spos\u00f3b otwieraj\u0105c mo\u017cliwo\u015b\u0107 realizacji projektu \u201e<em>Mitteleuropa<\/em>\u201d z roku 1915. Teraz Solidarno\u015b\u0107 i Umi\u0142owani Przyw\u00f3dcy z opozycji, kt\u00f3rzy w 2003 roku Anschluss poparli, dziwuj\u0105 si\u0119 i z\u017cymaj\u0105, \u017ce nasz nieszcz\u0119\u015bliwy kraj staje si\u0119 niemieck\u0105 p\u00f3\u0142koloni\u0105 o gospodarce peryferyjnej i uzupe\u0142niaj\u0105cej gospodark\u0119 niemieck\u0105, \u017ce tu albo palety i krasnale, albo w najlepszym razie &#8211; montownie, \u017ce samodzielnie nasz nieszcz\u0119\u015bliwy kraj nie mo\u017ce wytwarza\u0107 nawet aspiryny &#8211; nie zauwa\u017caj\u0105c, i\u017c to tylko rezultat, zaplanowany przez pa\u0144stwo powa\u017cne jeszcze w roku 1915, a teraz wprowadzany w \u017cycie z wydatnym udzia\u0142em agentury. Nawiasem m\u00f3wi\u0105c, dowiedzia\u0142em si\u0119, \u017ce wezwany w charakterze bieg\u0142ego w procesie o \u201e<em>antysemityzm<\/em>\u201d, jaki przed lubelskim niezawis\u0142ym s\u0105dem toczy si\u0119 przeciwko Grzegorzowi Wysokowi, profesor, wyrazi\u0107 mia\u0142 pogl\u0105d, \u017ce u\u017cycie s\u0142owa \u201e<em>Anschluss<\/em>\u201d powinno by\u0107 karane! Nie wiadomo, czy wi\u0119kszy dure\u0144, czy totalniak.<\/p>\r\n<p>Ale powa\u017cne czy pozosta\u0142e &#8211; to jednak pa\u0144stwa. W j\u0119zyku polskim s\u0142owo: \u201e<em>pa\u0144stwo<\/em>\u201d kojarzy si\u0119 oczywi\u015bcie z panowaniem, a wi\u0119c systemem w\u0142adzy, ale r\u00f3wnie\u017c &#8211; z \u201e<em>panem<\/em>\u201d, jako tym najwy\u017cszym w\u0142adc\u0105. \u201e<em>Pan<\/em>\u201d, w odr\u00f3\u017cnieniu od \u201e<em>chama<\/em>\u201d jest, a przynajmniej powinien by\u0107, uosobieniem pewnych cech, jak na przyk\u0142ad majestat (\u201e<em>kto raz by\u0142 kr\u00f3lem, ten zawsze zachowa majestat<\/em>\u201d &#8211; powiadaj\u0105 wymowni Francuzi), to znaczy &#8211; nie tylko poczucie w\u0142asnej warto\u015bci, ale i charyzm\u0119, sprawiaj\u0105c\u0105, i\u017c ten majestat respektuj\u0105 r\u00f3wnie\u017c inni. Takim Wielkim Panem by\u0142 np. Stefan kardyna\u0142 Wyszy\u0144ski, chocia\u017c r\u00f3\u017cni nad\u0119ci pych\u0105 konfidenci stanu duchownego wytykali mu niskie pochodzenie &#8211; \u017ce niby \u201e<em>organi\u015bciuch<\/em>\u201d. Ale nie w pochodzeniu rzecz; oto w pocz\u0105tkach okupacji niemieckiej bawi\u0105cy w Zakopanem ksi\u0105dz Stefan Wyszy\u0144ski zosta\u0142 schwytany w \u0142apance i przewieziony do Gestapo. Tam po wylegitymowaniu zosta\u0142 zwolniony &#8211; ale musia\u0142 przej\u015b\u0107 przez korytarz, w kt\u00f3rym gestapowcy urz\u0105dzili \u201e<em>\u015bcie\u017ck\u0119 zdrowia<\/em>\u201d (tak tak, genera\u0142 Jaruzelski wykorzystywa\u0142 wynalazki \u201e<em>nazist\u00f3w<\/em>\u201d). Towarzyszy\u0142y temu wrzaski popychania i przekle\u0144stwa. Ksi\u0105dz Wyszy\u0144ski zatrzyma\u0142 si\u0119 w progu i zastanawia\u0142 si\u0119 &#8211; co w\u0142a\u015bnie przynosi mu zaszczyt &#8211; jak przez takie miejsce powinien przej\u015b\u0107 ksi\u0105dz katolicki. Bo nie by\u0142o mu wszystko jedno, jak tamt\u0119dy przejdzie. I kiedy tak si\u0119 zastanawia\u0142, powoli zak\u0142adaj\u0105c r\u0119kawiczki &#8211; uwaga bitych i bij\u0105cych skupi\u0142a si\u0119 na nim; bicie, wrzaski i przekle\u0144stwa usta\u0142y. Zapanowa\u0142a cisza &#8211; i w tej ciszy, w szpalerze znieruchomia\u0142ych gestapowc\u00f3w, ksi\u0105dz Stefan Wyszy\u0144ski skierowa\u0142 si\u0119 ku wyj\u015bciu.<\/p>\r\n<p>Jak\u017ce kontrastuje z t\u0105 scen\u0105 przebieg posiedzenie Sejmu po\u015bwi\u0119conego informacji pobo\u017cnego ministra Gowina o przyczynach zamiany cia\u0142 ofiar katastrofy smole\u0144skiej, zachowanie prokuratora generalnego, marszalicy Ewy Kopacz i premiera Tuska, a szczeg\u00f3lnie &#8211; brednie, jakoby \u201e<em>pa\u0144stwo zda\u0142o egzamin<\/em>\u201d! Red. Tomasz Terlikowski twierdzi, \u017ce premier Tusk to cz\u0142owiek \u201e<em>bez honoru i zasad<\/em>\u201d. Ja oczywi\u015bcie w duszy u premiera Tuska nie by\u0142em, wi\u0119c nie wiem, czy ma honor i zasady &#8211; ale je\u015bli nawet ma, to uwa\u017cam, \u017ce okazywanie zar\u00f3wno jednego, jak i drugiego ma zakazane od bezpieczniak\u00f3w, kt\u00f3rzy wystrugali go z banana na premiera rz\u0105du i p\u00f3ki co &#8211; trzymaj\u0105 na posadzie. W przeciwnym razie \u017cadnym premierem by nie zosta\u0142, podobnie jak pani Kopacz &#8211; sejmow\u0105 marszalic\u0105. W ten mi\u0119dzy innymi spos\u00f3b okupuj\u0105ce nasz nieszcz\u0119\u015bliwy kraj bezpieczniackie watahy nie tylko trwale usun\u0119\u0142y go z grona pa\u0144stw powa\u017cnych, ale na sw\u00f3j obraz i podobie\u0144stwo zdegenerowa\u0142y do tego stopnia, i\u017c mo\u017cna mie\u0107 w\u0105tpliwo\u015bci, czy to jeszcze \u201e<em>pa\u0144stwo<\/em>\u201d, czy ju\u017c tylko \u201e<em>chamstwo<\/em>\u201d.<\/p>\r\n<p><strong><em>Stanis\u0142aw Michalkiewicz<\/em><\/strong><\/p>\r\n<p>Felieton \u00a0<strong>\u2022<\/strong>\u00a0 tygodnik \u201eNajwy\u017cszy Czas!\u201d \u00a0<strong>\u2022<\/strong>\u00a0 5 pa\u017adziernika 2012<\/p>\r\n<p><em>Sta\u0142y komentarz Stanis\u0142awa Michalkiewicza ukazuje si\u0119 w ka\u017cdym numerze tygodnika \u201eNajwy\u017cszy Czas!\u201d.<\/em><\/p>","protected":false},"excerpt":{"rendered":"Pa\u0144stwa, jak wiadomo, dziel\u0105 si\u0119 na powa\u017cne i pozosta\u0142e. Pa\u0144stwa powa\u017cne tym si\u0119 charakteryzuj\u0105, \u017ce potrafi\u0105 sprecyzowa\u0107 w\u0142asny interes, a kiedy ju\u017c go sprecyzuj\u0105, to bez wzgl\u0119du na okoliczno\u015bci zewn\u0119trzne i wewn\u0119trzne staraj\u0105 si\u0119 go realizowa\u0107. Pa\u0144stwa pozosta\u0142e, albo w og\u00f3le nie potrafi\u0105 sprecyzowa\u0107 swojego interesu, a je\u015bli nawet przypadkowo im si\u0119 to uda, to [&hellip;]","protected":false},"author":1,"featured_media":0,"comment_status":"closed","ping_status":"closed","sticky":false,"template":"","format":"standard","meta":{"_acf_changed":false,"_monsterinsights_skip_tracking":false,"_monsterinsights_sitenote_active":false,"_monsterinsights_sitenote_note":"","_monsterinsights_sitenote_category":0,"ngg_post_thumbnail":0,"footnotes":"","_wp_rev_ctl_limit":""},"categories":[9],"tags":[22,92,34],"acf":[],"_links":{"self":[{"href":"https:\/\/www.bibula.com\/index.php?rest_route=\/wp\/v2\/posts\/61698"}],"collection":[{"href":"https:\/\/www.bibula.com\/index.php?rest_route=\/wp\/v2\/posts"}],"about":[{"href":"https:\/\/www.bibula.com\/index.php?rest_route=\/wp\/v2\/types\/post"}],"author":[{"embeddable":true,"href":"https:\/\/www.bibula.com\/index.php?rest_route=\/wp\/v2\/users\/1"}],"replies":[{"embeddable":true,"href":"https:\/\/www.bibula.com\/index.php?rest_route=%2Fwp%2Fv2%2Fcomments&post=61698"}],"version-history":[{"count":0,"href":"https:\/\/www.bibula.com\/index.php?rest_route=\/wp\/v2\/posts\/61698\/revisions"}],"wp:attachment":[{"href":"https:\/\/www.bibula.com\/index.php?rest_route=%2Fwp%2Fv2%2Fmedia&parent=61698"}],"wp:term":[{"taxonomy":"category","embeddable":true,"href":"https:\/\/www.bibula.com\/index.php?rest_route=%2Fwp%2Fv2%2Fcategories&post=61698"},{"taxonomy":"post_tag","embeddable":true,"href":"https:\/\/www.bibula.com\/index.php?rest_route=%2Fwp%2Fv2%2Ftags&post=61698"}],"curies":[{"name":"wp","href":"https:\/\/api.w.org\/{rel}","templated":true}]}}