{"id":61696,"date":"2012-10-05T21:46:53","date_gmt":"2012-10-06T02:46:53","guid":{"rendered":"http:\/\/www.bibula.com\/?p=61696"},"modified":"2012-10-05T21:46:53","modified_gmt":"2012-10-06T02:46:53","slug":"rzym-arcybiskup-muller-sugeruje-koniec-rozmow-z-fsspx","status":"publish","type":"post","link":"https:\/\/www.bibula.com\/?p=61696","title":{"rendered":"Rzym: Arcybiskup M\u00fcller sugeruje koniec rozm\u00f3w z FSSPX"},"content":{"rendered":"<p><strong>Tu\u017c przed 50. rocznic\u0105 inauguracji obrad II Soboru Watyka\u0144skiego abp Gerard Ludwik M\u00fcller, prefekt Kongregacji Nauki Wiary, zdaje si\u0119 og\u0142asza\u0107 koniec negocjacji z Bractwem Kap\u0142a\u0144skim \u015aw. Piusa X.<\/strong><\/p>\r\n<table class=\"outset\" style=\"width: 168px; height: 179px;\" align=\"left\">\r\n<tbody>\r\n<tr>\r\n<td><a href=\"http:\/\/news.fsspx.pl\/wp-content\/uploads\/HBiLAvUo_Pxgen_r_300xA.jpg\"><img decoding=\"async\" title=\"Abp Gerard Ludwik M\u00fcller\" src=\"http:\/\/news.fsspx.pl\/wp-content\/uploads\/HBiLAvUo_Pxgen_r_300xA-150x150.jpg\" alt=\"\" width=\"150\" height=\"150\" \/><\/a><\/td>\r\n<\/tr>\r\n<tr>\r\n<td>\r\n<p class=\"zrodlo\">Abp Gerard Ludwik M\u00fcller, prefekt Kongregacji Nauki Wiary<\/p>\r\n<\/td>\r\n<\/tr>\r\n<\/tbody>\r\n<\/table>\r\n<div id=\"attachment_1858\">\r\n<p>W wywiadzie udzielonym rozg\u0142o\u015bni radiowej NDR Kultur niemiecki hierarcha powiedzia\u0142: \u201eTo Bractwo nie jest dla nas partnerem do negocjacji, poniewa\u017c nie negocjuje si\u0119 wiary\u201d. Zapytany o kwesti\u0119 nadania FSSPX statusu kanonicznego i \u201epowrotu tradycjonalist\u00f3w do Ko\u015bcio\u0142a\u201d, abp M\u00fcller odpowiedzia\u0142, \u017ce \u201ew aspekcie duszpasterskim drzwi zawsze pozostaj\u0105 otwarte\u201d. Jednocze\u015bnie kategorycznie stwierdzi\u0142, i\u017c \u201enie mo\u017ce by\u0107 \u017cadnych ulg w odniesieniu do wiary katolickiej w [takim] sensie, w jakim zosta\u0142a ona wa\u017cnie sformu\u0142owana (niem. g\u00fcltig formuliert) na II Soborze Watyka\u0144skim\u201d, a ten \u201enie stoi w sprzeczno\u015bci z ca\u0142\u0105 Tradycj\u0105 Ko\u015bcio\u0142a &#8211; co najwy\u017cej z niekt\u00f3rymi b\u0142\u0119dnymi interpretacjami wiary katolickiej (\u2026) Nie mo\u017cna po\u015bwi\u0119ci\u0107 wiary na o\u0142tarzu negocjacji. Tutaj nie miejsca na kompromis\u201d &#8211; i doda\u0142, \u017ce teraz wsp\u00f3lnie z papie\u017cem zdecyduj\u0105, jak dalej post\u0119powa\u0107.<\/p>\r\n<p>Prefekt Kongregacji Nauki Wiary przypomnia\u0142, \u017ce oczekuje, i\u017c Bractwo w najbli\u017cszym czasie zaakceptuje deklaracj\u0119 przekazan\u0105 13 czerwca br. przez kard. Levad\u0119. \u201eMy\u015bl\u0119 &#8211; doda\u0142 na koniec &#8211; \u017ce teraz nie b\u0119dzie ju\u017c \u017cadnych nowych rozm\u00f3w\u201d.<\/p>\r\n<p>(\u017ar\u00f3d\u0142o: pius.info, 4 pa\u017adziernika 2012).<\/p>\r\n<\/div>","protected":false},"excerpt":{"rendered":"Tu\u017c przed 50. rocznic\u0105 inauguracji obrad II Soboru Watyka\u0144skiego abp Gerard Ludwik M\u00fcller, prefekt Kongregacji Nauki Wiary, zdaje si\u0119 og\u0142asza\u0107 koniec negocjacji z Bractwem Kap\u0142a\u0144skim \u015aw. Piusa X. Abp Gerard Ludwik M\u00fcller, prefekt Kongregacji Nauki Wiary W wywiadzie udzielonym rozg\u0142o\u015bni radiowej NDR Kultur niemiecki hierarcha powiedzia\u0142: \u201eTo Bractwo nie jest dla nas partnerem do negocjacji, [&hellip;]","protected":false},"author":1,"featured_media":0,"comment_status":"closed","ping_status":"closed","sticky":false,"template":"","format":"standard","meta":{"_acf_changed":false,"_monsterinsights_skip_tracking":false,"_monsterinsights_sitenote_active":false,"_monsterinsights_sitenote_note":"","_monsterinsights_sitenote_category":0,"ngg_post_thumbnail":0,"footnotes":"","_wp_rev_ctl_limit":""},"categories":[3],"tags":[32,41,33],"acf":[],"_links":{"self":[{"href":"https:\/\/www.bibula.com\/index.php?rest_route=\/wp\/v2\/posts\/61696"}],"collection":[{"href":"https:\/\/www.bibula.com\/index.php?rest_route=\/wp\/v2\/posts"}],"about":[{"href":"https:\/\/www.bibula.com\/index.php?rest_route=\/wp\/v2\/types\/post"}],"author":[{"embeddable":true,"href":"https:\/\/www.bibula.com\/index.php?rest_route=\/wp\/v2\/users\/1"}],"replies":[{"embeddable":true,"href":"https:\/\/www.bibula.com\/index.php?rest_route=%2Fwp%2Fv2%2Fcomments&post=61696"}],"version-history":[{"count":0,"href":"https:\/\/www.bibula.com\/index.php?rest_route=\/wp\/v2\/posts\/61696\/revisions"}],"wp:attachment":[{"href":"https:\/\/www.bibula.com\/index.php?rest_route=%2Fwp%2Fv2%2Fmedia&parent=61696"}],"wp:term":[{"taxonomy":"category","embeddable":true,"href":"https:\/\/www.bibula.com\/index.php?rest_route=%2Fwp%2Fv2%2Fcategories&post=61696"},{"taxonomy":"post_tag","embeddable":true,"href":"https:\/\/www.bibula.com\/index.php?rest_route=%2Fwp%2Fv2%2Ftags&post=61696"}],"curies":[{"name":"wp","href":"https:\/\/api.w.org\/{rel}","templated":true}]}}