{"id":61682,"date":"2012-10-05T21:27:27","date_gmt":"2012-10-06T01:27:27","guid":{"rendered":"http:\/\/www.bibula.com\/?p=61682"},"modified":"2012-10-05T21:27:27","modified_gmt":"2012-10-06T02:27:27","slug":"","status":"publish","type":"post","link":"https:\/\/www.bibula.com\/?p=61682","title":{"rendered":"Kupcy wyrzuceni si\u0142\u0105"},"content":{"rendered":"<p><strong>Dzi\u015b nad ranem oko\u0142o 200 ochroniarzy usun\u0119\u0142o si\u0142\u0105 kupc\u00f3w z podziemi Dworca Centralnego w Warszawie. Jak powiedzia\u0142 Niezale\u017cnej Robert Grali\u0144ski ze stowarzyszenia Kupcy Warszawa &#8211; Centrum, obstawione zosta\u0142y wyj\u015bcia z podziemi. Ludzi wynoszono ze sklep\u00f3w u\u017cywaj\u0105c przemocy. Policja, cho\u0107 obecna na miejscu, nie interweniowa\u0142a. Jak si\u0119 nieoficjalnie dowiedzia\u0142a Niezale\u017cna.pl szefem <a id=\"anchorbbtBubble59\">firmy<\/a> ochroniarskiej jest Dariusz Janas, by\u0142y rzecznik sto\u0142ecznej&#8230; policji.<\/strong><br \/> <br \/> Zdaniem obecnej na miejscu dyrektor kancelarii prawnej reprezentuj\u0105cej kupc\u00f3w, dzia\u0142ania firmy ochroniarskiej by\u0142y bezprawne. &#8211; <strong><em>Twierdzili, \u017ce dokonuj\u0105 eksmisji, ale przecie\u017c nie maj\u0105 \u017cadnego wyroku s\u0105du w tej sprawi<\/em>e<\/strong> &#8211; powiedzia\u0142a w rozmowie z Niezale\u017cn\u0105. Wed\u0142ug niej oburzaj\u0105cy jest fakt, \u017ce policja odm\u00f3wi\u0142a przyj\u0119cia zawiadomienia o przest\u0119pstwa przez brutalnych ochroniarzy. Ci za\u015b w\u0142amywali si\u0119 do sklep\u00f3w, w kt\u00f3rych byli kupcy i wyci\u0105gali stamt\u0105d ludzi na si\u0142\u0119. Jedna osoba zosta\u0142a ci\u0119\u017cko pobita. Trafi\u0142a do szpitala z uszkodzeniami czaszki i \u017ceber. Wszystko dzia\u0142o si\u0119 przy biernej postawie obserwuj\u0105cych zdarzenie policjant\u00f3w.<br \/> <br \/> Sp\u00f3r mi\u0119dzy kupcami a administruj\u0105c\u0105 podziemiami przy Centralnym sp\u00f3\u0142k\u0105 WPP trwa ju\u017c od kilku miesi\u0119cy. W czerwcu tego roku przedsi\u0119biorcom przedstawiono nowe warunki um\u00f3w najmu sklep\u00f3w. Czynsze zosta\u0142y podniesione o kilkaset procent. Metr kwadratowy powierzchni sklepu w podziemiach jest sporo dro\u017cszy, ni\u017c w pobliskiej galerii handlowej Z\u0142ote Tarasy. <strong>Zap\u0142aci\u0107 trzeba ok. 500 &#8211; 600 z\u0142. W ten spos\u00f3b np. za sklep o powierzchni 33 m.kw. kupcy musieliby zap\u0142aci\u0107 miesi\u0119cznie ok. 22 tys. z\u0142 plus VAT. <\/strong>Dodatkowo sp\u00f3\u0142ka za\u017c\u0105da\u0142a kaucji i gwarancji w wysoko\u015bci 3-miesi\u0119cznego czynszu. Wszystko to sprawi\u0142o, \u017ce wielu kupc\u00f3w zrezygnowa\u0142o z wynajmu w podziemiach. Ich lokale zosta\u0142y zasztabowane i zaklejone foli\u0105, cz\u0119sto z towarem i wyposa\u017ceniem w \u015brodku. Niekt\u00f3rzy kupcy, protestuj\u0105c przeciwko horrendalnym podwy\u017ckom, nocowali w swoich sklepach. W\u0142a\u015bnie te osoby zosta\u0142y teraz usuni\u0119te si\u0142\u0105 przez ochroniarzy wynaj\u0119tych przez sp\u00f3\u0142k\u0119 WPP.<br \/> <br \/> Podziemiami Dworca Centralnego administruj\u0119 ona w imieniu Zarz\u0105du Dr\u00f3g Miejskich. Kupcy wielokrotnie zwraca\u0142y si\u0119 do w\u0142adz Warszawy o mediacje w ich sporze ze sp\u00f3\u0142k\u0105 WPP. Bez skutku. Zdaniem miejskich urz\u0119dnik\u00f3w, z prawnego punktu widzenia nie byli bowiem stron\u0105 w sporze. Spraw\u0119 rozstrzyga jeszcze s\u0105d administracyjny. <strong>Kupcy poskar\u017cyli si\u0119 bowiem, \u017ce sp\u00f3\u0142ka WPP nie ma prawa wynajmowa\u0107 lokali, a tylko nimi administrowa\u0107. Mimo to w\u0142adze sp\u00f3\u0142ki zdecydowa\u0142y si\u0119 na rozwi\u0105zanie si\u0142owe<\/strong>. Nieoficjalnie wiadomo, \u017ce w jej w\u0142adzach zasiada krewny jednego z zast\u0119pc\u00f3w prezydent stolicy, Hanny Gronkiewicz-Waltz.<\/p>\r\n<p>Autor: Rafa\u0142 Kotomski, | \u0179r\u00f3d\u0142o: niezalezna.pl,<\/p>","protected":false},"excerpt":{"rendered":"Dzi\u015b nad ranem oko\u0142o 200 ochroniarzy usun\u0119\u0142o si\u0142\u0105 kupc\u00f3w z podziemi Dworca Centralnego w Warszawie. Jak powiedzia\u0142 Niezale\u017cnej Robert Grali\u0144ski ze stowarzyszenia Kupcy Warszawa &#8211; Centrum, obstawione zosta\u0142y wyj\u015bcia z podziemi. Ludzi wynoszono ze sklep\u00f3w u\u017cywaj\u0105c przemocy. Policja, cho\u0107 obecna na miejscu, nie interweniowa\u0142a. Jak si\u0119 nieoficjalnie dowiedzia\u0142a Niezale\u017cna.pl szefem firmy ochroniarskiej jest Dariusz Janas, [&hellip;]","protected":false},"author":1,"featured_media":0,"comment_status":"closed","ping_status":"closed","sticky":false,"template":"","format":"standard","meta":{"_acf_changed":false,"_monsterinsights_skip_tracking":false,"_monsterinsights_sitenote_active":false,"_monsterinsights_sitenote_note":"","_monsterinsights_sitenote_category":0,"ngg_post_thumbnail":0,"footnotes":"","_wp_rev_ctl_limit":""},"categories":[8],"tags":[92,52,136],"acf":[],"_links":{"self":[{"href":"https:\/\/www.bibula.com\/index.php?rest_route=\/wp\/v2\/posts\/61682"}],"collection":[{"href":"https:\/\/www.bibula.com\/index.php?rest_route=\/wp\/v2\/posts"}],"about":[{"href":"https:\/\/www.bibula.com\/index.php?rest_route=\/wp\/v2\/types\/post"}],"author":[{"embeddable":true,"href":"https:\/\/www.bibula.com\/index.php?rest_route=\/wp\/v2\/users\/1"}],"replies":[{"embeddable":true,"href":"https:\/\/www.bibula.com\/index.php?rest_route=%2Fwp%2Fv2%2Fcomments&post=61682"}],"version-history":[{"count":0,"href":"https:\/\/www.bibula.com\/index.php?rest_route=\/wp\/v2\/posts\/61682\/revisions"}],"wp:attachment":[{"href":"https:\/\/www.bibula.com\/index.php?rest_route=%2Fwp%2Fv2%2Fmedia&parent=61682"}],"wp:term":[{"taxonomy":"category","embeddable":true,"href":"https:\/\/www.bibula.com\/index.php?rest_route=%2Fwp%2Fv2%2Fcategories&post=61682"},{"taxonomy":"post_tag","embeddable":true,"href":"https:\/\/www.bibula.com\/index.php?rest_route=%2Fwp%2Fv2%2Ftags&post=61682"}],"curies":[{"name":"wp","href":"https:\/\/api.w.org\/{rel}","templated":true}]}}