{"id":61681,"date":"2012-10-05T21:24:49","date_gmt":"2012-10-06T01:24:49","guid":{"rendered":"http:\/\/www.bibula.com\/?p=61681"},"modified":"2012-10-05T21:24:49","modified_gmt":"2012-10-06T02:24:49","slug":"","status":"publish","type":"post","link":"https:\/\/www.bibula.com\/?p=61681","title":{"rendered":"Infiltracja jak za komuny"},"content":{"rendered":"<p><strong>Parlamentarzy\u015bci chc\u0105 wyja\u015bnie\u0144 od szefa MSW Marka Cichockiego w sprawie policyjnej inwigilacji uczestnik\u00f3w sobotniego Marszu w obronie Telewizji Trwam &#8211; dowiedzia\u0142 si\u0119 &#8222;Nasz Dziennik&#8221;<\/strong><\/p>\r\n<div>\r\n<p>Funkcjonariusze legitymowali i wypytywali organizator\u00f3w wyjazd\u00f3w autokarowych o cel podr\u00f3\u017cy do Warszawy. Notowali numery rejestracyjne autokar\u00f3w, pytali o liczb\u0119 uczestnik\u00f3w wyjazdu, ich cel, tras\u0119 przejazdu i termin powrotu. Policjant\u00f3w interesowa\u0142y te\u017c numery telefon\u00f3w i nazwiska organizator\u00f3w. &#8211; Praktyka w demokratycznym pa\u0144stwie prawa nie znajduje \u017cadnego uzasadnienia dla tego typu dzia\u0142a\u0144 policji. Jej rol\u0105 nie jest prowadzenie tego rodzaju monitoringu, by dowiedzie\u0107 si\u0119, ilu ludzi, sk\u0105d i jak\u0105 tras\u0105 jedzie na manifestacj\u0119. S\u0142ysz\u0119 o takich sytuacjach z r\u00f3\u017cnych stron, dlatego wydaje si\u0119, \u017ce by\u0142a to jaka\u015b skoordynowana akcja &#8211; ocenia pose\u0142 Jaros\u0142aw Zieli\u0144ski (PiS) z sejmowej Komisji Spraw Wewn\u0119trznych i Administracji. Cho\u0107, jak zaznacza, szefostwo policji jest zbyt chytre, by wydawa\u0107 tego rodzaju polecenia na pi\u015bmie. &#8211; Znam to \u015brodowisko do\u015b\u0107 dobrze. By\u0142a to pewnie jaka\u015b cicha dyspozycja &#8211; m\u00f3wi zdumiony parlamentarzysta.<\/p>\r\n<p>Pierwsze informacje o dziwnych pytaniach otrzymali od bior\u0105cych udzia\u0142 w marszu uczestnicy sobotniej konwencji PiS oraz osoby koordynuj\u0105ce protest od strony organizacyjnej i bezpiecze\u0144stwa, w tym m.in. Maciej W\u0105sik (PiS), warszawski radny i by\u0142y wiceszef CBA.<\/p>\r\n<p>&#8211; Zadzwoni\u0142em jeszcze w sobot\u0119 w tej sprawie do Sto\u0142ecznego Stanowiska Kierowania z zapytaniem, co si\u0119 dzieje. Co ciekawe, tego samego dnia w imieniu komendanta g\u0142\u00f3wnego policji zadzwoni\u0142 do mnie zast\u0119pca komendanta sto\u0142ecznego policji, kt\u00f3ry przeprasza\u0142 mnie za zaistnia\u0142\u0105 sytuacj\u0119. Przekazano mi, \u017ce jeszcze tego samego dnia komendant g\u0142\u00f3wny policji zorganizowa\u0142 wideokonferencj\u0119 dla szef\u00f3w komend wojew\u00f3dzkich, podczas kt\u00f3rej zwr\u00f3ci\u0142 si\u0119 do nich, by wszystkie dzia\u0142ania monitoruj\u0105ce nie mia\u0142y cech inwigilacji &#8211; relacjonuje W\u0105sik. Wczoraj &#8222;Nasz Dziennik&#8221; zwr\u00f3ci\u0142 si\u0119 z pytaniem o t\u0119 spraw\u0119 do rzecznika policji Mariusza Soko\u0142owskiego. Jeszcze nie otrzymali\u015bmy na nie odpowiedzi. Pytali\u015bmy, czy by\u0142a to akcja zorganizowana, je\u015bli tak, to kto podj\u0105\u0142 decyzj\u0119 o tak szerokim i bezpo\u015brednim monitoringu, dlaczego policja w og\u00f3le interesowa\u0142a si\u0119 wyjazdami i na czyje potrzeby zbierano informacje o organizatorach wyjazd\u00f3w lub numerach rejestracyjnych autokar\u00f3w.<\/p>\r\n<p>Czy policja mia\u0142a \u015bwiadomo\u015b\u0107, \u017ce ten rodzaj monitoringu jest nadu\u017cyciem i mo\u017ce wywo\u0142a\u0107 podejrzenie, \u017ce uczestnicy wielkiej i niewygodnej dla obozu w\u0142adzy manifestacji mog\u0105 zosta\u0107 poddani inwigilacji? Zdaniem Macieja W\u0105sika, by\u0107 mo\u017ce niekt\u00f3rzy komendanci lub funkcjonariusze po prostu zbyt gorliwie podchodz\u0105 do wykonywania rozkaz\u00f3w.<\/p>\r\n<p>Skontaktowali\u015bmy si\u0119 wi\u0119c wczoraj z rzecznikami prasowymi kilku komend wojew\u00f3dzkich. Komenda wojew\u00f3dzka w Bydgoszczy t\u0142umaczy, \u017ce zdarzaj\u0105 si\u0119 takie sytuacje. &#8211; S\u0105 one potrzebne, by policjanci z danego miasta w spos\u00f3b w\u0142a\u015bciwy mogli si\u0119 do takiego wydarzenia przygotowa\u0107. Du\u017ca liczba uczestnik\u00f3w mo\u017ce powodowa\u0107 utrudnienia, musz\u0105 mie\u0107 wiedz\u0119, jaka jest ich liczba, uczestnicy wyjazdu musz\u0105 w spos\u00f3b bezpieczny dotrze\u0107 do miejsca, a potem je opu\u015bci\u0107, trzeba przygotowa\u0107 im miejsca parkingowe &#8211; t\u0142umaczy biuro prasowe KWP w Bydgoszczy. Ale co innego m\u00f3wi przedstawiciel KWP w Katowicach. Policja zbiera bardziej szczeg\u00f3\u0142owe informacje lub dokonuje kontroli tylko w przypadku, gdy ma informacje, \u017ce w autokarze s\u0105 przewo\u017cone niebezpieczne przedmioty.<\/p>\r\n<p>&#8211; Wtedy podejmujemy takie dzia\u0142ania, ale kiedy jest organizowany tego rodzaju marsz, to nikogo nie inwigilujemy. Najwy\u017cej na miejscu policja kontroluje uczestnik\u00f3w takich manifestacji &#8211; m\u00f3wi Iwona Ochman z biura prasowego \u015bl\u0105skiej policji. Jak deklaruje, na terenie wojew\u00f3dztwa \u015bl\u0105skiego takich dzia\u0142a\u0144 nikt w sobot\u0119 ani wcze\u015bniej nie podejmowa\u0142.<\/p>\r\n<p>Najdziwniejsze jest to, \u017ce nigdy wcze\u015bniej uczestnicy wyjazd\u00f3w na wielkie protesty, jak cho\u0107by pierwszy, kwietniowy Marsz w obronie Telewizji Trwam nie byli w tak bezpo\u015bredni spos\u00f3b monitorowani. W\u015br\u00f3d os\u00f3b przes\u0142uchanych przez policjant\u00f3w jest m.in. cz\u0142onkini Terenowego Biura Radia Maryja z Ciechocinka, kt\u00f3ra zrelacjonowa\u0142a to wydarzenie w Radiu Maryja. &#8211; Przed wyruszeniem autokaru mieli\u015bmy ciekaw\u0105 sytuacj\u0119. Nagle pojawi\u0142 si\u0119 nieumundurowany funkcjonariusz policji. Wylegitymowa\u0142 si\u0119, przedstawi\u0142. Na moje pytanie, w jakim celu i czemu ma s\u0142u\u017cy\u0107 ta rozmowa, odpowiedzia\u0142, \u017ce wykonuje polecenie swoich prze\u0142o\u017conych &#8211; opowiada. Policjant zada\u0142 jej kilka pyta\u0144, m.in. na jaki protest organizowany jest wyjazd. Kobieta odebra\u0142a to jako sugesti\u0119, \u017ce tego dnia w Warszawie jest kilka r\u00f3\u017cnych manifestacji. &#8211; Odpowiedzia\u0142am, \u017ce jedziemy na protest pod has\u0142em: &#8222;Obud\u017a si\u0119, Polsko!&#8221;. Funkcjonariusz jakby nie zrozumia\u0142 odpowiedzi i powt\u00f3rzy\u0142 pytanie &#8211; dodaje.<\/p>\r\n<p>Policjant chcia\u0142 r\u00f3wnie\u017c dowiedzie\u0107 si\u0119, ile os\u00f3b jest w autokarze, kiedy wr\u00f3c\u0105 z powrotem, zanotowa\u0142 jej imi\u0119, nazwisko i numer telefonu. Pani Urszula z Ciechocinka nie by\u0142a oczywi\u015bcie jedyn\u0105 z wypytywanych. Pose\u0142 Zbigniew Ku\u017amiuk (PiS) poinformowa\u0142, \u017ce podobna sytuacja spotka\u0142a tak\u017ce szefa klubu &#8222;Gazety Polskiej&#8221; w \u0141ochowie, kt\u00f3ry zosta\u0142 poproszony o z\u0142o\u017cenie kilku informacji na posterunku policji. &#8211; Nie chcia\u0142em m\u00f3wi\u0107 o wszystkim przez telefon, bo nie mia\u0142em pewno\u015bci, z kim rozmawiam, wi\u0119c sam poszed\u0142em na komend\u0119. Tam pad\u0142y uprzejme pytania o wyjazd, kt\u00f3ry organizowali\u015bmy wraz z Ko\u0142em Przyjaci\u00f3\u0142 Radia Maryja. Poda\u0142em telefon do wsp\u00f3\u0142organizatorki wyjazdu. Poproszono mnie tak\u017ce o podanie terminu wyjazdu oraz powrotu, liczby uczestnik\u00f3w, trasy przejazdu, numer\u00f3w rejestracyjnych autobusu &#8211; relacjonuje Robert Go\u0142aszewski. Policjant t\u0142umaczy\u0142 mu, \u017ce powodem rozmowy by\u0142o zebranie przez policj\u0119 informacji, kt\u00f3re mia\u0142y pom\u00f3c w &#8222;zapewnieniu bezpiecze\u0144stwa&#8221; i &#8222;przejezdno\u015bci&#8221;.<\/p>\r\n<h3>Radiow\u00f3z zaje\u017cd\u017ca drog\u0119<\/h3>\r\n<p>&#8211; Troch\u0119 si\u0119 dziwi\u0142em, bo je\u017adzimy do Warszawy np. na rocznice katastrofy smole\u0144skiej, kiedy r\u00f3wnie\u017c przybywaj\u0105 tysi\u0105ce ludzi i nikt nas dot\u0105d o nic nie pyta\u0142. To pierwszy taki przypadek &#8211; dodaje Go\u0142aszewski. Podobne telefoniczne zaproszenie na rozmow\u0119 z policjantem otrzyma\u0142 organizator z Wyszkowa. Ten jednak odm\u00f3wi\u0142 stawienia si\u0119 na przes\u0142uchanie. Jeden z autokar\u00f3w wioz\u0105cych uczestnik\u00f3w marszu z Nowego S\u0105cza do stolicy r\u00f3wnie\u017c zosta\u0142 zatrzymany. &#8211; Wyjazd by\u0142 zaplanowany na godz. 3.00 nad ranem. Nagle drog\u0119 zajecha\u0142 du\u017cy radiow\u00f3z. Policjanci zatrzymali nas, spisali numery rejestracyjne autobusu i odjechali. Byli\u015bmy troch\u0119 zdziwieni, pocz\u0105tkowo ka\u017cdy my\u015bla\u0142, \u017ce chodzi\u0142o o kontrol\u0119 techniczn\u0105 przed wyruszeniem w tras\u0119 &#8211; relacjonuje pani Magdalena z Nowego S\u0105cza. Interwencj\u0119 w tej sprawie zapowiedzia\u0142 Zbigniew Ku\u017amiuk (PiS). &#8211; Rzeczywi\u015bcie w pi\u0105tek, tu\u017c przed wyjazdami na marsz, dotar\u0142y do mnie informacje do\u015b\u0107 niepokoj\u0105ce &#8211; t\u0142umaczy parlamentarzysta, kt\u00f3ry wystosowa\u0142 ju\u017c w tej sprawie interpelacj\u0119 poselsk\u0105 do MSW. Jak ocenia, z pewno\u015bci\u0105 nie by\u0142a to w\u0142asna inicjatywa policjant\u00f3w, ale szeroka akcja og\u00f3lnopolska. Pose\u0142 zapyta\u0142 w zwi\u0105zku z tym ministra Jacka Cichockiego, kto wyda\u0142 dyspozycj\u0119 do przeprowadzenia akcji i zadawania pyta\u0144 oraz jaki by\u0142 tego cel. &#8211; Nie s\u0105dz\u0119, by chodzi\u0142o o bezpiecze\u0144stwo wyje\u017cd\u017caj\u0105cych. Chcia\u0142bym si\u0119 wi\u0119c dowiedzie\u0107, czy ten spos\u00f3b funkcjonowania policji, kt\u00f3ra bezpo\u015brednio monitoruje osoby jad\u0105ce na opozycyjny marsz, by\u0142 standardem demokratycznego pa\u0144stwa prawa &#8211; podkre\u015bla pose\u0142 Zbigniew Ku\u017amiuk. &#8211; Nie wydaje mi si\u0119, by policja mia\u0142a si\u0119 interesowa\u0107 zbiorowymi wyjazdami Polak\u00f3w. Wiemy poza tym, \u017ce wizyty na komendzie i tego rodzaju rozmowy z policj\u0105, szczeg\u00f3lnie dla ludzi, kt\u00f3rzy z tym \u015bwiatem na co dzie\u0144 si\u0119 nie stykaj\u0105, nie nale\u017c\u0105 do przyjemno\u015bci &#8211; dodaje.<\/p>\r\n<p>Pose\u0142 Jaros\u0142aw Zieli\u0144ski zamierza postawi\u0107 t\u0119 spraw\u0119 na posiedzeniu sejmowej Komisji Administracji i Spraw Wewn\u0119trznych, a by\u0107 mo\u017ce nawet na posiedzeniu plenarnym. &#8211; Efektem takiej akcji jest jakie\u015b zastraszenie ludzi, kt\u00f3rzy nie maj\u0105 na co dzie\u0144 do czynienia z policj\u0105, wywarcie nacisku psychologicznego, r\u00f3wnie\u017c na osobach zaanga\u017cowanych w dzia\u0142alno\u015b\u0107 opozycyjn\u0105 &#8211; ocenia. W tym kontek\u015bcie parlamentarzysta przypomina swobodny wjazd autokaru z uzbrojonymi lewackimi boj\u00f3wkarzami z Niemiec, kt\u00f3rzy nie niepokojeni przez policj\u0119 dotarli do Warszawy i wywo\u0142ali burdy na listopadowym Marszu Niepodleg\u0142o\u015bci.<\/p>\r\n<p><strong><em>Maciej Walaszczyk<\/em><\/strong><\/p>\r\n<\/div>","protected":false},"excerpt":{"rendered":"Parlamentarzy\u015bci chc\u0105 wyja\u015bnie\u0144 od szefa MSW Marka Cichockiego w sprawie policyjnej inwigilacji uczestnik\u00f3w sobotniego Marszu w obronie Telewizji Trwam &#8211; dowiedzia\u0142 si\u0119 &#8222;Nasz Dziennik&#8221; Funkcjonariusze legitymowali i wypytywali organizator\u00f3w wyjazd\u00f3w autokarowych o cel podr\u00f3\u017cy do Warszawy. Notowali numery rejestracyjne autokar\u00f3w, pytali o liczb\u0119 uczestnik\u00f3w wyjazdu, ich cel, tras\u0119 przejazdu i termin powrotu. Policjant\u00f3w interesowa\u0142y te\u017c [&hellip;]","protected":false},"author":1,"featured_media":0,"comment_status":"closed","ping_status":"closed","sticky":false,"template":"","format":"standard","meta":{"_acf_changed":false,"_monsterinsights_skip_tracking":false,"_monsterinsights_sitenote_active":false,"_monsterinsights_sitenote_note":"","_monsterinsights_sitenote_category":0,"ngg_post_thumbnail":0,"footnotes":"","_wp_rev_ctl_limit":""},"categories":[8],"tags":[92,136],"acf":[],"_links":{"self":[{"href":"https:\/\/www.bibula.com\/index.php?rest_route=\/wp\/v2\/posts\/61681"}],"collection":[{"href":"https:\/\/www.bibula.com\/index.php?rest_route=\/wp\/v2\/posts"}],"about":[{"href":"https:\/\/www.bibula.com\/index.php?rest_route=\/wp\/v2\/types\/post"}],"author":[{"embeddable":true,"href":"https:\/\/www.bibula.com\/index.php?rest_route=\/wp\/v2\/users\/1"}],"replies":[{"embeddable":true,"href":"https:\/\/www.bibula.com\/index.php?rest_route=%2Fwp%2Fv2%2Fcomments&post=61681"}],"version-history":[{"count":0,"href":"https:\/\/www.bibula.com\/index.php?rest_route=\/wp\/v2\/posts\/61681\/revisions"}],"wp:attachment":[{"href":"https:\/\/www.bibula.com\/index.php?rest_route=%2Fwp%2Fv2%2Fmedia&parent=61681"}],"wp:term":[{"taxonomy":"category","embeddable":true,"href":"https:\/\/www.bibula.com\/index.php?rest_route=%2Fwp%2Fv2%2Fcategories&post=61681"},{"taxonomy":"post_tag","embeddable":true,"href":"https:\/\/www.bibula.com\/index.php?rest_route=%2Fwp%2Fv2%2Ftags&post=61681"}],"curies":[{"name":"wp","href":"https:\/\/api.w.org\/{rel}","templated":true}]}}