{"id":61297,"date":"2012-09-26T09:27:34","date_gmt":"2012-09-26T14:27:34","guid":{"rendered":"http:\/\/www.bibula.com\/?p=61297"},"modified":"2012-09-26T09:29:21","modified_gmt":"2012-09-26T14:29:21","slug":"wywiad-z-czlonkiem-rady-dyrektorow-polsko-slowianskiej-unii-kredytowej-oraz-centrum-polsko-slowianskiego-marzena-wojczulanis","status":"publish","type":"post","link":"https:\/\/www.bibula.com\/?p=61297","title":{"rendered":"Wywiad z cz\u0142onkiem Rady Dyrektor\u00f3w Polsko-S\u0142owia\u0144skiej Unii Kredytowej oraz Centrum Polsko-S\u0142owia\u0144skiego &#8211; Marzen\u0105 Wojczulanis"},"content":{"rendered":"<p>Przekazujemy Pa\u0144stwu wywiad z Marzen\u0105 Wojczulanis, kt\u00f3ry ukaza\u0107 mia\u0142 si\u0119 w weekendowym wydaniu \u201e Super Express\u201d 09-22-2012. Niestety ze wzgl\u0119du na zawart\u0105 w nim tre\u015b\u0107 w ostatniej chwili nasza polskoj\u0119zyczna gazeta zrezygnowa\u0142a z publikacji. Pozosta\u0142o mie\u0107 nadziej\u0119, \u017ce nie by\u0142o to spowodowane naciskami ze strony Przewodnicz\u0105cej Unii Kredytowej tak jak to mia\u0142o miejsce za poprzedniej Rady Dyrektor\u00f3w.<\/p>\r\n<p>Marzena Wojczulanis pe\u0142ni funkcje spo\u0142eczne w dw\u00f3ch kluczowych organizacjach polonijnych. Jest jednym z cz\u0142onk\u00f3w Rady Dyrektor\u00f3w Polsko &#8211; S\u0142owia\u0144skiej Unii Kredytowej oraz Centrum Polsko- S\u0142owia\u0144skiego.<\/p>\r\n<p><span class=\"pullquote\"><!-- Wydaje mi si\u0119, \u017ce wi\u0119kszo\u015b\u0107 cz\u0142onk\u00f3w Rady Dyrektor\u00f3w nie jest zainteresowana tematem rozwi\u0105zania kwestii inwestycji na ponad 500 milion\u00f3w dolar\u00f3w --><\/span><\/p>\r\n<p><strong>Prosz\u0119\u00a0opowiedzie\u0107\u00a0jak si\u0119\u00a0pani dowiedzia\u0142a o tym, \u017ce pani kadencja w Radzie Dyrektor\u00f3w CP-S b\u0119dzie trwa\u0142a kr\u00f3cej?<\/strong><\/p>\r\n<p>Dok\u0142adnie 22 sierpnia Rada Dyrektor\u00f3w otrzyma\u0142a komunikat od pani Bo\u017ceny Kami\u0144skiej &#8211; dyrektor wykonawczej, \u017ce we wrze\u015bniowych wyborach do Rady Dyrektor\u00f3w CP-S s\u0105\u00a0trzy wolne miejsca. W tym samym emailu dostali\u015bmy informacje, \u017ce\u00a0dyrektorzy kt\u00f3rzy zostali wybrani 2 lata temu mi\u0119dzy innymi ja, ich wakaty podlegaj\u0105 rotacji. Szczeg\u00f3\u0142owo m\u00f3wi\u0105c osoba, kt\u00f3ra dosta\u0142a najwi\u0119cej g\u0142os\u00f3w wchodzi do Rady Dyrektor\u00f3w, zgodnie ze statutem na 6 lat. Natomiast kolejna osoba na 4 lata i trzecia na 2 lata. W tym wypadku Marianowi \u0179akowi kadencja automatycznie zosta\u0142a skr\u00f3cona do 4 lat a mnie do 2, co by oznacza\u0142o, \u017ce musz\u0119 startowa\u0107 ponownie w wyborach do Rady Dyrektor\u00f3w.<\/p>\r\n<p><strong>Czy pr\u00f3bowa\u0142a Pani wyja\u015bni\u0107\u00a0ta spraw\u0119\u00a0 z dyrektorem wykonawczym?<\/strong><\/p>\r\n<p>Stara\u0142am si\u0119\u00a0jednak by\u0142o to niemo\u017cliwe. Poniewa\u017c\u00a0tu\u017cpo wys\u0142aniu tego emaila pani dyrektor wykonawcza wyjecha\u0142a na wakacje i na tym sko\u0144czy\u0142a si\u0119 jej komunikacja z dyrektorami na ten temat. Dzie\u0144 p\u00f3\u017aniej w prasie pojawi\u0142a si\u0119 notatka, \u017ce s\u0105 trzy miejsca w Radzie Dyrektor\u00f3w. Odby\u0142o si\u0119to bez konsultacji z dyrektorami oraz osobami zainteresowanymi.<\/p>\r\n<p><strong>Kiedy mogli\u015bcie si\u0119\u00a0pa\u0144stwo spotka\u0107\u00a0 z dyrektor wykonawcz\u0105?<\/strong><\/p>\r\n<p>D\u0142ugo to trwa\u0142o, wysy\u0142a\u0142am emaile i prosi\u0142am o spotkanie, niestety bezskutecznie. Nie odpowiada\u0142a ani dyrektor wykonawcza pani Danuta Bronchard &#8211; prezes CP-S. W ko\u0144cu Marian \u0179ak zaproponowa\u0142 \u017ceby podczas spotkania, kt\u00f3re odby\u0142o si\u0119 7 wrze\u015bnia w\u0142o\u017cy\u0107 na agend\u0119 spraw\u0119 naszych kadencji. Podczas zebrania Marian \u0179ak, Malina Nealis Stadnik, i ja za\u017c\u0105dali\u015bmy wyja\u015bnie\u0144. Mimo protest\u00f3w odby\u0142o si\u0119 g\u0142osowanie aby przywr\u00f3ci\u0107 nasze kadencje na 6 lat wedle statutu CP-S.<\/p>\r\n<p>&nbsp;<\/p>\r\n<p>Czterech dyrektor\u00f3w zag\u0142osowa\u0142o za tym wnioskiem, natomiast pani dyrektor wykonawcza oraz pani prezes by\u0142y przeciw. To oznacza, \u017ce obie panie nie znaj\u0105 albo z premedytacj\u0105 \u0142ami\u0105 statut naszej organizacji oraz prawo stanowe dla organizacji non-profit.<\/p>\r\n<p><strong>Co pani zrobi\u0142a z tym faktem, czy pr\u00f3bowa\u0142a si\u0119\u00a0pani odwo\u0142a\u0107?<\/strong><\/p>\r\n<p>W zwi\u0105zku z tym, \u017ce zosta\u0142\u00a0wyra\u017anie pogwa\u0142cony statut CP-S, kt\u00f3ry m\u00f3wi, \u017ce dyrektorzy s\u0105\u00a0wybierani na 6 lat i naruszenie zosta\u0142o prawo stanowe (N.Y. NPC LAW parag. 703: NY Code &#8211; section 703), kt\u00f3re stanowi, \u017ce dyrektorzy s\u0105 wybierani na nie wi\u0119cej ni\u017c 5 lat, dok\u0142adnie do momentu kiedy nasz nast\u0119pca przejmie po nas obowi\u0105zki.<\/p>\r\n<p>Dlatego walcz\u0105c o swoje prawa 8 wrze\u015bnia wys\u0142a\u0142am protest w tej sprawie do komisji rewizyjnej. Niestety r\u00f3wnie\u017c\u00a0 w tym wypadku nie otrzyma\u0142am odpowiedzi. Dlatego postanowi\u0142am 12 wrze\u015bnia spotka\u0107\u00a0si\u0119\u00a0z komisj\u0105 nominacyjn\u0105. Przedstawi\u0142am problem, komisja wys\u0142ucha\u0142a moich argument\u00f3w i przyj\u0119\u0142a je do wiadomo\u015bci. Jednak do tej pory nie pojawi\u0142a si\u0119 \u017cadna informacja w prasie, kt\u00f3ra sprostowa\u0142aby i wyja\u015bni\u0142a ca\u0142\u0105 spraw\u0119.<\/p>\r\n<p><strong>Czyli obecnie pani kadencja b\u0119dzie trwa\u0142a 6 lat?<\/strong><\/p>\r\n<p>Wedle naszego statutu tak, natomiast wedle prawa stanowego moja kadencja nie powinna trwa\u0107\u00a0d\u0142u\u017cej ni\u017c\u00a05 lat &#8211; i to powinno by\u0107 jak najszybciej przez nas wyja\u015bnione i mam nadziej\u0119, \u017ce ju\u017c na nast\u0119pnym zebraniu b\u0119dziemy nad tym pracowa\u0107.<\/p>\r\n<p><strong>Kilka miesi\u0119cy temu zrezygnowa\u0142a pani ze stanowiska skarbnika C-PS. Co by\u0142o powodem podj\u0119cia przez pani\u0105\u00a0takiej decyzji?<\/strong><\/p>\r\n<p>Nie zgadza\u0142am si\u0119\u00a0ze sposobem zarz\u0105dzania, jaki wprowadzi\u0142y w CP-S pani <strong>Bo\u017cena Kami\u0144ska i Danuta Bronchard<\/strong>.<\/p>\r\n<p><strong>Prosz\u0119\u00a0poda\u0107\u00a0przyk\u0142adowe sytuacje, z kt\u00f3rymi si\u0119\u00a0Pani nie zgadza?<\/strong><\/p>\r\n<p>Przyk\u0142ad\u00f3w jest du\u017co, ale podam te najwa\u017cniejsze. Rok temu zosta\u0142a stworzona przez Rade Dyrektor\u00f3w komisja do pracy nad naszym statutem. Mimo tego, \u017ce ja oraz Marian \u0179ak zwr\u00f3cili\u015bmy uwag\u0119,\u00a0\u017ce nasze kadencje nie mog\u0119\u00a0by\u0107\u00a0na d\u0142u\u017cej ni\u017c\u00a05 lat, do tej pory nic nie zosta\u0142o zrobione. Zwr\u00f3cili\u015bmy te\u017c\u00a0uwag\u0119,\u00a0\u017ce musz\u0105\u00a0zosta\u0107 zmienione zasady co do liczby podpis\u00f3w pod petycj\u0105 aby startowa\u0107 do Rady Dyrektor\u00f3w. Do tej pory kandydaci musieli zebra\u0107 oko\u0142o 8 ty\u015b. podpis\u00f3w &#8211; co jest naprawd\u0119 fizycznie nie do osi\u0105gni\u0119cia. Zwa\u017cywszy, ze ka\u017cdy kandydat ma na to zaledwie dwa miesi\u0105ce. Unia kredytowa, kt\u00f3ra ma dwa razy wi\u0119cej cz\u0142onk\u00f3w wymaga tylko 500 podpis\u00f3w, wiec jest to niesprawiedliwe w stosunku do cz\u0142onk\u00f3w CP-S.<\/p>\r\n<p>Nie zgadzam si\u0119 te\u017c z zawieszeniem cz\u0142onk\u00f3w CP-S w ich prawach i tutaj popieraj\u0105 mnie te\u017c inni dyrektorzy, lecz niestety nie mamy wi\u0119kszo\u015bci w radzie i nie mog\u0119 z tym nic zrobi\u0107. Tak jak m\u00f3wi\u0142am w moim ostatnim o\u015bwiadczeniu, CP-S powinno szanowa\u0107 opinie ka\u017cdego cz\u0142onka, nawet je\u017celi jest ona inna ni\u017c stanowisko rady dyrektor\u00f3w.<\/p>\r\n<p><strong>Cz\u0119sto m\u00f3wi pani, \u017ce centrum \u017ale lokuje fundusze. Prosz\u0119\u00a0poda\u0107\u00a0przyk\u0142ady?<\/strong><\/p>\r\n<p>Uwa\u017cam, \u017ce centrum nie rozwija si\u0119\u00a0finansowo. Wszystkie sugestie oraz propozycje pozosta\u0142ych cz\u0142onk\u00f3w Rady Dyrektor\u00f3w dotycz\u0105ce rozwoju dzia\u0142alno\u015bci finansowej CP-S s\u0105\u00a0ignorowane przez pani\u0105\u00a0prezes oraz dyrektor wykonawcz\u0105. W CP-S brakuje gospodarza, kt\u00f3ry b\u0119dzie na miejscu a pani dyrektor wykonawcza cz\u0119sto jest w rozjazdach. To jest odpowiedzialna funkcja, p\u0142atna z pieni\u0119dzy cz\u0142onkowskich.<\/p>\r\n<p><strong>Ma Pani spos\u00f3b na to \u017ceby C-PS rozwija\u0142o si\u0119\u00a0 w dobrym kierunku?<\/strong><\/p>\r\n<p>Po pierwsze musimy wyja\u015bni\u0107\u00a0wszelkie w\u0105tpliwo\u015bci, dotycz\u0105ce statutu. Przywr\u00f3ci\u0107\u00a0naszych cz\u0142onk\u00f3w w ich prawach, aby poprawi\u0107 nasze relacje z nimi. Zacz\u0105\u0107 zdobywa\u0107 pieni\u0105dze, i ograniczy\u0107 wydatki.<\/p>\r\n<p><strong>Czy zdarza\u0142y si\u0119\u00a0takie sytuacje, \u017ce co\u015b\u00a0 pani sugerowa\u0142a cz\u0142onkom Rady Dyrektor\u00f3w a oni to ignorowali??<\/strong><\/p>\r\n<p>Tak owszem. By\u0142y sk\u0142adane wnioski zwi\u0105zane z prowadzeniem naszej instytucji dotycz\u0105ce dalszego rozwoju dzia\u0142alno\u015bci finansowej. Nawet zosta\u0142y\u00a0zatwierdzone lecz nigdy nie wprowadzone w \u017cycie.<\/p>\r\n<p>Przyk\u0142ad z ostatniego tygodnia. Czterech dyrektor\u00f3w przeg\u0142osowa\u0142o moj\u0105\u00a0nominacj\u0119\u00a0do Kongresu Polonii Ameryka\u0144skiej, na stanowisko wiceprezesa od spraw Polskich. Do tej pory nie dosta\u0142am \u017cadnych informacji czy moja nominacja zosta\u0142a zg\u0142oszona i pomimo ci\u0105g\u0142ych pyta\u0144\u00a0nie tylko z mojej strony, ale r\u00f3wnie\u017c\u00a0 ze strony Mariana \u0179aka oraz Maliny Nealis Stadnik, nie dosta\u0142am \u017cadnej odpowiedzi. Termin zg\u0142oszenia mojej nominacji up\u0142ywa 25 wrze\u015bnia. Pani prezes ani dyrektor wykonawcza nie popar\u0142y mojej kandydatury, wiec nasze obawy s\u0105 uzasadnione.<\/p>\r\n<p><strong>O co zazwyczaj maj\u0105\u00a0pretensje cz\u0142onkowie C-PS?<\/strong><\/p>\r\n<p>G\u0142ownie denerwuj\u0105\u00a0si\u0119\u00a0tym, \u017ce Rada Dyrektor\u00f3w ignoruje ich opinie i wol\u0119.\u00a0<\/p>\r\n<p><strong>Wr\u00f3\u0107my teraz do Polsko &#8211; S\u0142owia\u0144skiej Federalnej Unii Kredytowej. Czy wed\u0142ug pani z\u0142o\u017cenie petycji przez cz\u0142onk\u00f3w P-SFUK jest s\u0142uszne?<\/strong><\/p>\r\n<p>Cz\u0142onkowie P-SFUK maj\u0105\u00a0nie tylko prawo wybiera\u0107\u00a0 kandydat\u00f3w do Rady Dyrektor\u00f3w, ale te\u017c, je\u017celi si\u0119 z nimi nie zgadzaj\u0105 maj\u0105 demokratyczne prawo ich odwo\u0142a\u0107. My, jako cz\u0142onkowie Rady Dyrektor\u00f3w jeste\u015bmy tylko wolontariuszami, zostali\u015bmy wybrani przez cz\u0142onk\u00f3w Unii i pracujemy spo\u0142ecznie na rzecz P-SFUK. \u015arednio podczas wybor\u00f3w g\u0142osuje z 76 tysi\u0119cy cz\u0142onk\u00f3w oko\u0142o 4 tys. Petycje w ci\u0105gu dw\u00f3ch miesi\u0119cy podpisa\u0142o wi\u0119cej ni\u017c 2 ty\u015b. os\u00f3b. To mo\u017ce te\u017c oznacza\u0107, \u017ce cz\u0142onkowie uwa\u017caj\u0105, \u017ce Rada Dyrektor\u00f3w nie wywi\u0105zuje si\u0119 ze swoich obowi\u0105zk\u00f3w. I to jest wystarczaj\u0105cy pow\u00f3d \u017ceby si\u0119 spotka\u0107.<\/p>\r\n<p><strong>Czy wed\u0142ug pani cz\u0142onkowie s\u0142usznie domagaj\u0105\u00a0 si\u0119 odwo\u0142ania kilku dyrektor\u00f3w i cz\u0142onka Komisji Nadzorczej?<\/strong><\/p>\r\n<p>Nie jestem ani obro\u0144c\u0105\u00a0ani oskar\u017cycielem w tej kwestii. Podpisa\u0142am si\u0119\u00a0pod t\u0105\u00a0petycj\u0105, bo cz\u0142onkowie maj\u0105 prawo do weryfikacji dyrektor\u00f3w, kt\u00f3rzy zostali wybrani na te pozycje. Nie robi mi to r\u00f3\u017cnicy czy na tej petycji jest pan x czy p. Wojczulanis. Je\u017celi moje nazwisko by si\u0119 tam znajdowa\u0142o, te\u017c bym podpisa\u0142a, tak jak powiedzia\u0142am zosta\u0142am wybrana na dyrektora wol\u0105 cz\u0142onk\u00f3w.<\/p>\r\n<p>Dlatego uwa\u017cam, \u017ce powinno si\u0119\u00a0odby\u0107\u00a0 zebranie specjalne z woli cz\u0142onk\u00f3w, i dyrektorzy wymienieni w tej petycji powinni mie\u0107 szans\u0119 wyja\u015bnienia nieporozumie\u0144 i odpowiedzi na stawiane im zarzuty. Dok\u0142adnie tak, jak odby\u0142o si\u0119 to na ostatnim zebraniu specjalnym, kiedy zostali usuni\u0119ci poprzedni dyrektorzy.<\/p>\r\n<p><strong>Du\u017co spekulacji pojawi\u0142o si\u0119 na temat szkole\u0144 s\u0142u\u017cbowych, na kt\u00f3re wysy\u0142ani s\u0105 cz\u0142onkowie Rady Dyrektor\u00f3w. Prosz\u0119 powiedzie\u0107, czy wed\u0142ug pani te szkolenia s\u0105 niezb\u0119dne? S\u0142ysza\u0142am, \u017ce bez problemu mo\u017cna je zrobi\u0107 przez Internet, nie nara\u017caj\u0105c na koszty cz\u0142onk\u00f3w P-SFUK?<\/strong><\/p>\r\n<p>Zaczn\u0119\u00a0od tego, \u017ce do Rady Dyrektor\u00f3w ma prawo by\u0107\u00a0wybrany ka\u017cdy bez wgl\u0105du na wiedz\u0119\u00a0i wykszta\u0142cenie finansowe. Dlatego takie kursy s\u0105\u00a0wymagane od dyrektor\u00f3w, aby osoby, kt\u00f3re stoj\u0105 ma czele tej instytucji orientowa\u0142y si\u0119 w przepisach finansowych. Te kursy s\u0105 wymagane przez NCUA nadzorcz\u0105 instytucj\u0105 finansowa wszystkich unii kredytowych, i czy s\u0105 one dost\u0119pne w Internecie czy poza NY, tak samo s\u0105 p\u0142atne i wa\u017cne.<\/p>\r\n<p><strong>Wiemy, \u017ce pani sama zap\u0142aci za sw\u00f3j kolejny wyjazd szkoleniowy? Dlaczego podj\u0119\u0142a pani tak\u0105\u00a0decyzj\u0119?<\/strong><\/p>\r\n<p>Opr\u00f3cz moich funkcji spo\u0142ecznych pracuj\u0119\u00a0 te\u017c\u00a0zawodowo i tak jak wi\u0119kszo\u015b\u0107 z nas mam ograniczony termin urlopu, i nie mog\u0119\u00a0bra\u0107\u00a0wi\u0119cej dni wolnych ni\u017c\u00a0mi przys\u0142uguje, dlatego te\u017c\u00a0postanowi\u0142am po\u0142\u0105czy\u0107\u00a0moje szkolenie z rodzinnym urlopem. Poniewa\u017c\u00a0wyjazd na szkolenie \u0142\u0105cz\u0119 z moimi osobistymi wakacjami, p\u0142ac\u0119\u00a0za koszty przelotu na szkolenie z w\u0142asnej kieszeni. Chc\u0119 by\u0107\u00a0w porz\u0105dku w stosunku do cz\u0142onk\u00f3w P-SFUK.<\/p>\r\n<p><strong>Jakie kwestie wed\u0142ug pani powinny zosta\u0107 jak najszybciej rozwi\u0105zane w P-SFUK<\/strong><\/p>\r\n<p>W swojej kampanii wyborczej w wyra\u017any spos\u00f3b nawo\u0142ywa\u0142am do publicznego rozliczenia inwestycji zwi\u0105zanych z zakupem i remontem nieruchomo\u015bci. Cz\u0142onkowie maj\u0105\u00a0prawo wiedzie\u0107 jak gospodarowano ich funduszami i jakie by\u0142y bud\u017cety tych inwestycji. Je\u017celi zosta\u0142a przeprowadzona w tym celu kontrola to dlaczego publikowanie jej rezultat\u00f3w jest od lat zaniedbywane przez kolejne Rady Dyrektor\u00f3w, Komisje Nadzorcze oraz tzw. by\u0142a Komisja Budowlana powoduj\u0105c du\u017ce niezadowolenie. Podobnie dra\u017cliwym tematem, kt\u00f3ry nale\u017ca\u0142oby natychmiast rozwi\u0105za\u0107 jest kwestia inwestycji ponad 500 milion\u00f3w dolar\u00f3w. Nasi cz\u0142onkowie cz\u0119sto pytaj\u0105 czy cz\u0119\u015b\u0107 tej sumy nie powinna jak najszybciej by\u0107 przekazana na ulepszenie warunk\u00f3w otrzymywania kredyt\u00f3w, a mo\u017ce nawet na inwestycj\u0119 dla dobra Polonii na wschodnim wybrze\u017cu. Wydaje mi si\u0119, \u017ce na ten moment wi\u0119kszo\u015b\u0107 cz\u0142onk\u00f3w Rady Dyrektor\u00f3w nie jest tym tematem zainteresowana.<\/p>","protected":false},"excerpt":{"rendered":"Przekazujemy Pa\u0144stwu wywiad z Marzen\u0105 Wojczulanis, kt\u00f3ry ukaza\u0107 mia\u0142 si\u0119 w weekendowym wydaniu \u201e Super Express\u201d 09-22-2012. Niestety ze wzgl\u0119du na zawart\u0105 w nim tre\u015b\u0107 w ostatniej chwili nasza polskoj\u0119zyczna gazeta zrezygnowa\u0142a z publikacji. Pozosta\u0142o mie\u0107 nadziej\u0119, \u017ce nie by\u0142o to spowodowane naciskami ze strony Przewodnicz\u0105cej Unii Kredytowej tak jak to mia\u0142o miejsce za poprzedniej [&hellip;]","protected":false},"author":1,"featured_media":0,"comment_status":"closed","ping_status":"closed","sticky":false,"template":"","format":"standard","meta":{"_acf_changed":false,"_monsterinsights_skip_tracking":false,"_monsterinsights_sitenote_active":false,"_monsterinsights_sitenote_note":"","_monsterinsights_sitenote_category":0,"ngg_post_thumbnail":0,"footnotes":"","_wp_rev_ctl_limit":""},"categories":[129],"tags":[52,221],"acf":[],"_links":{"self":[{"href":"https:\/\/www.bibula.com\/index.php?rest_route=\/wp\/v2\/posts\/61297"}],"collection":[{"href":"https:\/\/www.bibula.com\/index.php?rest_route=\/wp\/v2\/posts"}],"about":[{"href":"https:\/\/www.bibula.com\/index.php?rest_route=\/wp\/v2\/types\/post"}],"author":[{"embeddable":true,"href":"https:\/\/www.bibula.com\/index.php?rest_route=\/wp\/v2\/users\/1"}],"replies":[{"embeddable":true,"href":"https:\/\/www.bibula.com\/index.php?rest_route=%2Fwp%2Fv2%2Fcomments&post=61297"}],"version-history":[{"count":0,"href":"https:\/\/www.bibula.com\/index.php?rest_route=\/wp\/v2\/posts\/61297\/revisions"}],"wp:attachment":[{"href":"https:\/\/www.bibula.com\/index.php?rest_route=%2Fwp%2Fv2%2Fmedia&parent=61297"}],"wp:term":[{"taxonomy":"category","embeddable":true,"href":"https:\/\/www.bibula.com\/index.php?rest_route=%2Fwp%2Fv2%2Fcategories&post=61297"},{"taxonomy":"post_tag","embeddable":true,"href":"https:\/\/www.bibula.com\/index.php?rest_route=%2Fwp%2Fv2%2Ftags&post=61297"}],"curies":[{"name":"wp","href":"https:\/\/api.w.org\/{rel}","templated":true}]}}