{"id":60921,"date":"2012-09-16T14:35:17","date_gmt":"2012-09-16T18:35:17","guid":{"rendered":"http:\/\/www.bibula.com\/?p=60921"},"modified":"2012-09-16T14:35:17","modified_gmt":"2012-09-16T19:35:17","slug":"","status":"publish","type":"post","link":"https:\/\/www.bibula.com\/?p=60921","title":{"rendered":"63 rocznic\u0119 zamordowania ks. W\u0142adys\u0142awa Gurgacza"},"content":{"rendered":"<p><strong>Kapelan Polski podziemnej to pi\u0119kna posta\u0107, godna wyniesienia na o\u0142tarze, cho\u0107 zakon jezuit\u00f3w do niego si\u0119 nie przyznaje. Pisa\u0142em o tym dzielnym kap\u0142anie w swoich publikacjach.<\/strong><\/p>\r\n<p>Zobacz fotoreporta\u017c i filmy\u00a0dr J\u00f3zefa Wieczorka z uroczysto\u015bci w Krakowie. Warto zwr\u00f3ci\u0107 uwag\u0119, \u017ce modlitwy prowadzi\u0142 ojciec kapucyn, bo jezuici &#8211; tak jak w czasie pogrzebu ks. Tadeusza Kiersztyna &#8211; nie pojawili si\u0119 nad grobem swego wsp\u00f3\u0142brata.<\/p>\r\n<p><a href=\"http:\/\/wkrakowie2012cd.wordpress.com\/2012\/09\/14\/spotkanie-patriotyczne-w-63-rocznice-zamordowania-ks-wladyslawa-gurgacza\/\">http:\/\/wkrakowie2012cd.wordpress.com\/2012\/09\/14\/spotkanie-patriotyczne-w-63-rocznice-zamordowania-ks-wladyslawa-gurgacza\/<\/a><\/p>\r\n<p>Przeczytaj tak\u017ce o uroczysto\u015bciach w Warszawie<\/p>\r\n<p><strong><em>Ks. Tadeusz Isakowicz-Zaleski<\/em><\/strong><\/p>\r\n<blockquote>\r\n<h4><strong>M<\/strong><strong>odlitwa za zamordowanych przez NKWD i UB <\/strong><\/h4>\r\n<p>O uratowanie miejsc m\u0119cze\u0144stwa tysi\u0119cy Polak\u00f3w zamordowanych przez NKWD i UB w katowniach praskich w latach 1944-1954 oraz przekazanie pami\u0119ci o tamtych wydarzeniach nast\u0119pnym pokoleniom zaapelowa\u0142 abp Henryk Hoser. W intencji ofiar modlono si\u0119 wieczorem 13 wrze\u015bnia w katedrze \u015bw. \u015bw. Floriana w Warszawie. Uroczystej Mszy \u015bw. przewodniczy\u0142 biskup warszawsko-praski abp Henryk Hoser, ale w liturgii wzi\u0105\u0142 tak\u017ce udzia\u0142 biskup polowy WP J\u00f3zef Guzdek.<\/p>\r\n<p>Nawi\u0105zuj\u0105c w kazaniu do zwyci\u0119skiej Bitwy Warszawskiej 1920 roku abp Hoser zastanawia\u0142 si\u0119 \u201eczy zbrodnia katy\u0144ska nie by\u0142a zemst\u0105 Stalina za Cud nad Wis\u0142\u0105?&#8221; oraz &#8222;czy dzia\u0142alno\u015b\u0107 aparatu represji nie by\u0142a logicznym nast\u0119pstwem tamtych wydarze\u0144 ukazuj\u0105c jednocze\u015bnie bezmiar ludzkiej pod\u0142o\u015bci i przebieg\u0142o\u015bci?&#8221;. &#8211; Gdy po 14 wrze\u015bnia 1944 roku Niemcy systematycznie r\u00f3wnali z ziemi\u0105 lewobrze\u017cn\u0105 cze\u015b\u0107 stolicy, kt\u00f3ra sta\u0142a si\u0119 pustyni\u0105, z drugiej strony Wis\u0142y Armia Czerwona nie tylko z satysfakcj\u0105 ogl\u0105da\u0142a niszczenie, grabie\u017c i zacieranie wszelkich \u015blad\u00f3w po Warszawie, ale jednocze\u015bnie przyst\u0105pi\u0142a do jeszcze wi\u0119kszej zbrodni, jak\u0105 by\u0142a fizyczna zag\u0142ada jej mieszka\u0144c\u00f3w &#8211; zaznaczy\u0142 abp Hoser zwracaj\u0105c uwag\u0119, \u017ce prawda o ludob\u00f3jstwie dociera\u0142a do \u015bwiadomo\u015bci spo\u0142ecze\u0144stwa w miar\u0119 jak niewyobra\u017calne zbrodnie diabelskiego systemu stawa\u0142y si\u0119 rzeczywisto\u015bci\u0105\u201d. Biskup warszawsko-praski przypomnia\u0142, \u017ce w ci\u0105gu dziesi\u0119ciu lat funkcjonowania Wojew\u00f3dzkiego Urz\u0119du Bezpiecze\u0144stwa Publicznego zaaresztowano 17 tys. os\u00f3b. Z tego, jak zauwa\u017cy\u0142, do dzi\u015b jeszcze nie wiemy, ile tysi\u0119cy zosta\u0142o zamordowanych. &#8211; Wi\u0119kszo\u015b\u0107 z nich stanowili cz\u0142onkowie organizacji niepodleg\u0142o\u015bciowych. &#8211; Gin\u0119li oni w anonimowo\u015bci, ukryciu, od zab\u00f3jczej kuli lub stryczka. Nast\u0119pnie byli chowani pod powierzchni\u0105 podw\u00f3rek i miejsc ka\u017ani &#8211; m\u00f3wi\u0142 abp Hoser.<\/p>\r\n<p>Odpowiadaj\u0105c na stawiany cz\u0119sto zarzut wobec tego typu tragedii: gdzie by\u0142 B\u00f3g?, biskup warszawsko-praski podkre\u015bli\u0142, \u017ce \u201eTen, kt\u00f3ry m\u00f3wi\u0142, by nie\u015b\u0107 wraz z Nim krzy\u017c, by\u0142 z katowanymi. Jego \u0142zy i krwawy pot miesza\u0142y si\u0119 ze \u0142zami, krwi\u0105 i potem ofiar. Jego biczowane cia\u0142o by\u0142o biczowane w osobie tych wszystkich, kt\u00f3rzy byli torturowani\u201d &#8211; odpowiada\u0142 hierarcha.<\/p>\r\n<p>Abp Hoser zaapelowa\u0142 tak\u017ce o uratowanie miejsc m\u0119cze\u0144stwa tysi\u0119cy Polak\u00f3w zamordowanych przez NKWD i UB w katowniach praskich w latach 1944-1954. Jak podkre\u015bli\u0142, s\u0105 to &#8222;miejsca \u015bwi\u0119te, kt\u00f3re trzeba ogl\u0105da\u0107 w skupieniu i przed kt\u00f3rymi nale\u017cy kl\u0119ka\u0107&#8221;. &#8211; Naszym obowi\u0105zkiem jest nie tylko ujawnienie wszystkich potwornych zbrodni dokonanych na tysi\u0105cach Polak\u00f3w ale tak\u017ce przekazanie prawdy o tamtych wydarzeniach kolejnym pokoleniom &#8211; apelowa\u0142. Po Mszy \u015bw. z\u0142o\u017cono wie\u0144ce w trzech miejscach, gdzie przetrzymywano i katowano Polak\u00f3w &#8211; przy ulicy Cyryla i Metodego, Liceum W\u0142adys\u0142awa IV oraz przy ulicy Sierakowskiego. Pomys\u0142odawc\u0105 i organizatorem uroczysto\u015bci by\u0142 Instytut Pami\u0119ci Narodowej.<\/p>\r\n<p>KAI &#8211; mag \/ Warszawa<\/p>\r\n<\/blockquote>","protected":false},"excerpt":{"rendered":"Kapelan Polski podziemnej to pi\u0119kna posta\u0107, godna wyniesienia na o\u0142tarze, cho\u0107 zakon jezuit\u00f3w do niego si\u0119 nie przyznaje. Pisa\u0142em o tym dzielnym kap\u0142anie w swoich publikacjach. Zobacz fotoreporta\u017c i filmy\u00a0dr J\u00f3zefa Wieczorka z uroczysto\u015bci w Krakowie. Warto zwr\u00f3ci\u0107 uwag\u0119, \u017ce modlitwy prowadzi\u0142 ojciec kapucyn, bo jezuici &#8211; tak jak w czasie pogrzebu ks. Tadeusza Kiersztyna [&hellip;]","protected":false},"author":1,"featured_media":0,"comment_status":"closed","ping_status":"closed","sticky":false,"template":"","format":"standard","meta":{"_acf_changed":false,"_monsterinsights_skip_tracking":false,"_monsterinsights_sitenote_active":false,"_monsterinsights_sitenote_note":"","_monsterinsights_sitenote_category":0,"ngg_post_thumbnail":0,"footnotes":"","_wp_rev_ctl_limit":""},"categories":[9],"tags":[132,66,184,81],"acf":[],"_links":{"self":[{"href":"https:\/\/www.bibula.com\/index.php?rest_route=\/wp\/v2\/posts\/60921"}],"collection":[{"href":"https:\/\/www.bibula.com\/index.php?rest_route=\/wp\/v2\/posts"}],"about":[{"href":"https:\/\/www.bibula.com\/index.php?rest_route=\/wp\/v2\/types\/post"}],"author":[{"embeddable":true,"href":"https:\/\/www.bibula.com\/index.php?rest_route=\/wp\/v2\/users\/1"}],"replies":[{"embeddable":true,"href":"https:\/\/www.bibula.com\/index.php?rest_route=%2Fwp%2Fv2%2Fcomments&post=60921"}],"version-history":[{"count":0,"href":"https:\/\/www.bibula.com\/index.php?rest_route=\/wp\/v2\/posts\/60921\/revisions"}],"wp:attachment":[{"href":"https:\/\/www.bibula.com\/index.php?rest_route=%2Fwp%2Fv2%2Fmedia&parent=60921"}],"wp:term":[{"taxonomy":"category","embeddable":true,"href":"https:\/\/www.bibula.com\/index.php?rest_route=%2Fwp%2Fv2%2Fcategories&post=60921"},{"taxonomy":"post_tag","embeddable":true,"href":"https:\/\/www.bibula.com\/index.php?rest_route=%2Fwp%2Fv2%2Ftags&post=60921"}],"curies":[{"name":"wp","href":"https:\/\/api.w.org\/{rel}","templated":true}]}}