{"id":60676,"date":"2012-09-08T15:19:42","date_gmt":"2012-09-08T19:19:42","guid":{"rendered":"http:\/\/www.bibula.com\/?p=60676"},"modified":"2012-09-08T15:19:42","modified_gmt":"2012-09-08T20:19:42","slug":"","status":"publish","type":"post","link":"https:\/\/www.bibula.com\/?p=60676","title":{"rendered":"Ofiarowa\u0142 si\u0119 za innego wi\u0119\u017ania. Zamordowali go Niemcy w Dachau"},"content":{"rendered":"<p><strong>Dzi\u015b 70. rocznica m\u0119cze\u0144skiej \u015bmierci ks. Adama Bargielskiego zamordowanego w niemieckim obozie koncentracyjnym w Dachau.<\/strong><\/p>\r\n<p><a href=\"http:\/\/prawy.pl\/images\/stories\/remote\/http--www.prawy.pl-images-stories-historia-bargielski.jpg\"><img decoding=\"async\" class=\"alignleft\" style=\"margin: 10px;\" src=\"http:\/\/prawy.pl\/images\/stories\/thumbnails\/images-stories-remote-http--www.prawy.pl-images-stories-historia-bargielski-70x100.jpg\" alt=\"\" width=\"70\" height=\"100\" align=\"left\" \/><\/a> Adam Bargielski urodzi\u0142 si\u0119 7 stycznia 1903 r. w Kalinowie w wojew\u00f3dztwie podlaskim. <br \/> <br \/> W 1924 r. po uko\u0144czeniu Gimnazjum im. Tadeusza Ko\u015bciuszki w \u0141om\u017cy w 1924 r. wst\u0105pi\u0142 do Szko\u0142y Podchor\u0105\u017cych. <br \/> <br \/> Wkr\u00f3tce zrezygnowa\u0142 z kariery w wojsku i z pocz\u0105tkiem 1925 r. rozpocz\u0105\u0142 studia w Wy\u017cszym Seminarium Duchownym w \u0141om\u017cy, w lutym 1929 r. przyj\u0105\u0142 \u015bwi\u0119cenia kap\u0142a\u0144skie. W pa\u017adzierniku tego roku ks. Bargielski zosta\u0142 skierowany na studia prawnicze do Strasburga we Francji. Po powrocie pracowa\u0142 jako wikary w kilku parafiach, m.in. w Suwa\u0142kach. <br \/> <br \/> W pracy kap\u0142a\u0144skiej wykazywa\u0142 gorliwo\u015b\u0107, zami\u0142owanie do pracy z m\u0142odzie\u017c\u0105 i szacunek do ka\u017cdego spotkanego cz\u0142owieka. Pe\u0142nego optymizmu i entuzjazmu kap\u0142ana w kontaktach z prze\u0142o\u017conymi cechowa\u0142a go pokora i spok\u00f3j. <br \/> <br \/> W 1939 r. ks. Bargielskiego skierowano do pracy duszpasterskiej w Myszy\u0144cu, gdzie zasta\u0142a go wojna. W tym samym czasie hitlerowcy rozpocz\u0119li masowe aresztowania ksi\u0119\u017cy. W pierwszych dniach kwietnia 1940 r. aresztowany zosta\u0142 ks. Klemens Sawicki &#8211; proboszcz parafii Myszyniec. <br \/> <br \/> Na wiadomo\u015b\u0107 o tym ks. Bargielski bezzw\u0142ocznie uda\u0142 si\u0119 do siedziby gestapo z pro\u015bb\u0105, by m\u00f3g\u0142 zast\u0105pi\u0107 w wi\u0119zieniu 83-letniego proboszcza. Pocz\u0105tkowo ksi\u0105dz trafi\u0142 do hitlerowskiego obozu koncentracyjnego Soldau w Dzia\u0142dowie, nast\u0119pnie przebywa\u0142 w Mauthausen-Gusen i ostatecznie od grudnia 1940 r. w Dachau.<br \/> <br \/> Zdaniem wsp\u00f3\u0142wi\u0119\u017ani\u00f3w, ks. Bargielski m\u0119\u017cnie znosi\u0142 wszystkie cierpienia. Mimo tragicznej sytuacji odznacza\u0142 si\u0119 wewn\u0119trznym spokojem i pogod\u0105 ducha. Zmar\u0142 8 wrze\u015bnia 1942 r. wskutek upadku spowodowanego uderzeniem przez niemieckiego dozorc\u0119. <br \/> <br \/> Kazimierz Stefanowicz, by\u0142y komendant IV Rejonu Armii Krajowej, aresztowany przez gestapo razem z kap\u0142anem, ocenia\u0142 go jako nadzwyczaj prawego cz\u0142owieka, bardzo sympatycznego i mi\u0142ego, od kt\u00f3rego emanowa\u0142a wprost niespotykana szlachetno\u015b\u0107 i dobro\u0107. Jego zdaniem, ks. Adam Bargielski zgin\u0105\u0142 w obozie hitlerowskim jako cichy i niedostrze\u017cony bohater. <br \/> <br \/> W celu upami\u0119tnienia heroicznego czynu ksi\u0119dza parafianie z Myszy\u0144ca ufundowali tablic\u0119, kt\u00f3r\u0105 umieszczono na \u015bcianie lewej nawy ko\u015bcio\u0142a parafialnego.<br \/> <br \/> 13 czerwca 1999 r. ks. Bargielski zosta\u0142 beatyfikowany przez papie\u017ca Jana Paw\u0142a II w grupie 108 polskich m\u0119czennik\u00f3w z II wojny \u015bwiatowej. <br \/> <br \/> <em><strong>Pawe\u0142 Brojek<\/strong><\/em><br \/> \u0179r\u00f3d\u0142o: kuria.lomza.pl<\/p>","protected":false},"excerpt":{"rendered":"Dzi\u015b 70. rocznica m\u0119cze\u0144skiej \u015bmierci ks. Adama Bargielskiego zamordowanego w niemieckim obozie koncentracyjnym w Dachau. Adam Bargielski urodzi\u0142 si\u0119 7 stycznia 1903 r. w Kalinowie w wojew\u00f3dztwie podlaskim. W 1924 r. po uko\u0144czeniu Gimnazjum im. Tadeusza Ko\u015bciuszki w \u0141om\u017cy w 1924 r. wst\u0105pi\u0142 do Szko\u0142y Podchor\u0105\u017cych. Wkr\u00f3tce zrezygnowa\u0142 z kariery w wojsku i z pocz\u0105tkiem [&hellip;]","protected":false},"author":1,"featured_media":0,"comment_status":"closed","ping_status":"closed","sticky":false,"template":"","format":"standard","meta":{"_acf_changed":false,"_monsterinsights_skip_tracking":false,"_monsterinsights_sitenote_active":false,"_monsterinsights_sitenote_note":"","_monsterinsights_sitenote_category":0,"ngg_post_thumbnail":0,"footnotes":"","_wp_rev_ctl_limit":""},"categories":[9],"tags":[50,59],"acf":[],"_links":{"self":[{"href":"https:\/\/www.bibula.com\/index.php?rest_route=\/wp\/v2\/posts\/60676"}],"collection":[{"href":"https:\/\/www.bibula.com\/index.php?rest_route=\/wp\/v2\/posts"}],"about":[{"href":"https:\/\/www.bibula.com\/index.php?rest_route=\/wp\/v2\/types\/post"}],"author":[{"embeddable":true,"href":"https:\/\/www.bibula.com\/index.php?rest_route=\/wp\/v2\/users\/1"}],"replies":[{"embeddable":true,"href":"https:\/\/www.bibula.com\/index.php?rest_route=%2Fwp%2Fv2%2Fcomments&post=60676"}],"version-history":[{"count":0,"href":"https:\/\/www.bibula.com\/index.php?rest_route=\/wp\/v2\/posts\/60676\/revisions"}],"wp:attachment":[{"href":"https:\/\/www.bibula.com\/index.php?rest_route=%2Fwp%2Fv2%2Fmedia&parent=60676"}],"wp:term":[{"taxonomy":"category","embeddable":true,"href":"https:\/\/www.bibula.com\/index.php?rest_route=%2Fwp%2Fv2%2Fcategories&post=60676"},{"taxonomy":"post_tag","embeddable":true,"href":"https:\/\/www.bibula.com\/index.php?rest_route=%2Fwp%2Fv2%2Ftags&post=60676"}],"curies":[{"name":"wp","href":"https:\/\/api.w.org\/{rel}","templated":true}]}}