{"id":60593,"date":"2012-09-04T20:39:47","date_gmt":"2012-09-05T01:39:47","guid":{"rendered":"http:\/\/www.bibula.com\/?p=60593"},"modified":"2012-09-04T20:46:54","modified_gmt":"2012-09-05T01:46:54","slug":"zakaz-stadionowy-i-grzywna-za-flage-z-falanga","status":"publish","type":"post","link":"https:\/\/www.bibula.com\/?p=60593","title":{"rendered":"Zakaz stadionowy i grzywna za flag\u0119 z falang\u0105"},"content":{"rendered":"<p><strong>Po niedzielnym meczu VI kolejki spotka\u0144 III ligi pi\u0142karskiej (grupa lubelsko-podkarpacka) pomi\u0119dzy Che\u0142miank\u0105 Che\u0142m a Uni\u0105 Nowa Sarzyna, dosz\u0142o do zatrzymania przez policj\u0119 17-letniego kibica Che\u0142mianki, kt\u00f3remu zarzucono niedostosowanie si\u0119 do polecenia zdj\u0119cia z p\u0142otu flagi z symbolem falangi.<\/strong><\/p>\r\n<p><img decoding=\"async\" class=\"alignleft\" style=\"margin: 10px;\" src=\"http:\/\/autonom.pl\/images\/falanga-symbol.png\" alt=\"Zakaz stadionowy i grzywna za flag\u0119 z falang\u0105\" width=\"240\" height=\"168\" align=\"left\" \/>Zatrzymany kibic po sp\u0119dzeniu w areszcie 24 godzin zosta\u0142 w trybie przy\u015bpieszonym skazany na 1600 z\u0142 grzywny, otrzymuj\u0105c przy okazji dwuletni zakaz stadionowy. Wszystko to w zwi\u0105zku z pojawieniem si\u0119 na p\u0142ocie symbolu, kt\u00f3ry od kilku lat jest logiem w stu procentach legalnym.<\/p>\r\n<p>Falanga to historyczny symbol ruchu narodowo-radykalnego, kt\u00f3rego geneza si\u0119ga jeszcze XVI wieku, kiedy to za panowania Zygmunta I Starego znak \u201er\u0119ki z mieczemi\u201d umieszczono na proporcu floty kaperskiej. Przed kilkoma laty symbol falangi zosta\u0142 prawnie zarejestrowany przez ugrupowanie Narodowe Odrodzenie Polski (NOP) jako logo partii, w zwi\u0105zku z czym mo\u017cna si\u0119 nim legalnie pos\u0142ugiwa\u0107.<\/p>","protected":false},"excerpt":{"rendered":"Po niedzielnym meczu VI kolejki spotka\u0144 III ligi pi\u0142karskiej (grupa lubelsko-podkarpacka) pomi\u0119dzy Che\u0142miank\u0105 Che\u0142m a Uni\u0105 Nowa Sarzyna, dosz\u0142o do zatrzymania przez policj\u0119 17-letniego kibica Che\u0142mianki, kt\u00f3remu zarzucono niedostosowanie si\u0119 do polecenia zdj\u0119cia z p\u0142otu flagi z symbolem falangi. Zatrzymany kibic po sp\u0119dzeniu w areszcie 24 godzin zosta\u0142 w trybie przy\u015bpieszonym skazany na 1600 z\u0142 [&hellip;]","protected":false},"author":1,"featured_media":0,"comment_status":"closed","ping_status":"closed","sticky":false,"template":"","format":"standard","meta":{"_acf_changed":false,"_monsterinsights_skip_tracking":false,"_monsterinsights_sitenote_active":false,"_monsterinsights_sitenote_note":"","_monsterinsights_sitenote_category":0,"ngg_post_thumbnail":0,"footnotes":"","_wp_rev_ctl_limit":""},"categories":[8],"tags":[16,92,213],"acf":[],"_links":{"self":[{"href":"https:\/\/www.bibula.com\/index.php?rest_route=\/wp\/v2\/posts\/60593"}],"collection":[{"href":"https:\/\/www.bibula.com\/index.php?rest_route=\/wp\/v2\/posts"}],"about":[{"href":"https:\/\/www.bibula.com\/index.php?rest_route=\/wp\/v2\/types\/post"}],"author":[{"embeddable":true,"href":"https:\/\/www.bibula.com\/index.php?rest_route=\/wp\/v2\/users\/1"}],"replies":[{"embeddable":true,"href":"https:\/\/www.bibula.com\/index.php?rest_route=%2Fwp%2Fv2%2Fcomments&post=60593"}],"version-history":[{"count":0,"href":"https:\/\/www.bibula.com\/index.php?rest_route=\/wp\/v2\/posts\/60593\/revisions"}],"wp:attachment":[{"href":"https:\/\/www.bibula.com\/index.php?rest_route=%2Fwp%2Fv2%2Fmedia&parent=60593"}],"wp:term":[{"taxonomy":"category","embeddable":true,"href":"https:\/\/www.bibula.com\/index.php?rest_route=%2Fwp%2Fv2%2Fcategories&post=60593"},{"taxonomy":"post_tag","embeddable":true,"href":"https:\/\/www.bibula.com\/index.php?rest_route=%2Fwp%2Fv2%2Ftags&post=60593"}],"curies":[{"name":"wp","href":"https:\/\/api.w.org\/{rel}","templated":true}]}}