{"id":60590,"date":"2012-09-04T20:44:03","date_gmt":"2012-09-05T01:44:03","guid":{"rendered":"http:\/\/www.bibula.com\/?p=60590"},"modified":"2012-09-04T20:44:10","modified_gmt":"2012-09-05T01:44:10","slug":"zwiazek-zolnierzuy-nsz-o-kompromitujacej-wypowiedzi-dyrektora-muzeum-ii-wojny-swiatowej","status":"publish","type":"post","link":"https:\/\/www.bibula.com\/?p=60590","title":{"rendered":"Zwi\u0105zek \u0179o\u0142nierzy NSZ o kompromituj\u0105cej wypowiedzi dyrektora Muzeum II Wojny \u015awiatowej"},"content":{"rendered":"<p><strong>20 wrze\u015bnia 2012 roku przypada siedemdziesi\u0105ta rocznica powo\u0142ania Narodowych Si\u0142 Zbrojnych. Zwi\u0105zek \u0179o\u0142nierzy NSZ organizuje uroczysto\u015bci rocznicowe pod patronatem kierownika Urz\u0119du do spraw Kombatant\u00f3w i Os\u00f3b Represjonowanych. Tymczasem ze strony przedstawiciela w\u0142adzy publicznej pad\u0142y w tym roku s\u0142owa budz\u0105ce zasadniczy sprzeciw, w kt\u00f3rej to sprawie wystosowujemy to o\u015bwiadczenie.<\/strong><\/p>\r\n<p>Prof. Pawe\u0142 Machcewicz, doradca Prezesa Rady Ministr\u00f3w oraz dyrektor powstaj\u0105cej instytucji publicznej &#8211; Muzeum II Wojny \u015awiatowej, wykluczy\u0142 Narodowe Si\u0142y Zbrojne z polskiej tradycji niepodleg\u0142o\u015bciowej. W wywiadzie dla \u201eGazety Wyborczej\u201d (2 kwietnia br.)\u00a0 powiedzia\u0142:\u00a0 \u201euwa\u017cam, \u017ce powinni\u015bmy nawi\u0105zywa\u0107 do tradycji AK, ale ju\u017c stawianie na jednej p\u0142aszczy\u017anie NSZ i AK, co si\u0119 dzieje ostatnio, jest niedopuszczalne. AK by\u0142a wojskiem polskim w kraju, cz\u0119\u015bci\u0105 pa\u0144stwa podziemnego. NSZ by\u0142a formacj\u0105 partyjn\u0105, kt\u00f3ra walczy\u0142a przeciwko Niemcom i Sowietom, ale nie uznawa\u0142a instytucji polskiego pa\u0144stwa podziemnego. By\u0142a tak\u017ce spadkobierc\u0105 faszyzuj\u0105cej, antysemickiej tradycji ONR, antydemokratycznej, o cechach totalitarnych. \u015awiadomie bym j\u0105 wykluczy\u0142 z tradycji demokratycznego pa\u0144stwa polskiego, mimo \u017ce jej cz\u0142onkowie walczyli o niepodleg\u0142o\u015b\u0107 Polski i ponosili ofiary\u201d.<\/p>\r\n<p>Wyra\u017camy sprzeciw wobec tej prowokuj\u0105cej i prowokacyjnej wypowiedzi, w szczeg\u00f3lno\u015bci ze wzgl\u0119du na funkcje publiczne pe\u0142nione przez autora powy\u017cej cytowanych s\u0142\u00f3w. Jednocze\u015bnie wyja\u015bniamy i informujemy:<\/p>\r\n<p>&#8211; Narodowe Si\u0142y Zbrojne powsta\u0142e 20 wrze\u015bnia 1942 roku jako \u201eformacja ideowo-wojskowa Narodu Polskiego\u201d (Deklaracja NSZ) by\u0142y formacj\u0105 zbrojn\u0105 podporz\u0105dkowan\u0105 politycznie ruchowi narodowemu w ten sam spos\u00f3b, w jaki r\u00f3wnolegle dzia\u0142aj\u0105ce Bataliony Ch\u0142opskie by\u0142y formacj\u0105 zbrojn\u0105 podporz\u0105dkowan\u0105 politycznie ruchowi ludowemu, a obie zas\u0142uguj\u0105 na analogiczne traktowanie i zas\u0142u\u017cony szacunek, a nie \u201ewykluczanie z tradycji demokratycznego pa\u0144stwa polskiego\u201d;<\/p>\r\n<p>&#8211; g\u0142\u00f3wny trzon Narodowych Si\u0142 Zbrojnych uczestniczy\u0142 w akcji scaleniowej z Armi\u0105 Krajow\u0105, kt\u00f3rej efektem by\u0142 rozkaz Komendanta Si\u0142 Zbrojnych w Kraju gen. Tadeusza Komorowskiego ps. \u201eB\u00f3r\u201d z 31 marca 1944 roku zawieraj\u0105cy s\u0142owa: \u201e\u0179o\u0142nierze Narodowych Si\u0142 Zbrojnych! Witam Was w szeregach Armii Krajowej. Mam g\u0142\u0119bokie prze\u015bwiadczenie, \u017ce oddzia\u0142y Narodowych Si\u0142 Zbrojnych wnosz\u0105 do zjednoczonego wysi\u0142ku Kraju warto\u015bciowy wk\u0142ad obywatelski i \u017co\u0142nierski (\u2026)\u00a0 Sw\u0105 karno\u015bci\u0105, zdyscyplinowaniem, wyszkoleniem \u017co\u0142nierskim i obywatelskim, a przede wszystkim gotowo\u015bci\u0105 do ofiar si\u0119gnijcie po najwy\u017csz\u0105 nagrod\u0119 &#8211; Wolno\u015b\u0107 i Wielko\u015b\u0107 Ojczyzny\u201d;<\/p>\r\n<p>&#8211; Prezydent Rzeczypospolitej Polskiej Kazimierz Sabbat (bezpo\u015bredni poprzednik \u015bp. Ryszarda Kaczorowskiego) wyda\u0142 1 stycznia 1988 roku dekret o \u017co\u0142nierzach Narodowych Si\u0142 Zbrojnych, stwierdzaj\u0105c: \u201e\u017co\u0142nierze tej cz\u0119\u015bci Narodowych Si\u0142 Zbrojnych, kt\u00f3ra, ze wzgl\u0119du na stanowisko jej czynnik\u00f3w kierowniczych, nie zosta\u0142a scalona z Polskimi Si\u0142ami Zbrojnymi &#8211; Armi\u0105 Krajow\u0105, i kt\u00f3rzy brali udzia\u0142 w walkach z okupantami w latach 1939-1945, spe\u0142nili sw\u00f3j obowi\u0105zek narodowy i \u017co\u0142nierski wobec Rzeczypospolitej Polskiej\u201d;<\/p>\r\n<p>Wobec powy\u017cszych jednoznacznych dokument\u00f3w stwierdzamy, i\u017c, wbrew zafa\u0142szowaniom historycznym autorstwa dyrektora powstaj\u0105cego Muzeum II Wojny \u015awiatowej, Narodowe Si\u0142y Zbrojne uznawa\u0142y Polskie Pa\u0144stwo Podziemne, cho\u0107 bywa\u0142y w opozycji do jego w\u0142adz oraz jego instytucji, czego dowodem by\u0142a misja\u00a0 Stanis\u0142awa \u0179ochowskiego i Tadeusza Salskiego do Londynu w celu nawi\u0105zania bezpo\u015bredniego kontaktu z Naczelnym Wodzem i rz\u0105dem na wychod\u017astwie.<\/p>\r\n<p>Dobrymi przyk\u0142adami powy\u017cszego jest np. wsp\u00f3\u0142praca na odcinku wywiadowczym, gdzie NSZ-owska sie\u0107 informacyjna \u201eZach\u00f3d\u201d w cz\u0119\u015bci wchodzi\u0142a w sk\u0142ad ZWZ-AK, z kolei centralna kom\u00f3rka wywiadu antykomunistycznego NSZ pracowa\u0142a na rzecz wywiadu politycznego Delegatury Rz\u0105du, a do Pa\u0144stwowego Korpusu Bezpiecze\u0144stwa (podziemnej policji) przydzielony zosta\u0142 zesp\u00f3\u0142 wywiadowczy okr\u0119gu Warszawa-Miasto NSZ, a przyk\u0142ady takie mo\u017cna by mno\u017cy\u0107.<\/p>\r\n<p>Narodowe Si\u0142y Zbrojne gromadzi\u0142y w du\u017cej mierze osoby zwi\u0105zane z nurtami politycznymi niepodleg\u0142ej Polski, w szczeg\u00f3lno\u015bci ze Stronnictwem Narodowym (przede wszystkim w latach 1942-44) oraz Obozem Narodowo-Radykalnym (g\u0142\u00f3wnie po roku 1944), kt\u00f3ry wyda\u0142 wielu zas\u0142u\u017conych dzia\u0142aczy niepodleg\u0142o\u015bciowych takich, jak np. ks. Jan Salamucha (kapelan AK na warszawskiej Ochocie zabity w powstaniu warszawskim), mec. Witold Bayer (pracuj\u0105cy na rzecz Departamentu Prawnego Delegatury Rz\u0105du) czy wreszcie Jan Bytnar &#8211; legendarny \u201eRudy\u201d z \u201eKamieni na Szaniec\u201d wywodz\u0105cy si\u0119 z Grup Szkolnych ONR, dzia\u0142aj\u0105cych w warszawskim Liceum im. Stefana Batorego.<\/p>\r\n<p>Wsp\u00f3\u0142tworz\u0105cy profil ideowy Narodowych Si\u0142 Zbrojnych ONR by\u0142 ani mniej, ani wi\u0119cej demokratyczny ni\u017c wiele formacji politycznych owego czasu, jak cho\u0107by Ob\u00f3z Zjednoczenia Narodowego, b\u0119d\u0105cy w latach trzydziestych g\u0142\u00f3wn\u0105 si\u0142\u0105 obozu sanacyjnego wsp\u00f3\u0142tworz\u0105cego zaraz p\u00f3\u017aniej Zwi\u0105zek Walki Zbrojnej i Armi\u0119 Krajow\u0105, co uwidacznia stronniczo\u015b\u0107 i iluzoryczno\u015b\u0107 ocen dyrektora Muzeum II Wojny \u015awiatowej.<\/p>\r\n<p>Wobec wszystkich powy\u017cszych fakt\u00f3w wzywamy profesora Paw\u0142a Machcewicza do rewizji swego stanowiska, uznania autorytetu Prezydenta Rzeczypospolitej Polskiej i Komendanta Si\u0142 Zbrojnych w Kraju oraz przeproszenia \u017co\u0142nierzy i spadkobierc\u00f3w ideowych Narodowych Si\u0142 Zbrojnych za s\u0142owa niegodne polskiego historyka.<\/p>\r\n<p>dr Mariusz Bechta, Rada Historyczna przy Z\u0179NSZ<\/p>\r\n<p>Sebastian Bojemski, Rada Historyczna przy Z\u0179NSZ<\/p>\r\n<p>prof. Marek J. Chodakiewicz, Rada Historyczna przy Z\u0179NSZ<\/p>\r\n<p>Przemys\u0142aw Czy\u017cewski, Grupa Rekonstrukcji Historycznych NSZ<\/p>\r\n<p>dr Rafa\u0142 Dobrowolski, prezes Okr\u0119gu Lubelskiego Z\u0179NSZ<\/p>\r\n<p>Rafa\u0142 Drabik, Rada Historyczna przy Z\u0179NSZ<\/p>\r\n<p>Zygmunt Go\u0142awski, Kustosz Pami\u0119ci Narodowej 2012<\/p>\r\n<p>Micha\u0142 Gruszczy\u0144ski, Grupa Rekonstrukcji Historycznych NSZ<\/p>\r\n<p>dr Ksawery Jasiak, , Rada Historyczna przy Z\u0179NSZ<\/p>\r\n<p>kpt. Konstanty Kopf, prezes Okr\u0119gu Ma\u0142opolskiego Z\u0179NSZ<\/p>\r\n<p>Zbigniew Kuciewicz, prezes Zarz\u0105du G\u0142\u00f3wnego Z\u0179NSZ<\/p>\r\n<p>dr Wojciech Muszy\u0144ski, , Rada Historyczna przy Z\u0179NSZ<\/p>\r\n<p>p\u0142k. Jan Podhorski, przewodnicz\u0105cy Rady Naczelnej \u0179\u0179NSZ<\/p>\r\n<p>Jan Sapijaszko, Grupa Rekonstrukcji Historycznych NSZ<\/p>\r\n<p>Rafa\u0142 Sierchu\u0142a, , Rada Historyczna przy Z\u0179NSZ<\/p>\r\n<p>dr Bohdan Szucki, honorowy prezes Z\u0179NSZ<\/p>\r\n<p>Karol Wo\u0142ek, sekretarz Zarz\u0105du G\u0142\u00f3wnego Z\u0179NSZ<\/p>\r\n<p>Artur Zawisza, wiceprezes Zarz\u0105du G\u0142\u00f3wnego ZZNSZ<\/p>\r\n<p>Leszek \u017bebrowski, , Rada Historyczna przy Z\u0179NSZ<\/p>\r\n<p><strong>Za:<\/strong> <a href=\"http:\/\/nsz.com.pl\/index.php\/nsz\/741-owiadczenie-w-zwizku-z-wypowiedzi-dyrektora-muzeum-ii-wojny-wiatowej-\" target=\"_blank\">nsz.com.pl<\/a><\/p>","protected":false},"excerpt":{"rendered":"20 wrze\u015bnia 2012 roku przypada siedemdziesi\u0105ta rocznica powo\u0142ania Narodowych Si\u0142 Zbrojnych. Zwi\u0105zek \u0179o\u0142nierzy NSZ organizuje uroczysto\u015bci rocznicowe pod patronatem kierownika Urz\u0119du do spraw Kombatant\u00f3w i Os\u00f3b Represjonowanych. Tymczasem ze strony przedstawiciela w\u0142adzy publicznej pad\u0142y w tym roku s\u0142owa budz\u0105ce zasadniczy sprzeciw, w kt\u00f3rej to sprawie wystosowujemy to o\u015bwiadczenie. Prof. Pawe\u0142 Machcewicz, doradca Prezesa Rady Ministr\u00f3w [&hellip;]","protected":false},"author":1,"featured_media":0,"comment_status":"closed","ping_status":"closed","sticky":false,"template":"","format":"standard","meta":{"_acf_changed":false,"_monsterinsights_skip_tracking":false,"_monsterinsights_sitenote_active":false,"_monsterinsights_sitenote_note":"","_monsterinsights_sitenote_category":0,"ngg_post_thumbnail":0,"footnotes":"","_wp_rev_ctl_limit":""},"categories":[8],"tags":[92,59],"acf":[],"_links":{"self":[{"href":"https:\/\/www.bibula.com\/index.php?rest_route=\/wp\/v2\/posts\/60590"}],"collection":[{"href":"https:\/\/www.bibula.com\/index.php?rest_route=\/wp\/v2\/posts"}],"about":[{"href":"https:\/\/www.bibula.com\/index.php?rest_route=\/wp\/v2\/types\/post"}],"author":[{"embeddable":true,"href":"https:\/\/www.bibula.com\/index.php?rest_route=\/wp\/v2\/users\/1"}],"replies":[{"embeddable":true,"href":"https:\/\/www.bibula.com\/index.php?rest_route=%2Fwp%2Fv2%2Fcomments&post=60590"}],"version-history":[{"count":0,"href":"https:\/\/www.bibula.com\/index.php?rest_route=\/wp\/v2\/posts\/60590\/revisions"}],"wp:attachment":[{"href":"https:\/\/www.bibula.com\/index.php?rest_route=%2Fwp%2Fv2%2Fmedia&parent=60590"}],"wp:term":[{"taxonomy":"category","embeddable":true,"href":"https:\/\/www.bibula.com\/index.php?rest_route=%2Fwp%2Fv2%2Fcategories&post=60590"},{"taxonomy":"post_tag","embeddable":true,"href":"https:\/\/www.bibula.com\/index.php?rest_route=%2Fwp%2Fv2%2Ftags&post=60590"}],"curies":[{"name":"wp","href":"https:\/\/api.w.org\/{rel}","templated":true}]}}