{"id":60588,"date":"2012-09-04T19:15:41","date_gmt":"2012-09-05T00:15:41","guid":{"rendered":"http:\/\/www.bibula.com\/?p=60588"},"modified":"2012-09-04T21:24:54","modified_gmt":"2012-09-05T02:24:54","slug":"jozef-szaniawski-nie-zyje","status":"publish","type":"post","link":"https:\/\/www.bibula.com\/?p=60588","title":{"rendered":"J\u00f3zef Szaniawski nie \u017cyje"},"content":{"rendered":"<p><strong>Prof. J\u00f3zef Szaniawski, publicysta \u201eNaszego Dziennika\u201d, politolog, historyk, wyk\u0142adowca Wy\u017cszej Szko\u0142y Kultury Spo\u0142ecznej i Medialnej w Toruniu i Uniwersytetu Kardyna\u0142a Stefana Wyszy\u0144skiego, nie \u017cyje. Zgin\u0105\u0142 we wtorek w Tatrach. Mia\u0142 68 lat.<\/strong><\/p>\r\n<p>J\u00f3zef Szaniawski urodzi\u0142 si\u0119 w 1944 r. we Lwowie. \u00a0W latach 70. i 80. prowadzi\u0142 dzia\u0142alno\u015b\u0107 niepodleg\u0142o\u015bciow\u0105. W 1985 r. s\u0105d wojskowy skaza\u0142 go na 10 lat wi\u0119zienia.\u00a0Uniewinniony przez S\u0105d Najwy\u017cszy, wyszed\u0142 na wolno\u015b\u0107 22 grudnia 1989 r. S\u0105d Najwy\u017cszy okre\u015bli\u0142 go jako ostatniego wi\u0119\u017ania politycznego PRL.<\/p>\r\n<p>By\u0142 pe\u0142nomocnikiem i przyjacielem p\u0142k. Ryszarda Kukli\u0144skiego, swoimi staraniami doprowadzi\u0142 do rehabilitacji w \u015bwietle prawa p\u0142k. Kukli\u0144skiego.<\/p>\r\n<p>RP<\/p>","protected":false},"excerpt":{"rendered":"Prof. J\u00f3zef Szaniawski, publicysta \u201eNaszego Dziennika\u201d, politolog, historyk, wyk\u0142adowca Wy\u017cszej Szko\u0142y Kultury Spo\u0142ecznej i Medialnej w Toruniu i Uniwersytetu Kardyna\u0142a Stefana Wyszy\u0144skiego, nie \u017cyje. Zgin\u0105\u0142 we wtorek w Tatrach. Mia\u0142 68 lat. J\u00f3zef Szaniawski urodzi\u0142 si\u0119 w 1944 r. we Lwowie. \u00a0W latach 70. i 80. prowadzi\u0142 dzia\u0142alno\u015b\u0107 niepodleg\u0142o\u015bciow\u0105. W 1985 r. s\u0105d wojskowy skaza\u0142 [&hellip;]","protected":false},"author":1,"featured_media":0,"comment_status":"closed","ping_status":"closed","sticky":false,"template":"","format":"standard","meta":{"_acf_changed":false,"_monsterinsights_skip_tracking":false,"_monsterinsights_sitenote_active":false,"_monsterinsights_sitenote_note":"","_monsterinsights_sitenote_category":0,"ngg_post_thumbnail":0,"footnotes":"","_wp_rev_ctl_limit":""},"categories":[8],"tags":[92,184,83],"acf":[],"_links":{"self":[{"href":"https:\/\/www.bibula.com\/index.php?rest_route=\/wp\/v2\/posts\/60588"}],"collection":[{"href":"https:\/\/www.bibula.com\/index.php?rest_route=\/wp\/v2\/posts"}],"about":[{"href":"https:\/\/www.bibula.com\/index.php?rest_route=\/wp\/v2\/types\/post"}],"author":[{"embeddable":true,"href":"https:\/\/www.bibula.com\/index.php?rest_route=\/wp\/v2\/users\/1"}],"replies":[{"embeddable":true,"href":"https:\/\/www.bibula.com\/index.php?rest_route=%2Fwp%2Fv2%2Fcomments&post=60588"}],"version-history":[{"count":0,"href":"https:\/\/www.bibula.com\/index.php?rest_route=\/wp\/v2\/posts\/60588\/revisions"}],"wp:attachment":[{"href":"https:\/\/www.bibula.com\/index.php?rest_route=%2Fwp%2Fv2%2Fmedia&parent=60588"}],"wp:term":[{"taxonomy":"category","embeddable":true,"href":"https:\/\/www.bibula.com\/index.php?rest_route=%2Fwp%2Fv2%2Fcategories&post=60588"},{"taxonomy":"post_tag","embeddable":true,"href":"https:\/\/www.bibula.com\/index.php?rest_route=%2Fwp%2Fv2%2Ftags&post=60588"}],"curies":[{"name":"wp","href":"https:\/\/api.w.org\/{rel}","templated":true}]}}