{"id":60586,"date":"2012-09-04T19:09:12","date_gmt":"2012-09-04T23:09:12","guid":{"rendered":"http:\/\/www.bibula.com\/?p=60586"},"modified":"2012-09-04T19:09:12","modified_gmt":"2012-09-05T00:09:12","slug":"","status":"publish","type":"post","link":"https:\/\/www.bibula.com\/?p=60586","title":{"rendered":"Apel naukowc\u00f3w do parlamentarzyst\u00f3w"},"content":{"rendered":"<p><strong>Apel 300 naukowc\u00f3w do polskich parlamentarzyst\u00f3w w sprawie procedury in vitro i naprotechnologii.<\/strong><\/p>\n<p>We wrze\u015bniu [2009 r.] w Sejmie RP rozpocz\u0119\u0142y si\u0119 prace nad regulacjami prawnymi dotycz\u0105cymi procedury in vitro. Jako naukowcy i nauczyciele akademiccy pragniemy zabra\u0107 g\u0142os w tej wa\u017cnej kwestii spo\u0142ecznej.<\/p>\n<p>\u0179ycie cz\u0142owieka rozpoczyna si\u0119 w momencie pocz\u0119cia &#8211; to fakt biologiczny, naukowo stwierdzony. Procedura in vitro, maj\u0105ca s\u0142u\u017cy\u0107 przekazywaniu \u017cycia ludzkiego, jest nieod\u0142\u0105cznie zwi\u0105zana z niszczeniem \u017cycia cz\u0142owieka w fazie prenatalnego rozwoju, jest wi\u0119c g\u0142\u0119boko nieetyczna i jej stosowanie winno by\u0107 prawnie zakazane. Z publikowanych danych &#8211; z r\u00f3\u017cnych o\u015brodk\u00f3w medycznych stosuj\u0105cych in vitro &#8211; wynika, \u017ce w trakcie tej procedury ginie 60-80 proc. pocz\u0119tych istot ludzkich (z brytyjskich informacji wynika, \u017ce nawet 95 proc.).<\/p>\n<p>Procedura in vitro, na r\u00f3\u017cnych etapach jej stosowania, narusza trzy artyku\u0142y Konstytucji Rzeczypospolitej Polskiej: art. 30, art. 38, art. 40, oraz art. 157 kodeksu karnego.<\/p>\n<p>Procedura ta jest ra\u017c\u0105co sprzeczna z ekologi\u0105 prokreacji, zast\u0119puj\u0105c naturalne \u015brodowisko pocz\u0119cia i pocz\u0105tkowego rozwoju cz\u0142owieka, jakim jest \u0142ono matki, &#8222;szk\u0142em&#8221;, a w skrajnym przypadku systemem g\u0142\u0119bokiego zamra\u017cania (do temperatury -195 st. C).<\/p>\n<p>To naruszenie ekologii prokreacji skutkuje prawie dwukrotnym wzrostem \u015bmiertelno\u015bci niemowl\u0105t, 2-3-krotnym wzrostem wyst\u0119powania r\u00f3\u017cnych wad wrodzonych, a tak\u017ce op\u00f3\u017anieniem rozwoju psychofizycznego dzieci pocz\u0119tych metod\u0105 in vitro w por\u00f3wnaniu do dzieci pocz\u0119tych w spos\u00f3b naturalny.<\/p>\n<p>Pozytywn\u0105 metod\u0105 pomocy ma\u0142\u017conkom pragn\u0105cym pocz\u0119cia i urodzenia dziecka jest naprotechnologia. Naprotechnologia to nowoczesna metoda diagnozowania i leczenia niep\u0142odno\u015bci na podstawie tzw. modelu Creightona, s\u0142u\u017c\u0105cego precyzyjnej obserwacji organizmu kobiety w czasie jej naturalnego cyklu.<\/p>\n<p>Na \u017cadnym etapie stosowania naprotechnologii nie dochodzi do niszczenia pocz\u0119tych istot ludzkich, naruszenia godno\u015bci ma\u0142\u017conk\u00f3w i pocz\u0119tej istoty ludzkiej oraz zachowane s\u0105 ekologiczne zasady prokreacji.<\/p>\n<p>Nale\u017cy te\u017c podkre\u015bli\u0107, \u017ce naprotechnologia w por\u00f3wnaniu do procedury in vitro jest bardziej skuteczna i kilkakrotnie mniej kosztowna.<\/p>\n<p>Apelujemy o wprowadzenie ustawowego zakazu stosowania procedury in vitro jako drastycznie niehumanitarnej oraz o szerokie upowszechnienie naprotechnologii i zapewnienie jej pe\u0142nej refundacji z NFZ.<\/p>\n<p>&nbsp;<\/p>\n<p><strong><em>1. prof. dr hab. Franciszek Adamski, Krak\u00f3w<\/em><\/strong><br \/><strong><em>2. dr Marek Babik, Krak\u00f3w <\/em><\/strong><br \/><strong><em>3. dr Alina Bielawska, Kielce <\/em><\/strong><br \/><strong><em>4. prof. zw. dr hab. Ryszard Bender, Toru\u0144 <\/em><\/strong><br \/><strong><em>5. prof. dr hab. in\u017c. Bogumi\u0142 Bieniasz, Rzesz\u00f3w <\/em><\/strong><br \/><strong><em>6. prof. dr hab. Aleksander Bobko, Rzesz\u00f3w <\/em><\/strong><br \/><strong><em>7. lek. med. Halina Bogusz, Pozna\u0144 <\/em><\/strong><br \/><strong><em>8. dr med. Miros\u0142aw Bogusz, Pozna\u0144 <\/em><\/strong><br \/><strong><em>9. dr in\u017c. W\u0142adys\u0142aw Brzozowski, Rzesz\u00f3w <\/em><\/strong><br \/><strong><em>10. prof. dr hab. med. Zbigniew Ch\u0142ap, Krak\u00f3w <\/em><\/strong><br \/><strong><em>11. dr Krystyna Cygorijni, Krak\u00f3w <\/em><\/strong><br \/><strong><em>12. dr Andrzej Dakowicz, Bia\u0142ystok <\/em><\/strong><br \/><strong><em>13. dr Lidia Dakowicz, Bia\u0142ystok <\/em><\/strong><br \/><strong><em>14. dr hab. in\u017c. Joanna Duli\u0144ska, Krak\u00f3w <\/em><\/strong><br \/><strong><em>15. prof. dr hab. Tadeusz Gerstenkorn, Toru\u0144 <\/em><\/strong><br \/><strong><em>16. dr Lucyna G\u00f3rska-K\u0142\u0119k, Wroc\u0142aw <\/em><\/strong><br \/><strong><em>17. dr Jerzy Grygiel, Krak\u00f3w <\/em><\/strong><br \/><strong><em>18. dr Stanis\u0142aw Grze\u015b, Pozna\u0144 <\/em><\/strong><br \/><strong><em>19. prof. dr hab. Antoni Felu\u015b, Katowice <\/em><\/strong><br \/><strong><em>20. prof. dr hab. in\u017c. Andrzej Flaga, Lublin <\/em><\/strong><br \/><strong><em>21. prof. doc. dr hab. Waldemar Furmanek, Rzesz\u00f3w <\/em><\/strong><br \/><strong><em>22. prof. dr hab. Zbigniew Jacyna-Onyszkiewcz, Pozna\u0144 <\/em><\/strong><br \/><strong><em>23. dr Stanis\u0142aw Kalinkowski, Warszawa <\/em><\/strong><br \/><strong><em>24. dr in\u017c. Anna Kasprzyk, Lublin <\/em><\/strong><br \/><strong><em>25. prof. dr hab. in\u017c. Janusz Kawecki, Krak\u00f3w <\/em><\/strong><br \/><strong><em>26. dr Danuta Kejda, Rzesz\u00f3w <\/em><\/strong><br \/><strong><em>27. dr Marian K\u0119sek, Krak\u00f3w <\/em><\/strong><br \/><strong><em>28. prof. zw. Stefania Kinal, Wroc\u0142aw <\/em><\/strong><br \/><strong><em>29. dr Jan K\u0142ys, Warszawa <\/em><\/strong><br \/><strong><em>30. dr Marta Komorowska-Pud\u0142o, Szczecin <\/em><\/strong><br \/><strong><em>31. prof. dr hab. Maria Kopacz, Rzesz\u00f3w <\/em><\/strong><br \/><strong><em>32. prof. zw. dr hab. Stanis\u0142aw Kopacz, Rzesz\u00f3w <\/em><\/strong><br \/><strong><em>33. dr hab. Urszula Kope\u0107, Rzesz\u00f3w <\/em><\/strong><br \/><strong><em>34. dr hab. Irena Kosacka, Bia\u0142ystok <\/em><\/strong><br \/><strong><em>35. dr hab. in\u017c. Jan Kosendiak, Wroc\u0142aw <\/em><\/strong><br \/><strong><em>36. dr in\u017c. Alicja Kowalska, Krak\u00f3w <\/em><\/strong><br \/><strong><em>37. dr Asja Kozak, Pozna\u0144 <\/em><\/strong><br \/><strong><em>38. prof. zw. Stanis\u0142aw Krzyniecki, Wroc\u0142aw <\/em><\/strong><br \/><strong><em>39. dr \u0141ukasz Krzywiecki, Wroc\u0142aw <\/em><\/strong><br \/><strong><em>40. prof. dr hab. Henryk Kurczab, Rzesz\u00f3w <\/em><\/strong><br \/><strong><em>41. prof. dr hab. in\u017c. Ludwik Lauda\u0144ski, Rzesz\u00f3w <\/em><\/strong><br \/><strong><em>42. dr Jerzy Lechowski, Lublin <\/em><\/strong><br \/><strong><em>43. prof. Tadeusz Litko, Bia\u0142ystok <\/em><\/strong><br \/><strong><em>44. dr hab. Wojciech \u0141ebkowski, Bia\u0142ystok <\/em><\/strong><br \/><strong><em>45. dr med. Maria \u0141azawska, Bia\u0142ystok <\/em><\/strong><br \/><strong><em>46. prof. dr hab. Wojciech \u0141\u0105czkowski, Lublin <\/em><\/strong><br \/><strong><em>47. dr Kazimierz Maci\u0105g, Rzesz\u00f3w <\/em><\/strong><br \/><strong><em>48. dr hab. Anita Magowska, Pozna\u0144 <\/em><\/strong><br \/><strong><em>49. prof. dr hab. Tadeusz Markowski, Rzesz\u00f3w <\/em><\/strong><br \/><strong><em>50. dr El\u017cbieta Mazur, Rzesz\u00f3w <\/em><\/strong><br \/><strong><em>51. dr Monika Mekroda-B\u0105k, Pozna\u0144 <\/em><\/strong><br \/><strong><em>52. dr med. Rafa\u0142 Michalik, Krak\u00f3w <\/em><\/strong><br \/><strong><em>53. prof. dr hab. med. Alina Midro, Bia\u0142ystok <\/em><\/strong><br \/><strong><em>54. dr med. Henryk Midro, Bia\u0142ystok <\/em><\/strong><br \/><strong><em>55. dr hab. Grzegorz Musia\u0142, Pozna\u0144 <\/em><\/strong><br \/><strong><em>56. dr Barbara Mu\u015bnicka, Pozna\u0144 <\/em><\/strong><br \/><strong><em>57. prof. dr hab. Czes\u0142aw Mu\u015bnicki, Pozna\u0144 <\/em><\/strong><br \/><strong><em>58. prof. dr hab. Edward Niezna\u0144ski, Warszawa <\/em><\/strong><br \/><strong><em>59. dr Lucyna Nowak, Krak\u00f3w <\/em><\/strong><br \/><strong><em>60. dr J\u00f3zef Nowicki, Wroc\u0142aw <\/em><\/strong><br \/><strong><em>61. dr hab. Andrzej Ochocki, Warszawa <\/em><\/strong><br \/><strong><em>62. dr hab. Teresa Olearczyk, Krak\u00f3w <\/em><\/strong><br \/><strong><em>63. prof. zw. dr hab. Gustaw Ostasz, Rzesz\u00f3w <\/em><\/strong><br \/><strong><em>64. prof. dr hab. Edward Ozimek, Pozna\u0144 <\/em><\/strong><br \/><strong><em>65. dr Janusz Pasterski, Rzesz\u00f3w <\/em><\/strong><br \/><strong><em>66. dr Stanis\u0142aw Paszkowski, Wroc\u0142aw <\/em><\/strong><br \/><strong><em>67. prof. dr hab. Maria Piskornik, Krak\u00f3w <\/em><\/strong><br \/><strong><em>68. prof. dr hab. Zdzis\u0142aw Piskornik, Krak\u00f3w <\/em><\/strong><br \/><strong><em>69. dr med. dr h.c. Wanda P\u00f3\u0142tawska, Krak\u00f3w <\/em><\/strong><br \/><strong><em>70. dr Barbara P\u00f3\u0142torak, Rzesz\u00f3w <\/em><\/strong><br \/><strong><em>71. dr hab. Micha\u0142 Ptyszmant, Bia\u0142ystok <\/em><\/strong><br \/><strong><em>72. dr hab. med. Teresa Reduta, Bia\u0142ystok <\/em><\/strong><br \/><strong><em>73. dr hab. Mieczys\u0142aw Ryba, Toru\u0144 <\/em><\/strong><br \/><strong><em>74. prof. dr hab. Maria Ry\u015b, Warszawa <\/em><\/strong><br \/><strong><em>75. prof. dr hab. med. Maria Sobaniec-\u0141otowska, Bia\u0142ystok <\/em><\/strong><br \/><strong><em>76. prof. dr hab. Marek Stanisz, Rzesz\u00f3w <\/em><\/strong><br \/><strong><em>77. prof. dr hab. Anna Stankowska, Pozna\u0144 <\/em><\/strong><br \/><strong><em>78. prof. zw. dr hab. Wojciech Stankowski, Pozna\u0144 <\/em><\/strong><br \/><strong><em>79. dr Rafa\u0142 Staszewski, Pozna\u0144 <\/em><\/strong><br \/><strong><em>80. dr Wies\u0142awa Stefan, Wroc\u0142aw <\/em><\/strong><br \/><strong><em>81. dr in\u017c. Stanis\u0142aw Szela, Rzesz\u00f3w <\/em><\/strong><br \/><strong><em>82. prof. zw. dr hab. Kazimierz St\u0119pczak, Pozna\u0144 <\/em><\/strong><br \/><strong><em>83. dr Anna Szuba-Trznadel, Wroc\u0142aw <\/em><\/strong><br \/><strong><em>84. prof. dr hab. Agnieszka Szyszkowska, Wroc\u0142aw <\/em><\/strong><br \/><strong><em>85. dr Krystyna \u015amieta\u0142o, Bia\u0142ystok <\/em><\/strong><br \/><strong><em>86. dr med. Wanda Terlecka, Cz\u0119stochowa <\/em><\/strong><br \/><strong><em>87. dr hab. Piotr Tomaszek, Pozna\u0144 <\/em><\/strong><br \/><strong><em>88. dr Marek Mariusz Tytko, Krak\u00f3w <\/em><\/strong><br \/><strong><em>89. dr med. Ewa Wasilewicz, Bia\u0142ystok <\/em><\/strong><br \/><strong><em>90. lek med. Tadeusz Wasilewski, Bia\u0142ystok <\/em><\/strong><br \/><strong><em>91. dr hab. in\u017c. \u0141ukasz W\u0119sierski, Rzesz\u00f3w <\/em><\/strong><br \/><strong><em>92. dr Maria Wierzbi\u0144ska, Rzesz\u00f3w <\/em><\/strong><br \/><strong><em>93. dr J\u00f3zef Winiarski, Krak\u00f3w <\/em><\/strong><br \/><strong><em>94. doc. dr hab. Jadwiga Wronicz, Krak\u00f3w <\/em><\/strong><br \/><strong><em>95. dr hab. prof. AGH Zygmunt Wronicz, Krak\u00f3w <\/em><\/strong><br \/><strong><em>96. ks. prof. dr hab. J\u00f3zef Zabielski, Warszawa <\/em><\/strong><br \/><strong><em>97. dr Antoni Zaj\u0105c, Rzesz\u00f3w <\/em><\/strong><br \/><strong><em>98. dr Bo\u017cena Zaj\u0105c, Rzesz\u00f3w <\/em><\/strong><br \/><strong><em>99. prof. zw. dr hab. Zygmunt Zag\u00f3rski, Pozna\u0144 <\/em><\/strong><br \/><strong><em>100. dr Bogna Zawieja, Pozna\u0144 <\/em><\/strong><br \/><strong><em>101. dr in\u017c. Antoni Zi\u0119ba, Krak\u00f3w <\/em><\/strong><br \/><strong><em>102. dr Marian Zwiercan, Krak\u00f3w <\/em><\/strong><br \/><strong><em>103. prof. dr hab. Krzysztof Zwierz, Bia\u0142ystok <\/em><\/strong><br \/><strong><em>104. dr in\u017c. Andrzej Bobiec, Rzesz\u00f3w <\/em><\/strong><br \/><strong><em>105. dr hab. prof. nadzw. IHN PAN Micha\u0142 Kokowski, Krak\u00f3w <\/em><\/strong><br \/><strong><em>106. adiunkt, dr in\u017c. Jerzy Kolanko, Wroc\u0142aw <\/em><\/strong><br \/><strong><em>107. prof. nadzw. dr hab. \u0141ukasz \u015awi\u0119cicki, Warszawa <\/em><\/strong><br \/><strong><em>108. lek. med. Ewa Noga, Krak\u00f3w <\/em><\/strong><br \/><strong><em>109. dr hab. prof. UP Henryk Noga, Krak\u00f3w <\/em><\/strong><br \/><strong><em>110. dr Zdzis\u0142awa Dybiec, Krak\u00f3w <\/em><\/strong><br \/><strong><em>111. ks. dr hab. prof. nadzw. UPJPII i WSFP Tadeusz Biesaga, Krak\u00f3w <\/em><\/strong><br \/><strong><em>112. prof. dr hab. Tadeusz Wasiuty\u0144ski, Krak\u00f3w <\/em><\/strong><br \/><strong><em>113. dr Wojciech Pawnik, Krak\u00f3w <\/em><\/strong><br \/><strong><em>114. dr Krzysztof Kania, Katowice <\/em><\/strong><br \/><strong><em>115. dr in\u017c. Krzysztof Borowiak, Pozna\u0144 <\/em><\/strong><br \/><strong><em>116. ks. dr Jaros\u0142aw Paszy\u0144ski, Krak\u00f3w <\/em><\/strong><br \/><strong><em>117. dr hab. in\u017c. Halina Garbali\u0144ska, Szczecin <\/em><\/strong><br \/><strong><em>118. prof. dr hab. dr h.c. multi Wac\u0142aw Leszczy\u0144ski, Wroc\u0142aw <\/em><\/strong><br \/><strong><em>119. dr Grzegorz Ho\u0142ub, Krak\u00f3w <\/em><\/strong><br \/><strong><em>120. dr hab. Piotr Fiszeder, Toru\u0144 <\/em><\/strong><br \/><strong><em>121. prof. zw. dr hab. Ryszard Kryza, Wroc\u0142aw <\/em><\/strong><br \/><strong><em>122. dr Ewa Baranowska-Prokop, Warszawa <\/em><\/strong><br \/><strong><em>123. dr hab. Zbigniew B. Ga\u015b, Lublin <\/em><\/strong><br \/><strong><em>124. dr Tomasz Kraj, Krak\u00f3w <\/em><\/strong><br \/><strong><em>125. dr in\u017c. Krzysztof Adamczyk, Krak\u00f3w <\/em><\/strong><br \/><strong><em>126. dr hab. in\u017c., prof nadzw. Pol. \u015al. Henryk Foit, \u0179ernica <\/em><\/strong><br \/><strong><em>127. dr Pawe\u0142 Korobczak, Wroc\u0142aw <\/em><\/strong><br \/><strong><em>128. dr Barbara Pliszka, Olsztyn <\/em><\/strong><br \/><strong><em>129. prof. dr hab. ks. Ryszard Sztychmiler, Olsztyn <\/em><\/strong><br \/><strong><em>130. dr in\u017c. Marek \u015anie\u017cek, Rzesz\u00f3w <\/em><\/strong><br \/><strong><em>131. dr hab. Anna Katrusiak, Pozna\u0144 <\/em><\/strong><br \/><strong><em>132. dr Tomasz Panz, Krak\u00f3w <\/em><\/strong><br \/><strong><em>133. dr Aneta Gawkowska, Warszawa <\/em><\/strong><br \/><strong><em>134. dr Grzegorz Mazur OP, Krak\u00f3w <\/em><\/strong><br \/><strong><em>135. dr hab. Joanna Kostecka, Rzesz\u00f3w <\/em><\/strong><br \/><strong><em>136. prof. nadzw. dr hab. in\u017c. Helena Teterycz, Wroc\u0142aw<\/em><\/strong><br \/><strong><em>137. dr Joanna W\u00f3jcik, Zamo\u015b\u0107 <\/em><\/strong><br \/><strong><em>138. dr hab. Szczepan Zapotoczny, Krak\u00f3w <\/em><\/strong><br \/><strong><em>139. dr, adiunkt, MC-AC Piotr Kieniewicz, Lublin <\/em><\/strong><br \/><strong><em>140. dr hab. n. med. Miros\u0142aw Markiewicz, Katowice <\/em><\/strong><br \/><strong><em>141. dr Robert Janusz, Krak\u00f3w <\/em><\/strong><br \/><strong><em>142. ks. dr hab. prof. nadzw. UKSW Zbigniew \u0141epko, Warszawa <\/em><\/strong><br \/><strong><em>143. prof. dr hab. Tadeusz \u015alipko, Krak\u00f3w <\/em><\/strong><br \/><strong><em>144. ks. prof. dr hab. Maciej Ostrowski, Krak\u00f3w <\/em><\/strong><br \/><strong><em>145. dr Kazimierz Gelleta, Krosno <\/em><\/strong><br \/><strong><em>146. dr Alicja Maurer, Krak\u00f3w <\/em><\/strong><br \/><strong><em>147. dr n. humanistycznych Anna Badura, Katowice <\/em><\/strong><br \/><strong><em>148. dr hab. nauk rolniczych, dr nauk politycznych <\/em><\/strong><br \/><strong><em>Andrzej G\u0105sowski, Bruksela <\/em><\/strong><br \/><strong><em>149. dr Katarzyna Parzych-Blakiewicz, Olsztyn <\/em><\/strong><br \/><strong><em>150. prof. dr hab. in\u017c. Stefan J. Kowalski, Pozna\u0144 <\/em><\/strong><br \/><strong><em>151. prof. zw. dr hab. Roman Darowski SJ, Krak\u00f3w <\/em><\/strong><br \/><strong><em>152. dr Jolanta Kaleta, Krak\u00f3w <\/em><\/strong><br \/><strong><em>153. dr med. Wojciech Leppert, Pozna\u0144 <\/em><\/strong><br \/><strong><em>154. dr in\u017c. Pawe\u0142 Badura, Katowice <\/em><\/strong><br \/><strong><em>155. prof. zw. Ryszard Kantor, Krak\u00f3w<\/em><\/strong><br \/><strong><em>156. dr Anna Kraszewska, Bia\u0142ystok <\/em><\/strong><br \/><strong><em>157. dr hab., prof. nadzw. Leszek Jerzy Chmielewski, Warszawa <\/em><\/strong><br \/><strong><em>158. dr Pawe\u0142 Jan Sza\u0142a\u0144ski, \u0141\u00f3d\u017a <\/em><\/strong><br \/><strong><em>159. dr Jacek Ry\u0142ko, Krak\u00f3w <\/em><\/strong><br \/><strong><em>160. prof. dr hab. in\u017c. Andrzej Grono, Gdynia <\/em><\/strong><br \/><strong><em>161. dr Ma\u0142gorzata Jaszczuk-Surma, Wroc\u0142aw <\/em><\/strong><br \/><strong><em>162. dr Jan Wilk, Krak\u00f3w <\/em><\/strong><br \/><strong><em>163. dr Robert Kie\u0142tyka, Ludwigshafen <\/em><\/strong><br \/><strong><em>164. dr in\u017c. Danuta Pli\u015b, Rzesz\u00f3w <\/em><\/strong><br \/><strong><em>165. dr Czes\u0142aw August, Wroc\u0142aw <\/em><\/strong><br \/><strong><em>166. dr hab. in\u017c. Janusz Haury\u0142kiewicz, Pozna\u0144 <\/em><\/strong><br \/><strong><em>167. dr in\u017c. Krzysztof Dreszer, Chorz\u00f3w <\/em><\/strong><br \/><strong><em>168. dr Andrzej Kowalik, Pozna\u0144 <\/em><\/strong><br \/><strong><em>169. ks. dr hab. Janusz Nawrot, Pozna\u0144 <\/em><\/strong><br \/><strong><em>170. dr Agnieszka Janiak, Katowice <\/em><\/strong><br \/><strong><em>171. dr in\u017c. Janusz W\u00f3jcik, Gliwice <\/em><\/strong><br \/><strong><em>172. dr hab. Anna Ratajska, Warszawa <\/em><\/strong><br \/><strong><em>173. prof. dr hab. in\u017c. Jan Si\u0144czak, Krak\u00f3w <\/em><\/strong><br \/><strong><em>174. dr hab. Stefan Pietrzak, Falenty <\/em><\/strong><br \/><strong><em>175. dr hab. in\u017c. Piotr Borkowski, \u0141\u00f3d\u017a <\/em><\/strong><br \/><strong><em>176. dr in\u017c. Piotr Stera, Gliwice <\/em><\/strong><br \/><strong><em>177. dr, adiunkt Agnieszka Wi\u0105cek, Lublin <\/em><\/strong><br \/><strong><em>178. prof. zw. dr hab. in\u017c. Magdalena Jaworska, Krak\u00f3w <\/em><\/strong><br \/><strong><em>179. prof. dr hab. med. Eugeniusz Baran, Wroc\u0142aw <\/em><\/strong><br \/><strong><em>180. dr in\u017c. Joachim Pielot, Zabrze <\/em><\/strong><br \/><strong><em>181. dr hab. prof. UW Ma\u0142gorzata Karwowska-Struczyk, Warszawa <\/em><\/strong><br \/><strong><em>182. dr Barbara Nowarska, Krak\u00f3w <\/em><\/strong><br \/><strong><em>183. dr Beata Ecler-Noco\u0144, Katowice <\/em><\/strong><br \/><strong><em>184. dr in\u017c. Adrian Noco\u0144, Gliwice <\/em><\/strong><br \/><strong><em>185. dr hab. Andrzej K\u0119sy, Radom <\/em><\/strong><br \/><strong><em>186. dr in\u017c. Tomasz Zi\u0119ba, Wroc\u0142aw <\/em><\/strong><br \/><strong><em>187. dr hab. Andrzej Walendziak, Warszawa <\/em><\/strong><br \/><strong><em>188. dr in\u017c. Grzegorz Kubica, Katowice <\/em><\/strong><br \/><strong><em>189. dr in\u017c. Andrzej Augustynek, Krak\u00f3w <\/em><\/strong><br \/><strong><em>190. dr in\u017c. Bogdan Nienartowicz, Szczecin <\/em><\/strong><br \/><strong><em>191. prof. dr hab. in\u017c. Grzegorz Kami\u0144ski, Warszawa <\/em><\/strong><br \/><strong><em>192. prof. dr hab. Krzysztof Ro\u015bciszewski, Krak\u00f3w <\/em><\/strong><br \/><strong><em>193. dr hab. in\u017c. Barbara Jab\u0142o\u0144ska-Firek, Krak\u00f3w <\/em><\/strong><br \/><strong><em>194. dr hab. in\u017c. prof. nadzw. Pol. \u015al. Marek Smolik, Gliwice <\/em><\/strong><br \/><strong><em>195. dr in\u017c. Franciszek W\u00f3jcik, \u0141\u00f3d\u017a <\/em><\/strong><br \/><strong><em>196. dr in\u017c. Aleksandra G\u00f3recka-Bruzda, Jastrz\u0119biec <\/em><\/strong><br \/><strong><em>197. dr in\u017c. Janusz Partyka, Wojnicz <\/em><\/strong><br \/><strong><em>198. dr in\u017c. Jolanta S\u0142oniec, Lublin <\/em><\/strong><br \/><strong><em>199. prof. dr hab. in\u017c. Janina Milewska-Duda, Krak\u00f3w <\/em><\/strong><br \/><strong><em>200. prof. dr hab. in\u017c. Jan Tadeusz Duda, Krak\u00f3w <\/em><\/strong><br \/><strong><em>201. prof. zw. dr hab. Jerzy Klag, Katowice <\/em><\/strong><br \/><strong><em>202. dr hab. Andrzej Gzella, Pozna\u0144 <\/em><\/strong><br \/><strong><em>203. prof. dr hab. in\u017c. Ireneusz J\u00f3\u017awiak, Wroc\u0142aw<\/em><\/strong><br \/><strong><em>204. dr hab. in\u017c., prof. Politechniki Wroc\u0142awskiej Bogus\u0142aw Karolewski, Wroc\u0142aw <\/em><\/strong><br \/><strong><em>205. dr in\u017c. Andrzej Rylski, Rzesz\u00f3w <\/em><\/strong><br \/><strong><em>206. prof. dr hab. Ryszard B\u0142aszczyszyn, Wroc\u0142aw <\/em><\/strong><br \/><strong><em>207. dr Maria Ma\u015blanka-B\u0142aszczyszyn, Wroc\u0142aw <\/em><\/strong><br \/><strong><em>208. prof. dr hab. Agnieszka Mandat, Krak\u00f3w <\/em><\/strong><br \/><strong><em>209. dr hab. in\u017c. Anna P\u0119ksa, Wroc\u0142aw <\/em><\/strong><br \/><strong><em>210. dr hab. in\u017c., prof. PK Czes\u0142aw Ni\u017cankowski, Krak\u00f3w <\/em><\/strong><br \/><strong><em>211. dr in\u017c. Ma\u0142gorzata Michniewicz, \u0141\u00f3d\u017a <\/em><\/strong><br \/><strong><em>212. dr Jacek Dziobek-Roma\u0144ski, Boguchwa\u0142a <\/em><\/strong><br \/><strong><em>213. prof. dr hab. dr h.c. Czes\u0142aw B\u0142aszak, Pozna\u0144 <\/em><\/strong><br \/><strong><em>214. dr hab. in\u017c. prof. nadzw. Pol. \u015al. Stanis\u0142aw Walu\u015b, Gliwice <\/em><\/strong><br \/><strong><em>215. dr hab. n. med. Marek Rusin, Gliwice <\/em><\/strong><br \/><strong><em>216. dr hab. Bart\u0142omiej B\u0142aszczyszyn, Wroc\u0142aw <\/em><\/strong><br \/><strong><em>217. dr in\u017c. Ryszard Ga\u0142\u0105\u017a, Wroc\u0142aw <\/em><\/strong><br \/><strong><em>218. lek. med. El\u017cbieta Trembecka-Dubel, Zabrze<\/em><\/strong><br \/><strong><em>219. dr in\u017c. Roman Kaula, Bytom <\/em><\/strong><br \/><strong><em>220. dr hab. Adam Nodze\u0144ski, Krak\u00f3w <\/em><\/strong><br \/><strong><em>221. prof. dr hab. in\u017c. Krzysztof Kaczmarski, Rzesz\u00f3w <\/em><\/strong><br \/><strong><em>222. st. wyk\u0142adowca Antoni Pr\u0105tnicki, Warszawa <\/em><\/strong><br \/><strong><em>223. lekarz &#8211; specjalista neurolog Maria Roztoczy\u0144ska-Wodzie\u0144, Krak\u00f3w <\/em><\/strong><br \/><strong><em>224. dr in\u017c. Ziemowit Nowak, Wroc\u0142aw <\/em><\/strong><br \/><strong><em>225. prof. dr hab. UP Henryka Kramarz, Krak\u00f3w <\/em><\/strong><br \/><strong><em>226. mgr, starszy dokumentalista Antoni Stryjewski, Wroc\u0142aw <\/em><\/strong><br \/><strong><em>227. dr in\u017c. Teofil Korolewicz, Gliwice<\/em><\/strong><br \/><strong><em>228. dr in\u017c. Olgierd Unold, Wroc\u0142aw <\/em><\/strong><br \/><strong><em>229. dr Wies\u0142aw Poleszak, Lublin<\/em><\/strong><br \/><strong><em>230. dr med. Henryk Welcz, Lublin<\/em><\/strong><br \/><strong><em>231. dr Anna Woli\u0144ska-Welcz, Lublin<\/em><\/strong><br \/><strong><em>232. dr Roman Mazur SDB, Krak\u00f3w<\/em><\/strong><br \/><strong><em>233. dr in\u017c. Jan Bielski, Krak\u00f3w <\/em><\/strong><br \/><strong><em>234. prof. dr hab. Tomasz Woli\u0144ski, Warszawa <\/em><\/strong><br \/><strong><em>235. dr Ma\u0142gorzata Rachwalska, Krak\u00f3w <\/em><\/strong><br \/><strong><em>236. prof. dr hab. Anna Stachurska, Lublin <\/em><\/strong><br \/><strong><em>237. dr hab. prof. UMCS Mirona Ogryzko-Wiewi\u00f3rowska, Lublin <\/em><\/strong><br \/><strong><em>238. dr in\u017c. W\u0142odzimierz Drzazga, Wroc\u0142aw <\/em><\/strong><br \/><strong><em>239. dr Aniela Matuszewska, Sosnowiec <\/em><\/strong><br \/><strong><em>240. prof. zw. dr hab. Dominik Szynal, Lublin <\/em><\/strong><br \/><strong><em>241. dr hab. prof. nadzw. Stanis\u0142aw Paszkowski, Pozna\u0144 <\/em><\/strong><br \/><strong><em>242. dr hab. in\u017c. Anna G\u00f3recka-Drzazga, Wroc\u0142aw <\/em><\/strong><br \/><strong><em>243. lekarz medycyny Alicja Bednarz, Wojnicz <\/em><\/strong><br \/><strong><em>244. prof. dr hab. in\u017c. J\u00f3zef Beluch, Krak\u00f3w <\/em><\/strong><br \/><strong><em>245. dr in\u017c. Wies\u0142aw Goc, Gliwice <\/em><\/strong><br \/><strong><em>246. dr hab. prof. UP Henryka Kramarz, Krak\u00f3w <\/em><\/strong><br \/><strong><em>247. dr Jolanta Muszer, Wroc\u0142aw <\/em><\/strong><br \/><strong><em>248. dr in\u017c. Zenobia Biedrzycka, Warszawa <\/em><\/strong><br \/><strong><em>249. prof. dr hab. in\u017c. Tadeusz Chrobak, Krak\u00f3w <\/em><\/strong><br \/><strong><em>250. dr hab. in\u017c. Marek Gotfryd, Rzesz\u00f3w <\/em><\/strong><br \/><strong><em>251. dr in\u017c. Marek Piasecki, Wroc\u0142aw <\/em><\/strong><br \/><strong><em>252. prof. UWM dr hab. Marian Machinek, Olsztyn <\/em><\/strong><br \/><strong><em>253. dr in\u017c. Bo\u017cena Smolec, Zabrze <\/em><\/strong><br \/><strong><em>254. mgr in\u017c. Grzegorz Pr\u0105tnicki, Szczecin <\/em><\/strong><br \/><strong><em>255. dr Wojciech Lipka, Warszawa <\/em><\/strong><br \/><strong><em>256. prof. dr hab. Rajmund S. Dybczy\u0144ski, Warszawa <\/em><\/strong><br \/><strong><em>257. dr Andrzej Marja\u0144ski, Je\u017c\u00f3w <\/em><\/strong><br \/><strong><em>258. dr Tadeusz Rostworowski, Krak\u00f3w <\/em><\/strong><br \/><strong><em>259. dr in\u017c. Jerzy Chru\u015bciel, \u0141\u00f3d\u017a <\/em><\/strong><br \/><strong><em>260. dr hab. Kinga Suwi\u0144ska, Warszawa <\/em><\/strong><br \/><strong><em>261. dr in\u017c. Bogus\u0142aw Szlachetko, Wroc\u0142aw <\/em><\/strong><br \/><strong><em>262. mgr Barbara Sobala, Mys\u0142owice <\/em><\/strong><br \/><strong><em>263. dr med. Anna Sobala, Wiede\u0144 <\/em><\/strong><br \/><strong><em>264. prof. zw. dr hab. Janusz Szczodrak, Lublin <\/em><\/strong><br \/><strong><em>265. prof. zw. dr hab. J\u00f3zef Makselon, Krak\u00f3w <\/em><\/strong><br \/><strong><em>266. mgr Danuta Maciewicz, Brzeszcze <\/em><\/strong><br \/><strong><em>267. dr Monika Borowiec, Krak\u00f3w <\/em><\/strong><br \/><strong><em>268. dr Lubomi\u0142a Owczarek, Warszawa <\/em><\/strong><br \/><strong><em>269. dr hab. Gra\u017cyna Topolska, Warszawa <\/em><\/strong><br \/><strong><em>270. prof. dr hab. Jolanta Dudek, Krak\u00f3w <\/em><\/strong><br \/><strong><em>271. prof. dr hab. med. Dorota Zozuli\u0144ska-Zi\u00f3\u0142kiewicz, Pozna\u0144 <\/em><\/strong><br \/><strong><em>272. ks. dr Dariusz Oko, Krak\u00f3w <\/em><\/strong><br \/><strong><em>273. dr Danuta Leszczy\u0144ska, Wroc\u0142aw <\/em><\/strong><br \/><strong><em>274. prof. zw. dr hab. Stanis\u0142aw Ziemia\u0144ski, Krak\u00f3w<\/em><\/strong><br \/><strong><em>275. dr Ma\u0142gorzata Majsnerowska, Wroc\u0142aw <\/em><\/strong><br \/><strong><em>276. dr Juliusz Majsnerowski, Wroc\u0142aw <\/em><\/strong><br \/><strong><em>277. dr Anna \u0179mihorska-Gotfryd, Rzesz\u00f3w <\/em><\/strong><br \/><strong><em>278. dr Hanna Krzto\u0144, Gliwice <\/em><\/strong><br \/><strong><em>279. dr n. med. Aleksandra Kwosek, Rybnik <\/em><\/strong><br \/><strong><em>280. dr hab. Ryszard Walkowiak, Prze\u017amierowo <\/em><\/strong><br \/><strong><em>281. prof. dr hab. Henryk Szyd\u0142owski, Pozna\u0144 <\/em><\/strong><br \/><strong><em>282. prof. dr hab. Krystyna Kamie\u0144ska-Trela, Warszawa <\/em><\/strong><br \/><strong><em>283. dr Anna Maria Choi\u0144ska, Wroc\u0142aw <\/em><\/strong><br \/><strong><em>284. prof. dr hab. med. Ludwika Sadowska, Wroc\u0142aw <\/em><\/strong><br \/><strong><em>285. dr Wanda Kami\u0144ska, Warszawa <\/em><\/strong><br \/><strong><em>286. dr in\u017c. Sylwester Filipiak, Kielce <\/em><\/strong><br \/><strong><em>287. dr in\u017c. Eleonora Wcis\u0142o, Katowice <\/em><\/strong><br \/><strong><em>288. MS Maciej \u015aroda, Warszawa <\/em><\/strong><br \/><strong><em>289. dr in\u017c. Jan Bielski, Krak\u00f3w <\/em><\/strong><br \/><strong><em>290. dr n. med. Magdalena Szyma\u0144ska, Bia\u0142ystok <\/em><\/strong><br \/><strong><em>291. dr hab. in\u017c. Ludwik Kania, Cz\u0119stochowa <\/em><\/strong><br \/><strong><em>292. mgr Joanna Judasik, Rybnik <\/em><\/strong><br \/><strong><em>293. mgr Barbara Lewandowska, Wroc\u0142aw <\/em><\/strong><br \/><strong><em>294. dr hab. in\u017c., prof. nadzw. Pol. \u015al. Piotr Gawor, Gliwice <\/em><\/strong><br \/><strong><em>295. dr hab. in\u017c. Barbara Jab\u0142o\u0144ska-Firek, Krak\u00f3w <\/em><\/strong><br \/><strong><em>296. dr hab. prof. UMK Waldemar Rozynkowski, Toru\u0144 <\/em><\/strong><br \/><strong><em>297. dr Halina Iwa\u0144czyk, Lublin <\/em><\/strong><br \/><strong><em>298. mgr Anna Tarnowska, Konstancin-Jeziorna <\/em><\/strong><br \/><strong><em>299. mgr Maria Chmielnicka, Radom <\/em><\/strong><br \/><strong><em>300. aspirant po\u017carnictwa Dariusz Henryk Malicki, Jaworzno<\/em><\/strong><\/p>","protected":false},"excerpt":{"rendered":"Apel 300 naukowc\u00f3w do polskich parlamentarzyst\u00f3w w sprawie procedury in vitro i naprotechnologii. We wrze\u015bniu [2009 r.] w Sejmie RP rozpocz\u0119\u0142y si\u0119 prace nad regulacjami prawnymi dotycz\u0105cymi procedury in vitro. Jako naukowcy i nauczyciele akademiccy pragniemy zabra\u0107 g\u0142os w tej wa\u017cnej kwestii spo\u0142ecznej. \u0179ycie cz\u0142owieka rozpoczyna si\u0119 w momencie pocz\u0119cia &#8211; to fakt biologiczny, naukowo [&hellip;]","protected":false},"author":1,"featured_media":0,"comment_status":"closed","ping_status":"closed","sticky":false,"template":"","format":"standard","meta":{"_acf_changed":false,"_monsterinsights_skip_tracking":false,"_monsterinsights_sitenote_active":false,"_monsterinsights_sitenote_note":"","_monsterinsights_sitenote_category":0,"ngg_post_thumbnail":0,"footnotes":"","_wp_rev_ctl_limit":""},"categories":[8],"tags":[92,156],"acf":[],"_links":{"self":[{"href":"https:\/\/www.bibula.com\/index.php?rest_route=\/wp\/v2\/posts\/60586"}],"collection":[{"href":"https:\/\/www.bibula.com\/index.php?rest_route=\/wp\/v2\/posts"}],"about":[{"href":"https:\/\/www.bibula.com\/index.php?rest_route=\/wp\/v2\/types\/post"}],"author":[{"embeddable":true,"href":"https:\/\/www.bibula.com\/index.php?rest_route=\/wp\/v2\/users\/1"}],"replies":[{"embeddable":true,"href":"https:\/\/www.bibula.com\/index.php?rest_route=%2Fwp%2Fv2%2Fcomments&post=60586"}],"version-history":[{"count":0,"href":"https:\/\/www.bibula.com\/index.php?rest_route=\/wp\/v2\/posts\/60586\/revisions"}],"wp:attachment":[{"href":"https:\/\/www.bibula.com\/index.php?rest_route=%2Fwp%2Fv2%2Fmedia&parent=60586"}],"wp:term":[{"taxonomy":"category","embeddable":true,"href":"https:\/\/www.bibula.com\/index.php?rest_route=%2Fwp%2Fv2%2Fcategories&post=60586"},{"taxonomy":"post_tag","embeddable":true,"href":"https:\/\/www.bibula.com\/index.php?rest_route=%2Fwp%2Fv2%2Ftags&post=60586"}],"curies":[{"name":"wp","href":"https:\/\/api.w.org\/{rel}","templated":true}]}}