{"id":60572,"date":"2012-09-04T13:40:54","date_gmt":"2012-09-04T18:40:54","guid":{"rendered":"http:\/\/www.bibula.com\/?p=60572"},"modified":"2012-09-04T13:41:56","modified_gmt":"2012-09-04T18:41:56","slug":"bezdusznosc-ks-tadeusz-isakowicz-zaleski","status":"publish","type":"post","link":"https:\/\/www.bibula.com\/?p=60572","title":{"rendered":"Bezduszno\u015b\u0107 &#8211; <em>ks. Tadeusz Isakowicz-Zaleski<\/em>"},"content":{"rendered":"<p><strong>Je\u017celi nowa ewangelizacja ma rozpowszechni\u0107 si\u0119 w polskim spo\u0142ecze\u0144stwie, to w pierwszej kolejno\u015bci powinna zacz\u0105\u0107 si\u0119 od kap\u0142an\u00f3w<\/strong>\u00a0<\/p>\r\n<p>W ci\u0105gu 30 lat uczestniczy\u0142em w bardzo wielu pogrzebach ksi\u0119\u017cy katolickich. W\u015br\u00f3d tych uroczysto\u015bci zdarza\u0142y si\u0119 tak\u017ce poch\u00f3wki duchownych, kt\u00f3rzy albo odeszli z kap\u0142a\u0144stwa, albo targn\u0119li si\u0119 na w\u0142asne \u017cycie, albo przez wiele lat kolaborowali z re\u017cimem komunistycznym. Niezale\u017cnie jednak od oceny ich ziemskiego \u017cycia, na ostatnie po\u017cegnanie zawsze przyje\u017cd\u017cali licznie wsp\u00f3\u0142bracia kap\u0142ani, aby przez udzia\u0142 w mszy \u015bw. koncelebrowanej modli\u0107 si\u0119 o ich wieczne zbawienie.<\/p>\r\n<p><span class=\"pullquote\"><!-- Pytanie do ks. abp. J\u00f3zefa Michalika: Ekscelencjo, czy 9 bm. we wszystkich cerkwiach podleg\u0142ych Cyrylowi I te\u017c b\u0119dzie czytane przes\u0142anie podpisane na Zamku Kr\u00f3lewskim w Warszawie? A je\u017celi nie, to dlaczego? --><\/span>Jednak wczoraj po raz pierwszy w \u017cyciu uczestniczy\u0142em w pogrzebie, w czasie kt\u00f3rego kap\u0142anom odm\u00f3wiono prawa do koncelebrowania liturgii pogrzebowej. A niekt\u00f3rzy, jak ks. Stanis\u0142aw Ma\u0142kowski, przebyli drog\u0119 kilkuset kilometr\u00f3w. Sta\u0142o si\u0119 to na pogrzebie \u015bp. ks. Tadeusza Kiersztyna, propagatora intronizacji Jezusa Chrystusa na Kr\u00f3la Polski. Gdy przed liturgi\u0105 \u017ca\u0142obn\u0105 wszed\u0142em wraz z innymi kap\u0142anami do zakrystii kaplicy cmentarnej na Cmentarzu Rakowickim w Krakowie, tamtejszy rektor wyprosi\u0142 nas, powo\u0142uj\u0105c si\u0119 na zarz\u0105dzenie ks. kard. Stanis\u0142awa Dziwisza, metropolity krakowskiego, kt\u00f3ry zakaza\u0142 koncelebry. Przez ca\u0142\u0105 liturgi\u0119 stali\u015bmy wi\u0119c w t\u0142umie wiernych, bez mo\u017cliwo\u015bci za\u0142o\u017cenia szat liturgicznych.<\/p>\r\n<p>Nabo\u017ce\u0144stwo odby\u0142o si\u0119 bez kazania, bez modlitwy wiernych, bez okadzenia trumny, a nawet bez postawienia na niej (jak to jest zazwyczaj na pogrzebach duchownych) kielicha i msza\u0142u. A przecie\u017c zmar\u0142y nie by\u0142 ani ekskomunikowany, ani przeniesiony do stanu \u015bwieckiego. Ca\u0142y obrz\u0119d sprawowany by\u0142 w szybkim tempie. Jedynie rozdawanie komunii \u015bwi\u0119tej trwa\u0142o do\u015b\u0107 d\u0142ugo, bo liczba \u015bwieckich \u017ca\u0142obnik\u00f3w by\u0142a bardzo du\u017ca. W czasie modlitw nad samym grobem nie pozwolono tak\u017ce na wyg\u0142oszenie przem\u00f3wie\u0144. Osobn\u0105 spraw\u0105 by\u0142a nieobecno\u015b\u0107 na pogrzebie jezuit\u00f3w, w kt\u00f3rych szeregach ks. Kiersztyn s\u0142u\u017cy\u0142 prawie 30 lat. Czego tak bardzo si\u0119 przestraszyli? Zauwa\u017cy\u0142em jedynie dw\u00f3ch dzielnych uczni\u00f3w \u015bw. Ignacego Loyoli, kt\u00f3rzy ubrani po \u015bwiecku przemykali pomi\u0119dzy grobami. Z parafii w Rabce, gdzie zmar\u0142y si\u0119 wychowa\u0142, i Morawicy, na terenie kt\u00f3rej pracowa\u0142, nie przyjecha\u0142 \u017caden ksi\u0105dz. Jest takie powiedzenie: &#8222;Ko\u015bci\u00f3\u0142 przebacza, ale nie zapomina&#8221;. W tym wypadku jednak ani nie przebaczono, ani nie zapomniano. I to do grobowej deski, w pe\u0142nym tego s\u0142owa znaczeniu. Przy okazji warto przypomnie\u0107 sobie spraw\u0119 Bronis\u0142awa Geremka, kt\u00f3rego zwi\u0105zki z Ko\u015bcio\u0142em by\u0142y znikome, a kt\u00f3rego pogrzeb z wielk\u0105 pomp\u0105 w katedrze warszawskiej prowadzi\u0142o a\u017c trzech arcybiskup\u00f3w.<\/p>\r\n<p>W ostatnim czasie w diecezjach polskich odmienia si\u0119 przez wszystkie przypadki poj\u0119cie &#8222;nowa ewangelizacja&#8221;. Dobrze, \u017ce struktury ko\u015bcielne d\u0105\u017c\u0105 do odnowy \u017cycia religijnego wiernych. Powinny one jednak przede wszystkim zacz\u0105\u0107 od siebie. Nie ma bowiem nic gorszego od bezdusznego kap\u0142ana biurokraty lub karierowicza. Dodam, \u017ce wo\u0142anie o zmian\u0119 postawy biskup\u00f3w i kap\u0142an\u00f3w pojawia si\u0119 tak\u017ce w obrz\u0105dku greckokatolickim. Przyk\u0142adem tego jest dzia\u0142alno\u015b\u0107 portalu Grekokatolicy. Jego moderator, ks. Ireneusz Kondr\u00f3w, skrytykowa\u0142 publicznie nie tylko ks. kard. J\u00f3zefa Glempa za nazwanie patriarchy Cyryla I, agenta KGB, &#8222;m\u0119\u017cem opatrzno\u015bciowym&#8221;, ale i swoich unickich hierarch\u00f3w z Przemy\u015bla i Wroc\u0142awia za ich oboj\u0119tno\u015b\u0107. Napisa\u0142 bardzo ostro: &#8222;Wydaje si\u0119, \u017ce naszym hierarchom brakuje charyzmy wizjonerskiej i przyw\u00f3dczej&#8221;. S\u0142owa te potwierdza sonda\u017c zamieszczony na portalu. Na pytanie: &#8222;Co Ci\u0119 denerwuje w Cerkwi?&#8221; ponad 30 proc. os\u00f3b odpowiedzia\u0142o: &#8222;brak wizji duszpasterskiej&#8221; a drugie 30 proc.: &#8222;brak autorytet\u00f3w&#8221;. Oczywi\u015bcie reakcj\u0105 w\u0142adyk\u00f3w unickich na to wszystko by\u0142 nie dialog, lecz o\u015bwiadczenie wydane 26 bm., kt\u00f3re pot\u0119pia w czambu\u0142 portal i inne tego typu inicjatywy.<\/p>\r\n<p>Na koniec pytanie do ks. abp. J\u00f3zefa Michalika: Ekscelencjo, czy 9 bm. we wszystkich cerkwiach podleg\u0142ych Cyrylowi I te\u017c b\u0119dzie czytane przes\u0142anie podpisane na Zamku Kr\u00f3lewskim w Warszawie? A je\u017celi nie, to dlaczego?<\/p>\r\n<p style=\"padding-left: 30px;\">Zapraszam na spotkania autorskie w polonijnych klubach &#8222;GP&#8221;: 15 bm. w Essen i 16 bm. w Amsterdamie. Z kolei spotkanie w Z\u0105bkowicach \u015al. planowane na 10 bm. odb\u0119dzie si\u0119 w innym terminie.<\/p>\r\n<p><strong><em>ks. Tadeusz Isakowicz-Zaleski<\/em><\/strong><\/p>\r\n<p>Gazeta Polska, 5 wrzesnia 2012 r.<\/p>","protected":false},"excerpt":{"rendered":"Je\u017celi nowa ewangelizacja ma rozpowszechni\u0107 si\u0119 w polskim spo\u0142ecze\u0144stwie, to w pierwszej kolejno\u015bci powinna zacz\u0105\u0107 si\u0119 od kap\u0142an\u00f3w\u00a0 W ci\u0105gu 30 lat uczestniczy\u0142em w bardzo wielu pogrzebach ksi\u0119\u017cy katolickich. W\u015br\u00f3d tych uroczysto\u015bci zdarza\u0142y si\u0119 tak\u017ce poch\u00f3wki duchownych, kt\u00f3rzy albo odeszli z kap\u0142a\u0144stwa, albo targn\u0119li si\u0119 na w\u0142asne \u017cycie, albo przez wiele lat kolaborowali z re\u017cimem [&hellip;]","protected":false},"author":1,"featured_media":0,"comment_status":"closed","ping_status":"closed","sticky":false,"template":"","format":"standard","meta":{"_acf_changed":false,"_monsterinsights_skip_tracking":false,"_monsterinsights_sitenote_active":false,"_monsterinsights_sitenote_note":"","_monsterinsights_sitenote_category":0,"ngg_post_thumbnail":0,"footnotes":"","_wp_rev_ctl_limit":""},"categories":[5],"tags":[],"acf":[],"_links":{"self":[{"href":"https:\/\/www.bibula.com\/index.php?rest_route=\/wp\/v2\/posts\/60572"}],"collection":[{"href":"https:\/\/www.bibula.com\/index.php?rest_route=\/wp\/v2\/posts"}],"about":[{"href":"https:\/\/www.bibula.com\/index.php?rest_route=\/wp\/v2\/types\/post"}],"author":[{"embeddable":true,"href":"https:\/\/www.bibula.com\/index.php?rest_route=\/wp\/v2\/users\/1"}],"replies":[{"embeddable":true,"href":"https:\/\/www.bibula.com\/index.php?rest_route=%2Fwp%2Fv2%2Fcomments&post=60572"}],"version-history":[{"count":0,"href":"https:\/\/www.bibula.com\/index.php?rest_route=\/wp\/v2\/posts\/60572\/revisions"}],"wp:attachment":[{"href":"https:\/\/www.bibula.com\/index.php?rest_route=%2Fwp%2Fv2%2Fmedia&parent=60572"}],"wp:term":[{"taxonomy":"category","embeddable":true,"href":"https:\/\/www.bibula.com\/index.php?rest_route=%2Fwp%2Fv2%2Fcategories&post=60572"},{"taxonomy":"post_tag","embeddable":true,"href":"https:\/\/www.bibula.com\/index.php?rest_route=%2Fwp%2Fv2%2Ftags&post=60572"}],"curies":[{"name":"wp","href":"https:\/\/api.w.org\/{rel}","templated":true}]}}