{"id":60564,"date":"2012-09-04T13:36:32","date_gmt":"2012-09-04T18:36:32","guid":{"rendered":"http:\/\/www.bibula.com\/?p=60564"},"modified":"2012-09-04T13:36:32","modified_gmt":"2012-09-04T18:36:32","slug":"ostatniego-szefa-sb-w-olsztynie-pochowano-z-honorami","status":"publish","type":"post","link":"https:\/\/www.bibula.com\/?p=60564","title":{"rendered":"Ostatniego szefa SB w Olsztynie pochowano z honorami"},"content":{"rendered":"<p>\u015arodowisko os\u00f3b represjonowanych w stanie wojennym z Olsztyna od soboty, 1 wrze\u015bnia, jest w szoku. Tego dnia pochowano gen. Kazimierza Dudka, ostatniego szefa SB w by\u0142ym woj. olszty\u0144skim z asyst\u0105 honorow\u0105: udzia\u0142em kompanii honorowej, kt\u00f3ra odda\u0142a salw\u0119 i sztandarem Komendy Wojew\u00f3dzkiej Policji w Olsztynie. W pogrzebie uczestniczy\u0142 komendant KWP, nadinsp. J\u00f3zef Gda\u0144ski.<\/p>\r\n<p><img fetchpriority=\"high\" decoding=\"async\" src=\"http:\/\/www.debata.olsztyn.pl\/images\/stories\/dudek_2.jpg\" alt=\"\" width=\"637\" height=\"369\" align=\"left\" \/><\/p>\r\n<p><strong><em>&#8211; On by\u0142 siepaczem a nie milicjantem <\/em><\/strong>&#8211; <strong>m\u00f3wi wzburzony mec. J\u00f3zef Lubieniecki<\/strong>, internowany 13 grudnia 1981 roku<strong> z nakazu Kazimierza Dudka, <\/strong>w\u00f3wczas szefa SB w Olsztynie. J\u00f3zef Lubieniecki zosta\u0142 internowany pomimo tego, \u017ce chroni\u0142 go immunitet s\u0119dziowski (by\u0142 s\u0119dzi\u0105 s\u0105du pracy).<\/p>\r\n<p>&#8211; Ten cz\u0142owiek z\u0142ama\u0142 wielu ludziom \u017cycie, bezprawnie pozamyka\u0142 w wi\u0119zieniu. Niszczy\u0142 wszelkie wolno\u015bciowe, demokratycznie dzia\u0142ania opozycji. To skandal, \u017ce takim ludziom daje si\u0119 asyst\u0119 honorow\u0105. To nie by\u0142 cz\u0142owiek honoru!<\/p>\r\n<p>Potwierdza t\u0119 opini\u0119 <strong>historyk IPN Renata Gieszczy\u0144ska<\/strong>, autorka pracy o Solidarno\u015bci olszty\u0144skiej i wsp\u00f3\u0142autorka informatora \u201eTwarze olszty\u0144skiej bezpieki\u201d: &#8211; Skala represji w stanie wojennym w b. woj. olszty\u0144skim, a wi\u0119c internowa\u0144, aresztowa\u0144, zatrzyma\u0144, przes\u0142ucha\u0144, inwigilacji, prze\u015bladowa\u0144 w stosunku do liczby cz\u0142onk\u00f3w Solidarno\u015bci, by\u0142a jedna z najwy\u017cszych w kraju &#8211; m\u00f3wi Gieszczy\u0144ska.<\/p>\r\n<p>W Informatorze <strong>\u201eTwarze olszty\u0144skiej bezpieki\u201d<\/strong> czytamy, i\u017c Kazimierz Dudek, ur. 28 lutego 1927 roku, swoj\u0105 karier\u0119 w UB zacz\u0105\u0142 w 1952 roku, jako wyk\u0142adowca i starszy wyk\u0142adowca w szkole przy Wojew\u00f3dzkim Urz\u0119dzie Bezpiecze\u0144stwa Publicznego w Poznaniu, nast\u0119pnie przeniesiony jako wyk\u0142adowca do Gda\u0144ska. Tam w 1957 roku z teoretyka staje si\u0119 praktykiem i b\u0142yskawicznie awansuje. W styczniu jest starszym oficerem \u015bledczym samodzielnej Sekcji \u015aledczej SB KW MO, w marcu &#8211; kierownikiem, a w lutym 58 roku &#8211; zast\u0119pc\u0105 naczelnika. Po przeszkoleniu, od 1965 roku by\u0142 naczelnikiem Wydzia\u0142u Kontroli Ruchu Granicznego SB KW MO.<\/p>\r\n<p>Od 16 stycznia 1970 do 15 wrze\u015bnia 1972, a wi\u0119c w okresie masakry stoczniowc\u00f3w na Wybrze\u017cu, by\u0142 zast\u0119pc\u0105 komendanta wojew\u00f3dzkiego MO ds. SB, nast\u0119pnie zosta\u0142 przeniesiony do Olsztyna na stanowisko I zast\u0119pcy komendanta wojew\u00f3dzkiego MO ds. SB i jako szef SB przygotowywa\u0142 listy dzia\u0142aczy Solidarno\u015bci do internowania, a od 1 stycznia 1981 roku kontynuowa\u0142 represje jako komendant wojew\u00f3dzki a\u017c do 5 lutego 1990 roku, do czasu zwolnienia ze s\u0142u\u017cby. <br \/><strong><\/strong><\/p>\r\n<p><strong>Szlify generalskie za represje<\/strong><\/p>\r\n<p>W sierpniu 1982 roku olszty\u0144ska SB aresztuje kilku pracownik\u00f3w OZGrafu, a s\u0105d wymierza im drako\u0144skie wyroki. <strong>Danuta Gulko<\/strong>, <strong>u kt\u00f3rej znaleziono 1 ulotk\u0119 skazano na 3,5 roku wi\u0119zienia<\/strong>, <strong>Iren\u0119 Michalsk\u0105 i Romana Brysiaka na 3 lata wi\u0119zienia<\/strong>, <strong>Agata Sidor i Barbara Pietkiewicz oraz ich kole\u017canka Barbara Nowak (w zaawansowanej ci\u0105\u017cy), zosta\u0142y internowane. <\/strong>S\u0105siadka Danuty Gulko po przes\u0142uchaniach <strong>pope\u0142ni\u0142a samob\u00f3jstwo.<\/strong><\/p>\r\n<p>W 1985 roku, w I rocznic\u0119 \u015bmierci ks. Jerzego Popie\u0142uszki, na rozkaz komendanta Dudka Olsztyn by\u0142 pe\u0142en patroli ZOMO. Jeden z nich zatrzyma\u0142 <strong>19-letniego Marcina Antonowicza,<\/strong> tylko dlatego, \u017ce mia\u0142 przy sobie legitymacj\u0119 studenta I roku Politechniki Gda\u0144skiej. Nied\u0142ugo po zatrzymaniu wezwano karetk\u0119 pogotowia do le\u017c\u0105cego na jezdni, nieprzytomnego Marcina. Ten olimpijczyk z chemii wkr\u00f3tce potem zmar\u0142. Nikt za jego \u015bmier\u0107 nie poni\u00f3s\u0142 odpowiedzialno\u015bci. Po pogrzebie dziesi\u0105tki mieszka\u0144c\u00f3w Olsztyna, kt\u00f3rzy wzi\u0119li w nim udzia\u0142 by\u0142o wzywanych na przes\u0142uchania w zwi\u0105zku udzia\u0142em \u201ew nielegalnym pochodzie\u201d. Przes\u0142uchano wszystkie osoby, kt\u00f3re mia\u0142y jakikolwiek zwi\u0105zek z pogrzebem: grabarza, kwiaciarki, kt\u00f3re przygotowa\u0142y wieniec itd. Za ostatnie s\u0142owo nad trumn\u0105 Marcina straci\u0142 stanowisko rektor Politechniki Gda\u0144skiej, <strong>Prof. Karol Taylor.<\/strong><\/p>\r\n<p>17 wrze\u015bnia 1987 roku, za zas\u0142ugi w t\u0119pieniu dzia\u0142aczy podziemia i pacyfikacji spo\u0142ecze\u0144stwa wojew\u00f3dztwa komendant <strong>Kazimierz Dudek zosta\u0142 awansowany na stopie\u0144 genera\u0142a brygady.<\/strong> Osi\u0105gn\u0105\u0142 niew\u0105tpliwy sukces<\/p>\r\n<p>Po wyborach 4 czerwca 1989 roku nie chcia\u0142 ust\u0105pi\u0107 ze stanowiska. Dopiero na skutek \u017c\u0105da\u0144 pos\u0142\u00f3w OKP z Olsztyna i zwi\u0105zku zawodowego funkcjonariuszy policji zosta\u0142 zwolniony ze s\u0142u\u017cby 5 lutego 1990 roku. Nie podda\u0142 si\u0119 weryfikacji.<\/p>\r\n<p>&#8211; Nawet gdyby si\u0119 podda\u0142, zosta\u0142by negatywnie zweryfikowany &#8211; powiedzia\u0142 mi <strong>mec. Konrad Urbanowicz,<\/strong> przewodnicz\u0105cy komisji ds weryfikacji funkcjonariuszy SB. &#8211; To logiczne, skoro negatywnie zweryfikowali\u015bmy dziesi\u0105tki jego podw\u0142adnych, co prawda wielu z nich p\u00f3\u017aniej przywr\u00f3ci\u0142 do pracy wiceminister Koz\u0142owski&#8230;<br \/><strong><\/strong><\/p>\r\n<p><strong>Panie komendancie, czy gen. Dudek by\u0142 cz\u0142owiekiem honoru?<\/strong><\/p>\r\n<p>W poniedzia\u0142ek 3 wrze\u015bnia, trzy dni po honorowym pogrzebie gen. Kazimierza Dudka, Wojciech Kozio\u0142 poprosi\u0142 o spotkanie komendanta wojew\u00f3dzkiego policji w Olsztynie, nadinsp. J\u00f3zefa Gda\u0144skiego (przeszed\u0142 do Olsztyna z Rzeszowa w lutym 2012 roku). Wojciech Kozio\u0142 zosta\u0142 aresztowany 13 maja 1982 roku i uwi\u0119ziony w ZK w I\u0142awie na rozkaz w\u00f3wczas jeszcze p\u0142k Dudka, za spacer w porze Dziennika Telewizyjnego na Starym Mie\u015bcie w Olsztynie. By\u0142 w\u00f3wczas ojcem dw\u00f3jki dzieci w wieku 9 miesi\u0119cy i 3 lata. Jego ojciec poszed\u0142 do komendanta Dudka prosi\u0107 o zwolnienie. Us\u0142ysza\u0142, \u017ce jego syn jest niebezpiecznym przest\u0119pc\u0105, cz\u0142onkiem KOR i KPN. <em><strong>\u201eTo s\u0105 straszni ludzie &#8211; opowiada\u0142 p\u00f3\u017aniej synowi Wojciechowi, co prze\u017cy\u0142. &#8211; A ten Dudek, strasznie cyniczny, wyprany z ludzkich uczu\u0107\u201d.<\/strong><\/em><\/p>\r\n<p>Towarzyszem Wojtkowi Kozio\u0142owi w rozmowie z komendantem, nadinsp. J\u00f3zefem Gda\u0144skim. Oto jej zapis:<br \/><strong><\/strong><\/p>\r\n<p><strong>Wojciech Kozio\u0142: &#8211; <\/strong>W sobot\u0119 dowiedzia\u0142em si\u0119 od prezesa Fundacji \u201eDebata\u201d Bogdana Bachmury (te\u017c aresztowany w l. 80), \u017ce pogrzeb genera\u0142a Dudko odby\u0142 si\u0119 w asy\u015bcie kompanii honorowej. Najpierw my\u015bla\u0142em, \u017ce to jaki\u015b ponury \u017cart, ale niestety, to prawda. Profesor Tomasz Strzembosz powiedzia\u0142, \u017ce trzy rodzaje pracy ha\u0144bi\u0142y w PRL: w UB\/SB, cenzurze i wydziale ds. wyzna\u0144. Tak\u0105 ha\u0144bi\u0105c\u0105 pracy w UB\/SB wykonywa\u0142 Kazimierz Dudek. Po 22 latach istnienia wolnej Polski z ceremonia\u0142em chowany jest cz\u0142owiek, kt\u00f3ry robi\u0142 wszystko, \u017ceby tej wolnej Polski nie by\u0142o.<br \/><strong><\/strong><\/p>\r\n<p><strong>Komendant nadinsp. J\u00f3zef Gda\u0144ski: &#8211; <\/strong>Do niedawna nie by\u0142o jednolitej podstawy prawnej dla uroczysto\u015bci policyjnych. Natomiast od 25 maja 2012 roku wesz\u0142o w \u017cycie zarz\u0105dzenie nr 122 Komendanta G\u0142\u00f3wnego Policji w sprawie ceremonia\u0142u policyjnego. Czytamy w nim: Uroczysto\u015bci pogrzebowe dziel\u0105 si\u0119 na \u015bwieckie oraz religijne. Policyjna asysta honorowa przys\u0142uguje podczas pogrzeb\u00f3w: \u201e1. policjant\u00f3w, kt\u00f3rzy ponie\u015bli \u015bmier\u0107 w ochronie \u017cycia i zdrowia ludzi oraz mienia albo w ochronie bez[bezpiecze\u0144stwa i porz\u0105dku publicznego (\u2026). 2. generalnych inspektor\u00f3w i nadinspektor\u00f3w Policji\u201d. Zatelefonowa\u0142 do mnie przewodnicz\u0105cy stowarzyszenia Emeryt\u00f3w i Rencist\u00f3w Policyjnych, pan <strong>Jerzy Kowalczewski<\/strong> i poprosi\u0142 o taki splendor. Potwierdzi\u0142, \u017ce takie jest \u017cyczenie rodziny zmar\u0142ego. Zmar\u0142y by\u0142 genera\u0142em brygady, co odpowiada stopniowi nadinspektora, a wi\u0119c przys\u0142ugiwa\u0142a rodzinie pe\u0142na asysta honorowa. Je\u015bli by\u0142 na pogrzebie sztandar jednostki i kompania honorowa, a to jest najwy\u017csze wyr\u00f3\u017cnienie, to obecno\u015b\u0107 komendanta by\u0142a bezwzgl\u0119dnie obowi\u0105zkowa. Uwa\u017cam, \u017ce ka\u017cdego cz\u0142owieka, kt\u00f3ry co\u015b robi\u0142, powinna rozlicza\u0107 historia, je\u015bli jest to osoba publiczna. Je\u015bli uzyskali\u015bmy wiedz\u0119, \u017ce post\u0119powanie prowadzone przez IPN niczego nie da\u0142o, nie by\u0142 postawiony pod zarzutem, nie by\u0142 podejrzany czy skazany, wi\u0119c nie by\u0142o przeciwwskaza\u0144, \u017ce przest\u0119pcy dajemy asyst\u0119 honorow\u0105.<br \/><strong><\/strong><\/p>\r\n<p><strong>Wojciech Kozio\u0142: &#8211; <\/strong>I pan po rozmowie telefonicznej uzna\u0142, \u017ce zmar\u0142y Kazimierz Dudek zas\u0142uguje na ceremonia\u0142 przys\u0142uguj\u0105cy policjantom, a zmar\u0142y by\u0142 esbekiem.<\/p>\r\n<p><strong>Komendant nadinsp. J\u00f3zef Gda\u0144ski: &#8211; <\/strong>S\u0142u\u017cy\u0142 w milicji, skoro by\u0142 komendantem wojew\u00f3dzkim MO, a jakie by\u0142y jego wcze\u015bniejsze losy, nie wnika\u0142em w to. By\u0142o pytanie do naszych kom\u00f3rek zajmuj\u0105cych si\u0119 archiwum, jaki jest stan, skoro nie ma zarzutu, skazania, to nie mo\u017cna m\u00f3wi\u0107 o bandycie czy przest\u0119pcy. Gdyby osoba by\u0142a skazana czy pod zarzutem, mocno by\u015bmy si\u0119 zastanawiali, a tak nie mogli\u015bmy odm\u00f3wi\u0107 pro\u015bbie stowarzyszenia i rodzinie. Odmawianie rodzinie ostatniej ziemskiej pos\u0142ugi jest co najmniej nie po chrze\u015bcija\u0144sku. Nie by\u0142 pod zarzutem, wi\u0119c jest osob\u0105 czyst\u0105, dop\u00f3ki nie jest si\u0119 skazanym wyrokiem s\u0105dowym. Osoby publiczne powinny by\u0107 poddane kontroli historycznej. Niekt\u00f3re pa\u0144stwa zamykaj\u0105 archiwa na 50 lat, to warto si\u0119 zastanowi\u0107, czy ocenia\u0107 cz\u0142owieka ju\u017c teraz, czy ju\u017c nast\u0119pnego dnia po pogrzebie strzela\u0107 do tego cz\u0142owiek.<strong><br \/><\/strong><\/p>\r\n<p><strong>Adam Socha: &#8211;<\/strong> W PRL strzelano do ludzi na ulicach, nikt do genera\u0142a Dudka nie strzela\u0142.<br \/><strong><\/strong><\/p>\r\n<p><strong>Komendant nadinsp. J\u00f3zef Gda\u0144ski: &#8211;<\/strong> No nie wiadomo, mo\u017ce kamieniami rzucali. Za bardzo chcemy subiektywnie rozlicza\u0107, a \u017cyjemy w pa\u0144stwie demokratycznym, w pa\u0144stwie prawa i dajmy prokuratorom, s\u0105dom, IPN, \u017ceby si\u0119 wykazali, je\u015bli znajd\u0105 atrybuty, udowodni\u0105 niecne czyny, to uk\u0142ony, ale trudno \u017ceby\u015bmy my, czynni policjanci, wyci\u0105gali sami wnioski. Po to mamy instytucje wymiaru sprawiedliwo\u015bci. Pozostawmy to im.<br \/><strong><\/strong><\/p>\r\n<p><strong>Wojciech Kozio\u0142: &#8211; <\/strong>Przyszed\u0142em do pana genera\u0142a, jako oburzony. Pan ma ambiwalentny stosunek do tej przesz\u0142o\u015bci. Chcia\u0142bym wiedzie\u0107, czy w wolnym pa\u0144stwie, w III RP przewidziano honorow\u0105 asyst\u0119 na pogrzebach funkcjonariuszy SB. Podkre\u015blam, \u017ce nie ma nic do milicji. Pytam tylko: czy oficer policji politycznej w pa\u0144stwie totalitarnym zas\u0142ugiwa\u0142 na taki honorowy pogrzeb w wolnym pa\u0144stwie?<br \/><strong><\/strong><\/p>\r\n<p><strong>Adam Socha: &#8211; <\/strong>\u0179yjemy w rzeczywisto\u015bci schizofrenicznej. Na kim maj\u0105 si\u0119 wzorowa\u0107 m\u0142odzi ludzie, m\u0142odzi policjanci, kto ma by\u0107 dla nich bohaterem, gorliwy funkcjonariusz SB, stoj\u0105cy na stra\u017cy totalitarnej, narzuconej w\u0142adzy, czy ludzie, kt\u00f3rzy z tym systemem zniewolenia i k\u0142amstwa walczyli? Wynika z tego, \u017ce dla m\u0142odych pokole\u0144 wzorem do na\u015bladowania, bohaterem winien by\u0107 szef SB?! <br \/><strong><\/strong><\/p>\r\n<p><strong>Komendant nadinsp. J\u00f3zef Gda\u0144ski: &#8211;<\/strong> Ci funkcjonariusze SB, kt\u00f3rzy zostali pozytywnie zweryfikowani, mieli prawo dalej pracy.<br \/><strong><\/strong><\/p>\r\n<p><strong>Wojciech Kozio\u0142: &#8211;<\/strong> Zapewniam pana, \u017ce genera\u0142 Dudek nie przeszed\u0142by nawet tej ko\u015blawej weryfikacji, z jak\u0105 mieli\u015bmy do czynienia.<br \/><strong><\/strong><\/p>\r\n<p><strong>Komendant nadinsp. J\u00f3zef Gda\u0144ski: &#8211;<\/strong> By\u0142y takie uwagi, jakie panowie przedstawiacie, nie mog\u0119 tego dyskredytowa\u0107,. Z drugiej strony, jako szef policji nie mia\u0142em podstaw odm\u00f3wi\u0107: osoba nie by\u0142o z wyrokiem czy zarzutami. Ocena nale\u017cy do konstytucyjnych organ\u00f3w. Ja szanuje pan\u00f3w, to nie by\u0142o wbrew woli tych, kt\u00f3rzy nara\u017cali si\u0119 wtedy, \u017ceby\u015bmy dzisiaj mieli swobod\u0119 wypowiadania si\u0119. Mimo wszystko trzeba szanowa\u0107 wol\u0119 os\u00f3b ze stowarzyszenia policjant\u00f3w, kt\u00f3rzy bli\u017cej znali zmar\u0142ego. Na pogrzebie by\u0142y te\u017c osoby, kt\u00f3re w 2005 sprawowa\u0142y funkcje publiczne.<br \/><strong><\/strong><\/p>\r\n<p><strong>Wojciech Kozio\u0142: &#8211; <\/strong>Sprawowa\u0142 min. szef cenzury, kt\u00f3ry zajmowa\u0142 si\u0119 ha\u0144bi\u0105c\u0105 prac\u0105, demokratyczna wola mieszka\u0144c\u00f3w wybra\u0142a go na prezydenta i r\u00f3wnie\u017c ta sama w\u0142adza ludu go zdj\u0119\u0142a go z tego stanowiska. Zas\u0142anianie si\u0119 liter\u0105 czy duchem prawa w sprawie genera\u0142a Dudka ma kr\u00f3tkie nogi, sprawiedliwo\u015b\u0107 nierychliwa go nie dosi\u0119g\u0142a, bo wiemy z jak\u0105 pr\u0119dko\u015bci\u0105 pracuj\u0105 prokuratorzy IPN. Nie przypominam sobie, \u017ceby jaki\u015b zbrodniarz komunistyczny zosta\u0142 skazany w wolnej Polsce. <br \/>Komendant nadinsp. J\u00f3zef Gda\u0144ski: &#8211; Je\u015bli chodzi o prac\u0119 prokurator\u00f3w IPN, to w Rzeszowie post\u0119powania do czego\u015b tam doprowadza\u0142y, ale \u0142atwiej prowadzi si\u0119 post\u0119powania kryminalne ni\u017c gdy trzeba bazowa\u0107 na dokumentacji. Dajmy spokojnie popracowa\u0107 prokuratorom IPN. Nie s\u0105dz\u0119, \u017ceby to post\u0119powanie nie zosta\u0142o umorzone.<br \/><strong><\/strong><\/p>\r\n<p><strong>Adam Socha: <\/strong>&#8211; Zostanie, bo gen. Dudek zmar\u0142.<br \/><strong><\/strong><\/p>\r\n<p><strong>Komendant nadinsp. J\u00f3zef Gda\u0144ski: &#8211; <\/strong>Nie powinno by\u0107 umorzone, gdy\u017c nie by\u0142o prowadzone przeciwko tylko w sprawie, wi\u0119c mo\u017ce obejmowa\u0107 wi\u0119cej os\u00f3b. <br \/><strong><\/strong><\/p>\r\n<p><strong>Sprawca zmar\u0142, \u015bledztwo b\u0119dzie umorzone<\/strong><br \/><strong><\/strong><\/p>\r\n<p><strong>Prokurator Andrzej Dziuba<\/strong> z oddzia\u0142owej Komisji ds \u015acigania Zbrodni Przeciwko Narodowi Polskiemu w Olsztynie potwierdzi\u0142, \u017ce na decyzjach o internowaniu <strong>widnia\u0142 podpis Kazimierza D., szefa olszty\u0144skiej SB. <\/strong><\/p>\r\n<p>&#8211; W tutejszej delegaturze prowadzimy od kilku lat \u015bledztwo dotycz\u0105ce zbrodni komunistycznej polegaj\u0105cej na dokonaniu w dniach 13-17 grudnia 1081 roku na terenie Olsztyna i b. woj. olszty\u0144skiego bezprawnych pozbawie\u0144 wolno\u015bci szeregu os\u00f3b na mocy decyzji o internowaniu. Zebrali\u015bmy wi\u0119kszo\u015b\u0107 dowod\u00f3w w sprawie, w postaci materia\u0142\u00f3w archiwalnych i zezna\u0144 os\u00f3b pokrzywdzonych, uzyskano szereg odpis\u00f3w decyzji o internowaniu. Na wszystkich tych decyzjach znajdowa\u0142 si\u0119 podpis komendanta Kazimierza D. Z uzyskanych informacji prasowych wynika, \u017ce ta osoba zmar\u0142a. W tej sytuacji, je\u015bli pojawia si\u0119 nowe okoliczno\u015bci ewentualnego pope\u0142nienia zbrodni komunistycznej, b\u0119d\u0105cych przedmiotem tego \u015bledztwa, w kt\u00f3rym bra\u0142y udzia\u0142 inne osoby, \u015bledztwo zostanie przed\u0142u\u017cone. Je\u015bli nie &#8211; zostanie zako\u0144czone z powodu \u015bmierci sprawcy. W \u015bledztwie zosta\u0142y wy\u0142\u0105czone do odr\u0119bnego post\u0119powa\u0144 sprawy przekroczenia uprawnie\u0144 przez funkcjonariuszy dokonuj\u0105cych zatrzyma\u0144, kt\u00f3rzy u\u017cywali przemocy. Z tym, \u017ce z powodu przedawnienia (decyzj\u0105 S\u0105du Najwy\u017cszego) sprawy te te\u017c zako\u0144czy\u0142y si\u0119 umorzeniem.<br \/><strong><\/strong><\/p>\r\n<p><strong>A genera\u0142 Dudek gra w tenisa&#8230;<\/strong><\/p>\r\n<p>Gen. Kazimierz Dudek po zwolnieniu z pracy w 1990 roku wi\u00f3d\u0142 pogodne \u017cycie emeryta w willi przy jednej z najpi\u0119kniej po\u0142o\u017conych uliczek starego Olsztyna, przy \u015bcianie Lasu Miejskiego, 2-3 razy w tygodniu gra\u0142 w tenisa na kortach przy ul. Radiowej i opowiada\u0142 ordynarne dowcipy o ks. Jerzym Popie\u0142uszce. Cz\u0119\u015b\u0107 prze\u015bladowanych przez niego dzia\u0142acze, internowanych i wi\u0119zionych z jego rozkazu dzisiaj \u017cyje w n\u0119dzy. Uwi\u0119ziona za roznoszenie ulotek Barbara N., w zaawansowanej ci\u0105\u017cy, niedawno zosta\u0142a eksmitowana wraz z tr\u00f3jk\u0105 dzieci. Kancelaria premiera odm\u00f3wi\u0142a przyznania Jej renty specjalnej.<br \/><em><strong><\/strong><\/em><\/p>\r\n<p><em><strong>Adam Socha<\/strong><\/em><\/p>\r\n<p>PS. Represjonowani w stanie wojennym zapowiedzieli wystosowanie listu w sprawie asysty honorowej na pogrzebie gen. K. Dudka do wojewody warmi\u0144sko-mazurskiego i ministra spraw wewn\u0119trznych.<\/p>\r\n<p>Pod tymi linkiem moje audycje na temat gen. Kazimierz Dudka:<br \/><strong><\/strong><strong><a href=\"http:\/\/www.ro.com.pl\/posluchaj\/dzwiek\/1238\/Twarze-olsztynskiej-bezpieki-reportaz-A-general-Dudek-gra-w-tenisa\/\">A genera\u0142 Dudek gra w tenisa&#8230;<\/a><\/strong> <br \/><em><strong><\/strong><\/em><\/p>","protected":false},"excerpt":{"rendered":"\u015arodowisko os\u00f3b represjonowanych w stanie wojennym z Olsztyna od soboty, 1 wrze\u015bnia, jest w szoku. Tego dnia pochowano gen. Kazimierza Dudka, ostatniego szefa SB w by\u0142ym woj. olszty\u0144skim z asyst\u0105 honorow\u0105: udzia\u0142em kompanii honorowej, kt\u00f3ra odda\u0142a salw\u0119 i sztandarem Komendy Wojew\u00f3dzkiej Policji w Olsztynie. W pogrzebie uczestniczy\u0142 komendant KWP, nadinsp. J\u00f3zef Gda\u0144ski. &#8211; On by\u0142 [&hellip;]","protected":false},"author":1,"featured_media":0,"comment_status":"closed","ping_status":"closed","sticky":false,"template":"","format":"standard","meta":{"_acf_changed":false,"_monsterinsights_skip_tracking":false,"_monsterinsights_sitenote_active":false,"_monsterinsights_sitenote_note":"","_monsterinsights_sitenote_category":0,"ngg_post_thumbnail":0,"footnotes":"","_wp_rev_ctl_limit":""},"categories":[8],"tags":[92,36],"acf":[],"_links":{"self":[{"href":"https:\/\/www.bibula.com\/index.php?rest_route=\/wp\/v2\/posts\/60564"}],"collection":[{"href":"https:\/\/www.bibula.com\/index.php?rest_route=\/wp\/v2\/posts"}],"about":[{"href":"https:\/\/www.bibula.com\/index.php?rest_route=\/wp\/v2\/types\/post"}],"author":[{"embeddable":true,"href":"https:\/\/www.bibula.com\/index.php?rest_route=\/wp\/v2\/users\/1"}],"replies":[{"embeddable":true,"href":"https:\/\/www.bibula.com\/index.php?rest_route=%2Fwp%2Fv2%2Fcomments&post=60564"}],"version-history":[{"count":0,"href":"https:\/\/www.bibula.com\/index.php?rest_route=\/wp\/v2\/posts\/60564\/revisions"}],"wp:attachment":[{"href":"https:\/\/www.bibula.com\/index.php?rest_route=%2Fwp%2Fv2%2Fmedia&parent=60564"}],"wp:term":[{"taxonomy":"category","embeddable":true,"href":"https:\/\/www.bibula.com\/index.php?rest_route=%2Fwp%2Fv2%2Fcategories&post=60564"},{"taxonomy":"post_tag","embeddable":true,"href":"https:\/\/www.bibula.com\/index.php?rest_route=%2Fwp%2Fv2%2Ftags&post=60564"}],"curies":[{"name":"wp","href":"https:\/\/api.w.org\/{rel}","templated":true}]}}