{"id":60544,"date":"2012-09-03T20:44:53","date_gmt":"2012-09-04T01:44:53","guid":{"rendered":"http:\/\/www.bibula.com\/?p=60544"},"modified":"2012-09-03T20:59:04","modified_gmt":"2012-09-04T01:59:04","slug":"terror-i-zbrodnia-w-imie-nowego-porzadku-grzegorz-kucharczyk","status":"publish","type":"post","link":"https:\/\/www.bibula.com\/?p=60544","title":{"rendered":"Terror i zbrodnia w imi\u0119 nowego porz\u0105dku &#8211; <em>Grzegorz Kucharczyk<\/em>"},"content":{"rendered":"<p><strong>Od czasu zamach\u00f3w na nowojorskie WTC wrzesie\u0144 w szczeg\u00f3lny spos\u00f3b wi\u0105\u017ce si\u0119 z upami\u0119tnianiem ofiar terroryzmu. W tym kontek\u015bcie warto przypomnie\u0107 inny bestialski akt terroru, kt\u00f3ry rozegra\u0142 si\u0119 w tym w\u0142a\u015bnie miesi\u0105cu dwie\u015bcie dwadzie\u015bcia lat temu. 2 wrze\u015bnia 1792 roku &#8211; trzy tygodnie po ustanowieniu we Francji republiki &#8211; paryski mot\u0142och (\u201elud\u201d) rozpocz\u0105\u0142 regularne masakry przetrzymywanych w paryskich wi\u0119zieniach ksi\u0119\u017cy, arystokrat\u00f3w, \u017co\u0142nierzy wiernych kr\u00f3lowi (w tym bohaterskich szwajcarskich gwardzist\u00f3w trwaj\u0105cych do ko\u0144ca przy Ludwiku XVI). By\u0142o ich oko\u0142o 2\u00a0600. Wed\u0142ug ostro\u017cnych szacunk\u00f3w historyk\u00f3w, w trwaj\u0105cych ponad tydzie\u0144 masakrach zgin\u0119\u0142o ich ponad po\u0142owa. <\/strong><\/p>\r\n<table class=\"outset\" style=\"width: 293px; height: 221px;\" align=\"left\">\r\n<tbody>\r\n<tr>\r\n<td><img decoding=\"async\" src=\"http:\/\/www.pch24.pl\/images\/min_mid_big\/mid_5475.jpg\" alt=\"\" width=\"280\" height=\"161\" \/><\/td>\r\n<\/tr>\r\n<tr>\r\n<td>\r\n<p class=\"zrodlo\">Wrzesie\u0144 1792 r., paryski mot\u0142och obnosi odci\u0119t\u0105 g\u0142ow\u0119 ksi\u0119\u017cniczki de Lamballe. Repr. UIG\/Forum<\/p>\r\n<\/td>\r\n<\/tr>\r\n<\/tbody>\r\n<\/table>\r\n<p>Pierwsze dni wrze\u015bnia 1792 roku w Pary\u017cu by\u0142y orgi\u0105 morderstw, por\u00f3wnywaln\u0105 jedynie do dni z lipca 1789 roku, gdy masakrowano za\u0142og\u0119 Bastylii, kt\u00f3ra podda\u0142a si\u0119 niemal bez walki, a na ulicach urz\u0105dzono regularne polowanie na wszystkich \u201ewrog\u00f3w ludu\u201d. We wrze\u015bniu 1792 roku \u201elud\u201d poszed\u0142 jeszcze o krok dalej. Eliminowano wi\u0119\u017ani\u00f3w. O rewolucyjn\u0105 czujno\u015b\u0107 dbali tacy \u201eprzyjaciele ludu\u201d jak Jean Paul Marat, kt\u00f3ry ju\u017c nied\u0142ugo po 10 sierpnia 1792 roku (obalenie monarchii) nawo\u0142ywa\u0142 zdobywc\u00f3w Tuillieri: <em>Zanim odejdziecie pozb\u0105d\u017acie si\u0119 wrog\u00f3w, dobijcie swoje ofiary. Rzu\u0107cie si\u0119 na tych, co maj\u0105 powozy, lokaj\u00f3w, jedwabne stroje. Skontrolujcie wi\u0119zienia, mordujcie szlacht\u0119, ksi\u0119\u017cy, bogaczy. Pozostawcie po sobie tylko krew i trupy<\/em>.<\/p>\r\n<p>Tak te\u017c si\u0119 sta\u0142o. Wi\u0119\u017ani\u00f3w mordowano masowo, a mot\u0142och p\u0142awi\u0142 si\u0119 w bestialstwie. Bo jak inaczej nazwa\u0107 straszliwy los ksi\u0119\u017cniczki de Lamballe, kt\u00f3rej jedyn\u0105 \u201ewin\u0105\u201d by\u0142o to, \u017ce nale\u017ca\u0142a do w\u0105skiego kr\u0119gu przyjaci\u00f3\u0142 przebywaj\u0105cej ju\u017c w wi\u0119zieniu w Temple kr\u00f3lowej Marii Antoniny. Jej odci\u0119t\u0105 g\u0142ow\u0119 zatkni\u0119to na pik\u0119 i zaniesiono pod okno celi kr\u00f3lowej. W\u015br\u00f3d ofiar wrze\u015bniowego terroryzmu znale\u017ali si\u0119 m.in. dawni kr\u00f3lewscy ministrowie oraz wielu ksi\u0119\u017cy (w tym arcybiskup Arles oraz biskupi z Saintes i Beauvais).<\/p>\r\n<p>Nowy, republika\u0144ski rz\u0105d by\u0142 o wszystkim informowany. Minister sprawiedliwo\u015bci republiki, Georges Danton, w reakcji na dostarczane mu wiadomo\u015bci o tocz\u0105cych si\u0119 masakrach w wi\u0119zieniach, kt\u00f3re podlega\u0142y jego nadzorowi, odpar\u0142: <em>Gwi\u017cd\u017c\u0119 na wi\u0119\u017ani\u00f3w, niech si\u0119 z nimi dzieje, co chce<\/em>. Bezpo\u015brednimi mocodawcami zbrodni by\u0142y w\u0142adze rewolucyjnej Paryskiej Komuny. Wed\u0142ug Pierre\u2019a Gaxotte\u2019a, siepacze za swoj\u0105 \u201eprac\u0119\u201d dostawali po sze\u015b\u0107 frank\u00f3w dziennie. Wynagrodzenie obejmowa\u0142o r\u00f3wnie\u017c wszystkie kosztowno\u015bci (pieni\u0105dze, bi\u017cuteri\u0119) znalezione przy ofiarach.<\/p>\r\n<p>Czy mo\u017cna usprawiedliwi\u0107 mordowanie bezbronnych wi\u0119\u017ani\u00f3w? Ale\u017c oczywi\u015bcie, \u017ce mo\u017cna. Podobnie, jak mo\u017cna uczyni\u0107 narodowe \u015bwi\u0119to z dnia, w kt\u00f3rym wymordowano bezbronnych \u017co\u0142nierzy, a ich dow\u00f3dcy oder\u017cni\u0119to g\u0142ow\u0119 rze\u017anickim no\u017cem (Bastylia, 14 lipca 1789 r.). W polskiej historiografii ci\u0105gle dominuje interpretacja, kt\u00f3rej autorem by\u0142 Jan Baszkiewicz &#8211; niekryj\u0105cy specjalnie swoich sympatii dla rewolucji w jej najbardziej radykalnej, jakobi\u0144skiej fazie. Jak pisa\u0142 przed laty w swojej biografii Robespierre\u2019a o mordowaniu wi\u0119\u017ani\u00f3w w Pary\u017cu we wrze\u015bniu 1792 roku: <em>Motywy tej fali ludowego terroru s\u0105 zrozumia\u0142e. W obliczu kl\u0119sk na froncie lud szuka pomsty na kontrrewolucjonistach; ale mo\u017ce bardziej jeszcze boi si\u0119 spisk\u00f3w. Ochotnicy szykuj\u0105 si\u0119 do wyj\u015bcia na front: jak\u017ce zostawi\u0107 stolic\u0119 podminowan\u0105 konspiracjami wrog\u00f3w?<\/em><\/p>\r\n<p>Przy okazji zamach\u00f3w terrorystycznych z 11 wrze\u015bnia 2001 roku powtarza si\u0119 tez\u0119, \u017ce terroryzm jest drog\u0105 do nik\u0105d, a terrory\u015bci na przemocy nie s\u0105 w stanie niczego zbudowa\u0107. I jest to s\u0142uszna teza. Cho\u0107, jak \u015bwiadczy przyk\u0142ad Republiki Francuskiej, pr\u00f3ba mo\u017ce trwa\u0107 bardzo d\u0142ugo.<\/p>\r\n<p><em><strong>Grzegorz Kucharczyk<\/strong><\/em><\/p>\r\n<blockquote>\r\n<p><strong>KOMENTARZ <em>BIBU\u0141Y<\/em><\/strong>: A\u017c dziw bierze, \u017ce powa\u017cni ludzie po tylu latach dalej uwa\u017caj\u0105, \u017ce 11 wrze\u015bnia mia\u0142y miejsce &#8222;zamachy terrorystyczne&#8221;. No, chyba \u017ce chodzi o terroryzm pa\u0144stwowy &#8211; wtedy zwracamy honor, chocia\u017c nale\u017ca\u0142oby pisa\u0107 bez j\u0119zyka maskuj\u0105cego.<\/p>\r\n<\/blockquote>","protected":false},"excerpt":{"rendered":"Od czasu zamach\u00f3w na nowojorskie WTC wrzesie\u0144 w szczeg\u00f3lny spos\u00f3b wi\u0105\u017ce si\u0119 z upami\u0119tnianiem ofiar terroryzmu. W tym kontek\u015bcie warto przypomnie\u0107 inny bestialski akt terroru, kt\u00f3ry rozegra\u0142 si\u0119 w tym w\u0142a\u015bnie miesi\u0105cu dwie\u015bcie dwadzie\u015bcia lat temu. 2 wrze\u015bnia 1792 roku &#8211; trzy tygodnie po ustanowieniu we Francji republiki &#8211; paryski mot\u0142och (\u201elud\u201d) rozpocz\u0105\u0142 regularne masakry [&hellip;]","protected":false},"author":1,"featured_media":0,"comment_status":"closed","ping_status":"closed","sticky":false,"template":"","format":"standard","meta":{"_acf_changed":false,"_monsterinsights_skip_tracking":false,"_monsterinsights_sitenote_active":false,"_monsterinsights_sitenote_note":"","_monsterinsights_sitenote_category":0,"ngg_post_thumbnail":0,"footnotes":"","_wp_rev_ctl_limit":""},"categories":[9],"tags":[69,191,131,126],"acf":[],"_links":{"self":[{"href":"https:\/\/www.bibula.com\/index.php?rest_route=\/wp\/v2\/posts\/60544"}],"collection":[{"href":"https:\/\/www.bibula.com\/index.php?rest_route=\/wp\/v2\/posts"}],"about":[{"href":"https:\/\/www.bibula.com\/index.php?rest_route=\/wp\/v2\/types\/post"}],"author":[{"embeddable":true,"href":"https:\/\/www.bibula.com\/index.php?rest_route=\/wp\/v2\/users\/1"}],"replies":[{"embeddable":true,"href":"https:\/\/www.bibula.com\/index.php?rest_route=%2Fwp%2Fv2%2Fcomments&post=60544"}],"version-history":[{"count":0,"href":"https:\/\/www.bibula.com\/index.php?rest_route=\/wp\/v2\/posts\/60544\/revisions"}],"wp:attachment":[{"href":"https:\/\/www.bibula.com\/index.php?rest_route=%2Fwp%2Fv2%2Fmedia&parent=60544"}],"wp:term":[{"taxonomy":"category","embeddable":true,"href":"https:\/\/www.bibula.com\/index.php?rest_route=%2Fwp%2Fv2%2Fcategories&post=60544"},{"taxonomy":"post_tag","embeddable":true,"href":"https:\/\/www.bibula.com\/index.php?rest_route=%2Fwp%2Fv2%2Ftags&post=60544"}],"curies":[{"name":"wp","href":"https:\/\/api.w.org\/{rel}","templated":true}]}}