{"id":60200,"date":"2012-08-27T09:01:31","date_gmt":"2012-08-27T14:01:31","guid":{"rendered":"http:\/\/www.bibula.com\/?p=60200"},"modified":"2012-08-27T09:01:31","modified_gmt":"2012-08-27T14:01:31","slug":"polska-traci-pokolenia-coraz-wiecej-dzieci-poza-granicami-kraju","status":"publish","type":"post","link":"https:\/\/www.bibula.com\/?p=60200","title":{"rendered":"Polska traci pokolenia &#8211; coraz wi\u0119cej dzieci poza granicami kraju"},"content":{"rendered":"<p><strong>Jak powszechnie wiadomo, polityka prorodzinna sprzyja \u0142\u0105czeniu rodzin. Dane opublikowane przez Narodowy Spis Powszechny sugeruj\u0105 jednak, \u017ce zdecydowanie nie jest to polityka prowadzona przez rz\u0105d Donalda Tuska.<\/strong><\/p>\r\n<p>Tu\u017c po wej\u015bciu do Unii Europejskiej zacz\u0119li\u015bmy traci\u0107 pokolenie Polak\u00f3w urodzonych podczas wy\u017cu demograficznego z prze\u0142omu lat 70-tych i 80-tych. Na emigracji szukali pieni\u0119dzy i lepszego \u017cycia. Dzisiaj, gdy znale\u017ali, zacz\u0119li \u015bci\u0105ga\u0107 do siebie swoje dzieci. Z danych Narodowego Spisu Powszechnego wynika, \u017ce na koniec marca ubieg\u0142ego roku za granic\u0105 przebywa\u0142o dwa miliony Polak\u00f3w, z czego 11 proc. (czyli ponad 220 tys.) stanowi\u0142y dzieci w wieku do lat 14.<\/p>\r\n<p>Spo\u015br\u00f3d wspomnianych 220 tys. polskich dzieci przebywaj\u0105cych za granic\u0105, przynajmniej 55 tysi\u0119cy urodzi\u0142o si\u0119 ju\u017c na obczy\u017anie. Tylko w samej Wielkiej Brytanii urodzi\u0142o si\u0119 ich ponad 40 tysi\u0119cy. Polacy \u201ezajmuj\u0105\u201d tam 3 miejsce pod wzgl\u0119dem urodze\u0144 dzieci, tu\u017c za imigrantami z Pakistanu i Indii.<\/p>\r\n<p>Z drugiej strony w Polsce jest oko\u0142o 100 tys. tak zwanych \u201eeurosierot\u201d, czyli dzieci pozostawionych w kraju przez jedno lub dwoje rodzic\u00f3w &#8211; wynika z bada\u0144 Ministerstwa Edukacji Narodowej. S\u0105 one pod opiek\u0105 dziadk\u00f3w, rodze\u0144stwa, lub kogo\u015b z dalszej rodziny b\u0105d\u017a znajomych.<\/p>\r\n<p>Wed\u0142ug badaczy z MEN, dzieci dotkni\u0119te sieroctwem migracyjnym zagro\u017cone s\u0105 m.in. obni\u017conym poczuciem bezpiecze\u0144stwa, osamotnieniem i poczuciem odtr\u0105cenia. Mog\u0105 te\u017c mie\u0107 trudno\u015bci w kszta\u0142towaniu systemu warto\u015bci i w realizacji zada\u0144 zwi\u0105zanych z nauk\u0105. \u201eZagro\u017cenia te skutkuj\u0105, szczeg\u00f3lnie u dzieci i m\u0142odzie\u017cy ze szk\u00f3\u0142 gimnazjalnych i ponadgimnazjalnych utrat\u0105 sensu \u017cycia, a tak\u017ce r\u00f3\u017cnymi przejawami nieprzystosowania spo\u0142ecznego, jak agresja, k\u0142amstwa, a nawet zachowania naruszaj\u0105ce prawo\u201d &#8211; stwierdzono w raporcie z bada\u0144.<\/p>\r\n<p>Obserwatorzy zjawiska polskiej emigracji s\u0105 przekonani, \u017ce osoby, kt\u00f3re przebywaj\u0105 za granic\u0105 ponad rok, raczej ju\u017c do Polski nie wr\u00f3c\u0105. A jest ich ju\u017c 1,5 mln. \u0141\u0105cznie z tymi, kt\u00f3rzy emigruj\u0105 na co najmniej trzy miesi\u0105ce, jest ich ponad 2 mln.<\/p>\r\n<p>na podstawie: \u201eDziennik Gazeta Prawna\u201d<\/p>","protected":false},"excerpt":{"rendered":"Jak powszechnie wiadomo, polityka prorodzinna sprzyja \u0142\u0105czeniu rodzin. Dane opublikowane przez Narodowy Spis Powszechny sugeruj\u0105 jednak, \u017ce zdecydowanie nie jest to polityka prowadzona przez rz\u0105d Donalda Tuska. Tu\u017c po wej\u015bciu do Unii Europejskiej zacz\u0119li\u015bmy traci\u0107 pokolenie Polak\u00f3w urodzonych podczas wy\u017cu demograficznego z prze\u0142omu lat 70-tych i 80-tych. Na emigracji szukali pieni\u0119dzy i lepszego \u017cycia. Dzisiaj, [&hellip;]","protected":false},"author":1,"featured_media":0,"comment_status":"closed","ping_status":"closed","sticky":false,"template":"","format":"standard","meta":{"_acf_changed":false,"_monsterinsights_skip_tracking":false,"_monsterinsights_sitenote_active":false,"_monsterinsights_sitenote_note":"","_monsterinsights_sitenote_category":0,"ngg_post_thumbnail":0,"footnotes":"","_wp_rev_ctl_limit":""},"categories":[8],"tags":[152,23,92],"acf":[],"_links":{"self":[{"href":"https:\/\/www.bibula.com\/index.php?rest_route=\/wp\/v2\/posts\/60200"}],"collection":[{"href":"https:\/\/www.bibula.com\/index.php?rest_route=\/wp\/v2\/posts"}],"about":[{"href":"https:\/\/www.bibula.com\/index.php?rest_route=\/wp\/v2\/types\/post"}],"author":[{"embeddable":true,"href":"https:\/\/www.bibula.com\/index.php?rest_route=\/wp\/v2\/users\/1"}],"replies":[{"embeddable":true,"href":"https:\/\/www.bibula.com\/index.php?rest_route=%2Fwp%2Fv2%2Fcomments&post=60200"}],"version-history":[{"count":0,"href":"https:\/\/www.bibula.com\/index.php?rest_route=\/wp\/v2\/posts\/60200\/revisions"}],"wp:attachment":[{"href":"https:\/\/www.bibula.com\/index.php?rest_route=%2Fwp%2Fv2%2Fmedia&parent=60200"}],"wp:term":[{"taxonomy":"category","embeddable":true,"href":"https:\/\/www.bibula.com\/index.php?rest_route=%2Fwp%2Fv2%2Fcategories&post=60200"},{"taxonomy":"post_tag","embeddable":true,"href":"https:\/\/www.bibula.com\/index.php?rest_route=%2Fwp%2Fv2%2Ftags&post=60200"}],"curies":[{"name":"wp","href":"https:\/\/api.w.org\/{rel}","templated":true}]}}