{"id":60022,"date":"2012-08-23T17:56:48","date_gmt":"2012-08-23T21:56:48","guid":{"rendered":"http:\/\/www.bibula.com\/?p=60022"},"modified":"2012-08-23T17:56:48","modified_gmt":"2012-08-23T22:56:48","slug":"","status":"publish","type":"post","link":"https:\/\/www.bibula.com\/?p=60022","title":{"rendered":"Zjazd Polonii \u015bwiata ze skandalem w tle &#8211; <em>Artur G\u00f3rski<\/em>"},"content":{"rendered":"<p>W dniu 24.08. rozpoczyna si\u0119 IV Zjazd Polonii i Polak\u00f3w z Zagranicy, organizowany formalnie przez Stowarzyszenie \u201eWsp\u00f3lnota Polska\u201d, ale w rzeczywisto\u015bci przez Platform\u0119 Obywatelsk\u0105. To politycy PO decyduj\u0105 o pieni\u0105dzach na Poloni\u0119 i to MSZ nimi dysponuje, dlatego w komitecie honorowym Zjazdu zasiada m.in. a\u017c 4 ministr\u00f3w z Platformy (MSZ, MSW, Min. Kultury, MEN) oraz Prezydent m.st. Warszawy tak\u017ce z PO. Natomiast referat podczas uroczystego otwarcia Zjazdu w budynku Sejmie RP, kt\u00f3rego dokona Marsza\u0142ek Sejmu Ewa Kopacz (PO), wyg\u0142osi wiceprzewodnicz\u0105ca Komisji \u0141\u0105czno\u015bci z Polakami za Granic\u0105 pose\u0142 Joanna Fabisiak (PO). Przewodnicz\u0105cego Komisji pos\u0142a Adama Lipi\u0144skiego z PiS prezes Stowarzyszenia \u201eWsp\u00f3lnota Polska\u201d Longin Komo\u0142owski zapomnia\u0142 zaprosi\u0107, jak sam przyzna\u0142. Przypomnia\u0142 sobie dopiero w przeddzie\u0144 Zjazdu i w\u00f3wczas zadzwoni\u0142 do przewodnicz\u0105cego z zaproszeniem do zabrania g\u0142osu.<\/p>\r\n<p>Jak zaprosi\u0107, aby zaproszony nie przyszed\u0142? Oto jest pytanie, kt\u00f3re postawi\u0142 przed sob\u0105 prezes Wsp\u00f3lnoty Polskiej. Gdy zadzwoni\u0142 do przewodnicz\u0105cego, ten si\u0119 spyta\u0142, jak to si\u0119 sta\u0142o, \u017ce \u017caden z cz\u0142onk\u00f3w Komisji \u0141\u0105czno\u015bci z Polakami za Granic\u0105 nie dosta\u0142 zaproszenia na Zjazd, a wiceprzewodnicz\u0105ca Komisji znajduje si\u0119 w programie z referatem. \u201eNie potrafi\u0142em jej odm\u00f3wi\u0107\u201d &#8211; mia\u0142 powiedzie\u0107 z rozbrajaj\u0105c\u0105 szczero\u015bci\u0105 prezes Komo\u0142owski. <\/p>\r\n<p>Forma zaproszenia zawiera jednoznaczn\u0105 intencj\u0119. Je\u015bli Komo\u0142owski chcia\u0142 unikn\u0105\u0107 awantury i kompromitacji, musia\u0142 w ko\u0144cu zaprosi\u0107 przewodnicz\u0105cego. Liczy\u0142 zapewne na to, \u017ce przewodnicz\u0105cy poczuje si\u0119 obra\u017cony czasem i form\u0105 zaproszenia i odm\u00f3wi przyj\u015bcia. Nie maj\u0105c jeszcze odpowiedzi od Lipi\u0144skiego, czy ten wyg\u0142osi referat, Komo\u0142owski ju\u017c wpisa\u0142 go do programu &#8211; dzie\u0144 przed Zjazdem. Ale to by\u0142aby gratka, gdyby przewodnicz\u0105cy Komisji z PiS, kt\u00f3ry mia\u0142 wyg\u0142osi\u0107 referat, nie pojawi\u0142 si\u0119 na Zje\u017adzie. To by dopiero by\u0142a kompromitacja przewodnicz\u0105cego z PiS i pokazanie delegatom Zjazdu, \u017ce przewodnicz\u0105cemu Komisji \u0141\u0105czno\u015bci z polakami za Granic\u0105 nie zale\u017cy na Polakach mieszkaj\u0105cych na ca\u0142ym \u015bwiecie.<\/p>\r\n<p>Ale przewodnicz\u0105cemu zale\u017cy na Polonii i na prawdzie. Nie m\u00f3g\u0142 dopu\u015bci\u0107 do tego, by na Zje\u017adzie poszed\u0142 jednoznaczny przekaz, jak to cudowny rz\u0105d wspaniale wspiera Poloni\u0119 na \u015bwiecie, a przej\u015bciowe trudno\u015bci ju\u017c min\u0119\u0142y. Mam nadziej\u0119, \u017ce jutro przewodnicz\u0105cy Komisji \u0141\u0105czno\u015bci z Polakami za Granic\u0105 Adam Lipi\u0144ski (PiS) zabierze g\u0142os i powie ca\u0142\u0105 prawd\u0119 o destrukcyjnej polityce tego rz\u0105du wobec Polonii, a szczeg\u00f3lnie wobec Polak\u00f3w mieszkaj\u0105cych na dawnych Kresach Rzeczypospolitej, o wszystkich stratach, jakie nasi rodacy ze Wschodu ju\u017c ponie\u015bli za czas\u00f3w ministra Radka Sikorskiego. O ile oczywi\u015bcie przewodnicz\u0105cy Komo\u0142owski pod naciskiem polityk\u00f3w PO nie wykre\u015bli w ostatniej chwili referatu przewodnicz\u0105cego Lipi\u0144skiego z programu Zjazdu.<\/p>\r\n<p><strong><em>Artur G\u00f3rski<\/em><\/strong><\/p>","protected":false},"excerpt":{"rendered":"W dniu 24.08. rozpoczyna si\u0119 IV Zjazd Polonii i Polak\u00f3w z Zagranicy, organizowany formalnie przez Stowarzyszenie \u201eWsp\u00f3lnota Polska\u201d, ale w rzeczywisto\u015bci przez Platform\u0119 Obywatelsk\u0105. To politycy PO decyduj\u0105 o pieni\u0105dzach na Poloni\u0119 i to MSZ nimi dysponuje, dlatego w komitecie honorowym Zjazdu zasiada m.in. a\u017c 4 ministr\u00f3w z Platformy (MSZ, MSW, Min. Kultury, MEN) oraz [&hellip;]","protected":false},"author":1,"featured_media":0,"comment_status":"closed","ping_status":"closed","sticky":false,"template":"","format":"standard","meta":{"_acf_changed":false,"_monsterinsights_skip_tracking":false,"_monsterinsights_sitenote_active":false,"_monsterinsights_sitenote_note":"","_monsterinsights_sitenote_category":0,"ngg_post_thumbnail":0,"footnotes":"","_wp_rev_ctl_limit":""},"categories":[129],"tags":[92],"acf":[],"_links":{"self":[{"href":"https:\/\/www.bibula.com\/index.php?rest_route=\/wp\/v2\/posts\/60022"}],"collection":[{"href":"https:\/\/www.bibula.com\/index.php?rest_route=\/wp\/v2\/posts"}],"about":[{"href":"https:\/\/www.bibula.com\/index.php?rest_route=\/wp\/v2\/types\/post"}],"author":[{"embeddable":true,"href":"https:\/\/www.bibula.com\/index.php?rest_route=\/wp\/v2\/users\/1"}],"replies":[{"embeddable":true,"href":"https:\/\/www.bibula.com\/index.php?rest_route=%2Fwp%2Fv2%2Fcomments&post=60022"}],"version-history":[{"count":0,"href":"https:\/\/www.bibula.com\/index.php?rest_route=\/wp\/v2\/posts\/60022\/revisions"}],"wp:attachment":[{"href":"https:\/\/www.bibula.com\/index.php?rest_route=%2Fwp%2Fv2%2Fmedia&parent=60022"}],"wp:term":[{"taxonomy":"category","embeddable":true,"href":"https:\/\/www.bibula.com\/index.php?rest_route=%2Fwp%2Fv2%2Fcategories&post=60022"},{"taxonomy":"post_tag","embeddable":true,"href":"https:\/\/www.bibula.com\/index.php?rest_route=%2Fwp%2Fv2%2Ftags&post=60022"}],"curies":[{"name":"wp","href":"https:\/\/api.w.org\/{rel}","templated":true}]}}