{"id":59853,"date":"2012-08-17T19:56:03","date_gmt":"2012-08-17T23:56:03","guid":{"rendered":"http:\/\/www.bibula.com\/?p=59853"},"modified":"2012-08-17T19:56:03","modified_gmt":"2012-08-18T00:56:03","slug":"","status":"publish","type":"post","link":"https:\/\/www.bibula.com\/?p=59853","title":{"rendered":"Zagra\u017cali nawet po \u015bmierci"},"content":{"rendered":"<p><strong>Ofiary, kt\u00f3re zosta\u0142y rozstrzelane i pogrzebane na \u0141\u0105czce, zosta\u0142y prawdopodobnie polane wapnem &#8211; oceniaj\u0105 cz\u0142onkowie ekipy prowadz\u0105cy ekshumacje na warszawskiej \u0141\u0105czce. Odnalezione dziewi\u0119\u0107 szkielet\u00f3w nosi\u0142o \u015blady znacznie wi\u0119kszych uszkodze\u0144 ni\u017c pozosta\u0142ych kilkadziesi\u0105t szcz\u0105tk\u00f3w.<\/strong><\/p>\n<p>&#8211; Zachowa\u0142y si\u0119 relacje m\u00f3wi\u0105ce o tym, \u017ce posypywano jakim\u015b \u015brodkiem chemicznym zw\u0142oki wi\u0119\u017ani\u00f3w na S\u0142u\u017cewie. Je\u017celi tam u\u017cywano takich metod, to prawdopodobnie zastosowano je i tutaj &#8211; uwa\u017ca kieruj\u0105cy ekshumacjami prof. Krzysztof Szwagrzyk, szef wroc\u0142awskiego oddzia\u0142u IPN.<\/p>\n<p>&#8211; Nie potrafi\u0119 jednak odpowiedzie\u0107 na pytanie, dlaczego akurat tych dziewi\u0119ciu, a nie innych. By\u0107 mo\u017ce tych dziewi\u0119\u0107 os\u00f3b by\u0142o szczeg\u00f3lnie niebezpiecznych dla w\u0142adzy ludowej, ale bez identyfikacji nie mo\u017cna stwierdzi\u0107, kto to by\u0142 &#8211; podkre\u015bla historyk.<\/p>\n<p>&#8211; Prawdopodobnie u\u017cyto tutaj wapna w celu przyspieszenia rozk\u0142adu zw\u0142ok &#8211; ocenia archeolog dr Pawe\u0142 Konczewski, szef pracowni archeologiczno-konserwatorskiej Antiqua z Wroc\u0142awia, prowadz\u0105cej prace na \u0141\u0105czce.<\/p>\n<p>&#8211; Chodzi\u0142o o celowe zamaskowanie tego miejsca, \u017ceby uniemo\u017cliwi\u0107 jak\u0105kolwiek identyfikacj\u0119 w chwili ewentualnego odkopania za kilka miesi\u0119cy lub rok &#8211; stwierdza archeolog. &#8211; Bez w\u0105tpienia grupa odkryta w tej jamie grobowej to m\u0119\u017cczy\u017ani, kt\u00f3rzy zostali rozstrzelani, wi\u0119c informacja o takiej egzekucji na pewno pr\u0119dzej czy p\u00f3\u017aniej wydostawa\u0142a si\u0119 poza wi\u0119zienie &#8211; dodaje.<\/p>\n<p>Konczewski informuje, \u017ce uszkodzone szkielety zosta\u0142y wydobyte z nielicznymi przedmiotami osobistymi, jak fragmenty obuwia, kawa\u0142ki ubioru czy fragmenty szczoteczki do z\u0119b\u00f3w.<\/p>\n<p>&#8211; Teraz mamy ju\u017c pewno\u015b\u0107. Mimo \u017ce na tym etapie nie mo\u017cemy jeszcze identyfikowa\u0107 szcz\u0105tk\u00f3w, to sam spos\u00f3b grzebania, spos\u00f3b egzekucji jednoznacznie wskazuje, \u017ce znale\u017ali\u015bmy ludzi, kt\u00f3rych szukali\u015bmy od wielu lat &#8211; powiedzia\u0142 nam prezes IPN dr \u0141ukasz Kami\u0144ski, kt\u00f3ry obserwowa\u0142 post\u0119p prac na \u0141\u0105czce.<\/p>\n<p>Jak zapowiada prof. Szwagrzyk, je\u015bli wszystko p\u00f3jdzie dobrze, ten etap prac zostanie uko\u0144czony do ko\u0144ca sierpnia, zgodnie z harmonogramem. Przewidziane s\u0105 ju\u017c dalsze badania.<\/p>\n<p>&#8211; Mamy zaplanowane kolejne etapy, by\u0107 mo\u017ce cz\u0119\u015b\u0107 bada\u0144 uda si\u0119 jeszcze przeprowadzi\u0107 w tym roku, jeste\u015bmy wsp\u00f3lnie z Rad\u0105 Ochrony Pami\u0119ci Walk i M\u0119cze\u0144stwa zdeterminowani, \u017ceby te badania zako\u0144czy\u0107, zbada\u0107 ka\u017cdy skrawek gruntu, kt\u00f3ry jest dost\u0119pny, aby wydoby\u0107, zidentyfikowa\u0107 i godnie pochowa\u0107 szcz\u0105tki bohater\u00f3w &#8211; podkre\u015bla Kami\u0144ski.<\/p>\n<p>Dzisiaj na \u0141\u0105czk\u0119 ma przyjecha\u0107 prezydent Bronis\u0142aw Komorowski. Ma zapali\u0107 znicze i z\u0142o\u017cy\u0107 wieniec w miejscu prowadzonych bada\u0144. &#8211; Bardzo si\u0119 cieszymy, \u017ce prezydent zdecydowa\u0142 si\u0119 na odwiedziny \u0141\u0105czki &#8211; podkre\u015bla prezes IPN.<\/p>\n<p>Prace ekshumacyjne prowadzone na Pow\u0105zkach s\u0105 finansowane przez Rad\u0119 Ochrony Pami\u0119ci Walk i M\u0119cze\u0144stwa. To wynik ubieg\u0142orocznego porozumienia zawartego pomi\u0119dzy IPN, Ministerstwem Sprawiedliwo\u015bci oraz Rad\u0105. Badania s\u0105 realizowane w ramach og\u00f3lnopolskiego projektu &#8222;Poszukiwania nieznanych miejsc poch\u00f3wku ofiar terroru komunistycznego z lat 1944-1956&#8221;.<\/p>\n<p id=\"article-author\"><strong><em>Zenon Baranowski<\/em><\/strong><\/p>","protected":false},"excerpt":{"rendered":"Ofiary, kt\u00f3re zosta\u0142y rozstrzelane i pogrzebane na \u0141\u0105czce, zosta\u0142y prawdopodobnie polane wapnem &#8211; oceniaj\u0105 cz\u0142onkowie ekipy prowadz\u0105cy ekshumacje na warszawskiej \u0141\u0105czce. Odnalezione dziewi\u0119\u0107 szkielet\u00f3w nosi\u0142o \u015blady znacznie wi\u0119kszych uszkodze\u0144 ni\u017c pozosta\u0142ych kilkadziesi\u0105t szcz\u0105tk\u00f3w. &#8211; Zachowa\u0142y si\u0119 relacje m\u00f3wi\u0105ce o tym, \u017ce posypywano jakim\u015b \u015brodkiem chemicznym zw\u0142oki wi\u0119\u017ani\u00f3w na S\u0142u\u017cewie. Je\u017celi tam u\u017cywano takich metod, to [&hellip;]","protected":false},"author":1,"featured_media":0,"comment_status":"closed","ping_status":"closed","sticky":false,"template":"","format":"standard","meta":{"_acf_changed":false,"_monsterinsights_skip_tracking":false,"_monsterinsights_sitenote_active":false,"_monsterinsights_sitenote_note":"","_monsterinsights_sitenote_category":0,"ngg_post_thumbnail":0,"footnotes":"","_wp_rev_ctl_limit":""},"categories":[8],"tags":[66,81],"acf":[],"_links":{"self":[{"href":"https:\/\/www.bibula.com\/index.php?rest_route=\/wp\/v2\/posts\/59853"}],"collection":[{"href":"https:\/\/www.bibula.com\/index.php?rest_route=\/wp\/v2\/posts"}],"about":[{"href":"https:\/\/www.bibula.com\/index.php?rest_route=\/wp\/v2\/types\/post"}],"author":[{"embeddable":true,"href":"https:\/\/www.bibula.com\/index.php?rest_route=\/wp\/v2\/users\/1"}],"replies":[{"embeddable":true,"href":"https:\/\/www.bibula.com\/index.php?rest_route=%2Fwp%2Fv2%2Fcomments&post=59853"}],"version-history":[{"count":0,"href":"https:\/\/www.bibula.com\/index.php?rest_route=\/wp\/v2\/posts\/59853\/revisions"}],"wp:attachment":[{"href":"https:\/\/www.bibula.com\/index.php?rest_route=%2Fwp%2Fv2%2Fmedia&parent=59853"}],"wp:term":[{"taxonomy":"category","embeddable":true,"href":"https:\/\/www.bibula.com\/index.php?rest_route=%2Fwp%2Fv2%2Fcategories&post=59853"},{"taxonomy":"post_tag","embeddable":true,"href":"https:\/\/www.bibula.com\/index.php?rest_route=%2Fwp%2Fv2%2Ftags&post=59853"}],"curies":[{"name":"wp","href":"https:\/\/api.w.org\/{rel}","templated":true}]}}