{"id":59841,"date":"2012-08-17T18:54:47","date_gmt":"2012-08-17T22:54:47","guid":{"rendered":"http:\/\/www.bibula.com\/?p=59841"},"modified":"2012-08-17T18:54:47","modified_gmt":"2012-08-17T23:54:47","slug":"","status":"publish","type":"post","link":"https:\/\/www.bibula.com\/?p=59841","title":{"rendered":"Policja chce ukarania pos. Anny Sobeckiej"},"content":{"rendered":"<p><strong>Toru\u0144ska Policja z\u0142o\u017cy\u0142a wniosek o ukaranie pos\u0142anki Anny Sobeckiej za to \u017ce wp\u0142aci\u0142a grzywn\u0119 na\u0142o\u017con\u0105 na Dyrektora Radia Maryja o. Tadeusza Rydzyka. <\/strong><\/p>\r\n<p>Po raz kolejny mamy do czynienia z celowym niszczeniem dzie\u0142 wyros\u0142ych przy Radiu Maryja i atakiem na jego za\u0142o\u017cyciela, jak inaczej okre\u015bli\u0107 to \u017ce wymiar sprawiedliwo\u015bci i funkcjonariusze publiczni tyle zapa\u0142u po\u015bwi\u0119caj\u0105 spraw\u0105 b\u0142ahym ale jak\u017ce mi\u0142ym rz\u0105dz\u0105cym, zapominaj\u0105c o grubych aferach kt\u00f3re dotykaj\u0105 tysi\u0119cy polak\u00f3w.Wniosek karny przeciw pos\u0142ance Annie Sobeckiej trafi\u0142 do 12 wydzia\u0142u karnego s\u0105du rejonowego w Toruniu.<\/p>\r\n<p>Zdaniem Toru\u0144skiej Policji pos\u0142anka z\u0142ama\u0142a artyku\u0142 57 kodeksu wykrocze\u0144 gdy\u017c wp\u0142aci\u0142a na\u0142o\u017con\u0105 na dyrektora Radia Maryja o. Tadeusza Rydzyka grzywn\u0119. Wymierzy\u0142 j\u0105 Toru\u0144ski s\u0105d kt\u00f3ry uzna\u0142 za nielegaln\u0105 zbi\u00f3rk\u0119 pieni\u0119dzy przez radio Maryja na dzia\u0142alno\u015b\u0107 stacji, WSKSiM oraz inne prowadzone przez fundacj\u0119 Lux Veritatis dzie\u0142a. Problem jednak w tym, \u017ce jak podkre\u015bla\u0142a wielokrotnie pos\u0142anka Anna Sobecka s\u0119dziowie nie rozstrzygn\u0119li jednoznacznie czy w oparciu o zebrany\u00a0 w sprawie materia\u0142 dowodowy &#8211; fragmenty nagra\u0144 audycji radiowych rzeczywi\u015bcie chodzi\u0142o o zbi\u00f3rk\u0119 publiczn\u0105.<\/p>\r\n<p>Ponadto nie uwzgl\u0119dniono faktu \u017ce Radio Maryja jest nadawc\u0105 spo\u0142ecznym w rozumieniu przepis\u00f3w prawa. W wystosowanym o\u015bwiadczeniu pos\u0142anka Anna Sobecka napisa\u0142a, \u017ce nie z\u0142ama\u0142a prawa wp\u0142acaj\u0105c pieni\u0105dze na poczet grzywny orzeczonej wobec O. Tadeusza Rydzyka. Poruszona ca\u0142\u0105 sytuacj\u0105 udzieli\u0142a po\u017cyczki na ten cel a po zawarciu ustnej umowy po\u017cyczki zosta\u0142a po prostu poproszona o jej wp\u0142acenie.<\/p>\r\n<p>Pose\u0142 Anna Sobecka powiedzia\u0142a, \u017ce nie z\u0142ama\u0142a prawa.<\/p>\r\n<address><em>\u201eNie pope\u0142ni\u0142am wykroczenia. Nie ma podstaw do tego, \u017ceby kierowa\u0107 spraw\u0119 do s\u0105du. Kto\u015b chce udowodni\u0107 swoj\u0105 moc w\u0142adcz\u0105 i sprawcz\u0105\u201d<\/em> &#8211; powiedzia\u0142a Anna Sobecka\u00a0\u00a0\u00a0<\/address>\r\n<p>Pos\u0142anka wyja\u015bni\u0142a, \u017ce udzieli\u0142a Ojcu Dyrektorowi po\u017cyczki dlatego, \u017ce jako zakonnik nie ma \u015brodk\u00f3w na op\u0142acenie grzywny.<\/p>\r\n<address><em>\u201eUdzieli\u0142am Ojcu Dyrektorowi po\u017cyczki na czas nieokre\u015blony. Podj\u0119\u0142am tak\u0105 decyzj\u0119 dlatego, \u017ce Ojciec Dyrektor jest zakonnikiem i nie maj\u0105tku kt\u00f3rym m\u00f3g\u0142by dysponowa\u0107. Natomiast pieni\u0105dze, kt\u00f3re s\u0105 wp\u0142acane na rzecz nadawcy spo\u0142ecznego maj\u0105 sw\u00f3j okre\u015blony cel. S\u0105 na dzia\u0142alno\u015b\u0107 Radia Maryja, czy TV Trwam. Nieprzyzwoito\u015bci\u0105 by\u0142oby zabiera\u0107 pieni\u0105dze od s\u0142uchaczy i przekazywa\u0107 na op\u0142acenie tego wyroku\u201d<\/em> &#8211; powiedzia\u0142a Anna Sobecka.<\/address>\r\n<pre><strong>RIRM<\/strong><\/pre>","protected":false},"excerpt":{"rendered":"Toru\u0144ska Policja z\u0142o\u017cy\u0142a wniosek o ukaranie pos\u0142anki Anny Sobeckiej za to \u017ce wp\u0142aci\u0142a grzywn\u0119 na\u0142o\u017con\u0105 na Dyrektora Radia Maryja o. Tadeusza Rydzyka. Po raz kolejny mamy do czynienia z celowym niszczeniem dzie\u0142 wyros\u0142ych przy Radiu Maryja i atakiem na jego za\u0142o\u017cyciela, jak inaczej okre\u015bli\u0107 to \u017ce wymiar sprawiedliwo\u015bci i funkcjonariusze publiczni tyle zapa\u0142u po\u015bwi\u0119caj\u0105 spraw\u0105 [&hellip;]","protected":false},"author":1,"featured_media":0,"comment_status":"closed","ping_status":"closed","sticky":false,"template":"","format":"standard","meta":{"_acf_changed":false,"_monsterinsights_skip_tracking":false,"_monsterinsights_sitenote_active":false,"_monsterinsights_sitenote_note":"","_monsterinsights_sitenote_category":0,"ngg_post_thumbnail":0,"footnotes":"","_wp_rev_ctl_limit":""},"categories":[8],"tags":[92,136,83],"acf":[],"_links":{"self":[{"href":"https:\/\/www.bibula.com\/index.php?rest_route=\/wp\/v2\/posts\/59841"}],"collection":[{"href":"https:\/\/www.bibula.com\/index.php?rest_route=\/wp\/v2\/posts"}],"about":[{"href":"https:\/\/www.bibula.com\/index.php?rest_route=\/wp\/v2\/types\/post"}],"author":[{"embeddable":true,"href":"https:\/\/www.bibula.com\/index.php?rest_route=\/wp\/v2\/users\/1"}],"replies":[{"embeddable":true,"href":"https:\/\/www.bibula.com\/index.php?rest_route=%2Fwp%2Fv2%2Fcomments&post=59841"}],"version-history":[{"count":0,"href":"https:\/\/www.bibula.com\/index.php?rest_route=\/wp\/v2\/posts\/59841\/revisions"}],"wp:attachment":[{"href":"https:\/\/www.bibula.com\/index.php?rest_route=%2Fwp%2Fv2%2Fmedia&parent=59841"}],"wp:term":[{"taxonomy":"category","embeddable":true,"href":"https:\/\/www.bibula.com\/index.php?rest_route=%2Fwp%2Fv2%2Fcategories&post=59841"},{"taxonomy":"post_tag","embeddable":true,"href":"https:\/\/www.bibula.com\/index.php?rest_route=%2Fwp%2Fv2%2Ftags&post=59841"}],"curies":[{"name":"wp","href":"https:\/\/api.w.org\/{rel}","templated":true}]}}