{"id":59836,"date":"2012-08-17T18:45:50","date_gmt":"2012-08-17T23:45:50","guid":{"rendered":"http:\/\/www.bibula.com\/?p=59836"},"modified":"2012-08-17T20:57:55","modified_gmt":"2012-08-18T01:57:55","slug":"szkocja-byli-redemptorysci-zaalpejscy-otrzymali-status-kanoniczny","status":"publish","type":"post","link":"https:\/\/www.bibula.com\/?p=59836","title":{"rendered":"Szkocja: Byli redemptory\u015bci zaalpejscy otrzymali status kanoniczny"},"content":{"rendered":"<p align=\"left\">Zgromadzenie Syn\u00f3w Naj\u015bwi\u0119tszego Odkupiciela (Filii Sanctissimi Redemptoris, FSSR; do 2008\u00a0r. znane jako Zaalpejskie Zgromadzenie Naj\u015bwi\u0119tszego Odkupiciela), majace za cel kontynuacj\u0119 nieska\u017conego dzie\u0142a \u015bw. Alfonsa Marii Liguorego, po czterech latach od zerwania zwi\u0105zk\u00f3w Bractwem \u015aw. Piusa X i\u00a0podj\u0119cia stara\u0144 o\u00a0uzyskanie statusu kanonicznego zosta\u0142o zatwierdzone przez ordynariusza szkockiej diecezji Aberdeen, na kt\u00f3rej terenie znajduje si\u0119 wyspa Papa Stronsay i\u00a0nale\u017c\u0105cy do wsp\u00f3lnoty klasztor pw. M\u0119ki Pa\u0144skiej.<\/p>\r\n<table class=\"outset\" style=\"width: 249px; height: 209px;\" align=\"left\">\r\n<tbody>\r\n<tr>\r\n<td><img decoding=\"async\" src=\"http:\/\/news.fsspx.pl\/wp-content\/uploads\/Klasztor-M%C4%99ki-Pa%C5%84skiej-po%C5%82o%C5%BCony-na-wyspie-Papa-Stronsay-w-archipelagu-Orkad%C3%B3w-rozci%C4%85gaj%C4%85cym-si%C4%99-u-p%C3%B3%C5%82nocnych-wubrze%C5%BCy-Szkocji.jpg\" alt=\"\" \/><\/td>\r\n<\/tr>\r\n<tr>\r\n<td>\r\n<p class=\"zrodlo\">Klasztor M\u0119ki Pa\u0144skiej po\u0142o\u017cony na wyspie Papa Stronsay w rozci\u0105gaj\u0105cym si\u0119 u p\u00f3\u0142nocnych wybrze\u017cy Szkocji archipelagu Orkad\u00f3w<\/p>\r\n<\/td>\r\n<\/tr>\r\n<\/tbody>\r\n<\/table>\r\n<p align=\"left\">Na stronie internetowej by\u0142ych redemptoryst\u00f3w mo\u017cna przeczyta\u0107: \u201eOkryta p\u0142aszczem Naj\u015bwi\u0119tszej Maryi Panny i z\u00a0okazji Jej uroczystego \u015bwi\u0119ta, dzi\u015b, 15 sierpnia 2012\u00a0r., nasza wsp\u00f3lnota \u201d\u201d Zgromadzenie Syn\u00f3w Naj\u015bwi\u0119tszego Odkupiciela \u201d\u201d zosta\u0142a przez Jego Ekscelencj\u0119 Dom Hugona Gilberta OSB, biskupa ordynariusza Aberdeen, uznana kanonicznie jako instytut klerycki na prawie diecezjalnym\u201d.<\/p>\r\n<p align=\"left\">W wydanym dekrecie bp Gilbert napisa\u0142: \u201eWsp\u00f3lnota z\u00a0Papa Stronsay, znana jako Synowie Naj\u015bwi\u0119tszego Odkupiciela, zosta\u0142a za\u0142o\u017cona 2 sierpnia 1988\u00a0r., a\u00a0jej cz\u0142onkowie zamieszkali na wyspie Sheppey w\u00a0Anglii. W\u00a01994\u00a0r. przenie\u015bli si\u0119 do Joinville we Francji, a\u00a0stamt\u0105d w\u00a01999\u00a0r. przybyli do aktualnego miejsca pobytu \u201d\u201d na wysp\u0119 Papa Stronsay w\u00a0archipelagu Orkad\u00f3w. Przed czterema laty, w\u00a0odpowiedzi na list apostolski <em>Summorum Pontificum<\/em>, wydany 7 lipca 2007\u00a0r. przez Jego \u015awi\u0105tobliwo\u015b\u0107 papie\u017ca Benedykta XVI w\u00a0formie <em>motu proprio<\/em>, trzech kap\u0142an\u00f3w tej wsp\u00f3lnoty podj\u0119\u0142o starania o\u00a0uregulowanie jej sytuacji [kanonicznej], a\u00a0wi\u0119kszo\u015b\u0107 wsp\u00f3lnoty podpisa\u0142a formu\u0142\u0119 wierno\u015bci (ang. <em>formula of adherence<\/em>), co zako\u0144czy\u0142o jej schizmatycki stan i\u00a0wprowadzi\u0142o do pe\u0142nej jedno\u015bci Ko\u015bcio\u0142a katolickiego. (\u2026) Ja, Hugon Gilbert OSB, z\u00a0\u0142aski Boga biskup Aberdeen, eryguj\u0119 wsp\u00f3lnot\u0119 znan\u0105 jako Synowie Naj\u015bwi\u0119tszego Odkupiciela jako instytut \u017cycia konsekrowanego na prawie diecezjalnym, zgodnie z\u00a0kanonem 579 Kodeksu Prawa Kanonicznego z\u00a01983\u00a0r. Instytut b\u0119dzie podlega\u0142 wszystkim innym normom tego kodeksu oraz statutom, kt\u00f3re zostan\u0105 mu og\u0142oszone po zatwierdzeniu przez Stolic\u0119 Apostolsk\u0105\u201d (\u017ar\u00f3d\u0142o: papastronsay.blogspot.com, 15 sierpnia 2012).<\/p>\r\n<p style=\"padding-left: 30px;\" align=\"left\"><em>Wsp\u00f3lnota by\u0142ych redemptoryst\u00f3w zaalpejskich zosta\u0142a za\u0142o\u017cona w\u00a01988\u00a0r. przy poparciu i\u00a0pomocy abp. Lefebvre\u2019a. Kilka lat temu redemptory\u015bci zaalpejscy postanowili \u201d\u201d w\u00a0tajemnicy przed Bractwem \u015aw. Piusa X (z\u00a0kt\u00f3rym wsp\u00f3\u0142pracowali, cho\u0107 kt\u00f3rego w\u0142adzom formalnie nie podlegali) \u201d\u201d wystosowa\u0107 do Rzymu pro\u015bb\u0119 o\u00a0zniesienie rzekomo ci\u0105\u017c\u0105cych na nich kar ko\u015bcielnych. 26 czerwca 2008\u00a0r. ich pro\u015bba zosta\u0142a zaakceptowana, a\u00a0zakonnik\u00f3w, jak sami pisz\u0105, \u201eprzyj\u0119to z\u00a0powrotem do pe\u0142nej komunii ze Stolic\u0105 Piotrow\u0105\u201d. Nie wszyscy cz\u0142onkowie zgromadzenia uznali rekoncyliacj\u0119 za roztropn\u0105; kilku odesz\u0142o, by kontynuowa\u0107 wsp\u00f3\u0142prac\u0119 z\u00a0FSSPX.<\/em><\/p>\r\n<p style=\"padding-left: 30px;\" align=\"left\"><em>Wkr\u00f3tce po osi\u0105gni\u0119ciu \u201epe\u0142nej jedno\u015bci\u201d prze\u0142o\u017cony Syn\u00f3w Naj\u015bwi\u0119tszego Odkupiciela o\u015bwiadczy\u0142 na stronie internetowej klasztoru, \u017ce \u201edo\u0142o\u017c\u0105 stara\u0144, by ju\u017c nie nazywa\u0107 si\u0119 publicznie redemptorystami ani redemptorystami zaalpejskimi\u201d. Doda\u0142 tak\u017ce, \u017ce bracia nie tylko nie b\u0119d\u0105 ju\u017c musieli \u201et\u0142umaczy\u0107, jaka jest r\u00f3\u017cnica pomi\u0119dzy byciem redemptoryst\u0105 a\u00a0redemptoryst\u0105 zaalpejskim\u201d, ale \u017ce nawet nie widz\u0105 potrzeby, by mieli by\u0107 kojarzeni ze wsp\u00f3\u0142czesnym zakonem redemptoryst\u00f3w. Nie b\u0119d\u0105 ju\u017c te\u017c czuli zobowi\u0105zani do sta\u0142ej odpowiedzialno\u015bci za celebrowanie Mszy \u015bw. za zmar\u0142ych cz\u0142onk\u00f3w zakonu. \u201eTak wi\u0119c koniec tych udawanych bezpo\u015brednich zwi\u0105zk\u00f3w ze wsp\u00f3\u0142czesnymi redemptorystami jest wr\u0119cz s\u0142odkim uwolnieniem\u201d \u201d\u201d podsumowa\u0142 o. Micha\u0142 Maria.<\/em><\/p>\r\n<p style=\"padding-left: 30px;\" align=\"left\"><em>Warto podkre\u015bli\u0107, \u017ce wsp\u00f3lnota by\u0142ych redemptoryst\u00f3w zaalpejskich nie b\u0119dzie podlega\u0142a komisji <\/em>Ecclesia Dei<em>, ale lokalnemu biskupowi. Na razie nie jest znany status kanoniczny drugiego klasztoru zgromadzenia, znajduj\u0105cego si\u0119 w\u00a0Christchurch na Nowej Zelandii.<\/em><\/p>","protected":false},"excerpt":{"rendered":"Zgromadzenie Syn\u00f3w Naj\u015bwi\u0119tszego Odkupiciela (Filii Sanctissimi Redemptoris, FSSR; do 2008\u00a0r. znane jako Zaalpejskie Zgromadzenie Naj\u015bwi\u0119tszego Odkupiciela), majace za cel kontynuacj\u0119 nieska\u017conego dzie\u0142a \u015bw. Alfonsa Marii Liguorego, po czterech latach od zerwania zwi\u0105zk\u00f3w Bractwem \u015aw. Piusa X i\u00a0podj\u0119cia stara\u0144 o\u00a0uzyskanie statusu kanonicznego zosta\u0142o zatwierdzone przez ordynariusza szkockiej diecezji Aberdeen, na kt\u00f3rej terenie znajduje si\u0119 wyspa Papa [&hellip;]","protected":false},"author":1,"featured_media":0,"comment_status":"closed","ping_status":"closed","sticky":false,"template":"","format":"standard","meta":{"_acf_changed":false,"_monsterinsights_skip_tracking":false,"_monsterinsights_sitenote_active":false,"_monsterinsights_sitenote_note":"","_monsterinsights_sitenote_category":0,"ngg_post_thumbnail":0,"footnotes":"","_wp_rev_ctl_limit":""},"categories":[3],"tags":[32,276,24],"acf":[],"_links":{"self":[{"href":"https:\/\/www.bibula.com\/index.php?rest_route=\/wp\/v2\/posts\/59836"}],"collection":[{"href":"https:\/\/www.bibula.com\/index.php?rest_route=\/wp\/v2\/posts"}],"about":[{"href":"https:\/\/www.bibula.com\/index.php?rest_route=\/wp\/v2\/types\/post"}],"author":[{"embeddable":true,"href":"https:\/\/www.bibula.com\/index.php?rest_route=\/wp\/v2\/users\/1"}],"replies":[{"embeddable":true,"href":"https:\/\/www.bibula.com\/index.php?rest_route=%2Fwp%2Fv2%2Fcomments&post=59836"}],"version-history":[{"count":0,"href":"https:\/\/www.bibula.com\/index.php?rest_route=\/wp\/v2\/posts\/59836\/revisions"}],"wp:attachment":[{"href":"https:\/\/www.bibula.com\/index.php?rest_route=%2Fwp%2Fv2%2Fmedia&parent=59836"}],"wp:term":[{"taxonomy":"category","embeddable":true,"href":"https:\/\/www.bibula.com\/index.php?rest_route=%2Fwp%2Fv2%2Fcategories&post=59836"},{"taxonomy":"post_tag","embeddable":true,"href":"https:\/\/www.bibula.com\/index.php?rest_route=%2Fwp%2Fv2%2Ftags&post=59836"}],"curies":[{"name":"wp","href":"https:\/\/api.w.org\/{rel}","templated":true}]}}