{"id":59804,"date":"2012-08-15T15:35:25","date_gmt":"2012-08-15T20:35:25","guid":{"rendered":"http:\/\/www.bibula.com\/?p=59804"},"modified":"2012-08-15T21:36:15","modified_gmt":"2012-08-16T02:36:15","slug":"zapyziala-kolonia-a-historia-wielkiego-narodu","status":"publish","type":"post","link":"https:\/\/www.bibula.com\/?p=59804","title":{"rendered":"Zapyzia\u0142a kolonia &#8211; a historia wielkiego narodu"},"content":{"rendered":"<p>Spisek o\u015bwieconych obiecywa\u0142 sobie wychowa\u0107 m\u0142ode, europejskie pokolenie Polak\u00f3w. Wychowa\u0142 tylko \u201ebiurow\u0105 klas\u0119 \u015bredni\u0105&#8221; oraz, rzecz najbole\u015bniejsza, palikotowy mot\u0142och niezdolny do my\u015blenia<\/p>\r\n<p>Na\u00a0jed\u00adnym z\u00a0wa\u017c\u00adnych spo\u00adtka\u0144 mi\u0119\u00addzy\u00adna\u00adro\u00addo\u00adwych z\u00a0udzia\u00ad\u0142em \u015bp. pre\u00adzy\u00adden\u00adta Le\u00adcha Ka\u00adczy\u0144\u00adskie\u00adgo, pod\u00adczas je\u00adgo lu\u017a\u00adnej cz\u0119\u00ad\u015bci, przy\u00adw\u00f3d\u00adcy eu\u00adro\u00adpej\u00adscy chcie\u00adli oka\u00adza\u0107 \u017cycz\u00adli\u00adwo\u015b\u0107 wo\u00adbec na\u00adsze\u00adgo kra\u00adju. Za\u00a0naj\u00adlep\u00adszy spo\u00ads\u00f3b uzna\u00adli wy\u00adpo\u00adwia\u00adda\u00adnie si\u0119 ze wsp\u00f3\u0142\u00adczu\u00adciem o\u00a0<em>na\u00adszej pe\u0142\u00adnej nie\u00adszcz\u0119\u015b\u0107 hi\u00adsto\u00adrii<\/em>. Ki\u00adwa\u00adj\u0105c g\u0142o\u00adwa\u00admi, m\u00f3\u00adwi\u00adli o\u00a0na\u00adjaz\u00addach, kt\u00f3\u00adre nas mia\u017c\u00add\u017cy\u00ad\u0142y, o\u00a0eks\u00adter\u00admi\u00adna\u00adcji, ja\u00adkiej by\u00adli Po\u00adla\u00adcy w\u00a0swej hi\u00adsto\u00adrii pod\u00adda\u00adwa\u00adni, i\u00a0o\u00a0bo\u00adha\u00adter\u00adsko prze\u00adgra\u00adnych po\u00adwsta\u00adniach.<\/p>\r\n<blockquote>\r\n<p><strong>\u201eAle\u017c, pro\u00adsz\u0119 pa\u0144\u00adstwa &#8211; <\/strong><em>za\u00adpro\u00adte\u00adsto\u00adwa\u0142 w\u00a0ko\u0144\u00adcu pre\u00adzy\u00addent<\/em><strong> &#8211;\u00a0na\u00adsza hi\u00adsto\u00adria jest ta\u00adka, \u017ce naj\u00adpierw za\u00adtrzy\u00adma\u00adli\u00ad\u015bmy na\u00a0kil\u00adka\u00adset lat eks\u00adpan\u00adsj\u0119 Niem\u00adc\u00f3w na\u00a0wsch\u00f3d, po\u00adtem par\u00adcie is\u00adla\u00admu na\u00a0za\u00adch\u00f3d, a\u00a0w\u00a0ko\u0144\u00adcu po\u00adch\u00f3d re\u00adwo\u00adlu\u00adcji bol\u00adsze\u00adwic\u00adkiej. W\u00a0mi\u0119\u00addzy\u00adcza\u00adsie stwo\u00adrzy\u00adli\u00ad\u015bmy pierw\u00adsz\u0105 w\u00a0Eu\u00adro\u00adpie re\u00adpu\u00adbli\u00adk\u0119 z\u00a0obie\u00adral\u00adnym, od\u00adpo\u00adwie\u00addzial\u00adnym przed\u00a0pra\u00adwem w\u0142ad\u00adc\u0105 i\u00a0za\u00adsa\u00add\u0105 r\u00f3w\u00adno\u00adupraw\u00adnie\u00adnia re\u00adli\u00adgii, a\u00a0ju\u017c w\u00a0XX wie\u00adku po\u00adwie\u00addzie\u00adli\u00ad\u015bmy \u00bbnie\u00ab Hi\u00adtle\u00adro\u00adwi, zmu\u00adsza\u00adj\u0105c Za\u00adch\u00f3d do\u00a0przy\u00adst\u0105\u00adpie\u00adnia do\u00a0woj\u00adny z\u00a0nim, i\u00a0two\u00adrz\u0105c \u00bbSo\u00adli\u00addar\u00adno\u015b\u0107\u00ab, do\u00adpro\u00adwa\u00addzi\u00adli\u00ad\u015bmy do\u00a0upad\u00adku So\u00adwie\u00adty&#8221;.<br \/> <\/strong><br \/> Na\u00adocz\u00adny \u015bwia\u00addek tej roz\u00admo\u00adwy opo\u00adwia\u00adda\u0142, \u017ce s\u0142o\u00adwa te wy\u00adwo\u00ad\u0142a\u00ad\u0142y bez\u00adbrze\u017c\u00adne zdu\u00admie\u00adnie &#8211;\u00a0z\u00a0Po\u00adla\u00adkiem tak m\u00f3\u00adwi\u0105\u00adcym o\u00a0hi\u00adsto\u00adrii swo\u00adje\u00adgo kra\u00adju za\u00adchod\u00adnie eli\u00adty nie mia\u00ad\u0142y do\u00adt\u0105d do\u00a0czy\u00adnie\u00adnia. Praw\u00add\u0119 m\u00f3\u00adwi\u0105c, gdy\u00adby na\u00a0sa\u00adli by\u00adli sa\u00admi Po\u00adla\u00adcy, zdzi\u00adwie\u00adnie za\u00adpew\u00adne nie by\u00ad\u0142o\u00adby mniej\u00adsze. Tak bar\u00addzo przy\u00adwy\u00adkli\u00ad\u015bmy do\u00a0te\u00adgo mro\u017c\u00adkow\u00adskie\u00adgo po\u00adka\u00adzy\u00adwa\u00adnia szczerb i\u00a0za\u00adwo\u00addze\u00adnia <strong><em>\u201ewy\u00adbi\u00adli, o, wy\u00adbi\u00adli&#8221;,<\/em><\/strong> \u017ce trud\u00adno nam przy\u00adcho\u00addzi do\u00a0g\u0142o\u00adwy po\u00admy\u00ad\u015ble\u0107 o\u00a0so\u00adbie sa\u00admych ja\u00adko o\u00a0dzie\u00addzi\u00adcach tra\u00addy\u00adcji wiel\u00adkiej i\u00a0chwa\u00adleb\u00adnej.<\/p>\r\n<\/blockquote>\r\n<p>[&#8212;-]<\/p>\r\n<p><em><strong>Rafa\u0142 A. Ziemkiewicz<\/strong><\/em><br \/> <strong><\/strong>31-12-2011<br \/> <a href=\"http:\/\/www.rp.pl\/artykul\/784652.html\">http:\/\/www.rp.pl\/artykul\/784652.html<\/a><\/p>\r\n<p>&nbsp;<\/p>\r\n<p><strong>A wg. <\/strong>Jaros\u0142awa Sellina: <a href=\"http:\/\/wpolityce.pl\/wydarzenia\/28006-to-jest-historia-wielkiego-narodu-ktory-ma-wielka-i-chwalebna-tradycje-a-nie-tylko-martyrologiczno-cierpietnicza\">http:\/\/wpolityce.pl\/wydarzenia\/28006-to-jest-historia-wielkiego-narodu-ktory-ma-wielka-i-chwalebna-tradycje-a-nie-tylko-martyrologiczno-cierpietnicza<\/a><\/p>\r\n<p>Na jednym z nieformalnych spotka\u0144 kuluarowych z przyw\u00f3dcami kraj\u00f3w europejskich przy okazji jakiego\u015b mi\u0119dzynarodowego szczytu, kilku z nich wyra\u017ca\u0142o prezydentowi wsp\u00f3\u0142czucie z powodu dramatycznej historii Polski jako jednego pasma nieszcz\u0119\u015b\u0107. Lech Kaczy\u0144ski na to powiedzia\u0142:<\/p>\r\n<p style=\"padding-left: 30px;\"><strong>&#8222;Ale\u017c, prosz\u0119 pan\u00f3w. Nasza historia jest taka, \u017ce najpierw zatrzymali\u015bmy na kilkaset lat ekspansj\u0119 Niemc\u00f3w na wsch\u00f3d, potem parcie islamu na zach\u00f3d. W ko\u0144cu zatrzymali\u015bmy poch\u00f3d rewolucji bolszewickiej. W mi\u0119dzyczasie stworzyli\u015bmy pierwsz\u0105 w Europie republik\u0119, z obieranym odpowiedzialnym przed prawem w\u0142adc\u0105 i zasad\u0105 r\u00f3wnouprawnienia religii, czego doczekali\u015bcie si\u0119 kilkaset lat po nas. A ju\u017c w XX wieku powiedzieli\u015bmy jako pierwsi &#8222;nie&#8221; Hitlerowi, wy dopiero po nas, zmuszaj\u0105c zach\u00f3d do przyst\u0105pienia do wojny z tym europejskim potworem. Potem stworzyli\u015bmy Solidarno\u015b\u0107, doprowadzili\u015bmy do upadku Sowiety, wszyscy inni si\u0119 do nas do\u0142\u0105czyli w ramach tego procesu. To jest historia wielkiego narodu, kt\u00f3ry ma wielk\u0105 i chwalebn\u0105 tradycj\u0119, a nie tylko martyrologiczno-cierpi\u0119tnicz\u0105&#8221;.<\/strong><\/p>","protected":false},"excerpt":{"rendered":"Spisek o\u015bwieconych obiecywa\u0142 sobie wychowa\u0107 m\u0142ode, europejskie pokolenie Polak\u00f3w. Wychowa\u0142 tylko \u201ebiurow\u0105 klas\u0119 \u015bredni\u0105&#8221; oraz, rzecz najbole\u015bniejsza, palikotowy mot\u0142och niezdolny do my\u015blenia Na\u00a0jed\u00adnym z\u00a0wa\u017c\u00adnych spo\u00adtka\u0144 mi\u0119\u00addzy\u00adna\u00adro\u00addo\u00adwych z\u00a0udzia\u00ad\u0142em \u015bp. pre\u00adzy\u00adden\u00adta Le\u00adcha Ka\u00adczy\u0144\u00adskie\u00adgo, pod\u00adczas je\u00adgo lu\u017a\u00adnej cz\u0119\u00ad\u015bci, przy\u00adw\u00f3d\u00adcy eu\u00adro\u00adpej\u00adscy chcie\u00adli oka\u00adza\u0107 \u017cycz\u00adli\u00adwo\u015b\u0107 wo\u00adbec na\u00adsze\u00adgo kra\u00adju. Za\u00a0naj\u00adlep\u00adszy spo\u00ads\u00f3b uzna\u00adli wy\u00adpo\u00adwia\u00adda\u00adnie si\u0119 ze wsp\u00f3\u0142\u00adczu\u00adciem o\u00a0na\u00adszej pe\u0142\u00adnej nie\u00adszcz\u0119\u015b\u0107 hi\u00adsto\u00adrii. Ki\u00adwa\u00adj\u0105c [&hellip;]","protected":false},"author":1,"featured_media":0,"comment_status":"closed","ping_status":"closed","sticky":false,"template":"","format":"standard","meta":{"_acf_changed":false,"_monsterinsights_skip_tracking":false,"_monsterinsights_sitenote_active":false,"_monsterinsights_sitenote_note":"","_monsterinsights_sitenote_category":0,"ngg_post_thumbnail":0,"footnotes":"","_wp_rev_ctl_limit":""},"categories":[8],"tags":[98,37],"acf":[],"_links":{"self":[{"href":"https:\/\/www.bibula.com\/index.php?rest_route=\/wp\/v2\/posts\/59804"}],"collection":[{"href":"https:\/\/www.bibula.com\/index.php?rest_route=\/wp\/v2\/posts"}],"about":[{"href":"https:\/\/www.bibula.com\/index.php?rest_route=\/wp\/v2\/types\/post"}],"author":[{"embeddable":true,"href":"https:\/\/www.bibula.com\/index.php?rest_route=\/wp\/v2\/users\/1"}],"replies":[{"embeddable":true,"href":"https:\/\/www.bibula.com\/index.php?rest_route=%2Fwp%2Fv2%2Fcomments&post=59804"}],"version-history":[{"count":0,"href":"https:\/\/www.bibula.com\/index.php?rest_route=\/wp\/v2\/posts\/59804\/revisions"}],"wp:attachment":[{"href":"https:\/\/www.bibula.com\/index.php?rest_route=%2Fwp%2Fv2%2Fmedia&parent=59804"}],"wp:term":[{"taxonomy":"category","embeddable":true,"href":"https:\/\/www.bibula.com\/index.php?rest_route=%2Fwp%2Fv2%2Fcategories&post=59804"},{"taxonomy":"post_tag","embeddable":true,"href":"https:\/\/www.bibula.com\/index.php?rest_route=%2Fwp%2Fv2%2Ftags&post=59804"}],"curies":[{"name":"wp","href":"https:\/\/api.w.org\/{rel}","templated":true}]}}