{"id":59729,"date":"2012-08-14T12:56:36","date_gmt":"2012-08-14T16:56:36","guid":{"rendered":"http:\/\/www.bibula.com\/?p=59729"},"modified":"2012-08-14T12:56:36","modified_gmt":"2012-08-14T17:56:36","slug":"","status":"publish","type":"post","link":"https:\/\/www.bibula.com\/?p=59729","title":{"rendered":"Bronisz \u017cycia \u2013 jeste\u015b faszyst\u0105"},"content":{"rendered":"<p><strong>Senator Platformy Obywatelskiej Helena Hatka kompromituje si\u0119 na antenie jednej z rozg\u0142o\u015bni radiowych. Nie posiadaj\u0105c potwierdzonych informacji, zarzuca obro\u0144com \u017cycia, bezprawnie zatrzymanym podczas Przystanku Woodstock, promocj\u0119 symboli faszystowskich.<\/strong><\/p>\r\n<p>Podczas tegorocznego festiwalu w Kostrzynie nad Odr\u0105 dw\u00f3ch dzia\u0142aczy Fundacji Pro &#8211; prawo do \u017cycia zosta\u0142o bezprawnie zatrzymanych przez policj\u0119. Funkcjonariusze na si\u0142\u0119 szukali powodu, aby usun\u0105\u0107 pikietuj\u0105cych obro\u0144c\u00f3w \u017cycia sprzed wej\u015bcia na Woodstock. Zatrzymani trzymali transparent przedstawiaj\u0105cy zdj\u0119cie zabitego w wyniku aborcji dziecka. Przypomina\u0142 on r\u00f3wnie\u017c, i\u017c Adolf Hitler swoj\u0105 polityk\u0119 ludob\u00f3jstwa rozpocz\u0105\u0142 od zabijania chorych i niepe\u0142nosprawnych. Z tym barbarzy\u0144stwem mamy do czynienia r\u00f3wnie\u017c dzisiaj, gdy w majestacie prawa zabija si\u0119 w polskich szpitalach dzieci z Zespo\u0142em Downa.<\/p>\r\n<p>Podczas zatrzymania policjanci nie byli wstanie wyt\u0142umaczy\u0107 cz\u0142onkom Fundacji Pro, dlaczego s\u0105 zabierani na komisariat. Rozbito w ten spos\u00f3b legalne zgromadzenie publiczne. Po kilku godzinach i przes\u0142uchaniu, \u201eprzest\u0119pcom\u201d postawiono zarzuty prezentowania tre\u015bci \u201enieprzyzwoitych\u201d w miejscu publicznym. Co by\u0142o nieprzyzwoitego w zarekwirowanym przez policj\u0119 bannerze? Tego r\u00f3wnie\u017c nikt nie by\u0142 w stanie wyja\u015bni\u0107.<\/p>\r\n<p>Wydaje si\u0119 jednak, \u017ce odpowied\u017a na te pytania zna senator PO Helena Hatka. W wywiadzie udzielonym dla Radia Zach\u00f3d m\u00f3wi m.in.: &#8211;\u00a0<em>Ja nie by\u0142am \u015bwiadkiem tych wydarze\u0144 ale my\u015bl\u0119 \u017ce pomylone zosta\u0142y ustawy. Z jednej strony ustawa o zgromadzeniach reguluje procedury, kt\u00f3re powoduj\u0105, \u017ce mo\u017cemy zgodnie z prawem uczestniczy\u0107 w zgromadzeniach i organizowa\u0107 te zgromadzenia. R\u00f3wnocze\u015bnie, z tego co mi wiadomo a mam niekompletne informacje, by\u0142y prezentowane symbole faszystowskie. Z tego co mi wiadomo, na bazie tych fakt\u00f3w a s\u0105 to fakty medialne, dosz\u0142o tu do z\u0142amania prawa bo po prostu faszyzmu nie mo\u017cna promowa\u0107 i to jest zakazane prawem. Oczywi\u015bcie, tutaj mamy do czynienia ze zbli\u017ceniem si\u0119 dw\u00f3ch wolno\u015bci &#8211; z jednej strony wolno\u015b\u0107 zgromadze\u0144, wed\u0142ug regu\u0142 okre\u015blonych przepisami prawa, z drugiej strony jest okre\u015blona wolno\u015b\u0107 prezentowania pewnych tre\u015bci. S\u0105d sprawdzi czy ta wolno\u015b\u0107 zosta\u0142a przekroczona. Nie wiem czy do tego miesza\u0107 polityk\u0119 bo policja wykonywa\u0142a swoje zadania, dosta\u0142a zg\u0142oszenie, \u017ce uczucia jakiej\u015b osoby zosta\u0142y tam jako\u015b obra\u017cone (&#8230;) Nie wolno faszyzmu promowa\u0107!<\/em><\/p>\r\n<p>Posiadanie niekompletnych informacji na bazie \u201efakt\u00f3w\u201d medialnych nie przeszkadza pani senator publicznie formu\u0142owa\u0107 tez, kt\u00f3re oczerniaj\u0105 i kompromituj\u0105 obro\u0144c\u00f3w \u017cycia. Fundacja Pro wielokrotnie informowa\u0142a opini\u0119 publiczn\u0105, i\u017c to Adolf Hitler jako pierwszy zalegalizowa\u0142 w Polsce zabijanie nienarodzonych a III Rzesz\u0119 chcia\u0142 \u201eoczy\u015bci\u0107\u201d z os\u00f3b chorych i niepe\u0142nosprawnych. Tresura Polak\u00f3w przez liberalne i mainstreamowe media przynosi jednak odwrotny do dzia\u0142a\u0144 Fundacji skutek. Przypominanie niewygodnych dla w\u0142adzy historycznych (a nie medialnych) fakt\u00f3w musi by\u0107 automatycznie uto\u017csamione z propagowaniem faszyzmu. Nawet wtedy gdy m\u00f3wi si\u0119 o ofiarach nazistowskiego zbrodniarza! Do podobnej sytuacji dosz\u0142o w Bydgoszczy, kiedy w\u0142adze miasta bezprawnie usun\u0119\u0142y legalnie rozstawion\u0105 przez Fundacj\u0119 Pro wystaw\u0119 &#8222;Wybierz \u0179ycie&#8221;. Te same w\u0142adze wyda\u0142y wcze\u015bniej zgod\u0119 na jej przeprowadzenie a tre\u015bci eksponowane na plakatach zaakceptowa\u0142a odpowiedzialna w Urz\u0119dzie Miasta osoba. Po naciskach aborcyjnego lobby i Gazety Wyborczej rozpaczliwie zacz\u0119to szuka\u0107 wyj\u015bcia z sytuacji. Zanim dosz\u0142o do przyw\u0142aszczenia mienia, cz\u0142onkowie Fundacji us\u0142yszeli, \u017ce Stary Rynek to nie miejsce dla prezentowania podobizny Adolfa Hitlera, gdy\u017c kilkadziesi\u0105t metr\u00f3w dalej stoi pomnik&#8230;ku czci Polak\u00f3w zamordowanych wskutek hitlerowskiego terroru. O tym samym przypomina\u0142 fundacyjny plakat prezentowany w Bydgoszczy i na Przystanku Woodstock.<\/p>\r\n<p>Prawda na temat aborcji boli rz\u0105dz\u0105cych. Argumenty dotycz\u0105ce promocji faszyzmu s\u0105 tak absurdalne, i\u017c mog\u0105 s\u0142u\u017cy\u0107 jedynie jako narz\u0119dzie do manipulacji i oczerniania obro\u0144c\u00f3w \u017cycia. Senator Hatka sformu\u0142owa\u0142a swoj\u0105 wypowied\u017a na podstawie \u201efakt\u00f3w\u201d medialnych. I rzeczywi\u015bcie &#8211; polskie media szeroko komentowa\u0142y skandal, do kt\u00f3rego dosz\u0142o podczas Przystanku Woodstock. Pytanie tylko, kt\u00f3r\u0105 relacj\u0119 ogl\u0105da\u0142a pani senator?<\/p>\r\n<p>Prawdopodobnie by\u0142 to komunikat Ministerstwa Prawdy:<\/p>\r\n<p>[youtube 5MF6R9AizKw]<\/p>\r\n<p>\u017ar\u00f3d\u0142o: zachod.pl<\/p>\r\n<p><strong><em>Marcin Musia\u0142<\/em><\/strong><\/p>","protected":false},"excerpt":{"rendered":"Senator Platformy Obywatelskiej Helena Hatka kompromituje si\u0119 na antenie jednej z rozg\u0142o\u015bni radiowych. Nie posiadaj\u0105c potwierdzonych informacji, zarzuca obro\u0144com \u017cycia, bezprawnie zatrzymanym podczas Przystanku Woodstock, promocj\u0119 symboli faszystowskich. Podczas tegorocznego festiwalu w Kostrzynie nad Odr\u0105 dw\u00f3ch dzia\u0142aczy Fundacji Pro &#8211; prawo do \u017cycia zosta\u0142o bezprawnie zatrzymanych przez policj\u0119. Funkcjonariusze na si\u0142\u0119 szukali powodu, aby usun\u0105\u0107 [&hellip;]","protected":false},"author":1,"featured_media":0,"comment_status":"closed","ping_status":"closed","sticky":false,"template":"","format":"standard","meta":{"_acf_changed":false,"_monsterinsights_skip_tracking":false,"_monsterinsights_sitenote_active":false,"_monsterinsights_sitenote_note":"","_monsterinsights_sitenote_category":0,"ngg_post_thumbnail":0,"footnotes":"","_wp_rev_ctl_limit":""},"categories":[8],"tags":[94,92,20],"acf":[],"_links":{"self":[{"href":"https:\/\/www.bibula.com\/index.php?rest_route=\/wp\/v2\/posts\/59729"}],"collection":[{"href":"https:\/\/www.bibula.com\/index.php?rest_route=\/wp\/v2\/posts"}],"about":[{"href":"https:\/\/www.bibula.com\/index.php?rest_route=\/wp\/v2\/types\/post"}],"author":[{"embeddable":true,"href":"https:\/\/www.bibula.com\/index.php?rest_route=\/wp\/v2\/users\/1"}],"replies":[{"embeddable":true,"href":"https:\/\/www.bibula.com\/index.php?rest_route=%2Fwp%2Fv2%2Fcomments&post=59729"}],"version-history":[{"count":0,"href":"https:\/\/www.bibula.com\/index.php?rest_route=\/wp\/v2\/posts\/59729\/revisions"}],"wp:attachment":[{"href":"https:\/\/www.bibula.com\/index.php?rest_route=%2Fwp%2Fv2%2Fmedia&parent=59729"}],"wp:term":[{"taxonomy":"category","embeddable":true,"href":"https:\/\/www.bibula.com\/index.php?rest_route=%2Fwp%2Fv2%2Fcategories&post=59729"},{"taxonomy":"post_tag","embeddable":true,"href":"https:\/\/www.bibula.com\/index.php?rest_route=%2Fwp%2Fv2%2Ftags&post=59729"}],"curies":[{"name":"wp","href":"https:\/\/api.w.org\/{rel}","templated":true}]}}