{"id":5966,"date":"2009-01-28T16:25:13","date_gmt":"2009-01-28T21:25:13","guid":{"rendered":"http:\/\/www.bibula.com\/?p=5966"},"modified":"2022-02-23T14:11:45","modified_gmt":"2022-02-23T19:11:45","slug":"czyzby-kolejny-dogmat-posoborowy","status":"publish","type":"post","link":"https:\/\/www.bibula.com\/?p=5966","title":{"rendered":"Czy\u017cby kolejny &#8222;dogmat&#8221; posoborowy?"},"content":{"rendered":"<p>Jak donosi <a href=\"http:\/\/www.la-croix.com\/article\/index.jsp?docId=2363490&amp;rubId=1098\">La Croix<\/a>, <b>Abp Maurycy Gard\u00e8s<\/b>, metropolita Auch i przewodnicz\u0105cy Komisji ds. Dialogu \u017bydowsko-Chrzecija\u0144skiego nie mo\u017ce ukry\u0107 swego zdumienia [po wypowiedziach Bpa Williamsona neguj\u0105cych powszechnie przyj\u0119t\u0105 skal\u0119 Holokaustu \u017byd\u00f3w]:<\/p>\r\n<blockquote>\r\n<p><strong><em>Te stwierdzenia przecz\u0105 wszystkiemu, co zosta\u0142o wypracowane po Soborze w stosunkach z naszymi bra\u0107mi \u017bydami. <span style=\"color: #ff0000;\">Nie mo\u017cna by\u0107 chrze\u015bcijaninem jesli neguje si\u0119 zag\u0142ad\u0119 6 milion\u00f3w \u017byd\u00f3w<\/span>. Nasi \u017cydowscy przyjaciele mog\u0105 si\u0119 czu\u0107 za\u017cenowani decyzj\u0105 Koscio\u0142a kt\u00f3ry akceptuje w swoim gronie biskupa, kt\u00f3ry broni tez negacjonistycznych. Jakie postawiono mu wymagania? Jakie warunki? Nie mam poj\u0119cia! Zadziwiaj\u0105ce jest, \u017ce do dekretu nie do\u0142\u0105czono wyra\u017anego o\u015bwiadczenia precyzuj\u0105cego warunki [na jakich odby\u0142o si\u0119 zniesienie ekskomuniki]<\/em><\/strong><\/p>\r\n<\/blockquote>\r\n<p>Czekamy na kolejne doniesienia o nowych dogmatach Ko\u015bcio\u0142a posoborowego. Rewolucja trwa!<\/p>\r\n<p>&nbsp;<\/p>\r\n<p class=\"zrodlo\">Za: <a href=\"http:\/\/breviarium.blogspot.com\/2009\/01\/kolejny-posoborowy-dogmat.html\" target=\"_blank\" rel=\"noopener\">Kronika Novus Ordo<\/a>, Napisa\u0142 <span class=\"fn\">Dextimus<\/span> <span class=\"post-timestamp\"> dnia <a class=\"timestamp-link\" title=\"permanent link\" href=\"http:\/\/breviarium.blogspot.com\/2009\/01\/kolejny-posoborowy-dogmat.html\" rel=\"bookmark\"><abbr class=\"published\" title=\"2009-01-28T09:39:00+01:00\">28.1.09<\/abbr><\/a>&nbsp;<\/span><\/p>\r\n<p>&nbsp;<\/p>\r\n<p>&nbsp;<\/p>\r\n<blockquote>\r\n<h3 class=\"post-title entry-title\"><a href=\"http:\/\/breviarium.blogspot.com\/2009\/01\/czy-episkopat-szwajcarski-skada-sie-z.html\">Czy episkopat szwajcarski sk\u0142ada si\u0119 z samych rabin\u00f3w?<\/a><\/h3>\r\n<div class=\"post-body entry-content\">Z <a href=\"http:\/\/www.kath.ch\/sbk-ces-cvs\/text_detail.php?nemeid=110480&amp;sprache=f\">o\u015bwiadczenia<\/a> Konferencji Episkopatu Szwajcarii:\r\n\r\n<p>&nbsp;<\/p>\r\n<b>Nous, \u00e9v\u00eaques suisses, attendons qu\u2019au cours des discussions pr\u00e9alables au r\u00e9tablissement de la communion et \u00e0 la lev\u00e9e des suspensions, les quatre \u00e9v\u00eaques de la fraternit\u00e9 d\u00e9clarent de mani\u00e8re cr\u00e9dible qu\u2019ils acceptent le Concile Vatican II et en particulier la d\u00e9claration \u00abNostra Aetate\u00bb et qu\u2019ils adoptent une attitude positive envers le juda\u00efsme.<\/b><br>\r\n<br>\r\n<b>My, biskupi szwajcarscy, oczekujemy by w trakcie dyskusji poprzedzaj\u0105cych przywr\u00f3cenie \u0142\u0105czno\u015bci i zdj\u0119cie suspensy, czterej biskupi Bractwa zadeklarowali w spos\u00f3b wiarygodny, ze przyjmuj\u0105 Sob\u00f3r Watyka\u0144ski II, a w szczeg\u00f3lno\u015bci deklaracj\u0119 \u00abNostra Aetate\u00bb i zaj\u0119li pozytywn\u0105 postaw\u0119 wobec judaizmu<\/b><br>\r\n<br>\r\nCzy\u017cby Ko\u015bci\u00f3\u0142 posoborowy og\u0142osi\u0142 jaki\u015b nowy dogmat, a my &#8211; czy\u017cby\u015bmy co\u015b przeoczyli? Czy\u017cby rabini z Helweckiej Konferencji Episkopatu posiadali w\u0142adz\u0119 nad Stolic\u0105 Apostolsk\u0105? <br>\r\n<p>Czy\u017cby Ko\u015bci\u00f3\u0142 posoborowy og\u0142osi\u0142 jaki\u015b nowy dogmat, a my &#8211; czy\u017cby\u015bmy co\u015b przeoczyli? Czy\u017cby rabini z Helweckiej Konferencji Episkopatu posiadali w\u0142adz\u0119 nad Stolic\u0105 Apostolsk\u0105?<\/p>\r\n<p><span class=\"post-author vcard\"> Napisa\u0142 <span class=\"fn\">Dextimus<\/span> <\/span> <span class=\"post-timestamp\"> dnia <a class=\"timestamp-link\" title=\"permanent link\" href=\"http:\/\/breviarium.blogspot.com\/2009\/01\/czy-episkopat-szwajcarski-skada-sie-z.html\" rel=\"bookmark\"><abbr class=\"published\" title=\"2009-01-27T22:02:00+01:00\">27.1.09<\/abbr><\/a> <\/span><\/p>\r\n<\/div>\r\n<\/blockquote>","protected":false},"excerpt":{"rendered":"Jak donosi La Croix, Abp Maurycy Gard\u00e8s, metropolita Auch i przewodnicz\u0105cy Komisji ds. Dialogu \u017bydowsko-Chrzecija\u0144skiego nie mo\u017ce ukry\u0107 swego zdumienia [po wypowiedziach Bpa Williamsona neguj\u0105cych powszechnie przyj\u0119t\u0105 skal\u0119 Holokaustu \u017byd\u00f3w]: Te stwierdzenia przecz\u0105 wszystkiemu, co zosta\u0142o wypracowane po Soborze w stosunkach z naszymi bra\u0107mi \u017bydami. Nie mo\u017cna by\u0107 chrze\u015bcijaninem jesli neguje si\u0119 zag\u0142ad\u0119 6 milion\u00f3w [&hellip;]","protected":false},"author":1,"featured_media":0,"comment_status":"closed","ping_status":"closed","sticky":false,"template":"","format":"standard","meta":{"_acf_changed":false,"_monsterinsights_skip_tracking":false,"_monsterinsights_sitenote_active":false,"_monsterinsights_sitenote_note":"","_monsterinsights_sitenote_category":0,"ngg_post_thumbnail":0,"footnotes":"","_wp_rev_ctl_limit":""},"categories":[3],"tags":[293,22,33],"acf":[],"_links":{"self":[{"href":"https:\/\/www.bibula.com\/index.php?rest_route=\/wp\/v2\/posts\/5966"}],"collection":[{"href":"https:\/\/www.bibula.com\/index.php?rest_route=\/wp\/v2\/posts"}],"about":[{"href":"https:\/\/www.bibula.com\/index.php?rest_route=\/wp\/v2\/types\/post"}],"author":[{"embeddable":true,"href":"https:\/\/www.bibula.com\/index.php?rest_route=\/wp\/v2\/users\/1"}],"replies":[{"embeddable":true,"href":"https:\/\/www.bibula.com\/index.php?rest_route=%2Fwp%2Fv2%2Fcomments&post=5966"}],"version-history":[{"count":2,"href":"https:\/\/www.bibula.com\/index.php?rest_route=\/wp\/v2\/posts\/5966\/revisions"}],"predecessor-version":[{"id":131562,"href":"https:\/\/www.bibula.com\/index.php?rest_route=\/wp\/v2\/posts\/5966\/revisions\/131562"}],"wp:attachment":[{"href":"https:\/\/www.bibula.com\/index.php?rest_route=%2Fwp%2Fv2%2Fmedia&parent=5966"}],"wp:term":[{"taxonomy":"category","embeddable":true,"href":"https:\/\/www.bibula.com\/index.php?rest_route=%2Fwp%2Fv2%2Fcategories&post=5966"},{"taxonomy":"post_tag","embeddable":true,"href":"https:\/\/www.bibula.com\/index.php?rest_route=%2Fwp%2Fv2%2Ftags&post=5966"}],"curies":[{"name":"wp","href":"https:\/\/api.w.org\/{rel}","templated":true}]}}